{"id":99395,"date":"2025-11-13T17:30:53","date_gmt":"2025-11-13T22:30:53","guid":{"rendered":"https:\/\/www.ucaldas.edu.co\/portal\/?p=99395"},"modified":"2025-11-13T17:30:53","modified_gmt":"2025-11-13T22:30:53","slug":"el-arte-y-la-inteligencia-artificial-se-unieron-por-la-paz-centro-de-ciencia-francisco-jose-de-caldas-presento-experiencia-inmersiva-en-armero","status":"publish","type":"post","link":"https:\/\/www.ucaldas.edu.co\/portal\/el-arte-y-la-inteligencia-artificial-se-unieron-por-la-paz-centro-de-ciencia-francisco-jose-de-caldas-presento-experiencia-inmersiva-en-armero\/","title":{"rendered":"El arte y la inteligencia artificial se unieron por la paz: Centro de Ciencia Francisco Jos\u00e9 de Caldas present\u00f3 experiencia inmersiva en Armero"},"content":{"rendered":"<p><img loading=\"lazy\" decoding=\"async\" class=\"alignnone wp-image-99397 size-full\" src=\"https:\/\/www.ucaldas.edu.co\/portal\/wp-content\/uploads\/2025\/11\/JMA2556-scaled-e1763072881996.jpg\" alt=\"Artes para la paz\" width=\"900\" height=\"1080\" \/><\/p>\n<p style=\"text-align: justify;\">En Armero Guayabal, un territorio profundamente marcado por la memoria y la esperanza, el arte y la tecnolog\u00eda se unieron para contar una historia distinta. Durante el lanzamiento del programa presidencial Artes por la Paz, el Centro de Ciencia Francisco Jos\u00e9 de Caldas de la Universidad de Caldas, present\u00f3 un circuito inmersivo que transform\u00f3 la experiencia de los asistentes en un recorrido sensorial, simb\u00f3lico y reflexivo sobre el poder del arte para construir paz.<!--more--><\/p>\n<p style=\"text-align: justify;\">La instalaci\u00f3n, dise\u00f1ada y conceptualizada por el equipo del Centro de Ciencia, propuso cuatro estaciones interactivas \u2014dedicadas a cuatro de las cinco artes del programa: la danza, la escritura creativa, el teatro y los audiovisuales\u2014 que, a trav\u00e9s de dispositivos tecnol\u00f3gicos, escenarios instalativos y lenguajes digitales, lograron que los visitantes se sumergieran en un viaje emocional y est\u00e9tico. La experiencia fue recorrida, entre otras personas, por la ministra de las Culturas, las Artes y los Saberes, Yannai Kadamani Fonrodona, quien destac\u00f3 la potencia de las propuestas como experiencia de usuario.<\/p>\n<p style=\"text-align: justify;\">El circuito no fue solo una muestra, sino una puesta en escena expandida que conect\u00f3 la sensibilidad art\u00edstica con la innovaci\u00f3n tecnol\u00f3gica. En la primera estaci\u00f3n, dedicada a la escritura creativa, un espacio \u00edntimo evocaba la calidez de un hogar y un tel\u00e9fono antiguo invitaba al visitante a detenerse y escuchar. Al descolgarlo, se o\u00edan las voces de ni\u00f1os y ni\u00f1as que, desde los procesos formativos del programa, compart\u00edan poemas, cartas y relatos que hab\u00edan escrito y que quer\u00edan ser escuchados. Esos mismos microrrelatos colgaban del techo y flotaban sobre el espacio, lo que convert\u00eda el acto de leer y escuchar en una experiencia sensorial y contemplativa.<\/p>\n<p style=\"text-align: justify;\">La segunda estaci\u00f3n propuso una experiencia basada en inteligencia artificial. Una pantalla equipada con una c\u00e1mara web capturaba la imagen de los visitantes y la procesaba en tiempo real mediante un algoritmo que la reinterpretaba a partir de un prompt art\u00edstico. El resultado era una visualizaci\u00f3n modificada en la que los asistentes aparec\u00edan integrados en una composici\u00f3n que evocaba un momento del arte de la historia del mundo.<\/p>\n<p style=\"text-align: justify;\">\u201cPara nosotros es muy importante lograr salir en vivo con este proyecto de inteligencia artificial. Ten\u00edamos la apuesta de poner en funcionamiento, en una instalaci\u00f3n real con usuarios, este dispositivo que hab\u00edamos venido desarrollando. No hab\u00eda sido f\u00e1cil, porque t\u00e9cnicamente es complejo generar im\u00e1genes en tiempo real y reducir el delay del procesamiento, pero lo conseguimos utilizando APIs en l\u00ednea\u201d, as\u00ed lo expres\u00f3 Mateo Quintero, mediador tecnol\u00f3gico del Centro de Ciencia Francisco Jos\u00e9 de Caldas.<\/p>\n<p style=\"text-align: justify;\">La tercera estaci\u00f3n estaba mediada por una plataforma que simulaba la interfaz de Netflix. En la pantalla LED se proyectaban los cortos producidos por j\u00f3venes en los procesos de creaci\u00f3n audiovisual. Era una invitaci\u00f3n a la comunidad a navegar por las producciones de los beneficiarios del programa.<\/p>\n<p style=\"text-align: justify;\">La danza tuvo su lugar en una instalaci\u00f3n que propon\u00eda un espejo digital. Frente a una pantalla, los movimientos de los visitantes eran capturados en tiempo real por un sensor Kinect y convertidos en trazos de luz y color. Cada movimiento se proyectaba sobre la superficie luminosa, creando un di\u00e1logo entre lo f\u00edsico y lo virtual.<\/p>\n<p style=\"text-align: justify;\">La propuesta del Centro de Ciencia se concibi\u00f3 desde una premisa clara: la tecnolog\u00eda como medio para generar experiencias de valor y promover la apropiaci\u00f3n social del conocimiento.<\/p>\n<p style=\"text-align: justify;\">Con esta participaci\u00f3n, el Centro de Ciencia de la Universidad de Caldas reafirm\u00f3 su compromiso con el dise\u00f1o de experiencias tecnol\u00f3gicas que no solo comunican conocimiento, sino que lo ponen en movimiento. La ciencia, en este caso, se convirti\u00f3 en un lenguaje capaz de amplificar las narrativas del arte y ofrecer nuevas formas de interacci\u00f3n y aprendizaje.<\/p>\n<p style=\"text-align: justify;\">\u201cCreo que este proyecto conecta muy bien con la idea de Artes por la Paz y con el prop\u00f3sito nacional de posicionar las artes y la cultura en la vida cotidiana. Esa era justamente la apuesta y se cumpli\u00f3\u201d, puntualiza el mediador.<\/p>\n<p style=\"text-align: justify;\"><strong>Anexo:<\/strong><\/p>\n<p style=\"text-align: justify;\"><a href=\"https:\/\/www.ucaldas.edu.co\/portal\/wp-content\/uploads\/2025\/11\/Mateo-Quintero.mp3\"><strong>-Audio Mediador tecnol\u00f3gico del Centro de Ciencia Francisco Jos\u00e9 de Caldas, Mateo Quintero<\/strong><\/a><\/p>\n<audio class=\"wp-audio-shortcode\" id=\"audio-99395-1\" preload=\"none\" style=\"width: 100%;\" controls=\"controls\"><source type=\"audio\/mpeg\" src=\"https:\/\/www.ucaldas.edu.co\/portal\/wp-content\/uploads\/2025\/11\/Mateo-Quintero.mp3?_=1\" \/><a href=\"https:\/\/www.ucaldas.edu.co\/portal\/wp-content\/uploads\/2025\/11\/Mateo-Quintero.mp3\">https:\/\/www.ucaldas.edu.co\/portal\/wp-content\/uploads\/2025\/11\/Mateo-Quintero.mp3<\/a><\/audio>\n","protected":false},"excerpt":{"rendered":"<p>En Armero Guayabal, un territorio profundamente marcado por la memoria y la esperanza, el arte y la tecnolog\u00eda se unieron para contar una historia distinta. Durante el lanzamiento del programa presidencial Artes por la Paz, el Centro de Ciencia Francisco Jos\u00e9 de Caldas de la Universidad de Caldas, present\u00f3 un circuito inmersivo que transform\u00f3 la [&hellip;]<\/p>\n","protected":false},"author":2,"featured_media":99397,"comment_status":"closed","ping_status":"open","sticky":false,"template":"","format":"standard","meta":{"footnotes":""},"categories":[48,53],"tags":[2307,9899],"class_list":["post-99395","post","type-post","status-publish","format-standard","has-post-thumbnail","hentry","category-actualidad","category-universidad-al-dia","tag-centro-de-ciencia-francisco-jose-de-caldas","tag-artes-para-la-paz"],"yoast_head":"<!-- This site is optimized with the Yoast SEO plugin v27.5 - https:\/\/yoast.com\/product\/yoast-seo-wordpress\/ -->\n<title>El arte y la inteligencia artificial se unieron por la paz: Centro de Ciencia Francisco Jos\u00e9 de Caldas present\u00f3 experiencia inmersiva en Armero .<\/title>\n<meta name=\"robots\" content=\"index, follow, max-snippet:-1, max-image-preview:large, max-video-preview:-1\" \/>\n<link rel=\"canonical\" href=\"https:\/\/www.ucaldas.edu.co\/portal\/el-arte-y-la-inteligencia-artificial-se-unieron-por-la-paz-centro-de-ciencia-francisco-jose-de-caldas-presento-experiencia-inmersiva-en-armero\/\" \/>\n<script type=\"application\/ld+json\" class=\"yoast-schema-graph\">{\"@context\":\"https:\\\/\\\/schema.org\",\"@graph\":[{\"@type\":\"Article\",\"@id\":\"https:\\\/\\\/www.ucaldas.edu.co\\\/portal\\\/el-arte-y-la-inteligencia-artificial-se-unieron-por-la-paz-centro-de-ciencia-francisco-jose-de-caldas-presento-experiencia-inmersiva-en-armero\\\/#article\",\"isPartOf\":{\"@id\":\"https:\\\/\\\/www.ucaldas.edu.co\\\/portal\\\/el-arte-y-la-inteligencia-artificial-se-unieron-por-la-paz-centro-de-ciencia-francisco-jose-de-caldas-presento-experiencia-inmersiva-en-armero\\\/\"},\"author\":{\"name\":\"ofiprensa\",\"@id\":\"https:\\\/\\\/www.ucaldas.edu.co\\\/portal\\\/#\\\/schema\\\/person\\\/a1b482e23449158b4bc319926c074fdf\"},\"headline\":\"El arte y la inteligencia artificial se unieron por la paz: Centro de Ciencia Francisco Jos\u00e9 de Caldas present\u00f3 experiencia inmersiva en Armero\",\"datePublished\":\"2025-11-13T22:30:53+00:00\",\"mainEntityOfPage\":{\"@id\":\"https:\\\/\\\/www.ucaldas.edu.co\\\/portal\\\/el-arte-y-la-inteligencia-artificial-se-unieron-por-la-paz-centro-de-ciencia-francisco-jose-de-caldas-presento-experiencia-inmersiva-en-armero\\\/\"},\"wordCount\":744,\"publisher\":{\"@id\":\"https:\\\/\\\/www.ucaldas.edu.co\\\/portal\\\/#organization\"},\"image\":{\"@id\":\"https:\\\/\\\/www.ucaldas.edu.co\\\/portal\\\/el-arte-y-la-inteligencia-artificial-se-unieron-por-la-paz-centro-de-ciencia-francisco-jose-de-caldas-presento-experiencia-inmersiva-en-armero\\\/#primaryimage\"},\"thumbnailUrl\":\"https:\\\/\\\/www.ucaldas.edu.co\\\/portal\\\/wp-content\\\/uploads\\\/2025\\\/11\\\/JMA2556-scaled-e1763072881996.jpg\",\"keywords\":[\"Centro de Ciencia Francisco Jos\u00e9 de Caldas\",\"artes para la paz\"],\"articleSection\":[\"Actualidad\",\"Universidad al D\u00eda\"],\"inLanguage\":\"es\"},{\"@type\":\"WebPage\",\"@id\":\"https:\\\/\\\/www.ucaldas.edu.co\\\/portal\\\/el-arte-y-la-inteligencia-artificial-se-unieron-por-la-paz-centro-de-ciencia-francisco-jose-de-caldas-presento-experiencia-inmersiva-en-armero\\\/\",\"url\":\"https:\\\/\\\/www.ucaldas.edu.co\\\/portal\\\/el-arte-y-la-inteligencia-artificial-se-unieron-por-la-paz-centro-de-ciencia-francisco-jose-de-caldas-presento-experiencia-inmersiva-en-armero\\\/\",\"name\":\"El arte y la inteligencia artificial se unieron por la paz: Centro de Ciencia Francisco Jos\u00e9 de Caldas present\u00f3 experiencia inmersiva en Armero .\",\"isPartOf\":{\"@id\":\"https:\\\/\\\/www.ucaldas.edu.co\\\/portal\\\/#website\"},\"primaryImageOfPage\":{\"@id\":\"https:\\\/\\\/www.ucaldas.edu.co\\\/portal\\\/el-arte-y-la-inteligencia-artificial-se-unieron-por-la-paz-centro-de-ciencia-francisco-jose-de-caldas-presento-experiencia-inmersiva-en-armero\\\/#primaryimage\"},\"image\":{\"@id\":\"https:\\\/\\\/www.ucaldas.edu.co\\\/portal\\\/el-arte-y-la-inteligencia-artificial-se-unieron-por-la-paz-centro-de-ciencia-francisco-jose-de-caldas-presento-experiencia-inmersiva-en-armero\\\/#primaryimage\"},\"thumbnailUrl\":\"https:\\\/\\\/www.ucaldas.edu.co\\\/portal\\\/wp-content\\\/uploads\\\/2025\\\/11\\\/JMA2556-scaled-e1763072881996.jpg\",\"datePublished\":\"2025-11-13T22:30:53+00:00\",\"breadcrumb\":{\"@id\":\"https:\\\/\\\/www.ucaldas.edu.co\\\/portal\\\/el-arte-y-la-inteligencia-artificial-se-unieron-por-la-paz-centro-de-ciencia-francisco-jose-de-caldas-presento-experiencia-inmersiva-en-armero\\\/#breadcrumb\"},\"inLanguage\":\"es\",\"potentialAction\":[{\"@type\":\"ReadAction\",\"target\":[\"https:\\\/\\\/www.ucaldas.edu.co\\\/portal\\\/el-arte-y-la-inteligencia-artificial-se-unieron-por-la-paz-centro-de-ciencia-francisco-jose-de-caldas-presento-experiencia-inmersiva-en-armero\\\/\"]}]},{\"@type\":\"ImageObject\",\"inLanguage\":\"es\",\"@id\":\"https:\\\/\\\/www.ucaldas.edu.co\\\/portal\\\/el-arte-y-la-inteligencia-artificial-se-unieron-por-la-paz-centro-de-ciencia-francisco-jose-de-caldas-presento-experiencia-inmersiva-en-armero\\\/#primaryimage\",\"url\":\"https:\\\/\\\/www.ucaldas.edu.co\\\/portal\\\/wp-content\\\/uploads\\\/2025\\\/11\\\/JMA2556-scaled-e1763072881996.jpg\",\"contentUrl\":\"https:\\\/\\\/www.ucaldas.edu.co\\\/portal\\\/wp-content\\\/uploads\\\/2025\\\/11\\\/JMA2556-scaled-e1763072881996.jpg\",\"width\":900,\"height\":1080,\"caption\":\"Artes para la paz\"},{\"@type\":\"BreadcrumbList\",\"@id\":\"https:\\\/\\\/www.ucaldas.edu.co\\\/portal\\\/el-arte-y-la-inteligencia-artificial-se-unieron-por-la-paz-centro-de-ciencia-francisco-jose-de-caldas-presento-experiencia-inmersiva-en-armero\\\/#breadcrumb\",\"itemListElement\":[{\"@type\":\"ListItem\",\"position\":1,\"name\":\"Portada\",\"item\":\"https:\\\/\\\/www.ucaldas.edu.co\\\/portal\\\/\"},{\"@type\":\"ListItem\",\"position\":2,\"name\":\"El arte y la inteligencia artificial se unieron por la paz: Centro de Ciencia Francisco Jos\u00e9 de Caldas present\u00f3 experiencia inmersiva en Armero\"}]},{\"@type\":\"WebSite\",\"@id\":\"https:\\\/\\\/www.ucaldas.edu.co\\\/portal\\\/#website\",\"url\":\"https:\\\/\\\/www.ucaldas.edu.co\\\/portal\\\/\",\"name\":\"Universidad de Caldas\",\"description\":\"\",\"publisher\":{\"@id\":\"https:\\\/\\\/www.ucaldas.edu.co\\\/portal\\\/#organization\"},\"alternateName\":\"U. de Caldas\",\"potentialAction\":[{\"@type\":\"SearchAction\",\"target\":{\"@type\":\"EntryPoint\",\"urlTemplate\":\"https:\\\/\\\/www.ucaldas.edu.co\\\/portal\\\/?s={search_term_string}\"},\"query-input\":{\"@type\":\"PropertyValueSpecification\",\"valueRequired\":true,\"valueName\":\"search_term_string\"}}],\"inLanguage\":\"es\"},{\"@type\":\"Organization\",\"@id\":\"https:\\\/\\\/www.ucaldas.edu.co\\\/portal\\\/#organization\",\"name\":\"Universidad de Caldas\",\"alternateName\":\"U. de Caldas\",\"url\":\"https:\\\/\\\/www.ucaldas.edu.co\\\/portal\\\/\",\"logo\":{\"@type\":\"ImageObject\",\"inLanguage\":\"es\",\"@id\":\"https:\\\/\\\/www.ucaldas.edu.co\\\/portal\\\/#\\\/schema\\\/logo\\\/image\\\/\",\"url\":\"https:\\\/\\\/www.ucaldas.edu.co\\\/portal\\\/wp-content\\\/uploads\\\/2023\\\/11\\\/Logo_horizontal_oscuroU-2023.png\",\"contentUrl\":\"https:\\\/\\\/www.ucaldas.edu.co\\\/portal\\\/wp-content\\\/uploads\\\/2023\\\/11\\\/Logo_horizontal_oscuroU-2023.png\",\"width\":263,\"height\":101,\"caption\":\"Universidad de Caldas\"},\"image\":{\"@id\":\"https:\\\/\\\/www.ucaldas.edu.co\\\/portal\\\/#\\\/schema\\\/logo\\\/image\\\/\"},\"sameAs\":[\"https:\\\/\\\/www.facebook.com\\\/udecaldas\",\"https:\\\/\\\/x.com\\\/udecaldas\",\"https:\\\/\\\/www.youtube.com\\\/universidadcaldas\",\"https:\\\/\\\/www.instagram.com\\\/udecaldas\\\/\"]},{\"@type\":\"Person\",\"@id\":\"https:\\\/\\\/www.ucaldas.edu.co\\\/portal\\\/#\\\/schema\\\/person\\\/a1b482e23449158b4bc319926c074fdf\",\"name\":\"ofiprensa\",\"image\":{\"@type\":\"ImageObject\",\"inLanguage\":\"es\",\"@id\":\"https:\\\/\\\/www.ucaldas.edu.co\\\/portal\\\/wp-content\\\/litespeed\\\/avatar\\\/09ea5085e600095a7a811142c6944527.jpg?ver=1777497608\",\"url\":\"https:\\\/\\\/www.ucaldas.edu.co\\\/portal\\\/wp-content\\\/litespeed\\\/avatar\\\/09ea5085e600095a7a811142c6944527.jpg?ver=1777497608\",\"contentUrl\":\"https:\\\/\\\/www.ucaldas.edu.co\\\/portal\\\/wp-content\\\/litespeed\\\/avatar\\\/09ea5085e600095a7a811142c6944527.jpg?ver=1777497608\",\"caption\":\"ofiprensa\"},\"url\":\"https:\\\/\\\/www.ucaldas.edu.co\\\/portal\\\/author\\\/ofiprensa\\\/\"}]}<\/script>\n<!-- \/ Yoast SEO plugin. -->","yoast_head_json":{"title":"El arte y la inteligencia artificial se unieron por la paz: Centro de Ciencia Francisco Jos\u00e9 de Caldas present\u00f3 experiencia inmersiva en Armero .","robots":{"index":"index","follow":"follow","max-snippet":"max-snippet:-1","max-image-preview":"max-image-preview:large","max-video-preview":"max-video-preview:-1"},"canonical":"https:\/\/www.ucaldas.edu.co\/portal\/el-arte-y-la-inteligencia-artificial-se-unieron-por-la-paz-centro-de-ciencia-francisco-jose-de-caldas-presento-experiencia-inmersiva-en-armero\/","schema":{"@context":"https:\/\/schema.org","@graph":[{"@type":"Article","@id":"https:\/\/www.ucaldas.edu.co\/portal\/el-arte-y-la-inteligencia-artificial-se-unieron-por-la-paz-centro-de-ciencia-francisco-jose-de-caldas-presento-experiencia-inmersiva-en-armero\/#article","isPartOf":{"@id":"https:\/\/www.ucaldas.edu.co\/portal\/el-arte-y-la-inteligencia-artificial-se-unieron-por-la-paz-centro-de-ciencia-francisco-jose-de-caldas-presento-experiencia-inmersiva-en-armero\/"},"author":{"name":"ofiprensa","@id":"https:\/\/www.ucaldas.edu.co\/portal\/#\/schema\/person\/a1b482e23449158b4bc319926c074fdf"},"headline":"El arte y la inteligencia artificial se unieron por la paz: Centro de Ciencia Francisco Jos\u00e9 de Caldas present\u00f3 experiencia inmersiva en Armero","datePublished":"2025-11-13T22:30:53+00:00","mainEntityOfPage":{"@id":"https:\/\/www.ucaldas.edu.co\/portal\/el-arte-y-la-inteligencia-artificial-se-unieron-por-la-paz-centro-de-ciencia-francisco-jose-de-caldas-presento-experiencia-inmersiva-en-armero\/"},"wordCount":744,"publisher":{"@id":"https:\/\/www.ucaldas.edu.co\/portal\/#organization"},"image":{"@id":"https:\/\/www.ucaldas.edu.co\/portal\/el-arte-y-la-inteligencia-artificial-se-unieron-por-la-paz-centro-de-ciencia-francisco-jose-de-caldas-presento-experiencia-inmersiva-en-armero\/#primaryimage"},"thumbnailUrl":"https:\/\/www.ucaldas.edu.co\/portal\/wp-content\/uploads\/2025\/11\/JMA2556-scaled-e1763072881996.jpg","keywords":["Centro de Ciencia Francisco Jos\u00e9 de Caldas","artes para la paz"],"articleSection":["Actualidad","Universidad al D\u00eda"],"inLanguage":"es"},{"@type":"WebPage","@id":"https:\/\/www.ucaldas.edu.co\/portal\/el-arte-y-la-inteligencia-artificial-se-unieron-por-la-paz-centro-de-ciencia-francisco-jose-de-caldas-presento-experiencia-inmersiva-en-armero\/","url":"https:\/\/www.ucaldas.edu.co\/portal\/el-arte-y-la-inteligencia-artificial-se-unieron-por-la-paz-centro-de-ciencia-francisco-jose-de-caldas-presento-experiencia-inmersiva-en-armero\/","name":"El arte y la inteligencia artificial se unieron por la paz: Centro de Ciencia Francisco Jos\u00e9 de Caldas present\u00f3 experiencia inmersiva en Armero .","isPartOf":{"@id":"https:\/\/www.ucaldas.edu.co\/portal\/#website"},"primaryImageOfPage":{"@id":"https:\/\/www.ucaldas.edu.co\/portal\/el-arte-y-la-inteligencia-artificial-se-unieron-por-la-paz-centro-de-ciencia-francisco-jose-de-caldas-presento-experiencia-inmersiva-en-armero\/#primaryimage"},"image":{"@id":"https:\/\/www.ucaldas.edu.co\/portal\/el-arte-y-la-inteligencia-artificial-se-unieron-por-la-paz-centro-de-ciencia-francisco-jose-de-caldas-presento-experiencia-inmersiva-en-armero\/#primaryimage"},"thumbnailUrl":"https:\/\/www.ucaldas.edu.co\/portal\/wp-content\/uploads\/2025\/11\/JMA2556-scaled-e1763072881996.jpg","datePublished":"2025-11-13T22:30:53+00:00","breadcrumb":{"@id":"https:\/\/www.ucaldas.edu.co\/portal\/el-arte-y-la-inteligencia-artificial-se-unieron-por-la-paz-centro-de-ciencia-francisco-jose-de-caldas-presento-experiencia-inmersiva-en-armero\/#breadcrumb"},"inLanguage":"es","potentialAction":[{"@type":"ReadAction","target":["https:\/\/www.ucaldas.edu.co\/portal\/el-arte-y-la-inteligencia-artificial-se-unieron-por-la-paz-centro-de-ciencia-francisco-jose-de-caldas-presento-experiencia-inmersiva-en-armero\/"]}]},{"@type":"ImageObject","inLanguage":"es","@id":"https:\/\/www.ucaldas.edu.co\/portal\/el-arte-y-la-inteligencia-artificial-se-unieron-por-la-paz-centro-de-ciencia-francisco-jose-de-caldas-presento-experiencia-inmersiva-en-armero\/#primaryimage","url":"https:\/\/www.ucaldas.edu.co\/portal\/wp-content\/uploads\/2025\/11\/JMA2556-scaled-e1763072881996.jpg","contentUrl":"https:\/\/www.ucaldas.edu.co\/portal\/wp-content\/uploads\/2025\/11\/JMA2556-scaled-e1763072881996.jpg","width":900,"height":1080,"caption":"Artes para la paz"},{"@type":"BreadcrumbList","@id":"https:\/\/www.ucaldas.edu.co\/portal\/el-arte-y-la-inteligencia-artificial-se-unieron-por-la-paz-centro-de-ciencia-francisco-jose-de-caldas-presento-experiencia-inmersiva-en-armero\/#breadcrumb","itemListElement":[{"@type":"ListItem","position":1,"name":"Portada","item":"https:\/\/www.ucaldas.edu.co\/portal\/"},{"@type":"ListItem","position":2,"name":"El arte y la inteligencia artificial se unieron por la paz: Centro de Ciencia Francisco Jos\u00e9 de Caldas present\u00f3 experiencia inmersiva en Armero"}]},{"@type":"WebSite","@id":"https:\/\/www.ucaldas.edu.co\/portal\/#website","url":"https:\/\/www.ucaldas.edu.co\/portal\/","name":"Universidad de Caldas","description":"","publisher":{"@id":"https:\/\/www.ucaldas.edu.co\/portal\/#organization"},"alternateName":"U. de Caldas","potentialAction":[{"@type":"SearchAction","target":{"@type":"EntryPoint","urlTemplate":"https:\/\/www.ucaldas.edu.co\/portal\/?s={search_term_string}"},"query-input":{"@type":"PropertyValueSpecification","valueRequired":true,"valueName":"search_term_string"}}],"inLanguage":"es"},{"@type":"Organization","@id":"https:\/\/www.ucaldas.edu.co\/portal\/#organization","name":"Universidad de Caldas","alternateName":"U. de Caldas","url":"https:\/\/www.ucaldas.edu.co\/portal\/","logo":{"@type":"ImageObject","inLanguage":"es","@id":"https:\/\/www.ucaldas.edu.co\/portal\/#\/schema\/logo\/image\/","url":"https:\/\/www.ucaldas.edu.co\/portal\/wp-content\/uploads\/2023\/11\/Logo_horizontal_oscuroU-2023.png","contentUrl":"https:\/\/www.ucaldas.edu.co\/portal\/wp-content\/uploads\/2023\/11\/Logo_horizontal_oscuroU-2023.png","width":263,"height":101,"caption":"Universidad de Caldas"},"image":{"@id":"https:\/\/www.ucaldas.edu.co\/portal\/#\/schema\/logo\/image\/"},"sameAs":["https:\/\/www.facebook.com\/udecaldas","https:\/\/x.com\/udecaldas","https:\/\/www.youtube.com\/universidadcaldas","https:\/\/www.instagram.com\/udecaldas\/"]},{"@type":"Person","@id":"https:\/\/www.ucaldas.edu.co\/portal\/#\/schema\/person\/a1b482e23449158b4bc319926c074fdf","name":"ofiprensa","image":{"@type":"ImageObject","inLanguage":"es","@id":"https:\/\/www.ucaldas.edu.co\/portal\/wp-content\/litespeed\/avatar\/09ea5085e600095a7a811142c6944527.jpg?ver=1777497608","url":"https:\/\/www.ucaldas.edu.co\/portal\/wp-content\/litespeed\/avatar\/09ea5085e600095a7a811142c6944527.jpg?ver=1777497608","contentUrl":"https:\/\/www.ucaldas.edu.co\/portal\/wp-content\/litespeed\/avatar\/09ea5085e600095a7a811142c6944527.jpg?ver=1777497608","caption":"ofiprensa"},"url":"https:\/\/www.ucaldas.edu.co\/portal\/author\/ofiprensa\/"}]}},"_links":{"self":[{"href":"https:\/\/www.ucaldas.edu.co\/portal\/wp-json\/wp\/v2\/posts\/99395","targetHints":{"allow":["GET"]}}],"collection":[{"href":"https:\/\/www.ucaldas.edu.co\/portal\/wp-json\/wp\/v2\/posts"}],"about":[{"href":"https:\/\/www.ucaldas.edu.co\/portal\/wp-json\/wp\/v2\/types\/post"}],"author":[{"embeddable":true,"href":"https:\/\/www.ucaldas.edu.co\/portal\/wp-json\/wp\/v2\/users\/2"}],"replies":[{"embeddable":true,"href":"https:\/\/www.ucaldas.edu.co\/portal\/wp-json\/wp\/v2\/comments?post=99395"}],"version-history":[{"count":1,"href":"https:\/\/www.ucaldas.edu.co\/portal\/wp-json\/wp\/v2\/posts\/99395\/revisions"}],"predecessor-version":[{"id":99398,"href":"https:\/\/www.ucaldas.edu.co\/portal\/wp-json\/wp\/v2\/posts\/99395\/revisions\/99398"}],"wp:featuredmedia":[{"embeddable":true,"href":"https:\/\/www.ucaldas.edu.co\/portal\/wp-json\/wp\/v2\/media\/99397"}],"wp:attachment":[{"href":"https:\/\/www.ucaldas.edu.co\/portal\/wp-json\/wp\/v2\/media?parent=99395"}],"wp:term":[{"taxonomy":"category","embeddable":true,"href":"https:\/\/www.ucaldas.edu.co\/portal\/wp-json\/wp\/v2\/categories?post=99395"},{"taxonomy":"post_tag","embeddable":true,"href":"https:\/\/www.ucaldas.edu.co\/portal\/wp-json\/wp\/v2\/tags?post=99395"}],"curies":[{"name":"wp","href":"https:\/\/api.w.org\/{rel}","templated":true}]}}