{"id":97446,"date":"2025-10-14T15:28:06","date_gmt":"2025-10-14T20:28:06","guid":{"rendered":"https:\/\/www.ucaldas.edu.co\/portal\/?p=97446"},"modified":"2025-10-14T15:28:06","modified_gmt":"2025-10-14T20:28:06","slug":"este-jueves-la-u-de-caldas-realizara-la-sciencerun-4k-primera-carrera-atletica-universitaria-del-eje-cafetero","status":"publish","type":"post","link":"https:\/\/www.ucaldas.edu.co\/portal\/este-jueves-la-u-de-caldas-realizara-la-sciencerun-4k-primera-carrera-atletica-universitaria-del-eje-cafetero\/","title":{"rendered":"Este jueves la U de Caldas realizar\u00e1 la ScienceRun 4K, primera carrera atl\u00e9tica universitaria del Eje Cafetero"},"content":{"rendered":"<p><img loading=\"lazy\" decoding=\"async\" class=\"alignnone wp-image-97448 size-full\" src=\"https:\/\/www.ucaldas.edu.co\/portal\/wp-content\/uploads\/2025\/10\/ScienceRun-4K-e1760473540230.jpg\" alt=\"ScienceRun 4k\" width=\"900\" height=\"1028\" \/><\/p>\n<p style=\"text-align: justify;\">Este jueves 16 de octubre, entre las 4:30 p.\u202fm. y las 7:00 p.\u202fm., se llevar\u00e1 a cabo ScienceRun 4K, la primera carrera atl\u00e9tica universitaria del Eje Cafetero. La actividad se desarrollar\u00e1 en el vel\u00f3dromo del campus deportivo de la Universidad de Caldas y hace parte de la programaci\u00f3n oficial del XV Encuentro Regional de Semilleros de Investigaci\u00f3n (RREDSI 2025).<!--more--><\/p>\n<p style=\"text-align: justify;\">La carrera est\u00e1 dirigida a estudiantes, docentes, investigadores, evaluadores y delegados de las diferentes instituciones participantes. Su prop\u00f3sito es articular el ejercicio f\u00edsico con el trabajo en equipo, la salud mental y el bienestar integral en el contexto acad\u00e9mico.<\/p>\n<p style=\"text-align: justify;\">Tatiana Mar\u00edn, docente de la Universidad de Caldas y apoyo de los Semilleros de Investigaci\u00f3n, destaca que la carrera hace parte de Science Room 2025 \u2013 Ideas en Movimiento, una de las actividades centrales del encuentro. Se\u00f1al\u00f3 que aproximadamente 100 estudiantes del eje cafetero participar\u00e1n, junto con algunos integrantes de la comunidad acad\u00e9mica.<\/p>\n<p style=\"text-align: justify;\">La coordinaci\u00f3n de ScienceRun 4K est\u00e1 a cargo de la Universidad de Caldas, la Universidad de Manizales, la Oficina de Bienestar Universitario, y cuenta con el apoyo de CELEMA y Smart Fit.<\/p>\n<p style=\"text-align: justify;\">El valor de inscripci\u00f3n es de 30 mil pesos para estudiantes y evaluadores, y de 50 mil pesos para docentes, investigadores y delegados. El costo incluye un kit de participaci\u00f3n, hidrataci\u00f3n durante la carrera y premiaci\u00f3n a los tres primeros lugares.<\/p>\n<p style=\"text-align: justify;\">Esta actividad busca consolidarse como una estrategia que complementa la formaci\u00f3n acad\u00e9mica con el cuidado del cuerpo, el bienestar emocional y la generaci\u00f3n de v\u00ednculos entre los diferentes actores del sistema universitario.<\/p>\n<p style=\"text-align: justify;\"><strong>Anexo <\/strong><\/p>\n<p style=\"text-align: justify;\"><a href=\"https:\/\/www.ucaldas.edu.co\/portal\/wp-content\/uploads\/2025\/10\/Tatiana-Marin-docente-de-la-Universidad-de-Caldas-y-apoyo-de-los-Semilleros-de-Investigacion.mp3\"><strong>-Audio Docente de la Universidad de Caldas y apoyo de los Semilleros de Investigaci\u00f3n, Tatiana Mar\u00edn.<\/strong><\/a><\/p>\n<audio class=\"wp-audio-shortcode\" id=\"audio-97446-1\" preload=\"none\" style=\"width: 100%;\" controls=\"controls\"><source type=\"audio\/mpeg\" src=\"https:\/\/www.ucaldas.edu.co\/portal\/wp-content\/uploads\/2025\/10\/Tatiana-Marin-docente-de-la-Universidad-de-Caldas-y-apoyo-de-los-Semilleros-de-Investigacion.mp3?_=1\" \/><a href=\"https:\/\/www.ucaldas.edu.co\/portal\/wp-content\/uploads\/2025\/10\/Tatiana-Marin-docente-de-la-Universidad-de-Caldas-y-apoyo-de-los-Semilleros-de-Investigacion.mp3\">https:\/\/www.ucaldas.edu.co\/portal\/wp-content\/uploads\/2025\/10\/Tatiana-Marin-docente-de-la-Universidad-de-Caldas-y-apoyo-de-los-Semilleros-de-Investigacion.mp3<\/a><\/audio>\n","protected":false},"excerpt":{"rendered":"<p>Este jueves 16 de octubre, entre las 4:30 p.\u202fm. y las 7:00 p.\u202fm., se llevar\u00e1 a cabo ScienceRun 4K, la primera carrera atl\u00e9tica universitaria del Eje Cafetero. La actividad se desarrollar\u00e1 en el vel\u00f3dromo del campus deportivo de la Universidad de Caldas y hace parte de la programaci\u00f3n oficial del XV Encuentro Regional de Semilleros [&hellip;]<\/p>\n","protected":false},"author":2,"featured_media":97448,"comment_status":"closed","ping_status":"open","sticky":false,"template":"","format":"standard","meta":{"footnotes":""},"categories":[48,53],"tags":[9930,9931],"class_list":["post-97446","post","type-post","status-publish","format-standard","has-post-thumbnail","hentry","category-actualidad","category-universidad-al-dia","tag-science-run","tag-red-regional-de-semilleros-de-investigacion"],"yoast_head":"<!-- This site is optimized with the Yoast SEO plugin v27.4 - https:\/\/yoast.com\/product\/yoast-seo-wordpress\/ -->\n<title>Este jueves la U de Caldas realizar\u00e1 la ScienceRun 4K, primera carrera atl\u00e9tica universitaria del Eje Cafetero .<\/title>\n<meta name=\"robots\" content=\"index, follow, max-snippet:-1, max-image-preview:large, max-video-preview:-1\" \/>\n<link rel=\"canonical\" href=\"https:\/\/www.ucaldas.edu.co\/portal\/este-jueves-la-u-de-caldas-realizara-la-sciencerun-4k-primera-carrera-atletica-universitaria-del-eje-cafetero\/\" \/>\n<script type=\"application\/ld+json\" class=\"yoast-schema-graph\">{\"@context\":\"https:\\\/\\\/schema.org\",\"@graph\":[{\"@type\":\"Article\",\"@id\":\"https:\\\/\\\/www.ucaldas.edu.co\\\/portal\\\/este-jueves-la-u-de-caldas-realizara-la-sciencerun-4k-primera-carrera-atletica-universitaria-del-eje-cafetero\\\/#article\",\"isPartOf\":{\"@id\":\"https:\\\/\\\/www.ucaldas.edu.co\\\/portal\\\/este-jueves-la-u-de-caldas-realizara-la-sciencerun-4k-primera-carrera-atletica-universitaria-del-eje-cafetero\\\/\"},\"author\":{\"name\":\"ofiprensa\",\"@id\":\"https:\\\/\\\/www.ucaldas.edu.co\\\/portal\\\/#\\\/schema\\\/person\\\/a1b482e23449158b4bc319926c074fdf\"},\"headline\":\"Este jueves la U de Caldas realizar\u00e1 la ScienceRun 4K, primera carrera atl\u00e9tica universitaria del Eje Cafetero\",\"datePublished\":\"2025-10-14T20:28:06+00:00\",\"mainEntityOfPage\":{\"@id\":\"https:\\\/\\\/www.ucaldas.edu.co\\\/portal\\\/este-jueves-la-u-de-caldas-realizara-la-sciencerun-4k-primera-carrera-atletica-universitaria-del-eje-cafetero\\\/\"},\"wordCount\":320,\"publisher\":{\"@id\":\"https:\\\/\\\/www.ucaldas.edu.co\\\/portal\\\/#organization\"},\"image\":{\"@id\":\"https:\\\/\\\/www.ucaldas.edu.co\\\/portal\\\/este-jueves-la-u-de-caldas-realizara-la-sciencerun-4k-primera-carrera-atletica-universitaria-del-eje-cafetero\\\/#primaryimage\"},\"thumbnailUrl\":\"https:\\\/\\\/www.ucaldas.edu.co\\\/portal\\\/wp-content\\\/uploads\\\/2025\\\/10\\\/ScienceRun-4K-e1760473540230.jpg\",\"keywords\":[\"Science Run\",\"red regional de semilleros de investigaci\u00f3n\"],\"articleSection\":[\"Actualidad\",\"Universidad al D\u00eda\"],\"inLanguage\":\"es\"},{\"@type\":\"WebPage\",\"@id\":\"https:\\\/\\\/www.ucaldas.edu.co\\\/portal\\\/este-jueves-la-u-de-caldas-realizara-la-sciencerun-4k-primera-carrera-atletica-universitaria-del-eje-cafetero\\\/\",\"url\":\"https:\\\/\\\/www.ucaldas.edu.co\\\/portal\\\/este-jueves-la-u-de-caldas-realizara-la-sciencerun-4k-primera-carrera-atletica-universitaria-del-eje-cafetero\\\/\",\"name\":\"Este jueves la U de Caldas realizar\u00e1 la ScienceRun 4K, primera carrera atl\u00e9tica universitaria del Eje Cafetero .\",\"isPartOf\":{\"@id\":\"https:\\\/\\\/www.ucaldas.edu.co\\\/portal\\\/#website\"},\"primaryImageOfPage\":{\"@id\":\"https:\\\/\\\/www.ucaldas.edu.co\\\/portal\\\/este-jueves-la-u-de-caldas-realizara-la-sciencerun-4k-primera-carrera-atletica-universitaria-del-eje-cafetero\\\/#primaryimage\"},\"image\":{\"@id\":\"https:\\\/\\\/www.ucaldas.edu.co\\\/portal\\\/este-jueves-la-u-de-caldas-realizara-la-sciencerun-4k-primera-carrera-atletica-universitaria-del-eje-cafetero\\\/#primaryimage\"},\"thumbnailUrl\":\"https:\\\/\\\/www.ucaldas.edu.co\\\/portal\\\/wp-content\\\/uploads\\\/2025\\\/10\\\/ScienceRun-4K-e1760473540230.jpg\",\"datePublished\":\"2025-10-14T20:28:06+00:00\",\"breadcrumb\":{\"@id\":\"https:\\\/\\\/www.ucaldas.edu.co\\\/portal\\\/este-jueves-la-u-de-caldas-realizara-la-sciencerun-4k-primera-carrera-atletica-universitaria-del-eje-cafetero\\\/#breadcrumb\"},\"inLanguage\":\"es\",\"potentialAction\":[{\"@type\":\"ReadAction\",\"target\":[\"https:\\\/\\\/www.ucaldas.edu.co\\\/portal\\\/este-jueves-la-u-de-caldas-realizara-la-sciencerun-4k-primera-carrera-atletica-universitaria-del-eje-cafetero\\\/\"]}]},{\"@type\":\"ImageObject\",\"inLanguage\":\"es\",\"@id\":\"https:\\\/\\\/www.ucaldas.edu.co\\\/portal\\\/este-jueves-la-u-de-caldas-realizara-la-sciencerun-4k-primera-carrera-atletica-universitaria-del-eje-cafetero\\\/#primaryimage\",\"url\":\"https:\\\/\\\/www.ucaldas.edu.co\\\/portal\\\/wp-content\\\/uploads\\\/2025\\\/10\\\/ScienceRun-4K-e1760473540230.jpg\",\"contentUrl\":\"https:\\\/\\\/www.ucaldas.edu.co\\\/portal\\\/wp-content\\\/uploads\\\/2025\\\/10\\\/ScienceRun-4K-e1760473540230.jpg\",\"width\":900,\"height\":1028,\"caption\":\"ScienceRun 4k\"},{\"@type\":\"BreadcrumbList\",\"@id\":\"https:\\\/\\\/www.ucaldas.edu.co\\\/portal\\\/este-jueves-la-u-de-caldas-realizara-la-sciencerun-4k-primera-carrera-atletica-universitaria-del-eje-cafetero\\\/#breadcrumb\",\"itemListElement\":[{\"@type\":\"ListItem\",\"position\":1,\"name\":\"Portada\",\"item\":\"https:\\\/\\\/www.ucaldas.edu.co\\\/portal\\\/\"},{\"@type\":\"ListItem\",\"position\":2,\"name\":\"Este jueves la U de Caldas realizar\u00e1 la ScienceRun 4K, primera carrera atl\u00e9tica universitaria del Eje Cafetero\"}]},{\"@type\":\"WebSite\",\"@id\":\"https:\\\/\\\/www.ucaldas.edu.co\\\/portal\\\/#website\",\"url\":\"https:\\\/\\\/www.ucaldas.edu.co\\\/portal\\\/\",\"name\":\"Universidad de Caldas\",\"description\":\"\",\"publisher\":{\"@id\":\"https:\\\/\\\/www.ucaldas.edu.co\\\/portal\\\/#organization\"},\"alternateName\":\"U. de Caldas\",\"potentialAction\":[{\"@type\":\"SearchAction\",\"target\":{\"@type\":\"EntryPoint\",\"urlTemplate\":\"https:\\\/\\\/www.ucaldas.edu.co\\\/portal\\\/?s={search_term_string}\"},\"query-input\":{\"@type\":\"PropertyValueSpecification\",\"valueRequired\":true,\"valueName\":\"search_term_string\"}}],\"inLanguage\":\"es\"},{\"@type\":\"Organization\",\"@id\":\"https:\\\/\\\/www.ucaldas.edu.co\\\/portal\\\/#organization\",\"name\":\"Universidad de Caldas\",\"alternateName\":\"U. de Caldas\",\"url\":\"https:\\\/\\\/www.ucaldas.edu.co\\\/portal\\\/\",\"logo\":{\"@type\":\"ImageObject\",\"inLanguage\":\"es\",\"@id\":\"https:\\\/\\\/www.ucaldas.edu.co\\\/portal\\\/#\\\/schema\\\/logo\\\/image\\\/\",\"url\":\"https:\\\/\\\/www.ucaldas.edu.co\\\/portal\\\/wp-content\\\/uploads\\\/2023\\\/11\\\/Logo_horizontal_oscuroU-2023.png\",\"contentUrl\":\"https:\\\/\\\/www.ucaldas.edu.co\\\/portal\\\/wp-content\\\/uploads\\\/2023\\\/11\\\/Logo_horizontal_oscuroU-2023.png\",\"width\":263,\"height\":101,\"caption\":\"Universidad de Caldas\"},\"image\":{\"@id\":\"https:\\\/\\\/www.ucaldas.edu.co\\\/portal\\\/#\\\/schema\\\/logo\\\/image\\\/\"},\"sameAs\":[\"https:\\\/\\\/www.facebook.com\\\/udecaldas\",\"https:\\\/\\\/x.com\\\/udecaldas\",\"https:\\\/\\\/www.youtube.com\\\/universidadcaldas\",\"https:\\\/\\\/www.instagram.com\\\/udecaldas\\\/\"]},{\"@type\":\"Person\",\"@id\":\"https:\\\/\\\/www.ucaldas.edu.co\\\/portal\\\/#\\\/schema\\\/person\\\/a1b482e23449158b4bc319926c074fdf\",\"name\":\"ofiprensa\",\"image\":{\"@type\":\"ImageObject\",\"inLanguage\":\"es\",\"@id\":\"https:\\\/\\\/www.ucaldas.edu.co\\\/portal\\\/wp-content\\\/litespeed\\\/avatar\\\/09ea5085e600095a7a811142c6944527.jpg?ver=1776892805\",\"url\":\"https:\\\/\\\/www.ucaldas.edu.co\\\/portal\\\/wp-content\\\/litespeed\\\/avatar\\\/09ea5085e600095a7a811142c6944527.jpg?ver=1776892805\",\"contentUrl\":\"https:\\\/\\\/www.ucaldas.edu.co\\\/portal\\\/wp-content\\\/litespeed\\\/avatar\\\/09ea5085e600095a7a811142c6944527.jpg?ver=1776892805\",\"caption\":\"ofiprensa\"},\"url\":\"https:\\\/\\\/www.ucaldas.edu.co\\\/portal\\\/author\\\/ofiprensa\\\/\"}]}<\/script>\n<!-- \/ Yoast SEO plugin. -->","yoast_head_json":{"title":"Este jueves la U de Caldas realizar\u00e1 la ScienceRun 4K, primera carrera atl\u00e9tica universitaria del Eje Cafetero .","robots":{"index":"index","follow":"follow","max-snippet":"max-snippet:-1","max-image-preview":"max-image-preview:large","max-video-preview":"max-video-preview:-1"},"canonical":"https:\/\/www.ucaldas.edu.co\/portal\/este-jueves-la-u-de-caldas-realizara-la-sciencerun-4k-primera-carrera-atletica-universitaria-del-eje-cafetero\/","schema":{"@context":"https:\/\/schema.org","@graph":[{"@type":"Article","@id":"https:\/\/www.ucaldas.edu.co\/portal\/este-jueves-la-u-de-caldas-realizara-la-sciencerun-4k-primera-carrera-atletica-universitaria-del-eje-cafetero\/#article","isPartOf":{"@id":"https:\/\/www.ucaldas.edu.co\/portal\/este-jueves-la-u-de-caldas-realizara-la-sciencerun-4k-primera-carrera-atletica-universitaria-del-eje-cafetero\/"},"author":{"name":"ofiprensa","@id":"https:\/\/www.ucaldas.edu.co\/portal\/#\/schema\/person\/a1b482e23449158b4bc319926c074fdf"},"headline":"Este jueves la U de Caldas realizar\u00e1 la ScienceRun 4K, primera carrera atl\u00e9tica universitaria del Eje Cafetero","datePublished":"2025-10-14T20:28:06+00:00","mainEntityOfPage":{"@id":"https:\/\/www.ucaldas.edu.co\/portal\/este-jueves-la-u-de-caldas-realizara-la-sciencerun-4k-primera-carrera-atletica-universitaria-del-eje-cafetero\/"},"wordCount":320,"publisher":{"@id":"https:\/\/www.ucaldas.edu.co\/portal\/#organization"},"image":{"@id":"https:\/\/www.ucaldas.edu.co\/portal\/este-jueves-la-u-de-caldas-realizara-la-sciencerun-4k-primera-carrera-atletica-universitaria-del-eje-cafetero\/#primaryimage"},"thumbnailUrl":"https:\/\/www.ucaldas.edu.co\/portal\/wp-content\/uploads\/2025\/10\/ScienceRun-4K-e1760473540230.jpg","keywords":["Science Run","red regional de semilleros de investigaci\u00f3n"],"articleSection":["Actualidad","Universidad al D\u00eda"],"inLanguage":"es"},{"@type":"WebPage","@id":"https:\/\/www.ucaldas.edu.co\/portal\/este-jueves-la-u-de-caldas-realizara-la-sciencerun-4k-primera-carrera-atletica-universitaria-del-eje-cafetero\/","url":"https:\/\/www.ucaldas.edu.co\/portal\/este-jueves-la-u-de-caldas-realizara-la-sciencerun-4k-primera-carrera-atletica-universitaria-del-eje-cafetero\/","name":"Este jueves la U de Caldas realizar\u00e1 la ScienceRun 4K, primera carrera atl\u00e9tica universitaria del Eje Cafetero .","isPartOf":{"@id":"https:\/\/www.ucaldas.edu.co\/portal\/#website"},"primaryImageOfPage":{"@id":"https:\/\/www.ucaldas.edu.co\/portal\/este-jueves-la-u-de-caldas-realizara-la-sciencerun-4k-primera-carrera-atletica-universitaria-del-eje-cafetero\/#primaryimage"},"image":{"@id":"https:\/\/www.ucaldas.edu.co\/portal\/este-jueves-la-u-de-caldas-realizara-la-sciencerun-4k-primera-carrera-atletica-universitaria-del-eje-cafetero\/#primaryimage"},"thumbnailUrl":"https:\/\/www.ucaldas.edu.co\/portal\/wp-content\/uploads\/2025\/10\/ScienceRun-4K-e1760473540230.jpg","datePublished":"2025-10-14T20:28:06+00:00","breadcrumb":{"@id":"https:\/\/www.ucaldas.edu.co\/portal\/este-jueves-la-u-de-caldas-realizara-la-sciencerun-4k-primera-carrera-atletica-universitaria-del-eje-cafetero\/#breadcrumb"},"inLanguage":"es","potentialAction":[{"@type":"ReadAction","target":["https:\/\/www.ucaldas.edu.co\/portal\/este-jueves-la-u-de-caldas-realizara-la-sciencerun-4k-primera-carrera-atletica-universitaria-del-eje-cafetero\/"]}]},{"@type":"ImageObject","inLanguage":"es","@id":"https:\/\/www.ucaldas.edu.co\/portal\/este-jueves-la-u-de-caldas-realizara-la-sciencerun-4k-primera-carrera-atletica-universitaria-del-eje-cafetero\/#primaryimage","url":"https:\/\/www.ucaldas.edu.co\/portal\/wp-content\/uploads\/2025\/10\/ScienceRun-4K-e1760473540230.jpg","contentUrl":"https:\/\/www.ucaldas.edu.co\/portal\/wp-content\/uploads\/2025\/10\/ScienceRun-4K-e1760473540230.jpg","width":900,"height":1028,"caption":"ScienceRun 4k"},{"@type":"BreadcrumbList","@id":"https:\/\/www.ucaldas.edu.co\/portal\/este-jueves-la-u-de-caldas-realizara-la-sciencerun-4k-primera-carrera-atletica-universitaria-del-eje-cafetero\/#breadcrumb","itemListElement":[{"@type":"ListItem","position":1,"name":"Portada","item":"https:\/\/www.ucaldas.edu.co\/portal\/"},{"@type":"ListItem","position":2,"name":"Este jueves la U de Caldas realizar\u00e1 la ScienceRun 4K, primera carrera atl\u00e9tica universitaria del Eje Cafetero"}]},{"@type":"WebSite","@id":"https:\/\/www.ucaldas.edu.co\/portal\/#website","url":"https:\/\/www.ucaldas.edu.co\/portal\/","name":"Universidad de Caldas","description":"","publisher":{"@id":"https:\/\/www.ucaldas.edu.co\/portal\/#organization"},"alternateName":"U. de Caldas","potentialAction":[{"@type":"SearchAction","target":{"@type":"EntryPoint","urlTemplate":"https:\/\/www.ucaldas.edu.co\/portal\/?s={search_term_string}"},"query-input":{"@type":"PropertyValueSpecification","valueRequired":true,"valueName":"search_term_string"}}],"inLanguage":"es"},{"@type":"Organization","@id":"https:\/\/www.ucaldas.edu.co\/portal\/#organization","name":"Universidad de Caldas","alternateName":"U. de Caldas","url":"https:\/\/www.ucaldas.edu.co\/portal\/","logo":{"@type":"ImageObject","inLanguage":"es","@id":"https:\/\/www.ucaldas.edu.co\/portal\/#\/schema\/logo\/image\/","url":"https:\/\/www.ucaldas.edu.co\/portal\/wp-content\/uploads\/2023\/11\/Logo_horizontal_oscuroU-2023.png","contentUrl":"https:\/\/www.ucaldas.edu.co\/portal\/wp-content\/uploads\/2023\/11\/Logo_horizontal_oscuroU-2023.png","width":263,"height":101,"caption":"Universidad de Caldas"},"image":{"@id":"https:\/\/www.ucaldas.edu.co\/portal\/#\/schema\/logo\/image\/"},"sameAs":["https:\/\/www.facebook.com\/udecaldas","https:\/\/x.com\/udecaldas","https:\/\/www.youtube.com\/universidadcaldas","https:\/\/www.instagram.com\/udecaldas\/"]},{"@type":"Person","@id":"https:\/\/www.ucaldas.edu.co\/portal\/#\/schema\/person\/a1b482e23449158b4bc319926c074fdf","name":"ofiprensa","image":{"@type":"ImageObject","inLanguage":"es","@id":"https:\/\/www.ucaldas.edu.co\/portal\/wp-content\/litespeed\/avatar\/09ea5085e600095a7a811142c6944527.jpg?ver=1776892805","url":"https:\/\/www.ucaldas.edu.co\/portal\/wp-content\/litespeed\/avatar\/09ea5085e600095a7a811142c6944527.jpg?ver=1776892805","contentUrl":"https:\/\/www.ucaldas.edu.co\/portal\/wp-content\/litespeed\/avatar\/09ea5085e600095a7a811142c6944527.jpg?ver=1776892805","caption":"ofiprensa"},"url":"https:\/\/www.ucaldas.edu.co\/portal\/author\/ofiprensa\/"}]}},"_links":{"self":[{"href":"https:\/\/www.ucaldas.edu.co\/portal\/wp-json\/wp\/v2\/posts\/97446","targetHints":{"allow":["GET"]}}],"collection":[{"href":"https:\/\/www.ucaldas.edu.co\/portal\/wp-json\/wp\/v2\/posts"}],"about":[{"href":"https:\/\/www.ucaldas.edu.co\/portal\/wp-json\/wp\/v2\/types\/post"}],"author":[{"embeddable":true,"href":"https:\/\/www.ucaldas.edu.co\/portal\/wp-json\/wp\/v2\/users\/2"}],"replies":[{"embeddable":true,"href":"https:\/\/www.ucaldas.edu.co\/portal\/wp-json\/wp\/v2\/comments?post=97446"}],"version-history":[{"count":0,"href":"https:\/\/www.ucaldas.edu.co\/portal\/wp-json\/wp\/v2\/posts\/97446\/revisions"}],"wp:featuredmedia":[{"embeddable":true,"href":"https:\/\/www.ucaldas.edu.co\/portal\/wp-json\/wp\/v2\/media\/97448"}],"wp:attachment":[{"href":"https:\/\/www.ucaldas.edu.co\/portal\/wp-json\/wp\/v2\/media?parent=97446"}],"wp:term":[{"taxonomy":"category","embeddable":true,"href":"https:\/\/www.ucaldas.edu.co\/portal\/wp-json\/wp\/v2\/categories?post=97446"},{"taxonomy":"post_tag","embeddable":true,"href":"https:\/\/www.ucaldas.edu.co\/portal\/wp-json\/wp\/v2\/tags?post=97446"}],"curies":[{"name":"wp","href":"https:\/\/api.w.org\/{rel}","templated":true}]}}