{"id":96828,"date":"2025-10-02T16:30:20","date_gmt":"2025-10-02T21:30:20","guid":{"rendered":"https:\/\/www.ucaldas.edu.co\/portal\/?p=96828"},"modified":"2025-10-02T16:30:20","modified_gmt":"2025-10-02T21:30:20","slug":"universidad-de-caldas-y-universidad-autonoma-de-manizales-invitan-a-la-semana-de-retos-ibero4jobs","status":"publish","type":"post","link":"https:\/\/www.ucaldas.edu.co\/portal\/universidad-de-caldas-y-universidad-autonoma-de-manizales-invitan-a-la-semana-de-retos-ibero4jobs\/","title":{"rendered":"Universidad de Caldas y Universidad Aut\u00f3noma de Manizales invitan a la Semana de Retos Ibero4Jobs"},"content":{"rendered":"<p><img loading=\"lazy\" decoding=\"async\" class=\"alignnone wp-image-96831 size-full\" src=\"https:\/\/www.ucaldas.edu.co\/portal\/wp-content\/uploads\/2025\/10\/programa-Ibero4Jobs-21.jpg\" alt=\"Iber4jobs\" width=\"800\" height=\"1200\" srcset=\"https:\/\/www.ucaldas.edu.co\/portal\/wp-content\/uploads\/2025\/10\/programa-Ibero4Jobs-21.jpg 800w, https:\/\/www.ucaldas.edu.co\/portal\/wp-content\/uploads\/2025\/10\/programa-Ibero4Jobs-21-200x300.jpg 200w, https:\/\/www.ucaldas.edu.co\/portal\/wp-content\/uploads\/2025\/10\/programa-Ibero4Jobs-21-683x1024.jpg 683w, https:\/\/www.ucaldas.edu.co\/portal\/wp-content\/uploads\/2025\/10\/programa-Ibero4Jobs-21-768x1152.jpg 768w\" sizes=\"auto, (max-width: 800px) 100vw, 800px\" \/><\/p>\n<p style=\"text-align: justify;\">Del 6 al 10 de octubre de 2025 se llevar\u00e1 a cabo en la Universidad de Caldas y la Universidad Aut\u00f3noma de Manizales la Semana de Retos Ibero4Jobs, una iniciativa acad\u00e9mica que busca conectar el talento estudiantil con los desaf\u00edos reales del mundo laboral. Esta experiencia \u00fanica permitir\u00e1 a los participantes desarrollar proyectos innovadores en equipos multidisciplinarios, fortaleciendo tanto sus habilidades blandas como digitales.<!--more--><\/p>\n<p style=\"text-align: justify;\">Durante las jornadas, que se realizar\u00e1n en horario de 8:00 a. m. a 12:00 m. y de 2:00 p. m. a 5:00 p. m., los estudiantes trabajar\u00e1n de la mano con empresas aliadas en la soluci\u00f3n de problemas concretos. Adem\u00e1s, contar\u00e1n con permiso acad\u00e9mico para asistir a todas las actividades programadas, lo que garantiza una participaci\u00f3n activa y enriquecedora.<\/p>\n<p style=\"text-align: justify;\">Uno de los atractivos m\u00e1s esperados de la Semana de Retos Ibero4Jobs ser\u00e1 la premiaci\u00f3n de los equipos m\u00e1s destacados. Los ganadores recibir\u00e1n bonos de incentivo, con premios que incluyen $1.000.000 COP para el primer lugar, $750.000 COP para el segundo y $500.000 COP para el tercero, reconociendo as\u00ed la creatividad, innovaci\u00f3n y compromiso de los estudiantes participantes.<\/p>\n<p style=\"text-align: justify;\">Al respecto, Andr\u00e9s Ch\u00e1vez Salazar, director del programa de Ingenier\u00eda de Alimentos de la Universidad de Caldas, extendi\u00f3 una invitaci\u00f3n especial: \u201cQueremos invitarte a la Semana de Retos Ibero4Jobs, un evento \u00fanico donde tendr\u00e1s la oportunidad de ampliar tu red de contactos, enfrentar retos reales y potenciar tu perfil profesional. Te esperamos para que conectes tu talento con las oportunidades del futuro laboral.\u201d<\/p>\n<p style=\"text-align: justify;\">Para mayor informaci\u00f3n, se ha dispuesto el correo administrativo.erasmus@ucaldas.edu.co y la l\u00ednea celular 3023330688.<\/p>\n<p style=\"text-align: justify;\"><strong>Anexo: <\/strong><\/p>\n<p style=\"text-align: justify;\"><a href=\"https:\/\/www.ucaldas.edu.co\/portal\/wp-content\/uploads\/2025\/10\/Director-de-programas-de-Ingenieria-de-Alimentos-Andres-Chavez-Salazar.mp3\"><strong>-Audio Director del programa de Ingenier\u00eda de Alimentos de la Universidad de Caldas, Andr\u00e9s Ch\u00e1vez Salazar.<\/strong><\/a><\/p>\n<audio class=\"wp-audio-shortcode\" id=\"audio-96828-1\" preload=\"none\" style=\"width: 100%;\" controls=\"controls\"><source type=\"audio\/mpeg\" src=\"https:\/\/www.ucaldas.edu.co\/portal\/wp-content\/uploads\/2025\/10\/Director-de-programas-de-Ingenieria-de-Alimentos-Andres-Chavez-Salazar.mp3?_=1\" \/><a href=\"https:\/\/www.ucaldas.edu.co\/portal\/wp-content\/uploads\/2025\/10\/Director-de-programas-de-Ingenieria-de-Alimentos-Andres-Chavez-Salazar.mp3\">https:\/\/www.ucaldas.edu.co\/portal\/wp-content\/uploads\/2025\/10\/Director-de-programas-de-Ingenieria-de-Alimentos-Andres-Chavez-Salazar.mp3<\/a><\/audio>\n","protected":false},"excerpt":{"rendered":"<p>Del 6 al 10 de octubre de 2025 se llevar\u00e1 a cabo en la Universidad de Caldas y la Universidad Aut\u00f3noma de Manizales la Semana de Retos Ibero4Jobs, una iniciativa acad\u00e9mica que busca conectar el talento estudiantil con los desaf\u00edos reales del mundo laboral. Esta experiencia \u00fanica permitir\u00e1 a los participantes desarrollar proyectos innovadores en [&hellip;]<\/p>\n","protected":false},"author":2,"featured_media":96831,"comment_status":"closed","ping_status":"open","sticky":false,"template":"","format":"standard","meta":{"footnotes":""},"categories":[48,53],"tags":[3393,9924],"class_list":["post-96828","post","type-post","status-publish","format-standard","has-post-thumbnail","hentry","category-actualidad","category-universidad-al-dia","tag-universidad-autonoma-de-manizales","tag-semana-de-retos-ibero4jobs"],"yoast_head":"<!-- This site is optimized with the Yoast SEO plugin v27.5 - https:\/\/yoast.com\/product\/yoast-seo-wordpress\/ -->\n<title>Universidad de Caldas y Universidad Aut\u00f3noma de Manizales invitan a la Semana de Retos Ibero4Jobs .<\/title>\n<meta name=\"robots\" content=\"index, follow, max-snippet:-1, max-image-preview:large, max-video-preview:-1\" \/>\n<link rel=\"canonical\" href=\"https:\/\/www.ucaldas.edu.co\/portal\/universidad-de-caldas-y-universidad-autonoma-de-manizales-invitan-a-la-semana-de-retos-ibero4jobs\/\" \/>\n<script type=\"application\/ld+json\" class=\"yoast-schema-graph\">{\"@context\":\"https:\\\/\\\/schema.org\",\"@graph\":[{\"@type\":\"Article\",\"@id\":\"https:\\\/\\\/www.ucaldas.edu.co\\\/portal\\\/universidad-de-caldas-y-universidad-autonoma-de-manizales-invitan-a-la-semana-de-retos-ibero4jobs\\\/#article\",\"isPartOf\":{\"@id\":\"https:\\\/\\\/www.ucaldas.edu.co\\\/portal\\\/universidad-de-caldas-y-universidad-autonoma-de-manizales-invitan-a-la-semana-de-retos-ibero4jobs\\\/\"},\"author\":{\"name\":\"ofiprensa\",\"@id\":\"https:\\\/\\\/www.ucaldas.edu.co\\\/portal\\\/#\\\/schema\\\/person\\\/a1b482e23449158b4bc319926c074fdf\"},\"headline\":\"Universidad de Caldas y Universidad Aut\u00f3noma de Manizales invitan a la Semana de Retos Ibero4Jobs\",\"datePublished\":\"2025-10-02T21:30:20+00:00\",\"mainEntityOfPage\":{\"@id\":\"https:\\\/\\\/www.ucaldas.edu.co\\\/portal\\\/universidad-de-caldas-y-universidad-autonoma-de-manizales-invitan-a-la-semana-de-retos-ibero4jobs\\\/\"},\"wordCount\":326,\"publisher\":{\"@id\":\"https:\\\/\\\/www.ucaldas.edu.co\\\/portal\\\/#organization\"},\"image\":{\"@id\":\"https:\\\/\\\/www.ucaldas.edu.co\\\/portal\\\/universidad-de-caldas-y-universidad-autonoma-de-manizales-invitan-a-la-semana-de-retos-ibero4jobs\\\/#primaryimage\"},\"thumbnailUrl\":\"https:\\\/\\\/www.ucaldas.edu.co\\\/portal\\\/wp-content\\\/uploads\\\/2025\\\/10\\\/programa-Ibero4Jobs-21.jpg\",\"keywords\":[\"Universidad Aut\u00f3noma de Manizales\",\"semana de retos ibero4jobs\"],\"articleSection\":[\"Actualidad\",\"Universidad al D\u00eda\"],\"inLanguage\":\"es\"},{\"@type\":\"WebPage\",\"@id\":\"https:\\\/\\\/www.ucaldas.edu.co\\\/portal\\\/universidad-de-caldas-y-universidad-autonoma-de-manizales-invitan-a-la-semana-de-retos-ibero4jobs\\\/\",\"url\":\"https:\\\/\\\/www.ucaldas.edu.co\\\/portal\\\/universidad-de-caldas-y-universidad-autonoma-de-manizales-invitan-a-la-semana-de-retos-ibero4jobs\\\/\",\"name\":\"Universidad de Caldas y Universidad Aut\u00f3noma de Manizales invitan a la Semana de Retos Ibero4Jobs .\",\"isPartOf\":{\"@id\":\"https:\\\/\\\/www.ucaldas.edu.co\\\/portal\\\/#website\"},\"primaryImageOfPage\":{\"@id\":\"https:\\\/\\\/www.ucaldas.edu.co\\\/portal\\\/universidad-de-caldas-y-universidad-autonoma-de-manizales-invitan-a-la-semana-de-retos-ibero4jobs\\\/#primaryimage\"},\"image\":{\"@id\":\"https:\\\/\\\/www.ucaldas.edu.co\\\/portal\\\/universidad-de-caldas-y-universidad-autonoma-de-manizales-invitan-a-la-semana-de-retos-ibero4jobs\\\/#primaryimage\"},\"thumbnailUrl\":\"https:\\\/\\\/www.ucaldas.edu.co\\\/portal\\\/wp-content\\\/uploads\\\/2025\\\/10\\\/programa-Ibero4Jobs-21.jpg\",\"datePublished\":\"2025-10-02T21:30:20+00:00\",\"breadcrumb\":{\"@id\":\"https:\\\/\\\/www.ucaldas.edu.co\\\/portal\\\/universidad-de-caldas-y-universidad-autonoma-de-manizales-invitan-a-la-semana-de-retos-ibero4jobs\\\/#breadcrumb\"},\"inLanguage\":\"es\",\"potentialAction\":[{\"@type\":\"ReadAction\",\"target\":[\"https:\\\/\\\/www.ucaldas.edu.co\\\/portal\\\/universidad-de-caldas-y-universidad-autonoma-de-manizales-invitan-a-la-semana-de-retos-ibero4jobs\\\/\"]}]},{\"@type\":\"ImageObject\",\"inLanguage\":\"es\",\"@id\":\"https:\\\/\\\/www.ucaldas.edu.co\\\/portal\\\/universidad-de-caldas-y-universidad-autonoma-de-manizales-invitan-a-la-semana-de-retos-ibero4jobs\\\/#primaryimage\",\"url\":\"https:\\\/\\\/www.ucaldas.edu.co\\\/portal\\\/wp-content\\\/uploads\\\/2025\\\/10\\\/programa-Ibero4Jobs-21.jpg\",\"contentUrl\":\"https:\\\/\\\/www.ucaldas.edu.co\\\/portal\\\/wp-content\\\/uploads\\\/2025\\\/10\\\/programa-Ibero4Jobs-21.jpg\",\"width\":800,\"height\":1200,\"caption\":\"Iber4jobs\"},{\"@type\":\"BreadcrumbList\",\"@id\":\"https:\\\/\\\/www.ucaldas.edu.co\\\/portal\\\/universidad-de-caldas-y-universidad-autonoma-de-manizales-invitan-a-la-semana-de-retos-ibero4jobs\\\/#breadcrumb\",\"itemListElement\":[{\"@type\":\"ListItem\",\"position\":1,\"name\":\"Portada\",\"item\":\"https:\\\/\\\/www.ucaldas.edu.co\\\/portal\\\/\"},{\"@type\":\"ListItem\",\"position\":2,\"name\":\"Universidad de Caldas y Universidad Aut\u00f3noma de Manizales invitan a la Semana de Retos Ibero4Jobs\"}]},{\"@type\":\"WebSite\",\"@id\":\"https:\\\/\\\/www.ucaldas.edu.co\\\/portal\\\/#website\",\"url\":\"https:\\\/\\\/www.ucaldas.edu.co\\\/portal\\\/\",\"name\":\"Universidad de Caldas\",\"description\":\"\",\"publisher\":{\"@id\":\"https:\\\/\\\/www.ucaldas.edu.co\\\/portal\\\/#organization\"},\"alternateName\":\"U. de Caldas\",\"potentialAction\":[{\"@type\":\"SearchAction\",\"target\":{\"@type\":\"EntryPoint\",\"urlTemplate\":\"https:\\\/\\\/www.ucaldas.edu.co\\\/portal\\\/?s={search_term_string}\"},\"query-input\":{\"@type\":\"PropertyValueSpecification\",\"valueRequired\":true,\"valueName\":\"search_term_string\"}}],\"inLanguage\":\"es\"},{\"@type\":\"Organization\",\"@id\":\"https:\\\/\\\/www.ucaldas.edu.co\\\/portal\\\/#organization\",\"name\":\"Universidad de Caldas\",\"alternateName\":\"U. de Caldas\",\"url\":\"https:\\\/\\\/www.ucaldas.edu.co\\\/portal\\\/\",\"logo\":{\"@type\":\"ImageObject\",\"inLanguage\":\"es\",\"@id\":\"https:\\\/\\\/www.ucaldas.edu.co\\\/portal\\\/#\\\/schema\\\/logo\\\/image\\\/\",\"url\":\"https:\\\/\\\/www.ucaldas.edu.co\\\/portal\\\/wp-content\\\/uploads\\\/2023\\\/11\\\/Logo_horizontal_oscuroU-2023.png\",\"contentUrl\":\"https:\\\/\\\/www.ucaldas.edu.co\\\/portal\\\/wp-content\\\/uploads\\\/2023\\\/11\\\/Logo_horizontal_oscuroU-2023.png\",\"width\":263,\"height\":101,\"caption\":\"Universidad de Caldas\"},\"image\":{\"@id\":\"https:\\\/\\\/www.ucaldas.edu.co\\\/portal\\\/#\\\/schema\\\/logo\\\/image\\\/\"},\"sameAs\":[\"https:\\\/\\\/www.facebook.com\\\/udecaldas\",\"https:\\\/\\\/x.com\\\/udecaldas\",\"https:\\\/\\\/www.youtube.com\\\/universidadcaldas\",\"https:\\\/\\\/www.instagram.com\\\/udecaldas\\\/\"]},{\"@type\":\"Person\",\"@id\":\"https:\\\/\\\/www.ucaldas.edu.co\\\/portal\\\/#\\\/schema\\\/person\\\/a1b482e23449158b4bc319926c074fdf\",\"name\":\"ofiprensa\",\"image\":{\"@type\":\"ImageObject\",\"inLanguage\":\"es\",\"@id\":\"https:\\\/\\\/www.ucaldas.edu.co\\\/portal\\\/wp-content\\\/litespeed\\\/avatar\\\/09ea5085e600095a7a811142c6944527.jpg?ver=1777497608\",\"url\":\"https:\\\/\\\/www.ucaldas.edu.co\\\/portal\\\/wp-content\\\/litespeed\\\/avatar\\\/09ea5085e600095a7a811142c6944527.jpg?ver=1777497608\",\"contentUrl\":\"https:\\\/\\\/www.ucaldas.edu.co\\\/portal\\\/wp-content\\\/litespeed\\\/avatar\\\/09ea5085e600095a7a811142c6944527.jpg?ver=1777497608\",\"caption\":\"ofiprensa\"},\"url\":\"https:\\\/\\\/www.ucaldas.edu.co\\\/portal\\\/author\\\/ofiprensa\\\/\"}]}<\/script>\n<!-- \/ Yoast SEO plugin. -->","yoast_head_json":{"title":"Universidad de Caldas y Universidad Aut\u00f3noma de Manizales invitan a la Semana de Retos Ibero4Jobs .","robots":{"index":"index","follow":"follow","max-snippet":"max-snippet:-1","max-image-preview":"max-image-preview:large","max-video-preview":"max-video-preview:-1"},"canonical":"https:\/\/www.ucaldas.edu.co\/portal\/universidad-de-caldas-y-universidad-autonoma-de-manizales-invitan-a-la-semana-de-retos-ibero4jobs\/","schema":{"@context":"https:\/\/schema.org","@graph":[{"@type":"Article","@id":"https:\/\/www.ucaldas.edu.co\/portal\/universidad-de-caldas-y-universidad-autonoma-de-manizales-invitan-a-la-semana-de-retos-ibero4jobs\/#article","isPartOf":{"@id":"https:\/\/www.ucaldas.edu.co\/portal\/universidad-de-caldas-y-universidad-autonoma-de-manizales-invitan-a-la-semana-de-retos-ibero4jobs\/"},"author":{"name":"ofiprensa","@id":"https:\/\/www.ucaldas.edu.co\/portal\/#\/schema\/person\/a1b482e23449158b4bc319926c074fdf"},"headline":"Universidad de Caldas y Universidad Aut\u00f3noma de Manizales invitan a la Semana de Retos Ibero4Jobs","datePublished":"2025-10-02T21:30:20+00:00","mainEntityOfPage":{"@id":"https:\/\/www.ucaldas.edu.co\/portal\/universidad-de-caldas-y-universidad-autonoma-de-manizales-invitan-a-la-semana-de-retos-ibero4jobs\/"},"wordCount":326,"publisher":{"@id":"https:\/\/www.ucaldas.edu.co\/portal\/#organization"},"image":{"@id":"https:\/\/www.ucaldas.edu.co\/portal\/universidad-de-caldas-y-universidad-autonoma-de-manizales-invitan-a-la-semana-de-retos-ibero4jobs\/#primaryimage"},"thumbnailUrl":"https:\/\/www.ucaldas.edu.co\/portal\/wp-content\/uploads\/2025\/10\/programa-Ibero4Jobs-21.jpg","keywords":["Universidad Aut\u00f3noma de Manizales","semana de retos ibero4jobs"],"articleSection":["Actualidad","Universidad al D\u00eda"],"inLanguage":"es"},{"@type":"WebPage","@id":"https:\/\/www.ucaldas.edu.co\/portal\/universidad-de-caldas-y-universidad-autonoma-de-manizales-invitan-a-la-semana-de-retos-ibero4jobs\/","url":"https:\/\/www.ucaldas.edu.co\/portal\/universidad-de-caldas-y-universidad-autonoma-de-manizales-invitan-a-la-semana-de-retos-ibero4jobs\/","name":"Universidad de Caldas y Universidad Aut\u00f3noma de Manizales invitan a la Semana de Retos Ibero4Jobs .","isPartOf":{"@id":"https:\/\/www.ucaldas.edu.co\/portal\/#website"},"primaryImageOfPage":{"@id":"https:\/\/www.ucaldas.edu.co\/portal\/universidad-de-caldas-y-universidad-autonoma-de-manizales-invitan-a-la-semana-de-retos-ibero4jobs\/#primaryimage"},"image":{"@id":"https:\/\/www.ucaldas.edu.co\/portal\/universidad-de-caldas-y-universidad-autonoma-de-manizales-invitan-a-la-semana-de-retos-ibero4jobs\/#primaryimage"},"thumbnailUrl":"https:\/\/www.ucaldas.edu.co\/portal\/wp-content\/uploads\/2025\/10\/programa-Ibero4Jobs-21.jpg","datePublished":"2025-10-02T21:30:20+00:00","breadcrumb":{"@id":"https:\/\/www.ucaldas.edu.co\/portal\/universidad-de-caldas-y-universidad-autonoma-de-manizales-invitan-a-la-semana-de-retos-ibero4jobs\/#breadcrumb"},"inLanguage":"es","potentialAction":[{"@type":"ReadAction","target":["https:\/\/www.ucaldas.edu.co\/portal\/universidad-de-caldas-y-universidad-autonoma-de-manizales-invitan-a-la-semana-de-retos-ibero4jobs\/"]}]},{"@type":"ImageObject","inLanguage":"es","@id":"https:\/\/www.ucaldas.edu.co\/portal\/universidad-de-caldas-y-universidad-autonoma-de-manizales-invitan-a-la-semana-de-retos-ibero4jobs\/#primaryimage","url":"https:\/\/www.ucaldas.edu.co\/portal\/wp-content\/uploads\/2025\/10\/programa-Ibero4Jobs-21.jpg","contentUrl":"https:\/\/www.ucaldas.edu.co\/portal\/wp-content\/uploads\/2025\/10\/programa-Ibero4Jobs-21.jpg","width":800,"height":1200,"caption":"Iber4jobs"},{"@type":"BreadcrumbList","@id":"https:\/\/www.ucaldas.edu.co\/portal\/universidad-de-caldas-y-universidad-autonoma-de-manizales-invitan-a-la-semana-de-retos-ibero4jobs\/#breadcrumb","itemListElement":[{"@type":"ListItem","position":1,"name":"Portada","item":"https:\/\/www.ucaldas.edu.co\/portal\/"},{"@type":"ListItem","position":2,"name":"Universidad de Caldas y Universidad Aut\u00f3noma de Manizales invitan a la Semana de Retos Ibero4Jobs"}]},{"@type":"WebSite","@id":"https:\/\/www.ucaldas.edu.co\/portal\/#website","url":"https:\/\/www.ucaldas.edu.co\/portal\/","name":"Universidad de Caldas","description":"","publisher":{"@id":"https:\/\/www.ucaldas.edu.co\/portal\/#organization"},"alternateName":"U. de Caldas","potentialAction":[{"@type":"SearchAction","target":{"@type":"EntryPoint","urlTemplate":"https:\/\/www.ucaldas.edu.co\/portal\/?s={search_term_string}"},"query-input":{"@type":"PropertyValueSpecification","valueRequired":true,"valueName":"search_term_string"}}],"inLanguage":"es"},{"@type":"Organization","@id":"https:\/\/www.ucaldas.edu.co\/portal\/#organization","name":"Universidad de Caldas","alternateName":"U. de Caldas","url":"https:\/\/www.ucaldas.edu.co\/portal\/","logo":{"@type":"ImageObject","inLanguage":"es","@id":"https:\/\/www.ucaldas.edu.co\/portal\/#\/schema\/logo\/image\/","url":"https:\/\/www.ucaldas.edu.co\/portal\/wp-content\/uploads\/2023\/11\/Logo_horizontal_oscuroU-2023.png","contentUrl":"https:\/\/www.ucaldas.edu.co\/portal\/wp-content\/uploads\/2023\/11\/Logo_horizontal_oscuroU-2023.png","width":263,"height":101,"caption":"Universidad de Caldas"},"image":{"@id":"https:\/\/www.ucaldas.edu.co\/portal\/#\/schema\/logo\/image\/"},"sameAs":["https:\/\/www.facebook.com\/udecaldas","https:\/\/x.com\/udecaldas","https:\/\/www.youtube.com\/universidadcaldas","https:\/\/www.instagram.com\/udecaldas\/"]},{"@type":"Person","@id":"https:\/\/www.ucaldas.edu.co\/portal\/#\/schema\/person\/a1b482e23449158b4bc319926c074fdf","name":"ofiprensa","image":{"@type":"ImageObject","inLanguage":"es","@id":"https:\/\/www.ucaldas.edu.co\/portal\/wp-content\/litespeed\/avatar\/09ea5085e600095a7a811142c6944527.jpg?ver=1777497608","url":"https:\/\/www.ucaldas.edu.co\/portal\/wp-content\/litespeed\/avatar\/09ea5085e600095a7a811142c6944527.jpg?ver=1777497608","contentUrl":"https:\/\/www.ucaldas.edu.co\/portal\/wp-content\/litespeed\/avatar\/09ea5085e600095a7a811142c6944527.jpg?ver=1777497608","caption":"ofiprensa"},"url":"https:\/\/www.ucaldas.edu.co\/portal\/author\/ofiprensa\/"}]}},"_links":{"self":[{"href":"https:\/\/www.ucaldas.edu.co\/portal\/wp-json\/wp\/v2\/posts\/96828","targetHints":{"allow":["GET"]}}],"collection":[{"href":"https:\/\/www.ucaldas.edu.co\/portal\/wp-json\/wp\/v2\/posts"}],"about":[{"href":"https:\/\/www.ucaldas.edu.co\/portal\/wp-json\/wp\/v2\/types\/post"}],"author":[{"embeddable":true,"href":"https:\/\/www.ucaldas.edu.co\/portal\/wp-json\/wp\/v2\/users\/2"}],"replies":[{"embeddable":true,"href":"https:\/\/www.ucaldas.edu.co\/portal\/wp-json\/wp\/v2\/comments?post=96828"}],"version-history":[{"count":0,"href":"https:\/\/www.ucaldas.edu.co\/portal\/wp-json\/wp\/v2\/posts\/96828\/revisions"}],"wp:featuredmedia":[{"embeddable":true,"href":"https:\/\/www.ucaldas.edu.co\/portal\/wp-json\/wp\/v2\/media\/96831"}],"wp:attachment":[{"href":"https:\/\/www.ucaldas.edu.co\/portal\/wp-json\/wp\/v2\/media?parent=96828"}],"wp:term":[{"taxonomy":"category","embeddable":true,"href":"https:\/\/www.ucaldas.edu.co\/portal\/wp-json\/wp\/v2\/categories?post=96828"},{"taxonomy":"post_tag","embeddable":true,"href":"https:\/\/www.ucaldas.edu.co\/portal\/wp-json\/wp\/v2\/tags?post=96828"}],"curies":[{"name":"wp","href":"https:\/\/api.w.org\/{rel}","templated":true}]}}