{"id":96339,"date":"2025-09-25T15:20:14","date_gmt":"2025-09-25T20:20:14","guid":{"rendered":"https:\/\/www.ucaldas.edu.co\/portal\/?p=96339"},"modified":"2025-09-25T15:20:14","modified_gmt":"2025-09-25T20:20:14","slug":"con-600-personas-se-dara-inicio-a-la-ii-feria-de-la-ciencia-y-la-tecnologia-en-el-centro-cultural-universitario-rogelio-salmona","status":"publish","type":"post","link":"https:\/\/www.ucaldas.edu.co\/portal\/con-600-personas-se-dara-inicio-a-la-ii-feria-de-la-ciencia-y-la-tecnologia-en-el-centro-cultural-universitario-rogelio-salmona\/","title":{"rendered":"Con 600 personas se dar\u00e1 inicio a la II Feria de la Ciencia y la Tecnolog\u00eda en el Centro Cultural Universitario Rogelio Salmona"},"content":{"rendered":"<div class=\"wp-block-image\">\n<div class=\"wp-block-image\"><img loading=\"lazy\" decoding=\"async\" class=\"wpa-warning wpa-image-missing-alt  alignnone wp-image-96340 size-full\" src=\"https:\/\/www.ucaldas.edu.co\/portal\/wp-content\/uploads\/2025\/09\/c4b00105-2e03-4172-81da-44d597259384-2-e1758830675263.jpg\" alt=\"\" width=\"900\" height=\"1129\" data-warning=\"Falta el texto alternativo\" \/><\/div>\n<p style=\"text-align: justify;\">La Universidad de Caldas invita a toda la comunidad a participar en la II Feria de la Ciencia y la Tecnolog\u00eda, que tendr\u00e1 lugar este viernes 26 de septiembre, desde las ocho de la ma\u00f1ana hasta las cuatro de la tarde, en el Centro Cultural Universitario Rogelio Salmona (CCU). Evento que re\u00fane a m\u00e1s de 70 proyectos dedicados a la innovaci\u00f3n y el conocimiento cient\u00edfico.<\/p>\n<p style=\"text-align: justify;\">Esta feria, organizada por el Departamento de Qu\u00edmica de la Facultad de Ciencias Exactas y Naturales, surge como un espacio para convocar a instituciones educativas de Manizales y la regi\u00f3n, con el fin de compartir proyectos, avances y descubrimientos en ciencia y tecnolog\u00eda.<\/p>\n<p style=\"text-align: justify;\">La primera versi\u00f3n del evento se llev\u00f3 a cabo en 2024, con la participaci\u00f3n de 48 proyectos de estudiantes de primaria, secundaria y semilleros de investigaci\u00f3n. Esta iniciativa cont\u00f3 con el valioso apoyo de la Vicerrector\u00eda de Proyecci\u00f3n Universitaria, el proyecto ARBOC, el Centro de Ciencia Francisco Jos\u00e9 de Caldas y el Centro Cultural Universitario Rogelio Salmona, quienes impulsaron el crecimiento de la feria.<\/p>\n<p style=\"text-align: justify;\">Para esta segunda edici\u00f3n participar\u00e1n cerca de 600 personas, entre estudiantes, docentes de colegios de la ciudad, de la universidad y semilleros de investigaci\u00f3n, la feria cuenta adem\u00e1s con el respaldo de la Facultad de Ciencias Exactas y Naturales, la Vicerrector\u00eda de Investigaciones y Posgrados de la Universidad de Caldas y la Tecnoacademia del SENA.<\/p>\n<p style=\"text-align: justify;\">La feria ofrecer\u00e1 exposici\u00f3n de proyectos de investigaci\u00f3n y tecnol\u00f3gicos, stands especializados en f\u00edsica y matem\u00e1ticas, adem\u00e1s de actividades como torneos de robots y un concurso de saberes y conocimientos en f\u00edsica, pensados para incentivar la participaci\u00f3n activa y el aprendizaje l\u00fadico.<\/p>\n<p style=\"text-align: justify;\">Yelicza Mar\u00edn Giraldo, profesora del Departamento de Qu\u00edmica y coordinadora de la feria, destaca el aumento en la participaci\u00f3n y el entusiasmo generado \u00abeste a\u00f1o contamos con m\u00e1s de 70 stands dedicados a la ciencia y la tecnolog\u00eda, lo que refleja el inter\u00e9s creciente de la comunidad educativa por el conocimiento y la innovaci\u00f3n. Esperamos que esta feria sea un espacio para compartir ideas, descubrimientos y proyectos que impulsen el desarrollo cient\u00edfico y tecnol\u00f3gico en nuestra regi\u00f3n.\u00bb<\/p>\n<p style=\"text-align: justify;\">La Universidad de Caldas hace extensiva la invitaci\u00f3n a estudiantes, docentes y p\u00fablico en general para que asistan y se involucren en esta jornada de ciencia, creatividad y aprendizaje colaborativo.<\/p>\n<p style=\"text-align: justify;\"><strong>Anexo:<\/strong><\/p>\n<p style=\"text-align: justify;\"><a href=\"https:\/\/www.ucaldas.edu.co\/portal\/wp-content\/uploads\/2025\/09\/decana.mp3\"><strong>-Audio Decana Facultad de Ciencias Exactas y Naturales, Elvira Cristina Ruiz Jim\u00e9nez.<\/strong><\/a><\/p>\n<audio class=\"wp-audio-shortcode\" id=\"audio-96339-1\" preload=\"none\" style=\"width: 100%;\" controls=\"controls\"><source type=\"audio\/mpeg\" src=\"https:\/\/www.ucaldas.edu.co\/portal\/wp-content\/uploads\/2025\/09\/decana.mp3?_=1\" \/><a href=\"https:\/\/www.ucaldas.edu.co\/portal\/wp-content\/uploads\/2025\/09\/decana.mp3\">https:\/\/www.ucaldas.edu.co\/portal\/wp-content\/uploads\/2025\/09\/decana.mp3<\/a><\/audio>\n<p style=\"text-align: justify;\"><a href=\"https:\/\/www.ucaldas.edu.co\/portal\/wp-content\/uploads\/2025\/09\/coordinadora-feria.mp3\"><strong>-Audio Profesora del Departamento de Qu\u00edmica &#8211; Coordinadora II Feria de la Ciencia y la Tecnolog\u00eda 2025, Yelicza Mar\u00edn Giraldo.<\/strong><\/a><\/p>\n<\/div>\n<audio class=\"wp-audio-shortcode\" id=\"audio-96339-2\" preload=\"none\" style=\"width: 100%;\" controls=\"controls\"><source type=\"audio\/mpeg\" src=\"https:\/\/www.ucaldas.edu.co\/portal\/wp-content\/uploads\/2025\/09\/coordinadora-feria.mp3?_=2\" \/><a href=\"https:\/\/www.ucaldas.edu.co\/portal\/wp-content\/uploads\/2025\/09\/coordinadora-feria.mp3\">https:\/\/www.ucaldas.edu.co\/portal\/wp-content\/uploads\/2025\/09\/coordinadora-feria.mp3<\/a><\/audio>\n<div class=\"wp-block-image\"><\/div>\n","protected":false},"excerpt":{"rendered":"<p>La Universidad de Caldas invita a toda la comunidad a participar en la II Feria de la Ciencia y la Tecnolog\u00eda, que tendr\u00e1 lugar este viernes 26 de septiembre, desde las ocho de la ma\u00f1ana hasta las cuatro de la tarde, en el Centro Cultural Universitario Rogelio Salmona (CCU). Evento que re\u00fane a m\u00e1s de [&hellip;]<\/p>\n","protected":false},"author":2,"featured_media":96340,"comment_status":"closed","ping_status":"open","sticky":false,"template":"","format":"standard","meta":{"footnotes":""},"categories":[48,53],"tags":[9918],"class_list":["post-96339","post","type-post","status-publish","format-standard","has-post-thumbnail","hentry","category-actualidad","category-universidad-al-dia","tag-ii-feria-de-la-ciencia-y-la-tecnologia"],"yoast_head":"<!-- This site is optimized with the Yoast SEO plugin v27.4 - https:\/\/yoast.com\/product\/yoast-seo-wordpress\/ -->\n<title>Con 600 personas se dar\u00e1 inicio a la II Feria de la Ciencia y la Tecnolog\u00eda en el Centro Cultural Universitario Rogelio Salmona .<\/title>\n<meta name=\"robots\" content=\"index, follow, max-snippet:-1, max-image-preview:large, max-video-preview:-1\" \/>\n<link rel=\"canonical\" href=\"https:\/\/www.ucaldas.edu.co\/portal\/con-600-personas-se-dara-inicio-a-la-ii-feria-de-la-ciencia-y-la-tecnologia-en-el-centro-cultural-universitario-rogelio-salmona\/\" \/>\n<script type=\"application\/ld+json\" class=\"yoast-schema-graph\">{\"@context\":\"https:\\\/\\\/schema.org\",\"@graph\":[{\"@type\":\"Article\",\"@id\":\"https:\\\/\\\/www.ucaldas.edu.co\\\/portal\\\/con-600-personas-se-dara-inicio-a-la-ii-feria-de-la-ciencia-y-la-tecnologia-en-el-centro-cultural-universitario-rogelio-salmona\\\/#article\",\"isPartOf\":{\"@id\":\"https:\\\/\\\/www.ucaldas.edu.co\\\/portal\\\/con-600-personas-se-dara-inicio-a-la-ii-feria-de-la-ciencia-y-la-tecnologia-en-el-centro-cultural-universitario-rogelio-salmona\\\/\"},\"author\":{\"name\":\"ofiprensa\",\"@id\":\"https:\\\/\\\/www.ucaldas.edu.co\\\/portal\\\/#\\\/schema\\\/person\\\/a1b482e23449158b4bc319926c074fdf\"},\"headline\":\"Con 600 personas se dar\u00e1 inicio a la II Feria de la Ciencia y la Tecnolog\u00eda en el Centro Cultural Universitario Rogelio Salmona\",\"datePublished\":\"2025-09-25T20:20:14+00:00\",\"mainEntityOfPage\":{\"@id\":\"https:\\\/\\\/www.ucaldas.edu.co\\\/portal\\\/con-600-personas-se-dara-inicio-a-la-ii-feria-de-la-ciencia-y-la-tecnologia-en-el-centro-cultural-universitario-rogelio-salmona\\\/\"},\"wordCount\":496,\"publisher\":{\"@id\":\"https:\\\/\\\/www.ucaldas.edu.co\\\/portal\\\/#organization\"},\"image\":{\"@id\":\"https:\\\/\\\/www.ucaldas.edu.co\\\/portal\\\/con-600-personas-se-dara-inicio-a-la-ii-feria-de-la-ciencia-y-la-tecnologia-en-el-centro-cultural-universitario-rogelio-salmona\\\/#primaryimage\"},\"thumbnailUrl\":\"https:\\\/\\\/www.ucaldas.edu.co\\\/portal\\\/wp-content\\\/uploads\\\/2025\\\/09\\\/c4b00105-2e03-4172-81da-44d597259384-2-e1758830675263.jpg\",\"keywords\":[\"II Feria de la Ciencia y la Tecnolog\u00eda\"],\"articleSection\":[\"Actualidad\",\"Universidad al D\u00eda\"],\"inLanguage\":\"es\"},{\"@type\":\"WebPage\",\"@id\":\"https:\\\/\\\/www.ucaldas.edu.co\\\/portal\\\/con-600-personas-se-dara-inicio-a-la-ii-feria-de-la-ciencia-y-la-tecnologia-en-el-centro-cultural-universitario-rogelio-salmona\\\/\",\"url\":\"https:\\\/\\\/www.ucaldas.edu.co\\\/portal\\\/con-600-personas-se-dara-inicio-a-la-ii-feria-de-la-ciencia-y-la-tecnologia-en-el-centro-cultural-universitario-rogelio-salmona\\\/\",\"name\":\"Con 600 personas se dar\u00e1 inicio a la II Feria de la Ciencia y la Tecnolog\u00eda en el Centro Cultural Universitario Rogelio Salmona .\",\"isPartOf\":{\"@id\":\"https:\\\/\\\/www.ucaldas.edu.co\\\/portal\\\/#website\"},\"primaryImageOfPage\":{\"@id\":\"https:\\\/\\\/www.ucaldas.edu.co\\\/portal\\\/con-600-personas-se-dara-inicio-a-la-ii-feria-de-la-ciencia-y-la-tecnologia-en-el-centro-cultural-universitario-rogelio-salmona\\\/#primaryimage\"},\"image\":{\"@id\":\"https:\\\/\\\/www.ucaldas.edu.co\\\/portal\\\/con-600-personas-se-dara-inicio-a-la-ii-feria-de-la-ciencia-y-la-tecnologia-en-el-centro-cultural-universitario-rogelio-salmona\\\/#primaryimage\"},\"thumbnailUrl\":\"https:\\\/\\\/www.ucaldas.edu.co\\\/portal\\\/wp-content\\\/uploads\\\/2025\\\/09\\\/c4b00105-2e03-4172-81da-44d597259384-2-e1758830675263.jpg\",\"datePublished\":\"2025-09-25T20:20:14+00:00\",\"breadcrumb\":{\"@id\":\"https:\\\/\\\/www.ucaldas.edu.co\\\/portal\\\/con-600-personas-se-dara-inicio-a-la-ii-feria-de-la-ciencia-y-la-tecnologia-en-el-centro-cultural-universitario-rogelio-salmona\\\/#breadcrumb\"},\"inLanguage\":\"es\",\"potentialAction\":[{\"@type\":\"ReadAction\",\"target\":[\"https:\\\/\\\/www.ucaldas.edu.co\\\/portal\\\/con-600-personas-se-dara-inicio-a-la-ii-feria-de-la-ciencia-y-la-tecnologia-en-el-centro-cultural-universitario-rogelio-salmona\\\/\"]}]},{\"@type\":\"ImageObject\",\"inLanguage\":\"es\",\"@id\":\"https:\\\/\\\/www.ucaldas.edu.co\\\/portal\\\/con-600-personas-se-dara-inicio-a-la-ii-feria-de-la-ciencia-y-la-tecnologia-en-el-centro-cultural-universitario-rogelio-salmona\\\/#primaryimage\",\"url\":\"https:\\\/\\\/www.ucaldas.edu.co\\\/portal\\\/wp-content\\\/uploads\\\/2025\\\/09\\\/c4b00105-2e03-4172-81da-44d597259384-2-e1758830675263.jpg\",\"contentUrl\":\"https:\\\/\\\/www.ucaldas.edu.co\\\/portal\\\/wp-content\\\/uploads\\\/2025\\\/09\\\/c4b00105-2e03-4172-81da-44d597259384-2-e1758830675263.jpg\",\"width\":900,\"height\":1129},{\"@type\":\"BreadcrumbList\",\"@id\":\"https:\\\/\\\/www.ucaldas.edu.co\\\/portal\\\/con-600-personas-se-dara-inicio-a-la-ii-feria-de-la-ciencia-y-la-tecnologia-en-el-centro-cultural-universitario-rogelio-salmona\\\/#breadcrumb\",\"itemListElement\":[{\"@type\":\"ListItem\",\"position\":1,\"name\":\"Portada\",\"item\":\"https:\\\/\\\/www.ucaldas.edu.co\\\/portal\\\/\"},{\"@type\":\"ListItem\",\"position\":2,\"name\":\"Con 600 personas se dar\u00e1 inicio a la II Feria de la Ciencia y la Tecnolog\u00eda en el Centro Cultural Universitario Rogelio Salmona\"}]},{\"@type\":\"WebSite\",\"@id\":\"https:\\\/\\\/www.ucaldas.edu.co\\\/portal\\\/#website\",\"url\":\"https:\\\/\\\/www.ucaldas.edu.co\\\/portal\\\/\",\"name\":\"Universidad de Caldas\",\"description\":\"\",\"publisher\":{\"@id\":\"https:\\\/\\\/www.ucaldas.edu.co\\\/portal\\\/#organization\"},\"alternateName\":\"U. de Caldas\",\"potentialAction\":[{\"@type\":\"SearchAction\",\"target\":{\"@type\":\"EntryPoint\",\"urlTemplate\":\"https:\\\/\\\/www.ucaldas.edu.co\\\/portal\\\/?s={search_term_string}\"},\"query-input\":{\"@type\":\"PropertyValueSpecification\",\"valueRequired\":true,\"valueName\":\"search_term_string\"}}],\"inLanguage\":\"es\"},{\"@type\":\"Organization\",\"@id\":\"https:\\\/\\\/www.ucaldas.edu.co\\\/portal\\\/#organization\",\"name\":\"Universidad de Caldas\",\"alternateName\":\"U. de Caldas\",\"url\":\"https:\\\/\\\/www.ucaldas.edu.co\\\/portal\\\/\",\"logo\":{\"@type\":\"ImageObject\",\"inLanguage\":\"es\",\"@id\":\"https:\\\/\\\/www.ucaldas.edu.co\\\/portal\\\/#\\\/schema\\\/logo\\\/image\\\/\",\"url\":\"https:\\\/\\\/www.ucaldas.edu.co\\\/portal\\\/wp-content\\\/uploads\\\/2023\\\/11\\\/Logo_horizontal_oscuroU-2023.png\",\"contentUrl\":\"https:\\\/\\\/www.ucaldas.edu.co\\\/portal\\\/wp-content\\\/uploads\\\/2023\\\/11\\\/Logo_horizontal_oscuroU-2023.png\",\"width\":263,\"height\":101,\"caption\":\"Universidad de Caldas\"},\"image\":{\"@id\":\"https:\\\/\\\/www.ucaldas.edu.co\\\/portal\\\/#\\\/schema\\\/logo\\\/image\\\/\"},\"sameAs\":[\"https:\\\/\\\/www.facebook.com\\\/udecaldas\",\"https:\\\/\\\/x.com\\\/udecaldas\",\"https:\\\/\\\/www.youtube.com\\\/universidadcaldas\",\"https:\\\/\\\/www.instagram.com\\\/udecaldas\\\/\"]},{\"@type\":\"Person\",\"@id\":\"https:\\\/\\\/www.ucaldas.edu.co\\\/portal\\\/#\\\/schema\\\/person\\\/a1b482e23449158b4bc319926c074fdf\",\"name\":\"ofiprensa\",\"image\":{\"@type\":\"ImageObject\",\"inLanguage\":\"es\",\"@id\":\"https:\\\/\\\/www.ucaldas.edu.co\\\/portal\\\/wp-content\\\/litespeed\\\/avatar\\\/09ea5085e600095a7a811142c6944527.jpg?ver=1776892805\",\"url\":\"https:\\\/\\\/www.ucaldas.edu.co\\\/portal\\\/wp-content\\\/litespeed\\\/avatar\\\/09ea5085e600095a7a811142c6944527.jpg?ver=1776892805\",\"contentUrl\":\"https:\\\/\\\/www.ucaldas.edu.co\\\/portal\\\/wp-content\\\/litespeed\\\/avatar\\\/09ea5085e600095a7a811142c6944527.jpg?ver=1776892805\",\"caption\":\"ofiprensa\"},\"url\":\"https:\\\/\\\/www.ucaldas.edu.co\\\/portal\\\/author\\\/ofiprensa\\\/\"}]}<\/script>\n<!-- \/ Yoast SEO plugin. -->","yoast_head_json":{"title":"Con 600 personas se dar\u00e1 inicio a la II Feria de la Ciencia y la Tecnolog\u00eda en el Centro Cultural Universitario Rogelio Salmona .","robots":{"index":"index","follow":"follow","max-snippet":"max-snippet:-1","max-image-preview":"max-image-preview:large","max-video-preview":"max-video-preview:-1"},"canonical":"https:\/\/www.ucaldas.edu.co\/portal\/con-600-personas-se-dara-inicio-a-la-ii-feria-de-la-ciencia-y-la-tecnologia-en-el-centro-cultural-universitario-rogelio-salmona\/","schema":{"@context":"https:\/\/schema.org","@graph":[{"@type":"Article","@id":"https:\/\/www.ucaldas.edu.co\/portal\/con-600-personas-se-dara-inicio-a-la-ii-feria-de-la-ciencia-y-la-tecnologia-en-el-centro-cultural-universitario-rogelio-salmona\/#article","isPartOf":{"@id":"https:\/\/www.ucaldas.edu.co\/portal\/con-600-personas-se-dara-inicio-a-la-ii-feria-de-la-ciencia-y-la-tecnologia-en-el-centro-cultural-universitario-rogelio-salmona\/"},"author":{"name":"ofiprensa","@id":"https:\/\/www.ucaldas.edu.co\/portal\/#\/schema\/person\/a1b482e23449158b4bc319926c074fdf"},"headline":"Con 600 personas se dar\u00e1 inicio a la II Feria de la Ciencia y la Tecnolog\u00eda en el Centro Cultural Universitario Rogelio Salmona","datePublished":"2025-09-25T20:20:14+00:00","mainEntityOfPage":{"@id":"https:\/\/www.ucaldas.edu.co\/portal\/con-600-personas-se-dara-inicio-a-la-ii-feria-de-la-ciencia-y-la-tecnologia-en-el-centro-cultural-universitario-rogelio-salmona\/"},"wordCount":496,"publisher":{"@id":"https:\/\/www.ucaldas.edu.co\/portal\/#organization"},"image":{"@id":"https:\/\/www.ucaldas.edu.co\/portal\/con-600-personas-se-dara-inicio-a-la-ii-feria-de-la-ciencia-y-la-tecnologia-en-el-centro-cultural-universitario-rogelio-salmona\/#primaryimage"},"thumbnailUrl":"https:\/\/www.ucaldas.edu.co\/portal\/wp-content\/uploads\/2025\/09\/c4b00105-2e03-4172-81da-44d597259384-2-e1758830675263.jpg","keywords":["II Feria de la Ciencia y la Tecnolog\u00eda"],"articleSection":["Actualidad","Universidad al D\u00eda"],"inLanguage":"es"},{"@type":"WebPage","@id":"https:\/\/www.ucaldas.edu.co\/portal\/con-600-personas-se-dara-inicio-a-la-ii-feria-de-la-ciencia-y-la-tecnologia-en-el-centro-cultural-universitario-rogelio-salmona\/","url":"https:\/\/www.ucaldas.edu.co\/portal\/con-600-personas-se-dara-inicio-a-la-ii-feria-de-la-ciencia-y-la-tecnologia-en-el-centro-cultural-universitario-rogelio-salmona\/","name":"Con 600 personas se dar\u00e1 inicio a la II Feria de la Ciencia y la Tecnolog\u00eda en el Centro Cultural Universitario Rogelio Salmona .","isPartOf":{"@id":"https:\/\/www.ucaldas.edu.co\/portal\/#website"},"primaryImageOfPage":{"@id":"https:\/\/www.ucaldas.edu.co\/portal\/con-600-personas-se-dara-inicio-a-la-ii-feria-de-la-ciencia-y-la-tecnologia-en-el-centro-cultural-universitario-rogelio-salmona\/#primaryimage"},"image":{"@id":"https:\/\/www.ucaldas.edu.co\/portal\/con-600-personas-se-dara-inicio-a-la-ii-feria-de-la-ciencia-y-la-tecnologia-en-el-centro-cultural-universitario-rogelio-salmona\/#primaryimage"},"thumbnailUrl":"https:\/\/www.ucaldas.edu.co\/portal\/wp-content\/uploads\/2025\/09\/c4b00105-2e03-4172-81da-44d597259384-2-e1758830675263.jpg","datePublished":"2025-09-25T20:20:14+00:00","breadcrumb":{"@id":"https:\/\/www.ucaldas.edu.co\/portal\/con-600-personas-se-dara-inicio-a-la-ii-feria-de-la-ciencia-y-la-tecnologia-en-el-centro-cultural-universitario-rogelio-salmona\/#breadcrumb"},"inLanguage":"es","potentialAction":[{"@type":"ReadAction","target":["https:\/\/www.ucaldas.edu.co\/portal\/con-600-personas-se-dara-inicio-a-la-ii-feria-de-la-ciencia-y-la-tecnologia-en-el-centro-cultural-universitario-rogelio-salmona\/"]}]},{"@type":"ImageObject","inLanguage":"es","@id":"https:\/\/www.ucaldas.edu.co\/portal\/con-600-personas-se-dara-inicio-a-la-ii-feria-de-la-ciencia-y-la-tecnologia-en-el-centro-cultural-universitario-rogelio-salmona\/#primaryimage","url":"https:\/\/www.ucaldas.edu.co\/portal\/wp-content\/uploads\/2025\/09\/c4b00105-2e03-4172-81da-44d597259384-2-e1758830675263.jpg","contentUrl":"https:\/\/www.ucaldas.edu.co\/portal\/wp-content\/uploads\/2025\/09\/c4b00105-2e03-4172-81da-44d597259384-2-e1758830675263.jpg","width":900,"height":1129},{"@type":"BreadcrumbList","@id":"https:\/\/www.ucaldas.edu.co\/portal\/con-600-personas-se-dara-inicio-a-la-ii-feria-de-la-ciencia-y-la-tecnologia-en-el-centro-cultural-universitario-rogelio-salmona\/#breadcrumb","itemListElement":[{"@type":"ListItem","position":1,"name":"Portada","item":"https:\/\/www.ucaldas.edu.co\/portal\/"},{"@type":"ListItem","position":2,"name":"Con 600 personas se dar\u00e1 inicio a la II Feria de la Ciencia y la Tecnolog\u00eda en el Centro Cultural Universitario Rogelio Salmona"}]},{"@type":"WebSite","@id":"https:\/\/www.ucaldas.edu.co\/portal\/#website","url":"https:\/\/www.ucaldas.edu.co\/portal\/","name":"Universidad de Caldas","description":"","publisher":{"@id":"https:\/\/www.ucaldas.edu.co\/portal\/#organization"},"alternateName":"U. de Caldas","potentialAction":[{"@type":"SearchAction","target":{"@type":"EntryPoint","urlTemplate":"https:\/\/www.ucaldas.edu.co\/portal\/?s={search_term_string}"},"query-input":{"@type":"PropertyValueSpecification","valueRequired":true,"valueName":"search_term_string"}}],"inLanguage":"es"},{"@type":"Organization","@id":"https:\/\/www.ucaldas.edu.co\/portal\/#organization","name":"Universidad de Caldas","alternateName":"U. de Caldas","url":"https:\/\/www.ucaldas.edu.co\/portal\/","logo":{"@type":"ImageObject","inLanguage":"es","@id":"https:\/\/www.ucaldas.edu.co\/portal\/#\/schema\/logo\/image\/","url":"https:\/\/www.ucaldas.edu.co\/portal\/wp-content\/uploads\/2023\/11\/Logo_horizontal_oscuroU-2023.png","contentUrl":"https:\/\/www.ucaldas.edu.co\/portal\/wp-content\/uploads\/2023\/11\/Logo_horizontal_oscuroU-2023.png","width":263,"height":101,"caption":"Universidad de Caldas"},"image":{"@id":"https:\/\/www.ucaldas.edu.co\/portal\/#\/schema\/logo\/image\/"},"sameAs":["https:\/\/www.facebook.com\/udecaldas","https:\/\/x.com\/udecaldas","https:\/\/www.youtube.com\/universidadcaldas","https:\/\/www.instagram.com\/udecaldas\/"]},{"@type":"Person","@id":"https:\/\/www.ucaldas.edu.co\/portal\/#\/schema\/person\/a1b482e23449158b4bc319926c074fdf","name":"ofiprensa","image":{"@type":"ImageObject","inLanguage":"es","@id":"https:\/\/www.ucaldas.edu.co\/portal\/wp-content\/litespeed\/avatar\/09ea5085e600095a7a811142c6944527.jpg?ver=1776892805","url":"https:\/\/www.ucaldas.edu.co\/portal\/wp-content\/litespeed\/avatar\/09ea5085e600095a7a811142c6944527.jpg?ver=1776892805","contentUrl":"https:\/\/www.ucaldas.edu.co\/portal\/wp-content\/litespeed\/avatar\/09ea5085e600095a7a811142c6944527.jpg?ver=1776892805","caption":"ofiprensa"},"url":"https:\/\/www.ucaldas.edu.co\/portal\/author\/ofiprensa\/"}]}},"_links":{"self":[{"href":"https:\/\/www.ucaldas.edu.co\/portal\/wp-json\/wp\/v2\/posts\/96339","targetHints":{"allow":["GET"]}}],"collection":[{"href":"https:\/\/www.ucaldas.edu.co\/portal\/wp-json\/wp\/v2\/posts"}],"about":[{"href":"https:\/\/www.ucaldas.edu.co\/portal\/wp-json\/wp\/v2\/types\/post"}],"author":[{"embeddable":true,"href":"https:\/\/www.ucaldas.edu.co\/portal\/wp-json\/wp\/v2\/users\/2"}],"replies":[{"embeddable":true,"href":"https:\/\/www.ucaldas.edu.co\/portal\/wp-json\/wp\/v2\/comments?post=96339"}],"version-history":[{"count":0,"href":"https:\/\/www.ucaldas.edu.co\/portal\/wp-json\/wp\/v2\/posts\/96339\/revisions"}],"wp:featuredmedia":[{"embeddable":true,"href":"https:\/\/www.ucaldas.edu.co\/portal\/wp-json\/wp\/v2\/media\/96340"}],"wp:attachment":[{"href":"https:\/\/www.ucaldas.edu.co\/portal\/wp-json\/wp\/v2\/media?parent=96339"}],"wp:term":[{"taxonomy":"category","embeddable":true,"href":"https:\/\/www.ucaldas.edu.co\/portal\/wp-json\/wp\/v2\/categories?post=96339"},{"taxonomy":"post_tag","embeddable":true,"href":"https:\/\/www.ucaldas.edu.co\/portal\/wp-json\/wp\/v2\/tags?post=96339"}],"curies":[{"name":"wp","href":"https:\/\/api.w.org\/{rel}","templated":true}]}}