{"id":95620,"date":"2025-09-16T17:19:08","date_gmt":"2025-09-16T22:19:08","guid":{"rendered":"https:\/\/www.ucaldas.edu.co\/portal\/?p=95620"},"modified":"2025-09-16T17:37:12","modified_gmt":"2025-09-16T22:37:12","slug":"manizales-epicentro-del-3er-encuentro-internacional-de-universidades-mas-seguras-y-saludables","status":"publish","type":"post","link":"https:\/\/www.ucaldas.edu.co\/portal\/manizales-epicentro-del-3er-encuentro-internacional-de-universidades-mas-seguras-y-saludables\/","title":{"rendered":"Manizales, epicentro del 3er Encuentro Internacional de Universidades M\u00e1s Seguras y Saludables"},"content":{"rendered":"<div class=\"wpb-content-wrapper\"><p>[vc_row][vc_column][vc_video link=\u00bbhttps:\/\/youtu.be\/Hx9EWI7CTYM\u00bb el_width=\u00bb80&#8243; css=\u00bb\u00bb][vc_column_text]<\/p>\n<p style=\"text-align: justify;\">Manizales se convierte esta semana en el epicentro acad\u00e9mico con la realizaci\u00f3n del 3er Encuentro Internacional de Universidades M\u00e1s Seguras y Saludables, un espacio de intercambio y construcci\u00f3n conjunta en el que participan Positiva Compa\u00f1\u00eda de Seguros, ASONAP, la Organizaci\u00f3n Iberoamericana de Seguridad Social (OISS), la Universidad del Magdalena, la Universidad de Caldas y 10 universidades m\u00e1s de diferentes pa\u00edses. Este escenario busca resaltar la importancia del trabajo colaborativo y la generaci\u00f3n de oportunidades que transformen el futuro de la educaci\u00f3n basados en la seguridad y salud en el trabajo.<!--more--><\/p>\n<p style=\"text-align: justify;\">Durante el encuentro, que posiciona a Manizales como epicentro del di\u00e1logo acad\u00e9mico, rectores y delegados de universidades abordan temas centrales como la educaci\u00f3n global, la prevenci\u00f3n de riesgos laborales en los campus, las nuevas demandas del mundo laboral, la comunicaci\u00f3n efectiva para l\u00edderes del futuro, las normativas en seguridad y salud en el trabajo y el rol estrat\u00e9gico del formador en SST. Todos estos ejes tem\u00e1ticos buscan reforzar la uni\u00f3n que esta red universitaria ha venido consolidando durante los \u00faltimos tres a\u00f1os.<\/p>\n<p style=\"text-align: justify;\">La red, que actualmente agrupa a 59 universidades (54 nacionales y 5 internacionales, que vienen de Espa\u00f1a, Rep\u00fablica dominicana, Per\u00fa y Uruguay) refleja el crecimiento y la proyecci\u00f3n de este encuentro, que no solo comparte experiencias exitosas, sino que tambi\u00e9n dise\u00f1a acciones conjuntas con impacto en la formaci\u00f3n, el bienestar y la sostenibilidad de las comunidades educativas. El cronograma completo de actividades est\u00e1 disponible en el siguiente enlace: <a href=\"https:\/\/acortar.link\/M7CQJE\">https:\/\/acortar.link\/M7CQJE\u00a0<\/a><\/p>\n<p style=\"text-align: justify;\">En palabras del rector de la Universidad de Caldas, Fabio Arias Orozco, este evento representa un paso significativo en la consolidaci\u00f3n de alianzas: \u201cSon cerca de 20 a\u00f1os de trabajo conjunto con Positiva en seguridad y salud en el trabajo, un tema que hoy complementa nuestra misi\u00f3n universitaria. Este encuentro refuerza nuestro compromiso con la prevenci\u00f3n y el bienestar de todos los miembros de nuestra comunidad, en el marco de una universidad que se proyecta regional, nacional e internacionalmente\u201d.<\/p>\n<p style=\"text-align: justify;\">La Oficina de Gesti\u00f3n Humana de la Universidad de Caldas, bajo el liderazgo de Andrea Marcela Valencia Quintero, ha tenido un papel central en la estructuraci\u00f3n acad\u00e9mica del evento. Sobre ello, se\u00f1al\u00f3: \u201cEstamos orgullosos de recibir a rectores, gerentes de talento humano y profesionales de SST en nuestra ciudad. La Universidad de Caldas no solo aporta desde la organizaci\u00f3n, sino tambi\u00e9n desde el contenido acad\u00e9mico, con espacios como el conversatorio de rectores, la firma de un convenio interinstitucional y un di\u00e1logo liderado por nuestra oficina en torno a la articulaci\u00f3n entre talento humano, bienestar laboral y seguridad y salud en el trabajo\u201d. El d\u00eda jueves 18 de septiembre la agenda se desarrollar\u00e1 desde el Centro Cultural Universitario Rogelio Salmona.<\/p>\n<p style=\"text-align: justify;\">El Vicepresidente de Positiva Compa\u00f1\u00eda de Seguros, Carlos Iv\u00e1n Heredia Ferreira, destac\u00f3 la importancia de realizar este encuentro en Manizales con el apoyo de la Universidad de Caldas: \u201cLa instituci\u00f3n ha sido pionera y referente en seguridad y salud en el trabajo, y su liderazgo motiv\u00f3 que este encuentro tuviera lugar aqu\u00ed. Se trata de co-crear modelos de intervenci\u00f3n, compartir buenas pr\u00e1cticas y fortalecer la red universitaria para que la productividad y el bienestar se conviertan en ejes de sostenibilidad\u201d.<\/p>\n<p style=\"text-align: justify;\">De esta manera, la Universidad de Caldas ratifica su liderazgo acad\u00e9mico y organizativo, consolid\u00e1ndose como un puente entre instituciones nacionales e internacionales para fortalecer la educaci\u00f3n superior desde una mirada integral que une la investigaci\u00f3n, la extensi\u00f3n, el bienestar y la internacionalizaci\u00f3n.<\/p>\n<p style=\"text-align: justify;\"><strong>Anexo:<\/strong><\/p>\n<p style=\"text-align: justify;\"><a href=\"https:\/\/www.ucaldas.edu.co\/portal\/wp-content\/uploads\/2025\/09\/Rector-de-la-Universidad-de-Caldas-Fabio-Arias-Orozco-2.mp3\"><strong>-Audio Rector de la Universidad de Caldas, Fabio Arias Orozco<\/strong><\/a><\/p>\n<audio class=\"wp-audio-shortcode\" id=\"audio-95620-1\" preload=\"none\" style=\"width: 100%;\" controls=\"controls\"><source type=\"audio\/mpeg\" src=\"https:\/\/www.ucaldas.edu.co\/portal\/wp-content\/uploads\/2025\/09\/Rector-de-la-Universidad-de-Caldas-Fabio-Arias-Orozco-2.mp3?_=1\" \/><a href=\"https:\/\/www.ucaldas.edu.co\/portal\/wp-content\/uploads\/2025\/09\/Rector-de-la-Universidad-de-Caldas-Fabio-Arias-Orozco-2.mp3\">https:\/\/www.ucaldas.edu.co\/portal\/wp-content\/uploads\/2025\/09\/Rector-de-la-Universidad-de-Caldas-Fabio-Arias-Orozco-2.mp3<\/a><\/audio>\n<p style=\"text-align: justify;\"><a href=\"https:\/\/www.ucaldas.edu.co\/portal\/wp-content\/uploads\/2025\/09\/Jefe-de-la-Oficina-de-Gestion-Humana-de-la-Universidad-de-Caldas-Marcela-Valencia.mp3\"><strong>-Audio Jefe de la Oficina de Gesti\u00f3n Humana de la Universidad de Caldas, Andrea Marcela Valencia Quintero<\/strong><\/a><\/p>\n<audio class=\"wp-audio-shortcode\" id=\"audio-95620-2\" preload=\"none\" style=\"width: 100%;\" controls=\"controls\"><source type=\"audio\/mpeg\" src=\"https:\/\/www.ucaldas.edu.co\/portal\/wp-content\/uploads\/2025\/09\/Jefe-de-la-Oficina-de-Gestion-Humana-de-la-Universidad-de-Caldas-Marcela-Valencia.mp3?_=2\" \/><a href=\"https:\/\/www.ucaldas.edu.co\/portal\/wp-content\/uploads\/2025\/09\/Jefe-de-la-Oficina-de-Gestion-Humana-de-la-Universidad-de-Caldas-Marcela-Valencia.mp3\">https:\/\/www.ucaldas.edu.co\/portal\/wp-content\/uploads\/2025\/09\/Jefe-de-la-Oficina-de-Gestion-Humana-de-la-Universidad-de-Caldas-Marcela-Valencia.mp3<\/a><\/audio>\n<p style=\"text-align: justify;\"><a href=\"https:\/\/www.ucaldas.edu.co\/portal\/wp-content\/uploads\/2025\/09\/Vicepresidente-de-Positiva-Compania-de-Seguros-Carlos-Ivan-Heredia-Ferreira.mp3\"><strong>-Audio Vicepresidente de Positiva Compa\u00f1\u00eda de Seguros, Carlos Iv\u00e1n Heredia Ferreira<\/strong><\/a><\/p>\n<audio class=\"wp-audio-shortcode\" id=\"audio-95620-3\" preload=\"none\" style=\"width: 100%;\" controls=\"controls\"><source type=\"audio\/mpeg\" src=\"https:\/\/www.ucaldas.edu.co\/portal\/wp-content\/uploads\/2025\/09\/Vicepresidente-de-Positiva-Compania-de-Seguros-Carlos-Ivan-Heredia-Ferreira.mp3?_=3\" \/><a href=\"https:\/\/www.ucaldas.edu.co\/portal\/wp-content\/uploads\/2025\/09\/Vicepresidente-de-Positiva-Compania-de-Seguros-Carlos-Ivan-Heredia-Ferreira.mp3\">https:\/\/www.ucaldas.edu.co\/portal\/wp-content\/uploads\/2025\/09\/Vicepresidente-de-Positiva-Compania-de-Seguros-Carlos-Ivan-Heredia-Ferreira.mp3<\/a><\/audio>\n<p style=\"text-align: justify;\"><a href=\"https:\/\/www.ucaldas.edu.co\/portal\/wp-content\/uploads\/2025\/09\/Director-Centro-de-Investigacion-y-Formacion-del-Area-Andina-Conrado-Gomez-Velez.mp3\"><strong>-Audio Director Centro de Investigaci\u00f3n y Formaci\u00f3n del \u00c1rea Andina, Conrado G\u00f3mez V\u00e9lez.<\/strong><\/a><\/p>\n<audio class=\"wp-audio-shortcode\" id=\"audio-95620-4\" preload=\"none\" style=\"width: 100%;\" controls=\"controls\"><source type=\"audio\/mpeg\" src=\"https:\/\/www.ucaldas.edu.co\/portal\/wp-content\/uploads\/2025\/09\/Director-Centro-de-Investigacion-y-Formacion-del-Area-Andina-Conrado-Gomez-Velez.mp3?_=4\" \/><a href=\"https:\/\/www.ucaldas.edu.co\/portal\/wp-content\/uploads\/2025\/09\/Director-Centro-de-Investigacion-y-Formacion-del-Area-Andina-Conrado-Gomez-Velez.mp3\">https:\/\/www.ucaldas.edu.co\/portal\/wp-content\/uploads\/2025\/09\/Director-Centro-de-Investigacion-y-Formacion-del-Area-Andina-Conrado-Gomez-Velez.mp3<\/a><\/audio>\n<p><img loading=\"lazy\" decoding=\"async\" class=\"alignnone wp-image-95627 size-full\" src=\"https:\/\/www.ucaldas.edu.co\/portal\/wp-content\/uploads\/2025\/09\/IMG_70151-1-scaled-e1758061081792.jpg\" alt=\"3er encuentro universidades\" width=\"900\" height=\"675\" \/>[\/vc_column_text][\/vc_column][\/vc_row]<\/p>\n<\/div>","protected":false},"excerpt":{"rendered":"<p>[vc_row][vc_column][vc_video link=\u00bbhttps:\/\/youtu.be\/Hx9EWI7CTYM\u00bb el_width=\u00bb80&#8243; css=\u00bb\u00bb][vc_column_text] Manizales se convierte esta semana en el epicentro acad\u00e9mico con la realizaci\u00f3n del 3er Encuentro Internacional de Universidades M\u00e1s Seguras y Saludables, un espacio de intercambio y construcci\u00f3n conjunta en el que participan Positiva Compa\u00f1\u00eda de Seguros, ASONAP, la Organizaci\u00f3n Iberoamericana de Seguridad Social (OISS), la Universidad del Magdalena, la Universidad [&hellip;]<\/p>\n","protected":false},"author":2,"featured_media":95627,"comment_status":"closed","ping_status":"open","sticky":false,"template":"","format":"standard","meta":{"footnotes":""},"categories":[48,53],"tags":[1271],"class_list":["post-95620","post","type-post","status-publish","format-standard","has-post-thumbnail","hentry","category-actualidad","category-universidad-al-dia","tag-positiva-compania-de-seguros"],"yoast_head":"<!-- This site is optimized with the Yoast SEO plugin v27.5 - https:\/\/yoast.com\/product\/yoast-seo-wordpress\/ -->\n<title>Manizales, epicentro del 3er Encuentro Internacional de Universidades M\u00e1s Seguras y Saludables .<\/title>\n<meta name=\"robots\" content=\"index, follow, max-snippet:-1, max-image-preview:large, max-video-preview:-1\" \/>\n<link rel=\"canonical\" href=\"https:\/\/www.ucaldas.edu.co\/portal\/manizales-epicentro-del-3er-encuentro-internacional-de-universidades-mas-seguras-y-saludables\/\" \/>\n<script type=\"application\/ld+json\" class=\"yoast-schema-graph\">{\"@context\":\"https:\\\/\\\/schema.org\",\"@graph\":[{\"@type\":\"Article\",\"@id\":\"https:\\\/\\\/www.ucaldas.edu.co\\\/portal\\\/manizales-epicentro-del-3er-encuentro-internacional-de-universidades-mas-seguras-y-saludables\\\/#article\",\"isPartOf\":{\"@id\":\"https:\\\/\\\/www.ucaldas.edu.co\\\/portal\\\/manizales-epicentro-del-3er-encuentro-internacional-de-universidades-mas-seguras-y-saludables\\\/\"},\"author\":{\"name\":\"ofiprensa\",\"@id\":\"https:\\\/\\\/www.ucaldas.edu.co\\\/portal\\\/#\\\/schema\\\/person\\\/a1b482e23449158b4bc319926c074fdf\"},\"headline\":\"Manizales, epicentro del 3er Encuentro Internacional de Universidades M\u00e1s Seguras y Saludables\",\"datePublished\":\"2025-09-16T22:19:08+00:00\",\"dateModified\":\"2025-09-16T22:37:12+00:00\",\"mainEntityOfPage\":{\"@id\":\"https:\\\/\\\/www.ucaldas.edu.co\\\/portal\\\/manizales-epicentro-del-3er-encuentro-internacional-de-universidades-mas-seguras-y-saludables\\\/\"},\"wordCount\":760,\"publisher\":{\"@id\":\"https:\\\/\\\/www.ucaldas.edu.co\\\/portal\\\/#organization\"},\"image\":{\"@id\":\"https:\\\/\\\/www.ucaldas.edu.co\\\/portal\\\/manizales-epicentro-del-3er-encuentro-internacional-de-universidades-mas-seguras-y-saludables\\\/#primaryimage\"},\"thumbnailUrl\":\"https:\\\/\\\/www.ucaldas.edu.co\\\/portal\\\/wp-content\\\/uploads\\\/2025\\\/09\\\/IMG_70151-1-scaled-e1758061081792.jpg\",\"keywords\":[\"Positiva Compa\u00f1\u00eda de Seguros\"],\"articleSection\":[\"Actualidad\",\"Universidad al D\u00eda\"],\"inLanguage\":\"es\"},{\"@type\":\"WebPage\",\"@id\":\"https:\\\/\\\/www.ucaldas.edu.co\\\/portal\\\/manizales-epicentro-del-3er-encuentro-internacional-de-universidades-mas-seguras-y-saludables\\\/\",\"url\":\"https:\\\/\\\/www.ucaldas.edu.co\\\/portal\\\/manizales-epicentro-del-3er-encuentro-internacional-de-universidades-mas-seguras-y-saludables\\\/\",\"name\":\"Manizales, epicentro del 3er Encuentro Internacional de Universidades M\u00e1s Seguras y Saludables .\",\"isPartOf\":{\"@id\":\"https:\\\/\\\/www.ucaldas.edu.co\\\/portal\\\/#website\"},\"primaryImageOfPage\":{\"@id\":\"https:\\\/\\\/www.ucaldas.edu.co\\\/portal\\\/manizales-epicentro-del-3er-encuentro-internacional-de-universidades-mas-seguras-y-saludables\\\/#primaryimage\"},\"image\":{\"@id\":\"https:\\\/\\\/www.ucaldas.edu.co\\\/portal\\\/manizales-epicentro-del-3er-encuentro-internacional-de-universidades-mas-seguras-y-saludables\\\/#primaryimage\"},\"thumbnailUrl\":\"https:\\\/\\\/www.ucaldas.edu.co\\\/portal\\\/wp-content\\\/uploads\\\/2025\\\/09\\\/IMG_70151-1-scaled-e1758061081792.jpg\",\"datePublished\":\"2025-09-16T22:19:08+00:00\",\"dateModified\":\"2025-09-16T22:37:12+00:00\",\"breadcrumb\":{\"@id\":\"https:\\\/\\\/www.ucaldas.edu.co\\\/portal\\\/manizales-epicentro-del-3er-encuentro-internacional-de-universidades-mas-seguras-y-saludables\\\/#breadcrumb\"},\"inLanguage\":\"es\",\"potentialAction\":[{\"@type\":\"ReadAction\",\"target\":[\"https:\\\/\\\/www.ucaldas.edu.co\\\/portal\\\/manizales-epicentro-del-3er-encuentro-internacional-de-universidades-mas-seguras-y-saludables\\\/\"]}]},{\"@type\":\"ImageObject\",\"inLanguage\":\"es\",\"@id\":\"https:\\\/\\\/www.ucaldas.edu.co\\\/portal\\\/manizales-epicentro-del-3er-encuentro-internacional-de-universidades-mas-seguras-y-saludables\\\/#primaryimage\",\"url\":\"https:\\\/\\\/www.ucaldas.edu.co\\\/portal\\\/wp-content\\\/uploads\\\/2025\\\/09\\\/IMG_70151-1-scaled-e1758061081792.jpg\",\"contentUrl\":\"https:\\\/\\\/www.ucaldas.edu.co\\\/portal\\\/wp-content\\\/uploads\\\/2025\\\/09\\\/IMG_70151-1-scaled-e1758061081792.jpg\",\"width\":900,\"height\":675},{\"@type\":\"BreadcrumbList\",\"@id\":\"https:\\\/\\\/www.ucaldas.edu.co\\\/portal\\\/manizales-epicentro-del-3er-encuentro-internacional-de-universidades-mas-seguras-y-saludables\\\/#breadcrumb\",\"itemListElement\":[{\"@type\":\"ListItem\",\"position\":1,\"name\":\"Portada\",\"item\":\"https:\\\/\\\/www.ucaldas.edu.co\\\/portal\\\/\"},{\"@type\":\"ListItem\",\"position\":2,\"name\":\"Manizales, epicentro del 3er Encuentro Internacional de Universidades M\u00e1s Seguras y Saludables\"}]},{\"@type\":\"WebSite\",\"@id\":\"https:\\\/\\\/www.ucaldas.edu.co\\\/portal\\\/#website\",\"url\":\"https:\\\/\\\/www.ucaldas.edu.co\\\/portal\\\/\",\"name\":\"Universidad de Caldas\",\"description\":\"\",\"publisher\":{\"@id\":\"https:\\\/\\\/www.ucaldas.edu.co\\\/portal\\\/#organization\"},\"alternateName\":\"U. de Caldas\",\"potentialAction\":[{\"@type\":\"SearchAction\",\"target\":{\"@type\":\"EntryPoint\",\"urlTemplate\":\"https:\\\/\\\/www.ucaldas.edu.co\\\/portal\\\/?s={search_term_string}\"},\"query-input\":{\"@type\":\"PropertyValueSpecification\",\"valueRequired\":true,\"valueName\":\"search_term_string\"}}],\"inLanguage\":\"es\"},{\"@type\":\"Organization\",\"@id\":\"https:\\\/\\\/www.ucaldas.edu.co\\\/portal\\\/#organization\",\"name\":\"Universidad de Caldas\",\"alternateName\":\"U. de Caldas\",\"url\":\"https:\\\/\\\/www.ucaldas.edu.co\\\/portal\\\/\",\"logo\":{\"@type\":\"ImageObject\",\"inLanguage\":\"es\",\"@id\":\"https:\\\/\\\/www.ucaldas.edu.co\\\/portal\\\/#\\\/schema\\\/logo\\\/image\\\/\",\"url\":\"https:\\\/\\\/www.ucaldas.edu.co\\\/portal\\\/wp-content\\\/uploads\\\/2023\\\/11\\\/Logo_horizontal_oscuroU-2023.png\",\"contentUrl\":\"https:\\\/\\\/www.ucaldas.edu.co\\\/portal\\\/wp-content\\\/uploads\\\/2023\\\/11\\\/Logo_horizontal_oscuroU-2023.png\",\"width\":263,\"height\":101,\"caption\":\"Universidad de Caldas\"},\"image\":{\"@id\":\"https:\\\/\\\/www.ucaldas.edu.co\\\/portal\\\/#\\\/schema\\\/logo\\\/image\\\/\"},\"sameAs\":[\"https:\\\/\\\/www.facebook.com\\\/udecaldas\",\"https:\\\/\\\/x.com\\\/udecaldas\",\"https:\\\/\\\/www.youtube.com\\\/universidadcaldas\",\"https:\\\/\\\/www.instagram.com\\\/udecaldas\\\/\"]},{\"@type\":\"Person\",\"@id\":\"https:\\\/\\\/www.ucaldas.edu.co\\\/portal\\\/#\\\/schema\\\/person\\\/a1b482e23449158b4bc319926c074fdf\",\"name\":\"ofiprensa\",\"image\":{\"@type\":\"ImageObject\",\"inLanguage\":\"es\",\"@id\":\"https:\\\/\\\/www.ucaldas.edu.co\\\/portal\\\/wp-content\\\/litespeed\\\/avatar\\\/09ea5085e600095a7a811142c6944527.jpg?ver=1777497608\",\"url\":\"https:\\\/\\\/www.ucaldas.edu.co\\\/portal\\\/wp-content\\\/litespeed\\\/avatar\\\/09ea5085e600095a7a811142c6944527.jpg?ver=1777497608\",\"contentUrl\":\"https:\\\/\\\/www.ucaldas.edu.co\\\/portal\\\/wp-content\\\/litespeed\\\/avatar\\\/09ea5085e600095a7a811142c6944527.jpg?ver=1777497608\",\"caption\":\"ofiprensa\"},\"url\":\"https:\\\/\\\/www.ucaldas.edu.co\\\/portal\\\/author\\\/ofiprensa\\\/\"}]}<\/script>\n<!-- \/ Yoast SEO plugin. -->","yoast_head_json":{"title":"Manizales, epicentro del 3er Encuentro Internacional de Universidades M\u00e1s Seguras y Saludables .","robots":{"index":"index","follow":"follow","max-snippet":"max-snippet:-1","max-image-preview":"max-image-preview:large","max-video-preview":"max-video-preview:-1"},"canonical":"https:\/\/www.ucaldas.edu.co\/portal\/manizales-epicentro-del-3er-encuentro-internacional-de-universidades-mas-seguras-y-saludables\/","schema":{"@context":"https:\/\/schema.org","@graph":[{"@type":"Article","@id":"https:\/\/www.ucaldas.edu.co\/portal\/manizales-epicentro-del-3er-encuentro-internacional-de-universidades-mas-seguras-y-saludables\/#article","isPartOf":{"@id":"https:\/\/www.ucaldas.edu.co\/portal\/manizales-epicentro-del-3er-encuentro-internacional-de-universidades-mas-seguras-y-saludables\/"},"author":{"name":"ofiprensa","@id":"https:\/\/www.ucaldas.edu.co\/portal\/#\/schema\/person\/a1b482e23449158b4bc319926c074fdf"},"headline":"Manizales, epicentro del 3er Encuentro Internacional de Universidades M\u00e1s Seguras y Saludables","datePublished":"2025-09-16T22:19:08+00:00","dateModified":"2025-09-16T22:37:12+00:00","mainEntityOfPage":{"@id":"https:\/\/www.ucaldas.edu.co\/portal\/manizales-epicentro-del-3er-encuentro-internacional-de-universidades-mas-seguras-y-saludables\/"},"wordCount":760,"publisher":{"@id":"https:\/\/www.ucaldas.edu.co\/portal\/#organization"},"image":{"@id":"https:\/\/www.ucaldas.edu.co\/portal\/manizales-epicentro-del-3er-encuentro-internacional-de-universidades-mas-seguras-y-saludables\/#primaryimage"},"thumbnailUrl":"https:\/\/www.ucaldas.edu.co\/portal\/wp-content\/uploads\/2025\/09\/IMG_70151-1-scaled-e1758061081792.jpg","keywords":["Positiva Compa\u00f1\u00eda de Seguros"],"articleSection":["Actualidad","Universidad al D\u00eda"],"inLanguage":"es"},{"@type":"WebPage","@id":"https:\/\/www.ucaldas.edu.co\/portal\/manizales-epicentro-del-3er-encuentro-internacional-de-universidades-mas-seguras-y-saludables\/","url":"https:\/\/www.ucaldas.edu.co\/portal\/manizales-epicentro-del-3er-encuentro-internacional-de-universidades-mas-seguras-y-saludables\/","name":"Manizales, epicentro del 3er Encuentro Internacional de Universidades M\u00e1s Seguras y Saludables .","isPartOf":{"@id":"https:\/\/www.ucaldas.edu.co\/portal\/#website"},"primaryImageOfPage":{"@id":"https:\/\/www.ucaldas.edu.co\/portal\/manizales-epicentro-del-3er-encuentro-internacional-de-universidades-mas-seguras-y-saludables\/#primaryimage"},"image":{"@id":"https:\/\/www.ucaldas.edu.co\/portal\/manizales-epicentro-del-3er-encuentro-internacional-de-universidades-mas-seguras-y-saludables\/#primaryimage"},"thumbnailUrl":"https:\/\/www.ucaldas.edu.co\/portal\/wp-content\/uploads\/2025\/09\/IMG_70151-1-scaled-e1758061081792.jpg","datePublished":"2025-09-16T22:19:08+00:00","dateModified":"2025-09-16T22:37:12+00:00","breadcrumb":{"@id":"https:\/\/www.ucaldas.edu.co\/portal\/manizales-epicentro-del-3er-encuentro-internacional-de-universidades-mas-seguras-y-saludables\/#breadcrumb"},"inLanguage":"es","potentialAction":[{"@type":"ReadAction","target":["https:\/\/www.ucaldas.edu.co\/portal\/manizales-epicentro-del-3er-encuentro-internacional-de-universidades-mas-seguras-y-saludables\/"]}]},{"@type":"ImageObject","inLanguage":"es","@id":"https:\/\/www.ucaldas.edu.co\/portal\/manizales-epicentro-del-3er-encuentro-internacional-de-universidades-mas-seguras-y-saludables\/#primaryimage","url":"https:\/\/www.ucaldas.edu.co\/portal\/wp-content\/uploads\/2025\/09\/IMG_70151-1-scaled-e1758061081792.jpg","contentUrl":"https:\/\/www.ucaldas.edu.co\/portal\/wp-content\/uploads\/2025\/09\/IMG_70151-1-scaled-e1758061081792.jpg","width":900,"height":675},{"@type":"BreadcrumbList","@id":"https:\/\/www.ucaldas.edu.co\/portal\/manizales-epicentro-del-3er-encuentro-internacional-de-universidades-mas-seguras-y-saludables\/#breadcrumb","itemListElement":[{"@type":"ListItem","position":1,"name":"Portada","item":"https:\/\/www.ucaldas.edu.co\/portal\/"},{"@type":"ListItem","position":2,"name":"Manizales, epicentro del 3er Encuentro Internacional de Universidades M\u00e1s Seguras y Saludables"}]},{"@type":"WebSite","@id":"https:\/\/www.ucaldas.edu.co\/portal\/#website","url":"https:\/\/www.ucaldas.edu.co\/portal\/","name":"Universidad de Caldas","description":"","publisher":{"@id":"https:\/\/www.ucaldas.edu.co\/portal\/#organization"},"alternateName":"U. de Caldas","potentialAction":[{"@type":"SearchAction","target":{"@type":"EntryPoint","urlTemplate":"https:\/\/www.ucaldas.edu.co\/portal\/?s={search_term_string}"},"query-input":{"@type":"PropertyValueSpecification","valueRequired":true,"valueName":"search_term_string"}}],"inLanguage":"es"},{"@type":"Organization","@id":"https:\/\/www.ucaldas.edu.co\/portal\/#organization","name":"Universidad de Caldas","alternateName":"U. de Caldas","url":"https:\/\/www.ucaldas.edu.co\/portal\/","logo":{"@type":"ImageObject","inLanguage":"es","@id":"https:\/\/www.ucaldas.edu.co\/portal\/#\/schema\/logo\/image\/","url":"https:\/\/www.ucaldas.edu.co\/portal\/wp-content\/uploads\/2023\/11\/Logo_horizontal_oscuroU-2023.png","contentUrl":"https:\/\/www.ucaldas.edu.co\/portal\/wp-content\/uploads\/2023\/11\/Logo_horizontal_oscuroU-2023.png","width":263,"height":101,"caption":"Universidad de Caldas"},"image":{"@id":"https:\/\/www.ucaldas.edu.co\/portal\/#\/schema\/logo\/image\/"},"sameAs":["https:\/\/www.facebook.com\/udecaldas","https:\/\/x.com\/udecaldas","https:\/\/www.youtube.com\/universidadcaldas","https:\/\/www.instagram.com\/udecaldas\/"]},{"@type":"Person","@id":"https:\/\/www.ucaldas.edu.co\/portal\/#\/schema\/person\/a1b482e23449158b4bc319926c074fdf","name":"ofiprensa","image":{"@type":"ImageObject","inLanguage":"es","@id":"https:\/\/www.ucaldas.edu.co\/portal\/wp-content\/litespeed\/avatar\/09ea5085e600095a7a811142c6944527.jpg?ver=1777497608","url":"https:\/\/www.ucaldas.edu.co\/portal\/wp-content\/litespeed\/avatar\/09ea5085e600095a7a811142c6944527.jpg?ver=1777497608","contentUrl":"https:\/\/www.ucaldas.edu.co\/portal\/wp-content\/litespeed\/avatar\/09ea5085e600095a7a811142c6944527.jpg?ver=1777497608","caption":"ofiprensa"},"url":"https:\/\/www.ucaldas.edu.co\/portal\/author\/ofiprensa\/"}]}},"_links":{"self":[{"href":"https:\/\/www.ucaldas.edu.co\/portal\/wp-json\/wp\/v2\/posts\/95620","targetHints":{"allow":["GET"]}}],"collection":[{"href":"https:\/\/www.ucaldas.edu.co\/portal\/wp-json\/wp\/v2\/posts"}],"about":[{"href":"https:\/\/www.ucaldas.edu.co\/portal\/wp-json\/wp\/v2\/types\/post"}],"author":[{"embeddable":true,"href":"https:\/\/www.ucaldas.edu.co\/portal\/wp-json\/wp\/v2\/users\/2"}],"replies":[{"embeddable":true,"href":"https:\/\/www.ucaldas.edu.co\/portal\/wp-json\/wp\/v2\/comments?post=95620"}],"version-history":[{"count":0,"href":"https:\/\/www.ucaldas.edu.co\/portal\/wp-json\/wp\/v2\/posts\/95620\/revisions"}],"wp:featuredmedia":[{"embeddable":true,"href":"https:\/\/www.ucaldas.edu.co\/portal\/wp-json\/wp\/v2\/media\/95627"}],"wp:attachment":[{"href":"https:\/\/www.ucaldas.edu.co\/portal\/wp-json\/wp\/v2\/media?parent=95620"}],"wp:term":[{"taxonomy":"category","embeddable":true,"href":"https:\/\/www.ucaldas.edu.co\/portal\/wp-json\/wp\/v2\/categories?post=95620"},{"taxonomy":"post_tag","embeddable":true,"href":"https:\/\/www.ucaldas.edu.co\/portal\/wp-json\/wp\/v2\/tags?post=95620"}],"curies":[{"name":"wp","href":"https:\/\/api.w.org\/{rel}","templated":true}]}}