{"id":95613,"date":"2025-09-16T17:03:30","date_gmt":"2025-09-16T22:03:30","guid":{"rendered":"https:\/\/www.ucaldas.edu.co\/portal\/?p=95613"},"modified":"2025-09-16T17:03:30","modified_gmt":"2025-09-16T22:03:30","slug":"abiertas-las-preinscripciones-para-la-segunda-cohorte-de-la-universidad-intergeneracional","status":"publish","type":"post","link":"https:\/\/www.ucaldas.edu.co\/portal\/abiertas-las-preinscripciones-para-la-segunda-cohorte-de-la-universidad-intergeneracional\/","title":{"rendered":"Abiertas las preinscripciones para la segunda cohorte de la Universidad Intergeneracional"},"content":{"rendered":"<p><img loading=\"lazy\" decoding=\"async\" class=\"alignnone wp-image-95616 size-full\" src=\"https:\/\/www.ucaldas.edu.co\/portal\/wp-content\/uploads\/2025\/09\/Curso-de-dibujo-1-e1758060116206.jpeg\" alt=\"Universidad Intergeneracional\" width=\"900\" height=\"506\" \/><\/p>\n<p style=\"text-align: justify;\">La Universidad de Caldas anuncia la apertura de preinscripciones para la segunda cohorte de la Universidad Intergeneracional, un programa gratuito de educaci\u00f3n, creaci\u00f3n y encuentro que dignifica la adultez y la vejez, promueve el aprendizaje continuo, la autonom\u00eda y la participaci\u00f3n activa. Esta nueva oferta acad\u00e9mica incluye m\u00e1s de 25 cursos en diversas tem\u00e1ticas, en modalidad presencial y virtual y con el compromiso de llevar esta estrategia a barrios de Manizales y municipios de Caldas.<!--more--><\/p>\n<p style=\"text-align: justify;\">La iniciativa, lanzada en junio de este a\u00f1o, reuni\u00f3 en su primera cohorte a 288 estudiantes en 11 cursos de formaci\u00f3n. Las aulas se llenaron de personas entre los 9 y los 86 a\u00f1os, provenientes de m\u00e1s de 80 barrios y tres municipios de Caldas. El 66% fueron personas mayores -en su mayor\u00eda mujeres-, quienes, junto con j\u00f3venes y adultos, compartieron saberes en un ejercicio de educaci\u00f3n intergeneracional. Adem\u00e1s de la formaci\u00f3n acad\u00e9mica, esta propuesta involucra un acompa\u00f1amiento psicosocial permanente y actividades de ocio cultural activo como Volver a la palabra en la Feria del Libro de Manizales y Un d\u00eda con la Orquesta Sinf\u00f3nica de Caldas, que permiten fortalecer los v\u00ednculos y el relacionamiento de los estudiantes como un ejercicio de envejecimiento activo.<\/p>\n<p style=\"text-align: justify;\">\u201cCerramos con \u00e9xito total la primera cohorte de la Universidad Intergeneracional. Tuvimos 288 graduados en 11 cursos y 12 grupos y ya lanzamos oficialmente la segunda cohorte. Esperamos tener cerca de 800 estudiantes y por eso los ciudadanos de Manizales y de algunas partes de Caldas van a poder encontrar m\u00e1s de 25 cursos en diferentes \u00e1reas del conocimiento como artes, naturaleza, ciencias sociales, salud y bienestar, tecnolog\u00eda, marketing y finanzas personales para que puedan seguir aprendiendo a lo largo de la vida\u201d, afirma Dar\u00edo Arenas Villegas, vicerrector de Proyecci\u00f3n Universitaria de la Universidad de Caldas.<\/p>\n<p style=\"text-align: justify;\">La segunda cohorte llega con una oferta ampliada: m\u00e1s cursos en seis categor\u00edas diferentes, todos con certificaci\u00f3n de la Universidad de Caldas. Los cursos, de 48 horas cada uno, se desarrollar\u00e1n en modalidad presencial y virtual, en diferentes campus de la instituci\u00f3n, en barrios de Manizales y en municipios de la regi\u00f3n de manera gratuita.<\/p>\n<p style=\"text-align: justify;\">\u201cEsta experiencia fue maravillosa. Volver a la ciudad y a la universidad, de la que soy egresada, fue como empezar de nuevo. Lo m\u00e1s valioso fueron las personas, los conocimientos adquiridos, la camarader\u00eda y la calidez de los profesores, siempre pacientes y cercanos\u201d, expresa Rosario del Pilar Arenas Puerta, graduada de la primera cohorte de la Universidad Intergeneracional.<\/p>\n<p style=\"text-align: justify;\">Cursos que se ofertan en la segunda cohorte:<\/p>\n<ul style=\"text-align: justify;\">\n<li><strong>Tecnolog\u00eda:<\/strong><\/li>\n<li>Alfabetizaci\u00f3n digital contra la desinformaci\u00f3n<\/li>\n<li>Conectados: herramientas digitales<\/li>\n<li>Caf\u00e9 y cacao: historia, t\u00e9cnicas y calidad<\/li>\n<li>Crear con tecnolog\u00eda<\/li>\n<\/ul>\n<p>&nbsp;<\/p>\n<ul style=\"text-align: justify;\">\n<li><strong>Naturaleza:<\/strong><\/li>\n<li>Meteorolog\u00eda pr\u00e1ctica: entender el clima de forma sencilla<\/li>\n<li>Conexi\u00f3n natural: naturaleza y buen vivir<\/li>\n<li>Curso de flores, emociones y ecolog\u00eda<\/li>\n<\/ul>\n<p style=\"text-align: justify;\">\n<ul style=\"text-align: justify;\">\n<li><strong>Arte y cultura:<\/strong><\/li>\n<li>Danza tradicional<\/li>\n<li>Danza argentina<\/li>\n<li>Introducci\u00f3n al dibujo<\/li>\n<li>Expresi\u00f3n art\u00edstica<\/li>\n<li>Caligraf\u00eda y expresi\u00f3n escrita<\/li>\n<li>Textiles ancestrales<\/li>\n<li>Expresi\u00f3n teatral<\/li>\n<\/ul>\n<p style=\"text-align: justify;\">\n<ul style=\"text-align: justify;\">\n<li><strong>Ciencia sociales:<\/strong><\/li>\n<li>Alfabetizaci\u00f3n y promoci\u00f3n lectora<\/li>\n<li>Inteligencia artificial, democracia y control social<\/li>\n<\/ul>\n<p style=\"text-align: justify;\">\n<ul style=\"text-align: justify;\">\n<li><strong>Escritura creativa:<\/strong><\/li>\n<li>Grandes relatos del territorio<\/li>\n<li>Marketing y finanzas personales:<\/li>\n<li>Econom\u00eda y finanzas personales<\/li>\n<li>Marca y comunicaci\u00f3n estrat\u00e9gica<\/li>\n<\/ul>\n<p style=\"text-align: justify;\">\n<ul style=\"text-align: justify;\">\n<li><strong>Salud y bienestar:<\/strong><\/li>\n<li>Cuidado y promoci\u00f3n del envejecimiento saludable<\/li>\n<li>Yoga, meditaci\u00f3n y naturaleza<\/li>\n<li>Plantas medicinales y saberes ancestrales<\/li>\n<\/ul>\n<p style=\"text-align: justify;\">\n<p style=\"text-align: justify;\">Las preinscripciones estar\u00e1n abiertas del 15 de septiembre al 3 de octubre en la p\u00e1gina oficial de la Universidad Intergeneracional ucaldas.edu.co\/universidad-intergeneracional.<\/p>\n<p style=\"text-align: justify;\">Asimismo, los canales de comunicaci\u00f3n en caso de dudas est\u00e1n disponibles:<\/p>\n<p style=\"text-align: justify;\">Correo electr\u00f3nico: universidadintergeneracional@ucaldas.edu.co, WhatsApp: 3171581987, Tel\u00e9fono: 8781500, extensiones 12170, 11228 y 17156.<\/p>\n<p style=\"text-align: justify;\">Con esta nueva etapa, la Universidad de Caldas refuerza su apuesta institucional por la educaci\u00f3n a lo largo de la vida y el derecho de todas las personas a seguir aprendiendo, sin importar la edad.<\/p>\n<p style=\"text-align: justify;\"><strong>Anexo:<\/strong><\/p>\n<p style=\"text-align: justify;\"><a href=\"https:\/\/www.ucaldas.edu.co\/portal\/wp-content\/uploads\/2025\/09\/Rosario-del-Pilar-Arenas.mp3\"><strong>-Audio Graduada de la primera cohorte de la Universidad Intergeneracional, Rosario del Pilar Arenas Puerta<\/strong><\/a><\/p>\n<audio class=\"wp-audio-shortcode\" id=\"audio-95613-1\" preload=\"none\" style=\"width: 100%;\" controls=\"controls\"><source type=\"audio\/mpeg\" src=\"https:\/\/www.ucaldas.edu.co\/portal\/wp-content\/uploads\/2025\/09\/Rosario-del-Pilar-Arenas.mp3?_=1\" \/><a href=\"https:\/\/www.ucaldas.edu.co\/portal\/wp-content\/uploads\/2025\/09\/Rosario-del-Pilar-Arenas.mp3\">https:\/\/www.ucaldas.edu.co\/portal\/wp-content\/uploads\/2025\/09\/Rosario-del-Pilar-Arenas.mp3<\/a><\/audio>\n<p style=\"text-align: justify;\"><a href=\"https:\/\/www.ucaldas.edu.co\/portal\/wp-content\/uploads\/2025\/09\/Dario-Arenas-Villegas.mp3\"><strong>-Audio Vicerrector de Proyecci\u00f3n Universitaria de la Universidad de Caldas, Dar\u00edo Arenas Villegas<\/strong><\/a><\/p>\n<audio class=\"wp-audio-shortcode\" id=\"audio-95613-2\" preload=\"none\" style=\"width: 100%;\" controls=\"controls\"><source type=\"audio\/mpeg\" src=\"https:\/\/www.ucaldas.edu.co\/portal\/wp-content\/uploads\/2025\/09\/Dario-Arenas-Villegas.mp3?_=2\" \/><a href=\"https:\/\/www.ucaldas.edu.co\/portal\/wp-content\/uploads\/2025\/09\/Dario-Arenas-Villegas.mp3\">https:\/\/www.ucaldas.edu.co\/portal\/wp-content\/uploads\/2025\/09\/Dario-Arenas-Villegas.mp3<\/a><\/audio>\n","protected":false},"excerpt":{"rendered":"<p>La Universidad de Caldas anuncia la apertura de preinscripciones para la segunda cohorte de la Universidad Intergeneracional, un programa gratuito de educaci\u00f3n, creaci\u00f3n y encuentro que dignifica la adultez y la vejez, promueve el aprendizaje continuo, la autonom\u00eda y la participaci\u00f3n activa. Esta nueva oferta acad\u00e9mica incluye m\u00e1s de 25 cursos en diversas tem\u00e1ticas, en [&hellip;]<\/p>\n","protected":false},"author":2,"featured_media":95616,"comment_status":"closed","ping_status":"open","sticky":false,"template":"","format":"standard","meta":{"footnotes":""},"categories":[48,53],"tags":[9844],"class_list":["post-95613","post","type-post","status-publish","format-standard","has-post-thumbnail","hentry","category-actualidad","category-universidad-al-dia","tag-universidad-intergeneracional"],"yoast_head":"<!-- This site is optimized with the Yoast SEO plugin v27.5 - https:\/\/yoast.com\/product\/yoast-seo-wordpress\/ -->\n<title>Abiertas las preinscripciones para la segunda cohorte de la Universidad Intergeneracional .<\/title>\n<meta name=\"robots\" content=\"index, follow, max-snippet:-1, max-image-preview:large, max-video-preview:-1\" \/>\n<link rel=\"canonical\" href=\"https:\/\/www.ucaldas.edu.co\/portal\/abiertas-las-preinscripciones-para-la-segunda-cohorte-de-la-universidad-intergeneracional\/\" \/>\n<script type=\"application\/ld+json\" class=\"yoast-schema-graph\">{\"@context\":\"https:\\\/\\\/schema.org\",\"@graph\":[{\"@type\":\"Article\",\"@id\":\"https:\\\/\\\/www.ucaldas.edu.co\\\/portal\\\/abiertas-las-preinscripciones-para-la-segunda-cohorte-de-la-universidad-intergeneracional\\\/#article\",\"isPartOf\":{\"@id\":\"https:\\\/\\\/www.ucaldas.edu.co\\\/portal\\\/abiertas-las-preinscripciones-para-la-segunda-cohorte-de-la-universidad-intergeneracional\\\/\"},\"author\":{\"name\":\"ofiprensa\",\"@id\":\"https:\\\/\\\/www.ucaldas.edu.co\\\/portal\\\/#\\\/schema\\\/person\\\/a1b482e23449158b4bc319926c074fdf\"},\"headline\":\"Abiertas las preinscripciones para la segunda cohorte de la Universidad Intergeneracional\",\"datePublished\":\"2025-09-16T22:03:30+00:00\",\"mainEntityOfPage\":{\"@id\":\"https:\\\/\\\/www.ucaldas.edu.co\\\/portal\\\/abiertas-las-preinscripciones-para-la-segunda-cohorte-de-la-universidad-intergeneracional\\\/\"},\"wordCount\":720,\"publisher\":{\"@id\":\"https:\\\/\\\/www.ucaldas.edu.co\\\/portal\\\/#organization\"},\"image\":{\"@id\":\"https:\\\/\\\/www.ucaldas.edu.co\\\/portal\\\/abiertas-las-preinscripciones-para-la-segunda-cohorte-de-la-universidad-intergeneracional\\\/#primaryimage\"},\"thumbnailUrl\":\"https:\\\/\\\/www.ucaldas.edu.co\\\/portal\\\/wp-content\\\/uploads\\\/2025\\\/09\\\/Curso-de-dibujo-1-e1758060116206.jpeg\",\"keywords\":[\"Universidad intergeneracional\"],\"articleSection\":[\"Actualidad\",\"Universidad al D\u00eda\"],\"inLanguage\":\"es\"},{\"@type\":\"WebPage\",\"@id\":\"https:\\\/\\\/www.ucaldas.edu.co\\\/portal\\\/abiertas-las-preinscripciones-para-la-segunda-cohorte-de-la-universidad-intergeneracional\\\/\",\"url\":\"https:\\\/\\\/www.ucaldas.edu.co\\\/portal\\\/abiertas-las-preinscripciones-para-la-segunda-cohorte-de-la-universidad-intergeneracional\\\/\",\"name\":\"Abiertas las preinscripciones para la segunda cohorte de la Universidad Intergeneracional .\",\"isPartOf\":{\"@id\":\"https:\\\/\\\/www.ucaldas.edu.co\\\/portal\\\/#website\"},\"primaryImageOfPage\":{\"@id\":\"https:\\\/\\\/www.ucaldas.edu.co\\\/portal\\\/abiertas-las-preinscripciones-para-la-segunda-cohorte-de-la-universidad-intergeneracional\\\/#primaryimage\"},\"image\":{\"@id\":\"https:\\\/\\\/www.ucaldas.edu.co\\\/portal\\\/abiertas-las-preinscripciones-para-la-segunda-cohorte-de-la-universidad-intergeneracional\\\/#primaryimage\"},\"thumbnailUrl\":\"https:\\\/\\\/www.ucaldas.edu.co\\\/portal\\\/wp-content\\\/uploads\\\/2025\\\/09\\\/Curso-de-dibujo-1-e1758060116206.jpeg\",\"datePublished\":\"2025-09-16T22:03:30+00:00\",\"breadcrumb\":{\"@id\":\"https:\\\/\\\/www.ucaldas.edu.co\\\/portal\\\/abiertas-las-preinscripciones-para-la-segunda-cohorte-de-la-universidad-intergeneracional\\\/#breadcrumb\"},\"inLanguage\":\"es\",\"potentialAction\":[{\"@type\":\"ReadAction\",\"target\":[\"https:\\\/\\\/www.ucaldas.edu.co\\\/portal\\\/abiertas-las-preinscripciones-para-la-segunda-cohorte-de-la-universidad-intergeneracional\\\/\"]}]},{\"@type\":\"ImageObject\",\"inLanguage\":\"es\",\"@id\":\"https:\\\/\\\/www.ucaldas.edu.co\\\/portal\\\/abiertas-las-preinscripciones-para-la-segunda-cohorte-de-la-universidad-intergeneracional\\\/#primaryimage\",\"url\":\"https:\\\/\\\/www.ucaldas.edu.co\\\/portal\\\/wp-content\\\/uploads\\\/2025\\\/09\\\/Curso-de-dibujo-1-e1758060116206.jpeg\",\"contentUrl\":\"https:\\\/\\\/www.ucaldas.edu.co\\\/portal\\\/wp-content\\\/uploads\\\/2025\\\/09\\\/Curso-de-dibujo-1-e1758060116206.jpeg\",\"width\":900,\"height\":506,\"caption\":\"Universidad Intergeneracional\"},{\"@type\":\"BreadcrumbList\",\"@id\":\"https:\\\/\\\/www.ucaldas.edu.co\\\/portal\\\/abiertas-las-preinscripciones-para-la-segunda-cohorte-de-la-universidad-intergeneracional\\\/#breadcrumb\",\"itemListElement\":[{\"@type\":\"ListItem\",\"position\":1,\"name\":\"Portada\",\"item\":\"https:\\\/\\\/www.ucaldas.edu.co\\\/portal\\\/\"},{\"@type\":\"ListItem\",\"position\":2,\"name\":\"Abiertas las preinscripciones para la segunda cohorte de la Universidad Intergeneracional\"}]},{\"@type\":\"WebSite\",\"@id\":\"https:\\\/\\\/www.ucaldas.edu.co\\\/portal\\\/#website\",\"url\":\"https:\\\/\\\/www.ucaldas.edu.co\\\/portal\\\/\",\"name\":\"Universidad de Caldas\",\"description\":\"\",\"publisher\":{\"@id\":\"https:\\\/\\\/www.ucaldas.edu.co\\\/portal\\\/#organization\"},\"alternateName\":\"U. de Caldas\",\"potentialAction\":[{\"@type\":\"SearchAction\",\"target\":{\"@type\":\"EntryPoint\",\"urlTemplate\":\"https:\\\/\\\/www.ucaldas.edu.co\\\/portal\\\/?s={search_term_string}\"},\"query-input\":{\"@type\":\"PropertyValueSpecification\",\"valueRequired\":true,\"valueName\":\"search_term_string\"}}],\"inLanguage\":\"es\"},{\"@type\":\"Organization\",\"@id\":\"https:\\\/\\\/www.ucaldas.edu.co\\\/portal\\\/#organization\",\"name\":\"Universidad de Caldas\",\"alternateName\":\"U. de Caldas\",\"url\":\"https:\\\/\\\/www.ucaldas.edu.co\\\/portal\\\/\",\"logo\":{\"@type\":\"ImageObject\",\"inLanguage\":\"es\",\"@id\":\"https:\\\/\\\/www.ucaldas.edu.co\\\/portal\\\/#\\\/schema\\\/logo\\\/image\\\/\",\"url\":\"https:\\\/\\\/www.ucaldas.edu.co\\\/portal\\\/wp-content\\\/uploads\\\/2023\\\/11\\\/Logo_horizontal_oscuroU-2023.png\",\"contentUrl\":\"https:\\\/\\\/www.ucaldas.edu.co\\\/portal\\\/wp-content\\\/uploads\\\/2023\\\/11\\\/Logo_horizontal_oscuroU-2023.png\",\"width\":263,\"height\":101,\"caption\":\"Universidad de Caldas\"},\"image\":{\"@id\":\"https:\\\/\\\/www.ucaldas.edu.co\\\/portal\\\/#\\\/schema\\\/logo\\\/image\\\/\"},\"sameAs\":[\"https:\\\/\\\/www.facebook.com\\\/udecaldas\",\"https:\\\/\\\/x.com\\\/udecaldas\",\"https:\\\/\\\/www.youtube.com\\\/universidadcaldas\",\"https:\\\/\\\/www.instagram.com\\\/udecaldas\\\/\"]},{\"@type\":\"Person\",\"@id\":\"https:\\\/\\\/www.ucaldas.edu.co\\\/portal\\\/#\\\/schema\\\/person\\\/a1b482e23449158b4bc319926c074fdf\",\"name\":\"ofiprensa\",\"image\":{\"@type\":\"ImageObject\",\"inLanguage\":\"es\",\"@id\":\"https:\\\/\\\/www.ucaldas.edu.co\\\/portal\\\/wp-content\\\/litespeed\\\/avatar\\\/09ea5085e600095a7a811142c6944527.jpg?ver=1777497608\",\"url\":\"https:\\\/\\\/www.ucaldas.edu.co\\\/portal\\\/wp-content\\\/litespeed\\\/avatar\\\/09ea5085e600095a7a811142c6944527.jpg?ver=1777497608\",\"contentUrl\":\"https:\\\/\\\/www.ucaldas.edu.co\\\/portal\\\/wp-content\\\/litespeed\\\/avatar\\\/09ea5085e600095a7a811142c6944527.jpg?ver=1777497608\",\"caption\":\"ofiprensa\"},\"url\":\"https:\\\/\\\/www.ucaldas.edu.co\\\/portal\\\/author\\\/ofiprensa\\\/\"}]}<\/script>\n<!-- \/ Yoast SEO plugin. -->","yoast_head_json":{"title":"Abiertas las preinscripciones para la segunda cohorte de la Universidad Intergeneracional .","robots":{"index":"index","follow":"follow","max-snippet":"max-snippet:-1","max-image-preview":"max-image-preview:large","max-video-preview":"max-video-preview:-1"},"canonical":"https:\/\/www.ucaldas.edu.co\/portal\/abiertas-las-preinscripciones-para-la-segunda-cohorte-de-la-universidad-intergeneracional\/","schema":{"@context":"https:\/\/schema.org","@graph":[{"@type":"Article","@id":"https:\/\/www.ucaldas.edu.co\/portal\/abiertas-las-preinscripciones-para-la-segunda-cohorte-de-la-universidad-intergeneracional\/#article","isPartOf":{"@id":"https:\/\/www.ucaldas.edu.co\/portal\/abiertas-las-preinscripciones-para-la-segunda-cohorte-de-la-universidad-intergeneracional\/"},"author":{"name":"ofiprensa","@id":"https:\/\/www.ucaldas.edu.co\/portal\/#\/schema\/person\/a1b482e23449158b4bc319926c074fdf"},"headline":"Abiertas las preinscripciones para la segunda cohorte de la Universidad Intergeneracional","datePublished":"2025-09-16T22:03:30+00:00","mainEntityOfPage":{"@id":"https:\/\/www.ucaldas.edu.co\/portal\/abiertas-las-preinscripciones-para-la-segunda-cohorte-de-la-universidad-intergeneracional\/"},"wordCount":720,"publisher":{"@id":"https:\/\/www.ucaldas.edu.co\/portal\/#organization"},"image":{"@id":"https:\/\/www.ucaldas.edu.co\/portal\/abiertas-las-preinscripciones-para-la-segunda-cohorte-de-la-universidad-intergeneracional\/#primaryimage"},"thumbnailUrl":"https:\/\/www.ucaldas.edu.co\/portal\/wp-content\/uploads\/2025\/09\/Curso-de-dibujo-1-e1758060116206.jpeg","keywords":["Universidad intergeneracional"],"articleSection":["Actualidad","Universidad al D\u00eda"],"inLanguage":"es"},{"@type":"WebPage","@id":"https:\/\/www.ucaldas.edu.co\/portal\/abiertas-las-preinscripciones-para-la-segunda-cohorte-de-la-universidad-intergeneracional\/","url":"https:\/\/www.ucaldas.edu.co\/portal\/abiertas-las-preinscripciones-para-la-segunda-cohorte-de-la-universidad-intergeneracional\/","name":"Abiertas las preinscripciones para la segunda cohorte de la Universidad Intergeneracional .","isPartOf":{"@id":"https:\/\/www.ucaldas.edu.co\/portal\/#website"},"primaryImageOfPage":{"@id":"https:\/\/www.ucaldas.edu.co\/portal\/abiertas-las-preinscripciones-para-la-segunda-cohorte-de-la-universidad-intergeneracional\/#primaryimage"},"image":{"@id":"https:\/\/www.ucaldas.edu.co\/portal\/abiertas-las-preinscripciones-para-la-segunda-cohorte-de-la-universidad-intergeneracional\/#primaryimage"},"thumbnailUrl":"https:\/\/www.ucaldas.edu.co\/portal\/wp-content\/uploads\/2025\/09\/Curso-de-dibujo-1-e1758060116206.jpeg","datePublished":"2025-09-16T22:03:30+00:00","breadcrumb":{"@id":"https:\/\/www.ucaldas.edu.co\/portal\/abiertas-las-preinscripciones-para-la-segunda-cohorte-de-la-universidad-intergeneracional\/#breadcrumb"},"inLanguage":"es","potentialAction":[{"@type":"ReadAction","target":["https:\/\/www.ucaldas.edu.co\/portal\/abiertas-las-preinscripciones-para-la-segunda-cohorte-de-la-universidad-intergeneracional\/"]}]},{"@type":"ImageObject","inLanguage":"es","@id":"https:\/\/www.ucaldas.edu.co\/portal\/abiertas-las-preinscripciones-para-la-segunda-cohorte-de-la-universidad-intergeneracional\/#primaryimage","url":"https:\/\/www.ucaldas.edu.co\/portal\/wp-content\/uploads\/2025\/09\/Curso-de-dibujo-1-e1758060116206.jpeg","contentUrl":"https:\/\/www.ucaldas.edu.co\/portal\/wp-content\/uploads\/2025\/09\/Curso-de-dibujo-1-e1758060116206.jpeg","width":900,"height":506,"caption":"Universidad Intergeneracional"},{"@type":"BreadcrumbList","@id":"https:\/\/www.ucaldas.edu.co\/portal\/abiertas-las-preinscripciones-para-la-segunda-cohorte-de-la-universidad-intergeneracional\/#breadcrumb","itemListElement":[{"@type":"ListItem","position":1,"name":"Portada","item":"https:\/\/www.ucaldas.edu.co\/portal\/"},{"@type":"ListItem","position":2,"name":"Abiertas las preinscripciones para la segunda cohorte de la Universidad Intergeneracional"}]},{"@type":"WebSite","@id":"https:\/\/www.ucaldas.edu.co\/portal\/#website","url":"https:\/\/www.ucaldas.edu.co\/portal\/","name":"Universidad de Caldas","description":"","publisher":{"@id":"https:\/\/www.ucaldas.edu.co\/portal\/#organization"},"alternateName":"U. de Caldas","potentialAction":[{"@type":"SearchAction","target":{"@type":"EntryPoint","urlTemplate":"https:\/\/www.ucaldas.edu.co\/portal\/?s={search_term_string}"},"query-input":{"@type":"PropertyValueSpecification","valueRequired":true,"valueName":"search_term_string"}}],"inLanguage":"es"},{"@type":"Organization","@id":"https:\/\/www.ucaldas.edu.co\/portal\/#organization","name":"Universidad de Caldas","alternateName":"U. de Caldas","url":"https:\/\/www.ucaldas.edu.co\/portal\/","logo":{"@type":"ImageObject","inLanguage":"es","@id":"https:\/\/www.ucaldas.edu.co\/portal\/#\/schema\/logo\/image\/","url":"https:\/\/www.ucaldas.edu.co\/portal\/wp-content\/uploads\/2023\/11\/Logo_horizontal_oscuroU-2023.png","contentUrl":"https:\/\/www.ucaldas.edu.co\/portal\/wp-content\/uploads\/2023\/11\/Logo_horizontal_oscuroU-2023.png","width":263,"height":101,"caption":"Universidad de Caldas"},"image":{"@id":"https:\/\/www.ucaldas.edu.co\/portal\/#\/schema\/logo\/image\/"},"sameAs":["https:\/\/www.facebook.com\/udecaldas","https:\/\/x.com\/udecaldas","https:\/\/www.youtube.com\/universidadcaldas","https:\/\/www.instagram.com\/udecaldas\/"]},{"@type":"Person","@id":"https:\/\/www.ucaldas.edu.co\/portal\/#\/schema\/person\/a1b482e23449158b4bc319926c074fdf","name":"ofiprensa","image":{"@type":"ImageObject","inLanguage":"es","@id":"https:\/\/www.ucaldas.edu.co\/portal\/wp-content\/litespeed\/avatar\/09ea5085e600095a7a811142c6944527.jpg?ver=1777497608","url":"https:\/\/www.ucaldas.edu.co\/portal\/wp-content\/litespeed\/avatar\/09ea5085e600095a7a811142c6944527.jpg?ver=1777497608","contentUrl":"https:\/\/www.ucaldas.edu.co\/portal\/wp-content\/litespeed\/avatar\/09ea5085e600095a7a811142c6944527.jpg?ver=1777497608","caption":"ofiprensa"},"url":"https:\/\/www.ucaldas.edu.co\/portal\/author\/ofiprensa\/"}]}},"_links":{"self":[{"href":"https:\/\/www.ucaldas.edu.co\/portal\/wp-json\/wp\/v2\/posts\/95613","targetHints":{"allow":["GET"]}}],"collection":[{"href":"https:\/\/www.ucaldas.edu.co\/portal\/wp-json\/wp\/v2\/posts"}],"about":[{"href":"https:\/\/www.ucaldas.edu.co\/portal\/wp-json\/wp\/v2\/types\/post"}],"author":[{"embeddable":true,"href":"https:\/\/www.ucaldas.edu.co\/portal\/wp-json\/wp\/v2\/users\/2"}],"replies":[{"embeddable":true,"href":"https:\/\/www.ucaldas.edu.co\/portal\/wp-json\/wp\/v2\/comments?post=95613"}],"version-history":[{"count":0,"href":"https:\/\/www.ucaldas.edu.co\/portal\/wp-json\/wp\/v2\/posts\/95613\/revisions"}],"wp:featuredmedia":[{"embeddable":true,"href":"https:\/\/www.ucaldas.edu.co\/portal\/wp-json\/wp\/v2\/media\/95616"}],"wp:attachment":[{"href":"https:\/\/www.ucaldas.edu.co\/portal\/wp-json\/wp\/v2\/media?parent=95613"}],"wp:term":[{"taxonomy":"category","embeddable":true,"href":"https:\/\/www.ucaldas.edu.co\/portal\/wp-json\/wp\/v2\/categories?post=95613"},{"taxonomy":"post_tag","embeddable":true,"href":"https:\/\/www.ucaldas.edu.co\/portal\/wp-json\/wp\/v2\/tags?post=95613"}],"curies":[{"name":"wp","href":"https:\/\/api.w.org\/{rel}","templated":true}]}}