{"id":95598,"date":"2025-09-16T16:40:33","date_gmt":"2025-09-16T21:40:33","guid":{"rendered":"https:\/\/www.ucaldas.edu.co\/portal\/?p=95598"},"modified":"2025-09-16T16:40:33","modified_gmt":"2025-09-16T21:40:33","slug":"en-el-museo-de-la-u-de-caldas-visite-la-exposicion-fragmentar-la-obsolescencia-formas-de-observar-el-espacio","status":"publish","type":"post","link":"https:\/\/www.ucaldas.edu.co\/portal\/en-el-museo-de-la-u-de-caldas-visite-la-exposicion-fragmentar-la-obsolescencia-formas-de-observar-el-espacio\/","title":{"rendered":"En el Museo de la U de Caldas visite la exposici\u00f3n \u201cFragmentar la obsolescencia. Formas de observar el espacio\u201d"},"content":{"rendered":"<p><img loading=\"lazy\" decoding=\"async\" class=\"alignnone wp-image-95601 size-full\" src=\"https:\/\/www.ucaldas.edu.co\/portal\/wp-content\/uploads\/2025\/09\/2_Museo-Universidad-de-Caldas.jpg\" alt=\"BIENALSUR\" width=\"1080\" height=\"1350\" srcset=\"https:\/\/www.ucaldas.edu.co\/portal\/wp-content\/uploads\/2025\/09\/2_Museo-Universidad-de-Caldas.jpg 1080w, https:\/\/www.ucaldas.edu.co\/portal\/wp-content\/uploads\/2025\/09\/2_Museo-Universidad-de-Caldas-240x300.jpg 240w, https:\/\/www.ucaldas.edu.co\/portal\/wp-content\/uploads\/2025\/09\/2_Museo-Universidad-de-Caldas-819x1024.jpg 819w, https:\/\/www.ucaldas.edu.co\/portal\/wp-content\/uploads\/2025\/09\/2_Museo-Universidad-de-Caldas-768x960.jpg 768w\" sizes=\"auto, (max-width: 1080px) 100vw, 1080px\" \/><\/p>\n<p style=\"text-align: justify;\">El pr\u00f3ximo jueves 18 de septiembre a las 6:30 p. m. se inaugurar\u00e1 en el Museo de la Universidad de Caldas, ubicado en el Centro Cultural Universitario Rogelio Salmona la exposici\u00f3n \u201cFragmentar la obsolescencia. Formas de observar el espacio\u201d, un proyecto curatorial desarrollado en el \u00e1mbito de BIENALSUR 2025. La muestra estar\u00e1 abierta al p\u00fablico hasta el 30 de enero de 2026 en la ciudad de Manizales, como parte del eje Arte y Naturaleza.<!--more--><\/p>\n<p style=\"text-align: justify;\">La curadur\u00eda de esta exposici\u00f3n est\u00e1 a cargo de Clarisa Appendino y Diana B. Wechsler, integrantes del equipo de BIENALSUR, quienes articulan un proyecto de alcance internacional que se despliega en distintas ciudades y pa\u00edses de manera simult\u00e1nea. En Manizales, esta muestra se convierte en una oportunidad \u00fanica para acercar al p\u00fablico a un di\u00e1logo entre el arte, la ciencia y la reflexi\u00f3n ambiental.<\/p>\n<p style=\"text-align: justify;\">Entre los artistas participantes se encuentran Amalia Foka (Grecia), David Franco G\u00e1mez (Colombia), Juan Osorno (Colombia), Marcela Cabutti (Argentina), Mat\u00edas Malizia (Argentina), M\u00f3nica de Miranda (Portugal-Angola) y Nicol\u00e1s Bacal (Argentina), quienes, desde distintas perspectivas, problematizan nuestra relaci\u00f3n con el espacio, el tiempo y los territorios en un contexto de crisis ambiental y extractivismo.<\/p>\n<p style=\"text-align: justify;\"><strong>Sobre el proyecto<\/strong><\/p>\n<p style=\"text-align: justify;\">Este proyecto explora diversas obras que cuestionan la noci\u00f3n moderna de progreso tecnol\u00f3gico y sus consecuencias, proponiendo rupturas y alternativas frente a la caducidad impuesta a la materia, los materiales y los seres. En particular, la exposici\u00f3n \u201cFormas de observar el espacio\u201d centra su mirada en aquello que normalmente consideramos invisible o inmaterial: el espacio mismo y la fuerza de gravedad que lo atraviesa y lo sostiene.<\/p>\n<p style=\"text-align: justify;\">Las piezas expuestas invitan a reflexionar sobre lo que se ha naturalizado y, a menudo, permanece oculto. Desde los ritmos naturales en desequilibrio y destrucci\u00f3n, hasta las capas de contaminaci\u00f3n que se acumulan, las fuerzas magn\u00e9ticas invisibles o la imaginaci\u00f3n c\u00f3smica, las obras transforman materiales como acero, imanes, cemento y cuerdas en soportes que revelan la vitalidad y la agencia de las fuerzas que modelan la existencia.<\/p>\n<p style=\"text-align: justify;\">\u00a0\u201cEste proyecto busca fragmentar la caducidad impuesta sobre nuestra relaci\u00f3n con la materia, el tiempo y los territorios, y abrir nuevas formas de pensar la vida de lo no humano. La particularidad de BIENALSUR es que no sucede en un solo lugar, sino en muchos al mismo tiempo, conectando artistas, instituciones y p\u00fablicos de diferentes contextos\u201d, explic\u00f3 Clarisa Appendino, curadora de la muestra. Con esta iniciativa, Manizales se suma al mapa de instituciones vinculadas a la red internacional de BIENALSUR, consolidando un espacio de intercambio art\u00edstico y cultural de gran relevancia.<\/p>\n<p style=\"text-align: justify;\"><strong>Anexo:<\/strong><\/p>\n<p style=\"text-align: justify;\"><a href=\"https:\/\/www.ucaldas.edu.co\/portal\/wp-content\/uploads\/2025\/09\/Clarisa-Appendino-Equipo-Curatoria-BIENALSUR.mp3\"><strong>-Audio Integrante del Equipo Curatorial BIENALSUR, Clarisa Appendino<\/strong><\/a><\/p>\n<audio class=\"wp-audio-shortcode\" id=\"audio-95598-1\" preload=\"none\" style=\"width: 100%;\" controls=\"controls\"><source type=\"audio\/mpeg\" src=\"https:\/\/www.ucaldas.edu.co\/portal\/wp-content\/uploads\/2025\/09\/Clarisa-Appendino-Equipo-Curatoria-BIENALSUR.mp3?_=1\" \/><a href=\"https:\/\/www.ucaldas.edu.co\/portal\/wp-content\/uploads\/2025\/09\/Clarisa-Appendino-Equipo-Curatoria-BIENALSUR.mp3\">https:\/\/www.ucaldas.edu.co\/portal\/wp-content\/uploads\/2025\/09\/Clarisa-Appendino-Equipo-Curatoria-BIENALSUR.mp3<\/a><\/audio>\n<p style=\"text-align: justify;\"><a href=\"https:\/\/www.ucaldas.edu.co\/portal\/wp-content\/uploads\/2025\/09\/Directora-del-Museo-de-la-Universidad-de-Caldas-Laura-Valeria-Buritica-Quintero.mp3\"><strong>-Audio Directora del Museo de la Universidad de Caldas, Laura Valeria Buritic\u00e1 Quintero<\/strong><\/a><\/p>\n<audio class=\"wp-audio-shortcode\" id=\"audio-95598-2\" preload=\"none\" style=\"width: 100%;\" controls=\"controls\"><source type=\"audio\/mpeg\" src=\"https:\/\/www.ucaldas.edu.co\/portal\/wp-content\/uploads\/2025\/09\/Directora-del-Museo-de-la-Universidad-de-Caldas-Laura-Valeria-Buritica-Quintero.mp3?_=2\" \/><a href=\"https:\/\/www.ucaldas.edu.co\/portal\/wp-content\/uploads\/2025\/09\/Directora-del-Museo-de-la-Universidad-de-Caldas-Laura-Valeria-Buritica-Quintero.mp3\">https:\/\/www.ucaldas.edu.co\/portal\/wp-content\/uploads\/2025\/09\/Directora-del-Museo-de-la-Universidad-de-Caldas-Laura-Valeria-Buritica-Quintero.mp3<\/a><\/audio>\n","protected":false},"excerpt":{"rendered":"<p>El pr\u00f3ximo jueves 18 de septiembre a las 6:30 p. m. se inaugurar\u00e1 en el Museo de la Universidad de Caldas, ubicado en el Centro Cultural Universitario Rogelio Salmona la exposici\u00f3n \u201cFragmentar la obsolescencia. Formas de observar el espacio\u201d, un proyecto curatorial desarrollado en el \u00e1mbito de BIENALSUR 2025. La muestra estar\u00e1 abierta al p\u00fablico [&hellip;]<\/p>\n","protected":false},"author":2,"featured_media":95602,"comment_status":"closed","ping_status":"open","sticky":false,"template":"","format":"standard","meta":{"footnotes":""},"categories":[48,53,664],"tags":[9911,9912],"class_list":["post-95598","post","type-post","status-publish","format-standard","has-post-thumbnail","hentry","category-actualidad","category-universidad-al-dia","category-ucaldas-cultural","tag-bienalsur","tag-museo-universidad-de-caldas"],"yoast_head":"<!-- This site is optimized with the Yoast SEO plugin v27.5 - https:\/\/yoast.com\/product\/yoast-seo-wordpress\/ -->\n<title>En el Museo de la U de Caldas visite la exposici\u00f3n \u201cFragmentar la obsolescencia. Formas de observar el espacio\u201d .<\/title>\n<meta name=\"robots\" content=\"index, follow, max-snippet:-1, max-image-preview:large, max-video-preview:-1\" \/>\n<link rel=\"canonical\" href=\"https:\/\/www.ucaldas.edu.co\/portal\/en-el-museo-de-la-u-de-caldas-visite-la-exposicion-fragmentar-la-obsolescencia-formas-de-observar-el-espacio\/\" \/>\n<script type=\"application\/ld+json\" class=\"yoast-schema-graph\">{\"@context\":\"https:\\\/\\\/schema.org\",\"@graph\":[{\"@type\":\"Article\",\"@id\":\"https:\\\/\\\/www.ucaldas.edu.co\\\/portal\\\/en-el-museo-de-la-u-de-caldas-visite-la-exposicion-fragmentar-la-obsolescencia-formas-de-observar-el-espacio\\\/#article\",\"isPartOf\":{\"@id\":\"https:\\\/\\\/www.ucaldas.edu.co\\\/portal\\\/en-el-museo-de-la-u-de-caldas-visite-la-exposicion-fragmentar-la-obsolescencia-formas-de-observar-el-espacio\\\/\"},\"author\":{\"name\":\"ofiprensa\",\"@id\":\"https:\\\/\\\/www.ucaldas.edu.co\\\/portal\\\/#\\\/schema\\\/person\\\/a1b482e23449158b4bc319926c074fdf\"},\"headline\":\"En el Museo de la U de Caldas visite la exposici\u00f3n \u201cFragmentar la obsolescencia. Formas de observar el espacio\u201d\",\"datePublished\":\"2025-09-16T21:40:33+00:00\",\"mainEntityOfPage\":{\"@id\":\"https:\\\/\\\/www.ucaldas.edu.co\\\/portal\\\/en-el-museo-de-la-u-de-caldas-visite-la-exposicion-fragmentar-la-obsolescencia-formas-de-observar-el-espacio\\\/\"},\"wordCount\":508,\"publisher\":{\"@id\":\"https:\\\/\\\/www.ucaldas.edu.co\\\/portal\\\/#organization\"},\"image\":{\"@id\":\"https:\\\/\\\/www.ucaldas.edu.co\\\/portal\\\/en-el-museo-de-la-u-de-caldas-visite-la-exposicion-fragmentar-la-obsolescencia-formas-de-observar-el-espacio\\\/#primaryimage\"},\"thumbnailUrl\":\"https:\\\/\\\/www.ucaldas.edu.co\\\/portal\\\/wp-content\\\/uploads\\\/2025\\\/09\\\/2_Museo-Universidad-de-Caldas-1-e1758058790106.jpg\",\"keywords\":[\"bienalsur\",\"museo universidad de caldas\"],\"articleSection\":[\"Actualidad\",\"Universidad al D\u00eda\",\"UCaldas Cultural\"],\"inLanguage\":\"es\"},{\"@type\":\"WebPage\",\"@id\":\"https:\\\/\\\/www.ucaldas.edu.co\\\/portal\\\/en-el-museo-de-la-u-de-caldas-visite-la-exposicion-fragmentar-la-obsolescencia-formas-de-observar-el-espacio\\\/\",\"url\":\"https:\\\/\\\/www.ucaldas.edu.co\\\/portal\\\/en-el-museo-de-la-u-de-caldas-visite-la-exposicion-fragmentar-la-obsolescencia-formas-de-observar-el-espacio\\\/\",\"name\":\"En el Museo de la U de Caldas visite la exposici\u00f3n \u201cFragmentar la obsolescencia. Formas de observar el espacio\u201d .\",\"isPartOf\":{\"@id\":\"https:\\\/\\\/www.ucaldas.edu.co\\\/portal\\\/#website\"},\"primaryImageOfPage\":{\"@id\":\"https:\\\/\\\/www.ucaldas.edu.co\\\/portal\\\/en-el-museo-de-la-u-de-caldas-visite-la-exposicion-fragmentar-la-obsolescencia-formas-de-observar-el-espacio\\\/#primaryimage\"},\"image\":{\"@id\":\"https:\\\/\\\/www.ucaldas.edu.co\\\/portal\\\/en-el-museo-de-la-u-de-caldas-visite-la-exposicion-fragmentar-la-obsolescencia-formas-de-observar-el-espacio\\\/#primaryimage\"},\"thumbnailUrl\":\"https:\\\/\\\/www.ucaldas.edu.co\\\/portal\\\/wp-content\\\/uploads\\\/2025\\\/09\\\/2_Museo-Universidad-de-Caldas-1-e1758058790106.jpg\",\"datePublished\":\"2025-09-16T21:40:33+00:00\",\"breadcrumb\":{\"@id\":\"https:\\\/\\\/www.ucaldas.edu.co\\\/portal\\\/en-el-museo-de-la-u-de-caldas-visite-la-exposicion-fragmentar-la-obsolescencia-formas-de-observar-el-espacio\\\/#breadcrumb\"},\"inLanguage\":\"es\",\"potentialAction\":[{\"@type\":\"ReadAction\",\"target\":[\"https:\\\/\\\/www.ucaldas.edu.co\\\/portal\\\/en-el-museo-de-la-u-de-caldas-visite-la-exposicion-fragmentar-la-obsolescencia-formas-de-observar-el-espacio\\\/\"]}]},{\"@type\":\"ImageObject\",\"inLanguage\":\"es\",\"@id\":\"https:\\\/\\\/www.ucaldas.edu.co\\\/portal\\\/en-el-museo-de-la-u-de-caldas-visite-la-exposicion-fragmentar-la-obsolescencia-formas-de-observar-el-espacio\\\/#primaryimage\",\"url\":\"https:\\\/\\\/www.ucaldas.edu.co\\\/portal\\\/wp-content\\\/uploads\\\/2025\\\/09\\\/2_Museo-Universidad-de-Caldas-1-e1758058790106.jpg\",\"contentUrl\":\"https:\\\/\\\/www.ucaldas.edu.co\\\/portal\\\/wp-content\\\/uploads\\\/2025\\\/09\\\/2_Museo-Universidad-de-Caldas-1-e1758058790106.jpg\",\"width\":900,\"height\":1125},{\"@type\":\"BreadcrumbList\",\"@id\":\"https:\\\/\\\/www.ucaldas.edu.co\\\/portal\\\/en-el-museo-de-la-u-de-caldas-visite-la-exposicion-fragmentar-la-obsolescencia-formas-de-observar-el-espacio\\\/#breadcrumb\",\"itemListElement\":[{\"@type\":\"ListItem\",\"position\":1,\"name\":\"Portada\",\"item\":\"https:\\\/\\\/www.ucaldas.edu.co\\\/portal\\\/\"},{\"@type\":\"ListItem\",\"position\":2,\"name\":\"En el Museo de la U de Caldas visite la exposici\u00f3n \u201cFragmentar la obsolescencia. Formas de observar el espacio\u201d\"}]},{\"@type\":\"WebSite\",\"@id\":\"https:\\\/\\\/www.ucaldas.edu.co\\\/portal\\\/#website\",\"url\":\"https:\\\/\\\/www.ucaldas.edu.co\\\/portal\\\/\",\"name\":\"Universidad de Caldas\",\"description\":\"\",\"publisher\":{\"@id\":\"https:\\\/\\\/www.ucaldas.edu.co\\\/portal\\\/#organization\"},\"alternateName\":\"U. de Caldas\",\"potentialAction\":[{\"@type\":\"SearchAction\",\"target\":{\"@type\":\"EntryPoint\",\"urlTemplate\":\"https:\\\/\\\/www.ucaldas.edu.co\\\/portal\\\/?s={search_term_string}\"},\"query-input\":{\"@type\":\"PropertyValueSpecification\",\"valueRequired\":true,\"valueName\":\"search_term_string\"}}],\"inLanguage\":\"es\"},{\"@type\":\"Organization\",\"@id\":\"https:\\\/\\\/www.ucaldas.edu.co\\\/portal\\\/#organization\",\"name\":\"Universidad de Caldas\",\"alternateName\":\"U. de Caldas\",\"url\":\"https:\\\/\\\/www.ucaldas.edu.co\\\/portal\\\/\",\"logo\":{\"@type\":\"ImageObject\",\"inLanguage\":\"es\",\"@id\":\"https:\\\/\\\/www.ucaldas.edu.co\\\/portal\\\/#\\\/schema\\\/logo\\\/image\\\/\",\"url\":\"https:\\\/\\\/www.ucaldas.edu.co\\\/portal\\\/wp-content\\\/uploads\\\/2023\\\/11\\\/Logo_horizontal_oscuroU-2023.png\",\"contentUrl\":\"https:\\\/\\\/www.ucaldas.edu.co\\\/portal\\\/wp-content\\\/uploads\\\/2023\\\/11\\\/Logo_horizontal_oscuroU-2023.png\",\"width\":263,\"height\":101,\"caption\":\"Universidad de Caldas\"},\"image\":{\"@id\":\"https:\\\/\\\/www.ucaldas.edu.co\\\/portal\\\/#\\\/schema\\\/logo\\\/image\\\/\"},\"sameAs\":[\"https:\\\/\\\/www.facebook.com\\\/udecaldas\",\"https:\\\/\\\/x.com\\\/udecaldas\",\"https:\\\/\\\/www.youtube.com\\\/universidadcaldas\",\"https:\\\/\\\/www.instagram.com\\\/udecaldas\\\/\"]},{\"@type\":\"Person\",\"@id\":\"https:\\\/\\\/www.ucaldas.edu.co\\\/portal\\\/#\\\/schema\\\/person\\\/a1b482e23449158b4bc319926c074fdf\",\"name\":\"ofiprensa\",\"image\":{\"@type\":\"ImageObject\",\"inLanguage\":\"es\",\"@id\":\"https:\\\/\\\/www.ucaldas.edu.co\\\/portal\\\/wp-content\\\/litespeed\\\/avatar\\\/09ea5085e600095a7a811142c6944527.jpg?ver=1777497608\",\"url\":\"https:\\\/\\\/www.ucaldas.edu.co\\\/portal\\\/wp-content\\\/litespeed\\\/avatar\\\/09ea5085e600095a7a811142c6944527.jpg?ver=1777497608\",\"contentUrl\":\"https:\\\/\\\/www.ucaldas.edu.co\\\/portal\\\/wp-content\\\/litespeed\\\/avatar\\\/09ea5085e600095a7a811142c6944527.jpg?ver=1777497608\",\"caption\":\"ofiprensa\"},\"url\":\"https:\\\/\\\/www.ucaldas.edu.co\\\/portal\\\/author\\\/ofiprensa\\\/\"}]}<\/script>\n<!-- \/ Yoast SEO plugin. -->","yoast_head_json":{"title":"En el Museo de la U de Caldas visite la exposici\u00f3n \u201cFragmentar la obsolescencia. Formas de observar el espacio\u201d .","robots":{"index":"index","follow":"follow","max-snippet":"max-snippet:-1","max-image-preview":"max-image-preview:large","max-video-preview":"max-video-preview:-1"},"canonical":"https:\/\/www.ucaldas.edu.co\/portal\/en-el-museo-de-la-u-de-caldas-visite-la-exposicion-fragmentar-la-obsolescencia-formas-de-observar-el-espacio\/","schema":{"@context":"https:\/\/schema.org","@graph":[{"@type":"Article","@id":"https:\/\/www.ucaldas.edu.co\/portal\/en-el-museo-de-la-u-de-caldas-visite-la-exposicion-fragmentar-la-obsolescencia-formas-de-observar-el-espacio\/#article","isPartOf":{"@id":"https:\/\/www.ucaldas.edu.co\/portal\/en-el-museo-de-la-u-de-caldas-visite-la-exposicion-fragmentar-la-obsolescencia-formas-de-observar-el-espacio\/"},"author":{"name":"ofiprensa","@id":"https:\/\/www.ucaldas.edu.co\/portal\/#\/schema\/person\/a1b482e23449158b4bc319926c074fdf"},"headline":"En el Museo de la U de Caldas visite la exposici\u00f3n \u201cFragmentar la obsolescencia. Formas de observar el espacio\u201d","datePublished":"2025-09-16T21:40:33+00:00","mainEntityOfPage":{"@id":"https:\/\/www.ucaldas.edu.co\/portal\/en-el-museo-de-la-u-de-caldas-visite-la-exposicion-fragmentar-la-obsolescencia-formas-de-observar-el-espacio\/"},"wordCount":508,"publisher":{"@id":"https:\/\/www.ucaldas.edu.co\/portal\/#organization"},"image":{"@id":"https:\/\/www.ucaldas.edu.co\/portal\/en-el-museo-de-la-u-de-caldas-visite-la-exposicion-fragmentar-la-obsolescencia-formas-de-observar-el-espacio\/#primaryimage"},"thumbnailUrl":"https:\/\/www.ucaldas.edu.co\/portal\/wp-content\/uploads\/2025\/09\/2_Museo-Universidad-de-Caldas-1-e1758058790106.jpg","keywords":["bienalsur","museo universidad de caldas"],"articleSection":["Actualidad","Universidad al D\u00eda","UCaldas Cultural"],"inLanguage":"es"},{"@type":"WebPage","@id":"https:\/\/www.ucaldas.edu.co\/portal\/en-el-museo-de-la-u-de-caldas-visite-la-exposicion-fragmentar-la-obsolescencia-formas-de-observar-el-espacio\/","url":"https:\/\/www.ucaldas.edu.co\/portal\/en-el-museo-de-la-u-de-caldas-visite-la-exposicion-fragmentar-la-obsolescencia-formas-de-observar-el-espacio\/","name":"En el Museo de la U de Caldas visite la exposici\u00f3n \u201cFragmentar la obsolescencia. Formas de observar el espacio\u201d .","isPartOf":{"@id":"https:\/\/www.ucaldas.edu.co\/portal\/#website"},"primaryImageOfPage":{"@id":"https:\/\/www.ucaldas.edu.co\/portal\/en-el-museo-de-la-u-de-caldas-visite-la-exposicion-fragmentar-la-obsolescencia-formas-de-observar-el-espacio\/#primaryimage"},"image":{"@id":"https:\/\/www.ucaldas.edu.co\/portal\/en-el-museo-de-la-u-de-caldas-visite-la-exposicion-fragmentar-la-obsolescencia-formas-de-observar-el-espacio\/#primaryimage"},"thumbnailUrl":"https:\/\/www.ucaldas.edu.co\/portal\/wp-content\/uploads\/2025\/09\/2_Museo-Universidad-de-Caldas-1-e1758058790106.jpg","datePublished":"2025-09-16T21:40:33+00:00","breadcrumb":{"@id":"https:\/\/www.ucaldas.edu.co\/portal\/en-el-museo-de-la-u-de-caldas-visite-la-exposicion-fragmentar-la-obsolescencia-formas-de-observar-el-espacio\/#breadcrumb"},"inLanguage":"es","potentialAction":[{"@type":"ReadAction","target":["https:\/\/www.ucaldas.edu.co\/portal\/en-el-museo-de-la-u-de-caldas-visite-la-exposicion-fragmentar-la-obsolescencia-formas-de-observar-el-espacio\/"]}]},{"@type":"ImageObject","inLanguage":"es","@id":"https:\/\/www.ucaldas.edu.co\/portal\/en-el-museo-de-la-u-de-caldas-visite-la-exposicion-fragmentar-la-obsolescencia-formas-de-observar-el-espacio\/#primaryimage","url":"https:\/\/www.ucaldas.edu.co\/portal\/wp-content\/uploads\/2025\/09\/2_Museo-Universidad-de-Caldas-1-e1758058790106.jpg","contentUrl":"https:\/\/www.ucaldas.edu.co\/portal\/wp-content\/uploads\/2025\/09\/2_Museo-Universidad-de-Caldas-1-e1758058790106.jpg","width":900,"height":1125},{"@type":"BreadcrumbList","@id":"https:\/\/www.ucaldas.edu.co\/portal\/en-el-museo-de-la-u-de-caldas-visite-la-exposicion-fragmentar-la-obsolescencia-formas-de-observar-el-espacio\/#breadcrumb","itemListElement":[{"@type":"ListItem","position":1,"name":"Portada","item":"https:\/\/www.ucaldas.edu.co\/portal\/"},{"@type":"ListItem","position":2,"name":"En el Museo de la U de Caldas visite la exposici\u00f3n \u201cFragmentar la obsolescencia. Formas de observar el espacio\u201d"}]},{"@type":"WebSite","@id":"https:\/\/www.ucaldas.edu.co\/portal\/#website","url":"https:\/\/www.ucaldas.edu.co\/portal\/","name":"Universidad de Caldas","description":"","publisher":{"@id":"https:\/\/www.ucaldas.edu.co\/portal\/#organization"},"alternateName":"U. de Caldas","potentialAction":[{"@type":"SearchAction","target":{"@type":"EntryPoint","urlTemplate":"https:\/\/www.ucaldas.edu.co\/portal\/?s={search_term_string}"},"query-input":{"@type":"PropertyValueSpecification","valueRequired":true,"valueName":"search_term_string"}}],"inLanguage":"es"},{"@type":"Organization","@id":"https:\/\/www.ucaldas.edu.co\/portal\/#organization","name":"Universidad de Caldas","alternateName":"U. de Caldas","url":"https:\/\/www.ucaldas.edu.co\/portal\/","logo":{"@type":"ImageObject","inLanguage":"es","@id":"https:\/\/www.ucaldas.edu.co\/portal\/#\/schema\/logo\/image\/","url":"https:\/\/www.ucaldas.edu.co\/portal\/wp-content\/uploads\/2023\/11\/Logo_horizontal_oscuroU-2023.png","contentUrl":"https:\/\/www.ucaldas.edu.co\/portal\/wp-content\/uploads\/2023\/11\/Logo_horizontal_oscuroU-2023.png","width":263,"height":101,"caption":"Universidad de Caldas"},"image":{"@id":"https:\/\/www.ucaldas.edu.co\/portal\/#\/schema\/logo\/image\/"},"sameAs":["https:\/\/www.facebook.com\/udecaldas","https:\/\/x.com\/udecaldas","https:\/\/www.youtube.com\/universidadcaldas","https:\/\/www.instagram.com\/udecaldas\/"]},{"@type":"Person","@id":"https:\/\/www.ucaldas.edu.co\/portal\/#\/schema\/person\/a1b482e23449158b4bc319926c074fdf","name":"ofiprensa","image":{"@type":"ImageObject","inLanguage":"es","@id":"https:\/\/www.ucaldas.edu.co\/portal\/wp-content\/litespeed\/avatar\/09ea5085e600095a7a811142c6944527.jpg?ver=1777497608","url":"https:\/\/www.ucaldas.edu.co\/portal\/wp-content\/litespeed\/avatar\/09ea5085e600095a7a811142c6944527.jpg?ver=1777497608","contentUrl":"https:\/\/www.ucaldas.edu.co\/portal\/wp-content\/litespeed\/avatar\/09ea5085e600095a7a811142c6944527.jpg?ver=1777497608","caption":"ofiprensa"},"url":"https:\/\/www.ucaldas.edu.co\/portal\/author\/ofiprensa\/"}]}},"_links":{"self":[{"href":"https:\/\/www.ucaldas.edu.co\/portal\/wp-json\/wp\/v2\/posts\/95598","targetHints":{"allow":["GET"]}}],"collection":[{"href":"https:\/\/www.ucaldas.edu.co\/portal\/wp-json\/wp\/v2\/posts"}],"about":[{"href":"https:\/\/www.ucaldas.edu.co\/portal\/wp-json\/wp\/v2\/types\/post"}],"author":[{"embeddable":true,"href":"https:\/\/www.ucaldas.edu.co\/portal\/wp-json\/wp\/v2\/users\/2"}],"replies":[{"embeddable":true,"href":"https:\/\/www.ucaldas.edu.co\/portal\/wp-json\/wp\/v2\/comments?post=95598"}],"version-history":[{"count":0,"href":"https:\/\/www.ucaldas.edu.co\/portal\/wp-json\/wp\/v2\/posts\/95598\/revisions"}],"wp:featuredmedia":[{"embeddable":true,"href":"https:\/\/www.ucaldas.edu.co\/portal\/wp-json\/wp\/v2\/media\/95602"}],"wp:attachment":[{"href":"https:\/\/www.ucaldas.edu.co\/portal\/wp-json\/wp\/v2\/media?parent=95598"}],"wp:term":[{"taxonomy":"category","embeddable":true,"href":"https:\/\/www.ucaldas.edu.co\/portal\/wp-json\/wp\/v2\/categories?post=95598"},{"taxonomy":"post_tag","embeddable":true,"href":"https:\/\/www.ucaldas.edu.co\/portal\/wp-json\/wp\/v2\/tags?post=95598"}],"curies":[{"name":"wp","href":"https:\/\/api.w.org\/{rel}","templated":true}]}}