{"id":95590,"date":"2025-09-16T16:35:32","date_gmt":"2025-09-16T21:35:32","guid":{"rendered":"https:\/\/www.ucaldas.edu.co\/portal\/?p=95590"},"modified":"2025-09-16T16:35:32","modified_gmt":"2025-09-16T21:35:32","slug":"universidad-de-caldas-destaca-en-el-iii-congreso-javeriano-de-geriatria","status":"publish","type":"post","link":"https:\/\/www.ucaldas.edu.co\/portal\/universidad-de-caldas-destaca-en-el-iii-congreso-javeriano-de-geriatria\/","title":{"rendered":"Universidad de Caldas destaca en el III Congreso Javeriano de Geriatr\u00eda"},"content":{"rendered":"<p><img loading=\"lazy\" decoding=\"async\" class=\"alignnone wp-image-95594 size-full\" src=\"https:\/\/www.ucaldas.edu.co\/portal\/wp-content\/uploads\/2025\/09\/02b112da-99df-4b8e-918f-ce2352c61e29.jpg\" alt=\"Trabajo Investigaci\u00f3n Geriatr\u00eda \" width=\"1600\" height=\"1132\" srcset=\"https:\/\/www.ucaldas.edu.co\/portal\/wp-content\/uploads\/2025\/09\/02b112da-99df-4b8e-918f-ce2352c61e29.jpg 1600w, https:\/\/www.ucaldas.edu.co\/portal\/wp-content\/uploads\/2025\/09\/02b112da-99df-4b8e-918f-ce2352c61e29-300x212.jpg 300w, https:\/\/www.ucaldas.edu.co\/portal\/wp-content\/uploads\/2025\/09\/02b112da-99df-4b8e-918f-ce2352c61e29-1024x724.jpg 1024w, https:\/\/www.ucaldas.edu.co\/portal\/wp-content\/uploads\/2025\/09\/02b112da-99df-4b8e-918f-ce2352c61e29-768x543.jpg 768w, https:\/\/www.ucaldas.edu.co\/portal\/wp-content\/uploads\/2025\/09\/02b112da-99df-4b8e-918f-ce2352c61e29-1536x1087.jpg 1536w\" sizes=\"auto, (max-width: 1600px) 100vw, 1600px\" \/><\/p>\n<p style=\"text-align: justify;\">Un equipo de investigadores de la Universidad de Caldas y la Universidad de Manizales obtuvo el primer puesto en el concurso de residentes de geriatr\u00eda del Congreso Javeriano de Geriatr\u00eda, realizado en la ciudad de Bogot\u00e1 del premio Carlos Cano al mejor trabajo de investigaci\u00f3n. <!--more--><\/p>\n<p style=\"text-align: justify;\">El equipo de investigaci\u00f3n estuvo conformado por estudiantes y docentes de ambas universidades, incluyendo a Luis Felipe Aguirre residente de medicina interna y geriatr\u00eda de segundo a\u00f1o de la Universidad de Caldas, docente Sebasti\u00e1n L\u00f3pez, quien es profesor del posgrado de Medicina Interna y Geriatr\u00eda de la Universidad de Caldas y la Universidad de Manizales. Tambi\u00e9n formaron parte del equipo los estudiantes Ang\u00e9lica Mar\u00eda Vallejo de la Universidad de Manizales y Juliana Bola\u00f1os de la Universidad de Caldas, as\u00ed como el doctor Juan David Salazar, residente de segundo a\u00f1o de Medicina Interna de la Universidad de Caldas.<\/p>\n<p style=\"text-align: justify;\">El trabajo de investigaci\u00f3n se centr\u00f3 en la caracterizaci\u00f3n del perfil de resistencia en personas mayores o ancianos en la ciudad de Manizales. Seg\u00fan los investigadores, este tema es de gran importancia debido al vac\u00edo de conocimiento existente en este campo y ese estudio analiz\u00f3 antibiogramas acumulados de varios a\u00f1os para definir el perfil de resistencia en esta poblaci\u00f3n.<\/p>\n<p style=\"text-align: justify;\">\u201cLos resultados del estudio est\u00e1n pendientes de publicaci\u00f3n en una revista cient\u00edfica, lo que permitir\u00e1 compartir los hallazgos con la comunidad acad\u00e9mica y tomar decisiones terap\u00e9uticas informadas en la poblaci\u00f3n anciana atendida en Caldas, principalmente en Manizales\u201d, as\u00ed lo destaco Luis Felipe Aguirre residente de medicina interna y geriatr\u00eda de segundo a\u00f1o de la Universidad de Caldas.<\/p>\n<p style=\"text-align: justify;\">Este logro destaca la colaboraci\u00f3n y el trabajo en equipo entre la Universidad de Caldas y la Universidad de Manizales, que han venido trabajando juntas en el semillero de investigaci\u00f3n. La Universidad de Caldas espera seguir promoviendo la investigaci\u00f3n y la colaboraci\u00f3n interinstitucional en beneficio de la sociedad.<\/p>\n<p style=\"text-align: justify;\"><strong>Anexo <\/strong><\/p>\n<p style=\"text-align: justify;\"><a href=\"https:\/\/www.ucaldas.edu.co\/portal\/wp-content\/uploads\/2025\/09\/Luis-Felipe-Aguirre-residente-de-medicinan-interna-y-geriatria-de-segundo-ano-de-la-Universidad-de-Caldas.mp3\"><strong>-Audio Residente de medicina interna y geriatr\u00eda de segundo a\u00f1o de la Universidad de Caldas &#8211; conforma equipo ganador de investigaci\u00f3n III Congreso Javeriano de Geriatr\u00eda, Luis Felipe Aguirre.<\/strong><\/a><\/p>\n<audio class=\"wp-audio-shortcode\" id=\"audio-95590-1\" preload=\"none\" style=\"width: 100%;\" controls=\"controls\"><source type=\"audio\/mpeg\" src=\"https:\/\/www.ucaldas.edu.co\/portal\/wp-content\/uploads\/2025\/09\/Luis-Felipe-Aguirre-residente-de-medicinan-interna-y-geriatria-de-segundo-ano-de-la-Universidad-de-Caldas.mp3?_=1\" \/><a href=\"https:\/\/www.ucaldas.edu.co\/portal\/wp-content\/uploads\/2025\/09\/Luis-Felipe-Aguirre-residente-de-medicinan-interna-y-geriatria-de-segundo-ano-de-la-Universidad-de-Caldas.mp3\">https:\/\/www.ucaldas.edu.co\/portal\/wp-content\/uploads\/2025\/09\/Luis-Felipe-Aguirre-residente-de-medicinan-interna-y-geriatria-de-segundo-ano-de-la-Universidad-de-Caldas.mp3<\/a><\/audio>\n","protected":false},"excerpt":{"rendered":"<p>Un equipo de investigadores de la Universidad de Caldas y la Universidad de Manizales obtuvo el primer puesto en el concurso de residentes de geriatr\u00eda del Congreso Javeriano de Geriatr\u00eda, realizado en la ciudad de Bogot\u00e1 del premio Carlos Cano al mejor trabajo de investigaci\u00f3n.<\/p>\n","protected":false},"author":2,"featured_media":95594,"comment_status":"closed","ping_status":"open","sticky":false,"template":"","format":"standard","meta":{"footnotes":""},"categories":[48,53],"tags":[9910],"class_list":["post-95590","post","type-post","status-publish","format-standard","has-post-thumbnail","hentry","category-actualidad","category-universidad-al-dia","tag-congreso-javeriano-de-geratria"],"yoast_head":"<!-- This site is optimized with the Yoast SEO plugin v27.5 - https:\/\/yoast.com\/product\/yoast-seo-wordpress\/ -->\n<title>Universidad de Caldas destaca en el III Congreso Javeriano de Geriatr\u00eda .<\/title>\n<meta name=\"robots\" content=\"index, follow, max-snippet:-1, max-image-preview:large, max-video-preview:-1\" \/>\n<link rel=\"canonical\" href=\"https:\/\/www.ucaldas.edu.co\/portal\/universidad-de-caldas-destaca-en-el-iii-congreso-javeriano-de-geriatria\/\" \/>\n<script type=\"application\/ld+json\" class=\"yoast-schema-graph\">{\"@context\":\"https:\\\/\\\/schema.org\",\"@graph\":[{\"@type\":\"Article\",\"@id\":\"https:\\\/\\\/www.ucaldas.edu.co\\\/portal\\\/universidad-de-caldas-destaca-en-el-iii-congreso-javeriano-de-geriatria\\\/#article\",\"isPartOf\":{\"@id\":\"https:\\\/\\\/www.ucaldas.edu.co\\\/portal\\\/universidad-de-caldas-destaca-en-el-iii-congreso-javeriano-de-geriatria\\\/\"},\"author\":{\"name\":\"ofiprensa\",\"@id\":\"https:\\\/\\\/www.ucaldas.edu.co\\\/portal\\\/#\\\/schema\\\/person\\\/a1b482e23449158b4bc319926c074fdf\"},\"headline\":\"Universidad de Caldas destaca en el III Congreso Javeriano de Geriatr\u00eda\",\"datePublished\":\"2025-09-16T21:35:32+00:00\",\"mainEntityOfPage\":{\"@id\":\"https:\\\/\\\/www.ucaldas.edu.co\\\/portal\\\/universidad-de-caldas-destaca-en-el-iii-congreso-javeriano-de-geriatria\\\/\"},\"wordCount\":397,\"publisher\":{\"@id\":\"https:\\\/\\\/www.ucaldas.edu.co\\\/portal\\\/#organization\"},\"image\":{\"@id\":\"https:\\\/\\\/www.ucaldas.edu.co\\\/portal\\\/universidad-de-caldas-destaca-en-el-iii-congreso-javeriano-de-geriatria\\\/#primaryimage\"},\"thumbnailUrl\":\"https:\\\/\\\/www.ucaldas.edu.co\\\/portal\\\/wp-content\\\/uploads\\\/2025\\\/09\\\/02b112da-99df-4b8e-918f-ce2352c61e29.jpg\",\"keywords\":[\"congreso javeriano de geratria\"],\"articleSection\":[\"Actualidad\",\"Universidad al D\u00eda\"],\"inLanguage\":\"es\"},{\"@type\":\"WebPage\",\"@id\":\"https:\\\/\\\/www.ucaldas.edu.co\\\/portal\\\/universidad-de-caldas-destaca-en-el-iii-congreso-javeriano-de-geriatria\\\/\",\"url\":\"https:\\\/\\\/www.ucaldas.edu.co\\\/portal\\\/universidad-de-caldas-destaca-en-el-iii-congreso-javeriano-de-geriatria\\\/\",\"name\":\"Universidad de Caldas destaca en el III Congreso Javeriano de Geriatr\u00eda .\",\"isPartOf\":{\"@id\":\"https:\\\/\\\/www.ucaldas.edu.co\\\/portal\\\/#website\"},\"primaryImageOfPage\":{\"@id\":\"https:\\\/\\\/www.ucaldas.edu.co\\\/portal\\\/universidad-de-caldas-destaca-en-el-iii-congreso-javeriano-de-geriatria\\\/#primaryimage\"},\"image\":{\"@id\":\"https:\\\/\\\/www.ucaldas.edu.co\\\/portal\\\/universidad-de-caldas-destaca-en-el-iii-congreso-javeriano-de-geriatria\\\/#primaryimage\"},\"thumbnailUrl\":\"https:\\\/\\\/www.ucaldas.edu.co\\\/portal\\\/wp-content\\\/uploads\\\/2025\\\/09\\\/02b112da-99df-4b8e-918f-ce2352c61e29.jpg\",\"datePublished\":\"2025-09-16T21:35:32+00:00\",\"breadcrumb\":{\"@id\":\"https:\\\/\\\/www.ucaldas.edu.co\\\/portal\\\/universidad-de-caldas-destaca-en-el-iii-congreso-javeriano-de-geriatria\\\/#breadcrumb\"},\"inLanguage\":\"es\",\"potentialAction\":[{\"@type\":\"ReadAction\",\"target\":[\"https:\\\/\\\/www.ucaldas.edu.co\\\/portal\\\/universidad-de-caldas-destaca-en-el-iii-congreso-javeriano-de-geriatria\\\/\"]}]},{\"@type\":\"ImageObject\",\"inLanguage\":\"es\",\"@id\":\"https:\\\/\\\/www.ucaldas.edu.co\\\/portal\\\/universidad-de-caldas-destaca-en-el-iii-congreso-javeriano-de-geriatria\\\/#primaryimage\",\"url\":\"https:\\\/\\\/www.ucaldas.edu.co\\\/portal\\\/wp-content\\\/uploads\\\/2025\\\/09\\\/02b112da-99df-4b8e-918f-ce2352c61e29.jpg\",\"contentUrl\":\"https:\\\/\\\/www.ucaldas.edu.co\\\/portal\\\/wp-content\\\/uploads\\\/2025\\\/09\\\/02b112da-99df-4b8e-918f-ce2352c61e29.jpg\",\"width\":1600,\"height\":1132,\"caption\":\"Trabajo Investigaci\u00f3n Geriatr\u00eda\"},{\"@type\":\"BreadcrumbList\",\"@id\":\"https:\\\/\\\/www.ucaldas.edu.co\\\/portal\\\/universidad-de-caldas-destaca-en-el-iii-congreso-javeriano-de-geriatria\\\/#breadcrumb\",\"itemListElement\":[{\"@type\":\"ListItem\",\"position\":1,\"name\":\"Portada\",\"item\":\"https:\\\/\\\/www.ucaldas.edu.co\\\/portal\\\/\"},{\"@type\":\"ListItem\",\"position\":2,\"name\":\"Universidad de Caldas destaca en el III Congreso Javeriano de Geriatr\u00eda\"}]},{\"@type\":\"WebSite\",\"@id\":\"https:\\\/\\\/www.ucaldas.edu.co\\\/portal\\\/#website\",\"url\":\"https:\\\/\\\/www.ucaldas.edu.co\\\/portal\\\/\",\"name\":\"Universidad de Caldas\",\"description\":\"\",\"publisher\":{\"@id\":\"https:\\\/\\\/www.ucaldas.edu.co\\\/portal\\\/#organization\"},\"alternateName\":\"U. de Caldas\",\"potentialAction\":[{\"@type\":\"SearchAction\",\"target\":{\"@type\":\"EntryPoint\",\"urlTemplate\":\"https:\\\/\\\/www.ucaldas.edu.co\\\/portal\\\/?s={search_term_string}\"},\"query-input\":{\"@type\":\"PropertyValueSpecification\",\"valueRequired\":true,\"valueName\":\"search_term_string\"}}],\"inLanguage\":\"es\"},{\"@type\":\"Organization\",\"@id\":\"https:\\\/\\\/www.ucaldas.edu.co\\\/portal\\\/#organization\",\"name\":\"Universidad de Caldas\",\"alternateName\":\"U. de Caldas\",\"url\":\"https:\\\/\\\/www.ucaldas.edu.co\\\/portal\\\/\",\"logo\":{\"@type\":\"ImageObject\",\"inLanguage\":\"es\",\"@id\":\"https:\\\/\\\/www.ucaldas.edu.co\\\/portal\\\/#\\\/schema\\\/logo\\\/image\\\/\",\"url\":\"https:\\\/\\\/www.ucaldas.edu.co\\\/portal\\\/wp-content\\\/uploads\\\/2023\\\/11\\\/Logo_horizontal_oscuroU-2023.png\",\"contentUrl\":\"https:\\\/\\\/www.ucaldas.edu.co\\\/portal\\\/wp-content\\\/uploads\\\/2023\\\/11\\\/Logo_horizontal_oscuroU-2023.png\",\"width\":263,\"height\":101,\"caption\":\"Universidad de Caldas\"},\"image\":{\"@id\":\"https:\\\/\\\/www.ucaldas.edu.co\\\/portal\\\/#\\\/schema\\\/logo\\\/image\\\/\"},\"sameAs\":[\"https:\\\/\\\/www.facebook.com\\\/udecaldas\",\"https:\\\/\\\/x.com\\\/udecaldas\",\"https:\\\/\\\/www.youtube.com\\\/universidadcaldas\",\"https:\\\/\\\/www.instagram.com\\\/udecaldas\\\/\"]},{\"@type\":\"Person\",\"@id\":\"https:\\\/\\\/www.ucaldas.edu.co\\\/portal\\\/#\\\/schema\\\/person\\\/a1b482e23449158b4bc319926c074fdf\",\"name\":\"ofiprensa\",\"image\":{\"@type\":\"ImageObject\",\"inLanguage\":\"es\",\"@id\":\"https:\\\/\\\/www.ucaldas.edu.co\\\/portal\\\/wp-content\\\/litespeed\\\/avatar\\\/09ea5085e600095a7a811142c6944527.jpg?ver=1777497608\",\"url\":\"https:\\\/\\\/www.ucaldas.edu.co\\\/portal\\\/wp-content\\\/litespeed\\\/avatar\\\/09ea5085e600095a7a811142c6944527.jpg?ver=1777497608\",\"contentUrl\":\"https:\\\/\\\/www.ucaldas.edu.co\\\/portal\\\/wp-content\\\/litespeed\\\/avatar\\\/09ea5085e600095a7a811142c6944527.jpg?ver=1777497608\",\"caption\":\"ofiprensa\"},\"url\":\"https:\\\/\\\/www.ucaldas.edu.co\\\/portal\\\/author\\\/ofiprensa\\\/\"}]}<\/script>\n<!-- \/ Yoast SEO plugin. -->","yoast_head_json":{"title":"Universidad de Caldas destaca en el III Congreso Javeriano de Geriatr\u00eda .","robots":{"index":"index","follow":"follow","max-snippet":"max-snippet:-1","max-image-preview":"max-image-preview:large","max-video-preview":"max-video-preview:-1"},"canonical":"https:\/\/www.ucaldas.edu.co\/portal\/universidad-de-caldas-destaca-en-el-iii-congreso-javeriano-de-geriatria\/","schema":{"@context":"https:\/\/schema.org","@graph":[{"@type":"Article","@id":"https:\/\/www.ucaldas.edu.co\/portal\/universidad-de-caldas-destaca-en-el-iii-congreso-javeriano-de-geriatria\/#article","isPartOf":{"@id":"https:\/\/www.ucaldas.edu.co\/portal\/universidad-de-caldas-destaca-en-el-iii-congreso-javeriano-de-geriatria\/"},"author":{"name":"ofiprensa","@id":"https:\/\/www.ucaldas.edu.co\/portal\/#\/schema\/person\/a1b482e23449158b4bc319926c074fdf"},"headline":"Universidad de Caldas destaca en el III Congreso Javeriano de Geriatr\u00eda","datePublished":"2025-09-16T21:35:32+00:00","mainEntityOfPage":{"@id":"https:\/\/www.ucaldas.edu.co\/portal\/universidad-de-caldas-destaca-en-el-iii-congreso-javeriano-de-geriatria\/"},"wordCount":397,"publisher":{"@id":"https:\/\/www.ucaldas.edu.co\/portal\/#organization"},"image":{"@id":"https:\/\/www.ucaldas.edu.co\/portal\/universidad-de-caldas-destaca-en-el-iii-congreso-javeriano-de-geriatria\/#primaryimage"},"thumbnailUrl":"https:\/\/www.ucaldas.edu.co\/portal\/wp-content\/uploads\/2025\/09\/02b112da-99df-4b8e-918f-ce2352c61e29.jpg","keywords":["congreso javeriano de geratria"],"articleSection":["Actualidad","Universidad al D\u00eda"],"inLanguage":"es"},{"@type":"WebPage","@id":"https:\/\/www.ucaldas.edu.co\/portal\/universidad-de-caldas-destaca-en-el-iii-congreso-javeriano-de-geriatria\/","url":"https:\/\/www.ucaldas.edu.co\/portal\/universidad-de-caldas-destaca-en-el-iii-congreso-javeriano-de-geriatria\/","name":"Universidad de Caldas destaca en el III Congreso Javeriano de Geriatr\u00eda .","isPartOf":{"@id":"https:\/\/www.ucaldas.edu.co\/portal\/#website"},"primaryImageOfPage":{"@id":"https:\/\/www.ucaldas.edu.co\/portal\/universidad-de-caldas-destaca-en-el-iii-congreso-javeriano-de-geriatria\/#primaryimage"},"image":{"@id":"https:\/\/www.ucaldas.edu.co\/portal\/universidad-de-caldas-destaca-en-el-iii-congreso-javeriano-de-geriatria\/#primaryimage"},"thumbnailUrl":"https:\/\/www.ucaldas.edu.co\/portal\/wp-content\/uploads\/2025\/09\/02b112da-99df-4b8e-918f-ce2352c61e29.jpg","datePublished":"2025-09-16T21:35:32+00:00","breadcrumb":{"@id":"https:\/\/www.ucaldas.edu.co\/portal\/universidad-de-caldas-destaca-en-el-iii-congreso-javeriano-de-geriatria\/#breadcrumb"},"inLanguage":"es","potentialAction":[{"@type":"ReadAction","target":["https:\/\/www.ucaldas.edu.co\/portal\/universidad-de-caldas-destaca-en-el-iii-congreso-javeriano-de-geriatria\/"]}]},{"@type":"ImageObject","inLanguage":"es","@id":"https:\/\/www.ucaldas.edu.co\/portal\/universidad-de-caldas-destaca-en-el-iii-congreso-javeriano-de-geriatria\/#primaryimage","url":"https:\/\/www.ucaldas.edu.co\/portal\/wp-content\/uploads\/2025\/09\/02b112da-99df-4b8e-918f-ce2352c61e29.jpg","contentUrl":"https:\/\/www.ucaldas.edu.co\/portal\/wp-content\/uploads\/2025\/09\/02b112da-99df-4b8e-918f-ce2352c61e29.jpg","width":1600,"height":1132,"caption":"Trabajo Investigaci\u00f3n Geriatr\u00eda"},{"@type":"BreadcrumbList","@id":"https:\/\/www.ucaldas.edu.co\/portal\/universidad-de-caldas-destaca-en-el-iii-congreso-javeriano-de-geriatria\/#breadcrumb","itemListElement":[{"@type":"ListItem","position":1,"name":"Portada","item":"https:\/\/www.ucaldas.edu.co\/portal\/"},{"@type":"ListItem","position":2,"name":"Universidad de Caldas destaca en el III Congreso Javeriano de Geriatr\u00eda"}]},{"@type":"WebSite","@id":"https:\/\/www.ucaldas.edu.co\/portal\/#website","url":"https:\/\/www.ucaldas.edu.co\/portal\/","name":"Universidad de Caldas","description":"","publisher":{"@id":"https:\/\/www.ucaldas.edu.co\/portal\/#organization"},"alternateName":"U. de Caldas","potentialAction":[{"@type":"SearchAction","target":{"@type":"EntryPoint","urlTemplate":"https:\/\/www.ucaldas.edu.co\/portal\/?s={search_term_string}"},"query-input":{"@type":"PropertyValueSpecification","valueRequired":true,"valueName":"search_term_string"}}],"inLanguage":"es"},{"@type":"Organization","@id":"https:\/\/www.ucaldas.edu.co\/portal\/#organization","name":"Universidad de Caldas","alternateName":"U. de Caldas","url":"https:\/\/www.ucaldas.edu.co\/portal\/","logo":{"@type":"ImageObject","inLanguage":"es","@id":"https:\/\/www.ucaldas.edu.co\/portal\/#\/schema\/logo\/image\/","url":"https:\/\/www.ucaldas.edu.co\/portal\/wp-content\/uploads\/2023\/11\/Logo_horizontal_oscuroU-2023.png","contentUrl":"https:\/\/www.ucaldas.edu.co\/portal\/wp-content\/uploads\/2023\/11\/Logo_horizontal_oscuroU-2023.png","width":263,"height":101,"caption":"Universidad de Caldas"},"image":{"@id":"https:\/\/www.ucaldas.edu.co\/portal\/#\/schema\/logo\/image\/"},"sameAs":["https:\/\/www.facebook.com\/udecaldas","https:\/\/x.com\/udecaldas","https:\/\/www.youtube.com\/universidadcaldas","https:\/\/www.instagram.com\/udecaldas\/"]},{"@type":"Person","@id":"https:\/\/www.ucaldas.edu.co\/portal\/#\/schema\/person\/a1b482e23449158b4bc319926c074fdf","name":"ofiprensa","image":{"@type":"ImageObject","inLanguage":"es","@id":"https:\/\/www.ucaldas.edu.co\/portal\/wp-content\/litespeed\/avatar\/09ea5085e600095a7a811142c6944527.jpg?ver=1777497608","url":"https:\/\/www.ucaldas.edu.co\/portal\/wp-content\/litespeed\/avatar\/09ea5085e600095a7a811142c6944527.jpg?ver=1777497608","contentUrl":"https:\/\/www.ucaldas.edu.co\/portal\/wp-content\/litespeed\/avatar\/09ea5085e600095a7a811142c6944527.jpg?ver=1777497608","caption":"ofiprensa"},"url":"https:\/\/www.ucaldas.edu.co\/portal\/author\/ofiprensa\/"}]}},"_links":{"self":[{"href":"https:\/\/www.ucaldas.edu.co\/portal\/wp-json\/wp\/v2\/posts\/95590","targetHints":{"allow":["GET"]}}],"collection":[{"href":"https:\/\/www.ucaldas.edu.co\/portal\/wp-json\/wp\/v2\/posts"}],"about":[{"href":"https:\/\/www.ucaldas.edu.co\/portal\/wp-json\/wp\/v2\/types\/post"}],"author":[{"embeddable":true,"href":"https:\/\/www.ucaldas.edu.co\/portal\/wp-json\/wp\/v2\/users\/2"}],"replies":[{"embeddable":true,"href":"https:\/\/www.ucaldas.edu.co\/portal\/wp-json\/wp\/v2\/comments?post=95590"}],"version-history":[{"count":0,"href":"https:\/\/www.ucaldas.edu.co\/portal\/wp-json\/wp\/v2\/posts\/95590\/revisions"}],"wp:featuredmedia":[{"embeddable":true,"href":"https:\/\/www.ucaldas.edu.co\/portal\/wp-json\/wp\/v2\/media\/95594"}],"wp:attachment":[{"href":"https:\/\/www.ucaldas.edu.co\/portal\/wp-json\/wp\/v2\/media?parent=95590"}],"wp:term":[{"taxonomy":"category","embeddable":true,"href":"https:\/\/www.ucaldas.edu.co\/portal\/wp-json\/wp\/v2\/categories?post=95590"},{"taxonomy":"post_tag","embeddable":true,"href":"https:\/\/www.ucaldas.edu.co\/portal\/wp-json\/wp\/v2\/tags?post=95590"}],"curies":[{"name":"wp","href":"https:\/\/api.w.org\/{rel}","templated":true}]}}