{"id":95154,"date":"2025-09-11T17:43:03","date_gmt":"2025-09-11T22:43:03","guid":{"rendered":"https:\/\/www.ucaldas.edu.co\/portal\/?p=95154"},"modified":"2025-09-18T11:21:10","modified_gmt":"2025-09-18T16:21:10","slug":"aerocivil-cea-y-universidad-de-caldas-sellan-alianza-inedita-para-fortalecer-la-investigacion-e-innovacion-en-el-sector-aeronautico","status":"publish","type":"post","link":"https:\/\/www.ucaldas.edu.co\/portal\/aerocivil-cea-y-universidad-de-caldas-sellan-alianza-inedita-para-fortalecer-la-investigacion-e-innovacion-en-el-sector-aeronautico\/","title":{"rendered":"Aerocivil y Universidad de Caldas sellan alianza in\u00e9dita para fortalecer la investigaci\u00f3n e innovaci\u00f3n en el sector aeron\u00e1utico"},"content":{"rendered":"<p><img loading=\"lazy\" decoding=\"async\" class=\"alignnone wp-image-95155 size-full\" src=\"https:\/\/www.ucaldas.edu.co\/portal\/wp-content\/uploads\/2025\/09\/Aeronautica-civil.png\" alt=\"Aeronautica Civil\" width=\"809\" height=\"456\" srcset=\"https:\/\/www.ucaldas.edu.co\/portal\/wp-content\/uploads\/2025\/09\/Aeronautica-civil.png 809w, https:\/\/www.ucaldas.edu.co\/portal\/wp-content\/uploads\/2025\/09\/Aeronautica-civil-300x169.png 300w, https:\/\/www.ucaldas.edu.co\/portal\/wp-content\/uploads\/2025\/09\/Aeronautica-civil-768x433.png 768w\" sizes=\"auto, (max-width: 809px) 100vw, 809px\" \/><\/p>\n<p style=\"text-align: justify;\">La Aeron\u00e1utica Civil de Colombia, el Centro de Estudios Aeron\u00e1uticos (CEA) y la Universidad de Caldas anunciaron el inicio de una alianza estrat\u00e9gica que marca un hecho sin precedentes en la historia institucional del pa\u00eds. Este acuerdo busca articular capacidades acad\u00e9micas, cient\u00edficas y regulatorias con el fin de potenciar el ecosistema aeron\u00e1utico colombiano a trav\u00e9s de la investigaci\u00f3n, la innovaci\u00f3n y la formaci\u00f3n de talento especializado.<!--more--><\/p>\n<p style=\"text-align: justify;\">En el encuentro participaron el general (R) Jos\u00e9 Henry Pinto, Director General de la Aeron\u00e1utica Civil; el doctor Rafael Cerpa, Director de Investigaci\u00f3n, Innovaci\u00f3n y Gesti\u00f3n del Conocimiento; y el doctor Joselyn Z\u00e1rate, Secretario General del CEA. Por parte de la Universidad de Caldas estuvieron presentes el rector, doctor Fabio Hernando Arias; el vicerrector de Investigaciones y Posgrados, doctor H\u00e9ctor Fabio Torres; y el director de la Oficina de Transferencia de Resultados de Investigaci\u00f3n (OTRI), doctor Sandro Villamil.<\/p>\n<p style=\"text-align: justify;\">La alianza contempla el desarrollo de proyectos conjuntos en temas como el impulso y aplicaci\u00f3n de combustibles sostenibles de aviaci\u00f3n (SAF, por sus siglas en ingl\u00e9s), la incorporaci\u00f3n de nuevas tecnolog\u00edas, el uso de inteligencia artificial en procesos log\u00edsticos y operativos, as\u00ed como la formaci\u00f3n especializada que responda a los retos del transporte a\u00e9reo contempor\u00e1neo. Con ello, Colombia busca avanzar en la reducci\u00f3n de emisiones, aline\u00e1ndose con los lineamientos internacionales de la Organizaci\u00f3n de Aviaci\u00f3n Civil Internacional (OACI).<\/p>\n<p style=\"text-align: justify;\">Aunque la Universidad de Caldas no cuenta con programas aeron\u00e1uticos, s\u00ed tiene una fortaleza en doctorados y programas en \u00e1reas como inteligencia artificial, mecatr\u00f3nica, salud, ciencias sociales y geolog\u00eda. Estas capacidades acad\u00e9micas y de investigaci\u00f3n fueron vistas por la Aerocivil y el CEA como una oportunidad estrat\u00e9gica para abordar problem\u00e1ticas complejas del sector, articulando la experiencia universitaria con la regulaci\u00f3n y la operaci\u00f3n aeron\u00e1utica en el pa\u00eds.<\/p>\n<p style=\"text-align: justify;\">El vicerrector de Investigaciones y Posgrados de la Universidad de Caldas, H\u00e9ctor Fabio Torres, destac\u00f3: \u201cDefinimos los par\u00e1metros de un convenio que permitir\u00e1 fortalecer a ambas instituciones desde una perspectiva acad\u00e9mica de investigaci\u00f3n, innovaci\u00f3n e impacto social. Nuestra meta es aportar en campos como los estudios energ\u00e9ticos, el desarrollo de prototipos, las aplicaciones de inteligencia artificial y la log\u00edstica vinculadas al sector aeron\u00e1utico, contribuyendo al desarrollo y la competitividad del pa\u00eds\u201d.<\/p>\n<p style=\"text-align: justify;\">Este convenio tambi\u00e9n es resultado de la trayectoria de la Universidad de Caldas en proyectos con el sector defensa, donde ha demostrado su capacidad de generar soluciones de alto impacto. Dicho reconocimiento llev\u00f3 a que la instituci\u00f3n fuera recomendada como aliado estrat\u00e9gico para responder a las necesidades del sector aeron\u00e1utico, especialmente en investigaci\u00f3n aplicada y construcci\u00f3n de programas acad\u00e9micos en conjunto con el CEA, que act\u00faa como ente regulador en Colombia.<\/p>\n<p style=\"text-align: justify;\">Con esta alianza, la Aeron\u00e1utica Civil, el CEA y la Universidad de Caldas reafirman su compromiso con la construcci\u00f3n de un futuro sostenible para la aviaci\u00f3n nacional, basado en innovaci\u00f3n, formaci\u00f3n y desarrollo tecnol\u00f3gico. Se espera que en las pr\u00f3ximas semanas se formalice el convenio marco, dando inicio a un plan de trabajo que posicionar\u00e1 a Colombia como referente regional en transici\u00f3n energ\u00e9tica, competitividad y excelencia acad\u00e9mica en el sector aeron\u00e1utico.<\/p>\n<p style=\"text-align: justify;\"><strong>Anexo:<\/strong><\/p>\n<p style=\"text-align: justify;\"><a href=\"https:\/\/www.ucaldas.edu.co\/portal\/wp-content\/uploads\/2025\/09\/Vicerrector-de-investigacion-y-posgrados-Hector-Fabio-torres.mp3\"><strong>-Audio Vicerrector de investigaci\u00f3n y posgrados, H\u00e9ctor Fabio torres<\/strong><\/a><\/p>\n<audio class=\"wp-audio-shortcode\" id=\"audio-95154-1\" preload=\"none\" style=\"width: 100%;\" controls=\"controls\"><source type=\"audio\/mpeg\" src=\"https:\/\/www.ucaldas.edu.co\/portal\/wp-content\/uploads\/2025\/09\/Vicerrector-de-investigacion-y-posgrados-Hector-Fabio-torres.mp3?_=1\" \/><a href=\"https:\/\/www.ucaldas.edu.co\/portal\/wp-content\/uploads\/2025\/09\/Vicerrector-de-investigacion-y-posgrados-Hector-Fabio-torres.mp3\">https:\/\/www.ucaldas.edu.co\/portal\/wp-content\/uploads\/2025\/09\/Vicerrector-de-investigacion-y-posgrados-Hector-Fabio-torres.mp3<\/a><\/audio>\n","protected":false},"excerpt":{"rendered":"<p>La Aeron\u00e1utica Civil de Colombia, el Centro de Estudios Aeron\u00e1uticos (CEA) y la Universidad de Caldas anunciaron el inicio de una alianza estrat\u00e9gica que marca un hecho sin precedentes en la historia institucional del pa\u00eds. Este acuerdo busca articular capacidades acad\u00e9micas, cient\u00edficas y regulatorias con el fin de potenciar el ecosistema aeron\u00e1utico colombiano a trav\u00e9s [&hellip;]<\/p>\n","protected":false},"author":2,"featured_media":95155,"comment_status":"closed","ping_status":"open","sticky":false,"template":"","format":"standard","meta":{"footnotes":""},"categories":[53,9799,48],"tags":[9909],"class_list":["post-95154","post","type-post","status-publish","format-standard","has-post-thumbnail","hentry","category-universidad-al-dia","category-destacados","category-actualidad","tag-aeronautica-civil"],"yoast_head":"<!-- This site is optimized with the Yoast SEO plugin v27.5 - https:\/\/yoast.com\/product\/yoast-seo-wordpress\/ -->\n<title>Aerocivil y Universidad de Caldas sellan alianza in\u00e9dita para fortalecer la investigaci\u00f3n e innovaci\u00f3n en el sector aeron\u00e1utico .<\/title>\n<meta name=\"robots\" content=\"index, follow, max-snippet:-1, max-image-preview:large, max-video-preview:-1\" \/>\n<link rel=\"canonical\" href=\"https:\/\/www.ucaldas.edu.co\/portal\/aerocivil-cea-y-universidad-de-caldas-sellan-alianza-inedita-para-fortalecer-la-investigacion-e-innovacion-en-el-sector-aeronautico\/\" \/>\n<script type=\"application\/ld+json\" class=\"yoast-schema-graph\">{\"@context\":\"https:\\\/\\\/schema.org\",\"@graph\":[{\"@type\":\"Article\",\"@id\":\"https:\\\/\\\/www.ucaldas.edu.co\\\/portal\\\/aerocivil-cea-y-universidad-de-caldas-sellan-alianza-inedita-para-fortalecer-la-investigacion-e-innovacion-en-el-sector-aeronautico\\\/#article\",\"isPartOf\":{\"@id\":\"https:\\\/\\\/www.ucaldas.edu.co\\\/portal\\\/aerocivil-cea-y-universidad-de-caldas-sellan-alianza-inedita-para-fortalecer-la-investigacion-e-innovacion-en-el-sector-aeronautico\\\/\"},\"author\":{\"name\":\"ofiprensa\",\"@id\":\"https:\\\/\\\/www.ucaldas.edu.co\\\/portal\\\/#\\\/schema\\\/person\\\/a1b482e23449158b4bc319926c074fdf\"},\"headline\":\"Aerocivil y Universidad de Caldas sellan alianza in\u00e9dita para fortalecer la investigaci\u00f3n e innovaci\u00f3n en el sector aeron\u00e1utico\",\"datePublished\":\"2025-09-11T22:43:03+00:00\",\"dateModified\":\"2025-09-18T16:21:10+00:00\",\"mainEntityOfPage\":{\"@id\":\"https:\\\/\\\/www.ucaldas.edu.co\\\/portal\\\/aerocivil-cea-y-universidad-de-caldas-sellan-alianza-inedita-para-fortalecer-la-investigacion-e-innovacion-en-el-sector-aeronautico\\\/\"},\"wordCount\":619,\"publisher\":{\"@id\":\"https:\\\/\\\/www.ucaldas.edu.co\\\/portal\\\/#organization\"},\"image\":{\"@id\":\"https:\\\/\\\/www.ucaldas.edu.co\\\/portal\\\/aerocivil-cea-y-universidad-de-caldas-sellan-alianza-inedita-para-fortalecer-la-investigacion-e-innovacion-en-el-sector-aeronautico\\\/#primaryimage\"},\"thumbnailUrl\":\"https:\\\/\\\/www.ucaldas.edu.co\\\/portal\\\/wp-content\\\/uploads\\\/2025\\\/09\\\/Aeronautica-civil.png\",\"keywords\":[\"Aeron\u00e1utica civil\"],\"articleSection\":[\"Universidad al D\u00eda\",\"Destacados\",\"Actualidad\"],\"inLanguage\":\"es\"},{\"@type\":\"WebPage\",\"@id\":\"https:\\\/\\\/www.ucaldas.edu.co\\\/portal\\\/aerocivil-cea-y-universidad-de-caldas-sellan-alianza-inedita-para-fortalecer-la-investigacion-e-innovacion-en-el-sector-aeronautico\\\/\",\"url\":\"https:\\\/\\\/www.ucaldas.edu.co\\\/portal\\\/aerocivil-cea-y-universidad-de-caldas-sellan-alianza-inedita-para-fortalecer-la-investigacion-e-innovacion-en-el-sector-aeronautico\\\/\",\"name\":\"Aerocivil y Universidad de Caldas sellan alianza in\u00e9dita para fortalecer la investigaci\u00f3n e innovaci\u00f3n en el sector aeron\u00e1utico .\",\"isPartOf\":{\"@id\":\"https:\\\/\\\/www.ucaldas.edu.co\\\/portal\\\/#website\"},\"primaryImageOfPage\":{\"@id\":\"https:\\\/\\\/www.ucaldas.edu.co\\\/portal\\\/aerocivil-cea-y-universidad-de-caldas-sellan-alianza-inedita-para-fortalecer-la-investigacion-e-innovacion-en-el-sector-aeronautico\\\/#primaryimage\"},\"image\":{\"@id\":\"https:\\\/\\\/www.ucaldas.edu.co\\\/portal\\\/aerocivil-cea-y-universidad-de-caldas-sellan-alianza-inedita-para-fortalecer-la-investigacion-e-innovacion-en-el-sector-aeronautico\\\/#primaryimage\"},\"thumbnailUrl\":\"https:\\\/\\\/www.ucaldas.edu.co\\\/portal\\\/wp-content\\\/uploads\\\/2025\\\/09\\\/Aeronautica-civil.png\",\"datePublished\":\"2025-09-11T22:43:03+00:00\",\"dateModified\":\"2025-09-18T16:21:10+00:00\",\"breadcrumb\":{\"@id\":\"https:\\\/\\\/www.ucaldas.edu.co\\\/portal\\\/aerocivil-cea-y-universidad-de-caldas-sellan-alianza-inedita-para-fortalecer-la-investigacion-e-innovacion-en-el-sector-aeronautico\\\/#breadcrumb\"},\"inLanguage\":\"es\",\"potentialAction\":[{\"@type\":\"ReadAction\",\"target\":[\"https:\\\/\\\/www.ucaldas.edu.co\\\/portal\\\/aerocivil-cea-y-universidad-de-caldas-sellan-alianza-inedita-para-fortalecer-la-investigacion-e-innovacion-en-el-sector-aeronautico\\\/\"]}]},{\"@type\":\"ImageObject\",\"inLanguage\":\"es\",\"@id\":\"https:\\\/\\\/www.ucaldas.edu.co\\\/portal\\\/aerocivil-cea-y-universidad-de-caldas-sellan-alianza-inedita-para-fortalecer-la-investigacion-e-innovacion-en-el-sector-aeronautico\\\/#primaryimage\",\"url\":\"https:\\\/\\\/www.ucaldas.edu.co\\\/portal\\\/wp-content\\\/uploads\\\/2025\\\/09\\\/Aeronautica-civil.png\",\"contentUrl\":\"https:\\\/\\\/www.ucaldas.edu.co\\\/portal\\\/wp-content\\\/uploads\\\/2025\\\/09\\\/Aeronautica-civil.png\",\"width\":809,\"height\":456,\"caption\":\"Aeronautica Civil\"},{\"@type\":\"BreadcrumbList\",\"@id\":\"https:\\\/\\\/www.ucaldas.edu.co\\\/portal\\\/aerocivil-cea-y-universidad-de-caldas-sellan-alianza-inedita-para-fortalecer-la-investigacion-e-innovacion-en-el-sector-aeronautico\\\/#breadcrumb\",\"itemListElement\":[{\"@type\":\"ListItem\",\"position\":1,\"name\":\"Portada\",\"item\":\"https:\\\/\\\/www.ucaldas.edu.co\\\/portal\\\/\"},{\"@type\":\"ListItem\",\"position\":2,\"name\":\"Aerocivil y Universidad de Caldas sellan alianza in\u00e9dita para fortalecer la investigaci\u00f3n e innovaci\u00f3n en el sector aeron\u00e1utico\"}]},{\"@type\":\"WebSite\",\"@id\":\"https:\\\/\\\/www.ucaldas.edu.co\\\/portal\\\/#website\",\"url\":\"https:\\\/\\\/www.ucaldas.edu.co\\\/portal\\\/\",\"name\":\"Universidad de Caldas\",\"description\":\"\",\"publisher\":{\"@id\":\"https:\\\/\\\/www.ucaldas.edu.co\\\/portal\\\/#organization\"},\"alternateName\":\"U. de Caldas\",\"potentialAction\":[{\"@type\":\"SearchAction\",\"target\":{\"@type\":\"EntryPoint\",\"urlTemplate\":\"https:\\\/\\\/www.ucaldas.edu.co\\\/portal\\\/?s={search_term_string}\"},\"query-input\":{\"@type\":\"PropertyValueSpecification\",\"valueRequired\":true,\"valueName\":\"search_term_string\"}}],\"inLanguage\":\"es\"},{\"@type\":\"Organization\",\"@id\":\"https:\\\/\\\/www.ucaldas.edu.co\\\/portal\\\/#organization\",\"name\":\"Universidad de Caldas\",\"alternateName\":\"U. de Caldas\",\"url\":\"https:\\\/\\\/www.ucaldas.edu.co\\\/portal\\\/\",\"logo\":{\"@type\":\"ImageObject\",\"inLanguage\":\"es\",\"@id\":\"https:\\\/\\\/www.ucaldas.edu.co\\\/portal\\\/#\\\/schema\\\/logo\\\/image\\\/\",\"url\":\"https:\\\/\\\/www.ucaldas.edu.co\\\/portal\\\/wp-content\\\/uploads\\\/2023\\\/11\\\/Logo_horizontal_oscuroU-2023.png\",\"contentUrl\":\"https:\\\/\\\/www.ucaldas.edu.co\\\/portal\\\/wp-content\\\/uploads\\\/2023\\\/11\\\/Logo_horizontal_oscuroU-2023.png\",\"width\":263,\"height\":101,\"caption\":\"Universidad de Caldas\"},\"image\":{\"@id\":\"https:\\\/\\\/www.ucaldas.edu.co\\\/portal\\\/#\\\/schema\\\/logo\\\/image\\\/\"},\"sameAs\":[\"https:\\\/\\\/www.facebook.com\\\/udecaldas\",\"https:\\\/\\\/x.com\\\/udecaldas\",\"https:\\\/\\\/www.youtube.com\\\/universidadcaldas\",\"https:\\\/\\\/www.instagram.com\\\/udecaldas\\\/\"]},{\"@type\":\"Person\",\"@id\":\"https:\\\/\\\/www.ucaldas.edu.co\\\/portal\\\/#\\\/schema\\\/person\\\/a1b482e23449158b4bc319926c074fdf\",\"name\":\"ofiprensa\",\"image\":{\"@type\":\"ImageObject\",\"inLanguage\":\"es\",\"@id\":\"https:\\\/\\\/www.ucaldas.edu.co\\\/portal\\\/wp-content\\\/litespeed\\\/avatar\\\/09ea5085e600095a7a811142c6944527.jpg?ver=1777497608\",\"url\":\"https:\\\/\\\/www.ucaldas.edu.co\\\/portal\\\/wp-content\\\/litespeed\\\/avatar\\\/09ea5085e600095a7a811142c6944527.jpg?ver=1777497608\",\"contentUrl\":\"https:\\\/\\\/www.ucaldas.edu.co\\\/portal\\\/wp-content\\\/litespeed\\\/avatar\\\/09ea5085e600095a7a811142c6944527.jpg?ver=1777497608\",\"caption\":\"ofiprensa\"},\"url\":\"https:\\\/\\\/www.ucaldas.edu.co\\\/portal\\\/author\\\/ofiprensa\\\/\"}]}<\/script>\n<!-- \/ Yoast SEO plugin. -->","yoast_head_json":{"title":"Aerocivil y Universidad de Caldas sellan alianza in\u00e9dita para fortalecer la investigaci\u00f3n e innovaci\u00f3n en el sector aeron\u00e1utico .","robots":{"index":"index","follow":"follow","max-snippet":"max-snippet:-1","max-image-preview":"max-image-preview:large","max-video-preview":"max-video-preview:-1"},"canonical":"https:\/\/www.ucaldas.edu.co\/portal\/aerocivil-cea-y-universidad-de-caldas-sellan-alianza-inedita-para-fortalecer-la-investigacion-e-innovacion-en-el-sector-aeronautico\/","schema":{"@context":"https:\/\/schema.org","@graph":[{"@type":"Article","@id":"https:\/\/www.ucaldas.edu.co\/portal\/aerocivil-cea-y-universidad-de-caldas-sellan-alianza-inedita-para-fortalecer-la-investigacion-e-innovacion-en-el-sector-aeronautico\/#article","isPartOf":{"@id":"https:\/\/www.ucaldas.edu.co\/portal\/aerocivil-cea-y-universidad-de-caldas-sellan-alianza-inedita-para-fortalecer-la-investigacion-e-innovacion-en-el-sector-aeronautico\/"},"author":{"name":"ofiprensa","@id":"https:\/\/www.ucaldas.edu.co\/portal\/#\/schema\/person\/a1b482e23449158b4bc319926c074fdf"},"headline":"Aerocivil y Universidad de Caldas sellan alianza in\u00e9dita para fortalecer la investigaci\u00f3n e innovaci\u00f3n en el sector aeron\u00e1utico","datePublished":"2025-09-11T22:43:03+00:00","dateModified":"2025-09-18T16:21:10+00:00","mainEntityOfPage":{"@id":"https:\/\/www.ucaldas.edu.co\/portal\/aerocivil-cea-y-universidad-de-caldas-sellan-alianza-inedita-para-fortalecer-la-investigacion-e-innovacion-en-el-sector-aeronautico\/"},"wordCount":619,"publisher":{"@id":"https:\/\/www.ucaldas.edu.co\/portal\/#organization"},"image":{"@id":"https:\/\/www.ucaldas.edu.co\/portal\/aerocivil-cea-y-universidad-de-caldas-sellan-alianza-inedita-para-fortalecer-la-investigacion-e-innovacion-en-el-sector-aeronautico\/#primaryimage"},"thumbnailUrl":"https:\/\/www.ucaldas.edu.co\/portal\/wp-content\/uploads\/2025\/09\/Aeronautica-civil.png","keywords":["Aeron\u00e1utica civil"],"articleSection":["Universidad al D\u00eda","Destacados","Actualidad"],"inLanguage":"es"},{"@type":"WebPage","@id":"https:\/\/www.ucaldas.edu.co\/portal\/aerocivil-cea-y-universidad-de-caldas-sellan-alianza-inedita-para-fortalecer-la-investigacion-e-innovacion-en-el-sector-aeronautico\/","url":"https:\/\/www.ucaldas.edu.co\/portal\/aerocivil-cea-y-universidad-de-caldas-sellan-alianza-inedita-para-fortalecer-la-investigacion-e-innovacion-en-el-sector-aeronautico\/","name":"Aerocivil y Universidad de Caldas sellan alianza in\u00e9dita para fortalecer la investigaci\u00f3n e innovaci\u00f3n en el sector aeron\u00e1utico .","isPartOf":{"@id":"https:\/\/www.ucaldas.edu.co\/portal\/#website"},"primaryImageOfPage":{"@id":"https:\/\/www.ucaldas.edu.co\/portal\/aerocivil-cea-y-universidad-de-caldas-sellan-alianza-inedita-para-fortalecer-la-investigacion-e-innovacion-en-el-sector-aeronautico\/#primaryimage"},"image":{"@id":"https:\/\/www.ucaldas.edu.co\/portal\/aerocivil-cea-y-universidad-de-caldas-sellan-alianza-inedita-para-fortalecer-la-investigacion-e-innovacion-en-el-sector-aeronautico\/#primaryimage"},"thumbnailUrl":"https:\/\/www.ucaldas.edu.co\/portal\/wp-content\/uploads\/2025\/09\/Aeronautica-civil.png","datePublished":"2025-09-11T22:43:03+00:00","dateModified":"2025-09-18T16:21:10+00:00","breadcrumb":{"@id":"https:\/\/www.ucaldas.edu.co\/portal\/aerocivil-cea-y-universidad-de-caldas-sellan-alianza-inedita-para-fortalecer-la-investigacion-e-innovacion-en-el-sector-aeronautico\/#breadcrumb"},"inLanguage":"es","potentialAction":[{"@type":"ReadAction","target":["https:\/\/www.ucaldas.edu.co\/portal\/aerocivil-cea-y-universidad-de-caldas-sellan-alianza-inedita-para-fortalecer-la-investigacion-e-innovacion-en-el-sector-aeronautico\/"]}]},{"@type":"ImageObject","inLanguage":"es","@id":"https:\/\/www.ucaldas.edu.co\/portal\/aerocivil-cea-y-universidad-de-caldas-sellan-alianza-inedita-para-fortalecer-la-investigacion-e-innovacion-en-el-sector-aeronautico\/#primaryimage","url":"https:\/\/www.ucaldas.edu.co\/portal\/wp-content\/uploads\/2025\/09\/Aeronautica-civil.png","contentUrl":"https:\/\/www.ucaldas.edu.co\/portal\/wp-content\/uploads\/2025\/09\/Aeronautica-civil.png","width":809,"height":456,"caption":"Aeronautica Civil"},{"@type":"BreadcrumbList","@id":"https:\/\/www.ucaldas.edu.co\/portal\/aerocivil-cea-y-universidad-de-caldas-sellan-alianza-inedita-para-fortalecer-la-investigacion-e-innovacion-en-el-sector-aeronautico\/#breadcrumb","itemListElement":[{"@type":"ListItem","position":1,"name":"Portada","item":"https:\/\/www.ucaldas.edu.co\/portal\/"},{"@type":"ListItem","position":2,"name":"Aerocivil y Universidad de Caldas sellan alianza in\u00e9dita para fortalecer la investigaci\u00f3n e innovaci\u00f3n en el sector aeron\u00e1utico"}]},{"@type":"WebSite","@id":"https:\/\/www.ucaldas.edu.co\/portal\/#website","url":"https:\/\/www.ucaldas.edu.co\/portal\/","name":"Universidad de Caldas","description":"","publisher":{"@id":"https:\/\/www.ucaldas.edu.co\/portal\/#organization"},"alternateName":"U. de Caldas","potentialAction":[{"@type":"SearchAction","target":{"@type":"EntryPoint","urlTemplate":"https:\/\/www.ucaldas.edu.co\/portal\/?s={search_term_string}"},"query-input":{"@type":"PropertyValueSpecification","valueRequired":true,"valueName":"search_term_string"}}],"inLanguage":"es"},{"@type":"Organization","@id":"https:\/\/www.ucaldas.edu.co\/portal\/#organization","name":"Universidad de Caldas","alternateName":"U. de Caldas","url":"https:\/\/www.ucaldas.edu.co\/portal\/","logo":{"@type":"ImageObject","inLanguage":"es","@id":"https:\/\/www.ucaldas.edu.co\/portal\/#\/schema\/logo\/image\/","url":"https:\/\/www.ucaldas.edu.co\/portal\/wp-content\/uploads\/2023\/11\/Logo_horizontal_oscuroU-2023.png","contentUrl":"https:\/\/www.ucaldas.edu.co\/portal\/wp-content\/uploads\/2023\/11\/Logo_horizontal_oscuroU-2023.png","width":263,"height":101,"caption":"Universidad de Caldas"},"image":{"@id":"https:\/\/www.ucaldas.edu.co\/portal\/#\/schema\/logo\/image\/"},"sameAs":["https:\/\/www.facebook.com\/udecaldas","https:\/\/x.com\/udecaldas","https:\/\/www.youtube.com\/universidadcaldas","https:\/\/www.instagram.com\/udecaldas\/"]},{"@type":"Person","@id":"https:\/\/www.ucaldas.edu.co\/portal\/#\/schema\/person\/a1b482e23449158b4bc319926c074fdf","name":"ofiprensa","image":{"@type":"ImageObject","inLanguage":"es","@id":"https:\/\/www.ucaldas.edu.co\/portal\/wp-content\/litespeed\/avatar\/09ea5085e600095a7a811142c6944527.jpg?ver=1777497608","url":"https:\/\/www.ucaldas.edu.co\/portal\/wp-content\/litespeed\/avatar\/09ea5085e600095a7a811142c6944527.jpg?ver=1777497608","contentUrl":"https:\/\/www.ucaldas.edu.co\/portal\/wp-content\/litespeed\/avatar\/09ea5085e600095a7a811142c6944527.jpg?ver=1777497608","caption":"ofiprensa"},"url":"https:\/\/www.ucaldas.edu.co\/portal\/author\/ofiprensa\/"}]}},"_links":{"self":[{"href":"https:\/\/www.ucaldas.edu.co\/portal\/wp-json\/wp\/v2\/posts\/95154","targetHints":{"allow":["GET"]}}],"collection":[{"href":"https:\/\/www.ucaldas.edu.co\/portal\/wp-json\/wp\/v2\/posts"}],"about":[{"href":"https:\/\/www.ucaldas.edu.co\/portal\/wp-json\/wp\/v2\/types\/post"}],"author":[{"embeddable":true,"href":"https:\/\/www.ucaldas.edu.co\/portal\/wp-json\/wp\/v2\/users\/2"}],"replies":[{"embeddable":true,"href":"https:\/\/www.ucaldas.edu.co\/portal\/wp-json\/wp\/v2\/comments?post=95154"}],"version-history":[{"count":0,"href":"https:\/\/www.ucaldas.edu.co\/portal\/wp-json\/wp\/v2\/posts\/95154\/revisions"}],"wp:featuredmedia":[{"embeddable":true,"href":"https:\/\/www.ucaldas.edu.co\/portal\/wp-json\/wp\/v2\/media\/95155"}],"wp:attachment":[{"href":"https:\/\/www.ucaldas.edu.co\/portal\/wp-json\/wp\/v2\/media?parent=95154"}],"wp:term":[{"taxonomy":"category","embeddable":true,"href":"https:\/\/www.ucaldas.edu.co\/portal\/wp-json\/wp\/v2\/categories?post=95154"},{"taxonomy":"post_tag","embeddable":true,"href":"https:\/\/www.ucaldas.edu.co\/portal\/wp-json\/wp\/v2\/tags?post=95154"}],"curies":[{"name":"wp","href":"https:\/\/api.w.org\/{rel}","templated":true}]}}