{"id":95141,"date":"2025-09-11T17:37:34","date_gmt":"2025-09-11T22:37:34","guid":{"rendered":"https:\/\/www.ucaldas.edu.co\/portal\/?p=95141"},"modified":"2025-09-11T18:15:39","modified_gmt":"2025-09-11T23:15:39","slug":"universidad-de-caldas-aliada-clave-en-los-avances-del-programa-artes-para-la-paz","status":"publish","type":"post","link":"https:\/\/www.ucaldas.edu.co\/portal\/universidad-de-caldas-aliada-clave-en-los-avances-del-programa-artes-para-la-paz\/","title":{"rendered":"Universidad de Caldas, aliada clave en los avances del programa Artes para la Paz"},"content":{"rendered":"<div class=\"wpb-content-wrapper\"><p style=\"text-align: justify;\">[vc_row][vc_column][vc_column_text]<img loading=\"lazy\" decoding=\"async\" class=\"alignnone wp-image-95144 size-full\" src=\"https:\/\/www.ucaldas.edu.co\/portal\/wp-content\/uploads\/2025\/09\/Portada-3-scaled-e1757629838187.jpeg\" alt=\"Artes para la paz\" width=\"900\" height=\"600\" \/><\/p>\n<p style=\"text-align: justify;\">El ministerio de las Culturas, las Artes y los Saberes, en articulaci\u00f3n con el Ministerio de Educaci\u00f3n, hizo la presentaci\u00f3n p\u00fablica de Artes para la Paz, un programa que desde el primer semestre de 2025 se ha consolidado como la iniciativa de educaci\u00f3n y formaci\u00f3n art\u00edstica formal e informal m\u00e1s ambiciosa en la historia de Colombia. Este programa es coherente con los compromisos internacionales en materia de educaci\u00f3n y cultura, y se conecta con los paradigmas mundiales que entienden la creatividad como motor de desarrollo humano, social y econ\u00f3mico sostenible.<!--more--><\/p>\n<p style=\"text-align: justify;\">En la Regi\u00f3n 4, la Universidad de Caldas lidera la implementaci\u00f3n del programa en seis departamentos: Caldas, Cundinamarca, Quind\u00edo, Risaralda, Tolima y Valle del Cauca. Solo en este territorio, m\u00e1s de 23.500 estudiantes de 500 instituciones educativas ya hacen del arte parte de su vida escolar cotidiana<\/p>\n<p style=\"text-align: justify;\">Con el respaldo de la Presidencia de la Rep\u00fablica, la ministra Yannai Kadamani Fonrodona present\u00f3 este martes el programa, que fortalece la educaci\u00f3n art\u00edstica como herramienta de paz, convivencia escolar y bienestar de ni\u00f1as, ni\u00f1os y j\u00f3venes en todo el territorio nacional.<\/p>\n<p style=\"text-align: justify;\">Artes para la Paz atender\u00e1 a 400.000 estudiantes entre 6 y 17 a\u00f1os en el segundo semestre de 2025, en 2.616 establecimientos educativos p\u00fablicos, con una meta de llegar a 1 mill\u00f3n de beneficiarios en 5.000 colegios durante el cuatrienio. Para lograrlo, el programa proyecta la contrataci\u00f3n de 4.000 artistas formadores y sabedores en 2025, con la meta de alcanzar 8.000 en el cuatrienio, fortaleciendo las trayectorias de educadores culturales.<\/p>\n<p style=\"text-align: justify;\">Este esfuerzo nacional se traduce, en el caso de la Universidad de Caldas, en la operaci\u00f3n de 220 centros de M\u00fasica, 61 de Escritura Creativa, 51 de Danza, 13 de Audiovisuales y 9 de Teatro, adem\u00e1s de apuestas combinadas. Para ello, se cuenta con un equipo de 328 artistas formadores en M\u00fasica, 61 en Escritura, 57 en Danza, 18 en Audiovisuales y 11 en Teatro, que acompa\u00f1an los procesos en los 33 nodos de la regi\u00f3n<\/p>\n<p style=\"text-align: justify;\">Con una inversi\u00f3n de 184 mil millones de pesos en 2025, el programa destina el 67% a procesos de formaci\u00f3n, 20% a talento humano, 5% a dotaci\u00f3n art\u00edstica, 5% a convocatorias y 2% a gesti\u00f3n administrativa.<\/p>\n<p style=\"text-align: justify;\">Para el 2025, las dotaciones incluyen dotaciones art\u00edsticas para 60 escuelas municipales y 53 colegios con formatos de m\u00fasicas tradicionales, 100 instituciones con elementos de danza y 100 kits para fortalecer la formaci\u00f3n en audiovisuales. En total, desde 2023 hemos entregado 611 dotaciones de kits musicales con el apoyo de la Fundaci\u00f3n Nacional Batuta, la Asociaci\u00f3n Nacional de las Artes, y la Fundaci\u00f3n Canto por la Vida.<\/p>\n<p style=\"text-align: justify;\">El programa contempla formaci\u00f3n en m\u00fasica, danza, teatro, escritura creativa y audiovisuales, articulando los saberes de las comunidades con procesos formales e informales en todo el pa\u00eds. Su modelo pedag\u00f3gico se fundamenta en la creaci\u00f3n, el v\u00ednculo y la convivencia, con enfoques de cultura de paz, biocultural, diferencial, psicosocial e interseccional de g\u00e9nero.<\/p>\n<p style=\"text-align: justify;\">La puesta en marcha del programa se realiza gracias a convenios con seis universidades p\u00fablicas, la Fundaci\u00f3n Nacional Batuta y la Asociaci\u00f3n Nacional de las Artes (ANA), garantizando la vinculaci\u00f3n de artistas locales. Alrededor del 40% de los formadores son sabedores, aportando a la preservaci\u00f3n de tradiciones culturales y al fortalecimiento de la interculturalidad.<\/p>\n<p style=\"text-align: justify;\">Artes para la Paz ya opera en los 32 departamentos y 732 municipios del pa\u00eds, con especial presencia en territorios PDET y ZOMAC. La cobertura se ampl\u00eda tambi\u00e9n a centros penitenciarios, comunidades \u00e9tnicas y j\u00f3venes rurales, reafirmando que la cultura es un derecho y una oportunidad de transformaci\u00f3n social.<\/p>\n<p style=\"text-align: justify;\">Artes para la Paz es la ampliaci\u00f3n y fortalecimiento de Sonidos para la Paz, programa que demostr\u00f3 el poder de la m\u00fasica como herramienta de reconciliaci\u00f3n. Hoy, este nuevo cap\u00edtulo integra todas las artes y consolida la apuesta del Gobierno Nacional por la cultura como derecho y como camino hacia la paz<\/p>\n<p style=\"text-align: justify;\"><strong>Anexo:<\/strong><\/p>\n<p style=\"text-align: justify;\"><a href=\"https:\/\/www.ucaldas.edu.co\/portal\/wp-content\/uploads\/2025\/09\/Ministra-de-Culturas-Artes-y-Saberes-de-Colombia-Yannai-Kadamani-Fonrodona.mp3\"><strong>-Audio Ministra de Culturas, Artes y Saberes de Colombia, Yannai Kadamani Fonrodona<\/strong><\/a><\/p>\n<audio class=\"wp-audio-shortcode\" id=\"audio-95141-1\" preload=\"none\" style=\"width: 100%;\" controls=\"controls\"><source type=\"audio\/mpeg\" src=\"https:\/\/www.ucaldas.edu.co\/portal\/wp-content\/uploads\/2025\/09\/Ministra-de-Culturas-Artes-y-Saberes-de-Colombia-Yannai-Kadamani-Fonrodona.mp3?_=1\" \/><a href=\"https:\/\/www.ucaldas.edu.co\/portal\/wp-content\/uploads\/2025\/09\/Ministra-de-Culturas-Artes-y-Saberes-de-Colombia-Yannai-Kadamani-Fonrodona.mp3\">https:\/\/www.ucaldas.edu.co\/portal\/wp-content\/uploads\/2025\/09\/Ministra-de-Culturas-Artes-y-Saberes-de-Colombia-Yannai-Kadamani-Fonrodona.mp3<\/a><\/audio>\n<p style=\"text-align: justify;\"><a href=\"https:\/\/www.ucaldas.edu.co\/portal\/wp-content\/uploads\/2025\/09\/Audio-Viceministro-de-las-artes-y-la-economia-cultural-y-creativa-E-Fabian-Sanchez-Molina.mp3\"><strong>&#8211; Audio Viceministro de las artes y la econom\u00eda cultural y creativa (E), Fabi\u00e1n S\u00e1nchez Molina.<\/strong><\/a><\/p>\n<audio class=\"wp-audio-shortcode\" id=\"audio-95141-2\" preload=\"none\" style=\"width: 100%;\" controls=\"controls\"><source type=\"audio\/mpeg\" src=\"https:\/\/www.ucaldas.edu.co\/portal\/wp-content\/uploads\/2025\/09\/Audio-Viceministro-de-las-artes-y-la-economia-cultural-y-creativa-E-Fabian-Sanchez-Molina.mp3?_=2\" \/><a href=\"https:\/\/www.ucaldas.edu.co\/portal\/wp-content\/uploads\/2025\/09\/Audio-Viceministro-de-las-artes-y-la-economia-cultural-y-creativa-E-Fabian-Sanchez-Molina.mp3\">https:\/\/www.ucaldas.edu.co\/portal\/wp-content\/uploads\/2025\/09\/Audio-Viceministro-de-las-artes-y-la-economia-cultural-y-creativa-E-Fabian-Sanchez-Molina.mp3<\/a><\/audio>\n<p>[\/vc_column_text][vc_images_carousel images=\u00bb95147,95148,95149,95150,95151&#8243; img_size=\u00bb700&#215;500&#8243; css=\u00bb\u00bb title=\u00bbGaler\u00eda de im\u00e1genes\u00bb][\/vc_column][\/vc_row]<\/p>\n<\/div>","protected":false},"excerpt":{"rendered":"<p>[vc_row][vc_column][vc_column_text] El ministerio de las Culturas, las Artes y los Saberes, en articulaci\u00f3n con el Ministerio de Educaci\u00f3n, hizo la presentaci\u00f3n p\u00fablica de Artes para la Paz, un programa que desde el primer semestre de 2025 se ha consolidado como la iniciativa de educaci\u00f3n y formaci\u00f3n art\u00edstica formal e informal m\u00e1s ambiciosa en la historia [&hellip;]<\/p>\n","protected":false},"author":2,"featured_media":95144,"comment_status":"closed","ping_status":"open","sticky":false,"template":"","format":"standard","meta":{"footnotes":""},"categories":[48,53,664],"tags":[9899],"class_list":["post-95141","post","type-post","status-publish","format-standard","has-post-thumbnail","hentry","category-actualidad","category-universidad-al-dia","category-ucaldas-cultural","tag-artes-para-la-paz"],"yoast_head":"<!-- This site is optimized with the Yoast SEO plugin v27.5 - https:\/\/yoast.com\/product\/yoast-seo-wordpress\/ -->\n<title>Universidad de Caldas, aliada clave en los avances del programa Artes para la Paz .<\/title>\n<meta name=\"robots\" content=\"index, follow, max-snippet:-1, max-image-preview:large, max-video-preview:-1\" \/>\n<link rel=\"canonical\" href=\"https:\/\/www.ucaldas.edu.co\/portal\/universidad-de-caldas-aliada-clave-en-los-avances-del-programa-artes-para-la-paz\/\" \/>\n<script type=\"application\/ld+json\" class=\"yoast-schema-graph\">{\"@context\":\"https:\\\/\\\/schema.org\",\"@graph\":[{\"@type\":\"Article\",\"@id\":\"https:\\\/\\\/www.ucaldas.edu.co\\\/portal\\\/universidad-de-caldas-aliada-clave-en-los-avances-del-programa-artes-para-la-paz\\\/#article\",\"isPartOf\":{\"@id\":\"https:\\\/\\\/www.ucaldas.edu.co\\\/portal\\\/universidad-de-caldas-aliada-clave-en-los-avances-del-programa-artes-para-la-paz\\\/\"},\"author\":{\"name\":\"ofiprensa\",\"@id\":\"https:\\\/\\\/www.ucaldas.edu.co\\\/portal\\\/#\\\/schema\\\/person\\\/a1b482e23449158b4bc319926c074fdf\"},\"headline\":\"Universidad de Caldas, aliada clave en los avances del programa Artes para la Paz\",\"datePublished\":\"2025-09-11T22:37:34+00:00\",\"dateModified\":\"2025-09-11T23:15:39+00:00\",\"mainEntityOfPage\":{\"@id\":\"https:\\\/\\\/www.ucaldas.edu.co\\\/portal\\\/universidad-de-caldas-aliada-clave-en-los-avances-del-programa-artes-para-la-paz\\\/\"},\"wordCount\":756,\"publisher\":{\"@id\":\"https:\\\/\\\/www.ucaldas.edu.co\\\/portal\\\/#organization\"},\"image\":{\"@id\":\"https:\\\/\\\/www.ucaldas.edu.co\\\/portal\\\/universidad-de-caldas-aliada-clave-en-los-avances-del-programa-artes-para-la-paz\\\/#primaryimage\"},\"thumbnailUrl\":\"https:\\\/\\\/www.ucaldas.edu.co\\\/portal\\\/wp-content\\\/uploads\\\/2025\\\/09\\\/Portada-3-scaled-e1757629838187.jpeg\",\"keywords\":[\"artes para la paz\"],\"articleSection\":[\"Actualidad\",\"Universidad al D\u00eda\",\"UCaldas Cultural\"],\"inLanguage\":\"es\"},{\"@type\":\"WebPage\",\"@id\":\"https:\\\/\\\/www.ucaldas.edu.co\\\/portal\\\/universidad-de-caldas-aliada-clave-en-los-avances-del-programa-artes-para-la-paz\\\/\",\"url\":\"https:\\\/\\\/www.ucaldas.edu.co\\\/portal\\\/universidad-de-caldas-aliada-clave-en-los-avances-del-programa-artes-para-la-paz\\\/\",\"name\":\"Universidad de Caldas, aliada clave en los avances del programa Artes para la Paz .\",\"isPartOf\":{\"@id\":\"https:\\\/\\\/www.ucaldas.edu.co\\\/portal\\\/#website\"},\"primaryImageOfPage\":{\"@id\":\"https:\\\/\\\/www.ucaldas.edu.co\\\/portal\\\/universidad-de-caldas-aliada-clave-en-los-avances-del-programa-artes-para-la-paz\\\/#primaryimage\"},\"image\":{\"@id\":\"https:\\\/\\\/www.ucaldas.edu.co\\\/portal\\\/universidad-de-caldas-aliada-clave-en-los-avances-del-programa-artes-para-la-paz\\\/#primaryimage\"},\"thumbnailUrl\":\"https:\\\/\\\/www.ucaldas.edu.co\\\/portal\\\/wp-content\\\/uploads\\\/2025\\\/09\\\/Portada-3-scaled-e1757629838187.jpeg\",\"datePublished\":\"2025-09-11T22:37:34+00:00\",\"dateModified\":\"2025-09-11T23:15:39+00:00\",\"breadcrumb\":{\"@id\":\"https:\\\/\\\/www.ucaldas.edu.co\\\/portal\\\/universidad-de-caldas-aliada-clave-en-los-avances-del-programa-artes-para-la-paz\\\/#breadcrumb\"},\"inLanguage\":\"es\",\"potentialAction\":[{\"@type\":\"ReadAction\",\"target\":[\"https:\\\/\\\/www.ucaldas.edu.co\\\/portal\\\/universidad-de-caldas-aliada-clave-en-los-avances-del-programa-artes-para-la-paz\\\/\"]}]},{\"@type\":\"ImageObject\",\"inLanguage\":\"es\",\"@id\":\"https:\\\/\\\/www.ucaldas.edu.co\\\/portal\\\/universidad-de-caldas-aliada-clave-en-los-avances-del-programa-artes-para-la-paz\\\/#primaryimage\",\"url\":\"https:\\\/\\\/www.ucaldas.edu.co\\\/portal\\\/wp-content\\\/uploads\\\/2025\\\/09\\\/Portada-3-scaled-e1757629838187.jpeg\",\"contentUrl\":\"https:\\\/\\\/www.ucaldas.edu.co\\\/portal\\\/wp-content\\\/uploads\\\/2025\\\/09\\\/Portada-3-scaled-e1757629838187.jpeg\",\"width\":900,\"height\":600,\"caption\":\"Artes para la paz\"},{\"@type\":\"BreadcrumbList\",\"@id\":\"https:\\\/\\\/www.ucaldas.edu.co\\\/portal\\\/universidad-de-caldas-aliada-clave-en-los-avances-del-programa-artes-para-la-paz\\\/#breadcrumb\",\"itemListElement\":[{\"@type\":\"ListItem\",\"position\":1,\"name\":\"Portada\",\"item\":\"https:\\\/\\\/www.ucaldas.edu.co\\\/portal\\\/\"},{\"@type\":\"ListItem\",\"position\":2,\"name\":\"Universidad de Caldas, aliada clave en los avances del programa Artes para la Paz\"}]},{\"@type\":\"WebSite\",\"@id\":\"https:\\\/\\\/www.ucaldas.edu.co\\\/portal\\\/#website\",\"url\":\"https:\\\/\\\/www.ucaldas.edu.co\\\/portal\\\/\",\"name\":\"Universidad de Caldas\",\"description\":\"\",\"publisher\":{\"@id\":\"https:\\\/\\\/www.ucaldas.edu.co\\\/portal\\\/#organization\"},\"alternateName\":\"U. de Caldas\",\"potentialAction\":[{\"@type\":\"SearchAction\",\"target\":{\"@type\":\"EntryPoint\",\"urlTemplate\":\"https:\\\/\\\/www.ucaldas.edu.co\\\/portal\\\/?s={search_term_string}\"},\"query-input\":{\"@type\":\"PropertyValueSpecification\",\"valueRequired\":true,\"valueName\":\"search_term_string\"}}],\"inLanguage\":\"es\"},{\"@type\":\"Organization\",\"@id\":\"https:\\\/\\\/www.ucaldas.edu.co\\\/portal\\\/#organization\",\"name\":\"Universidad de Caldas\",\"alternateName\":\"U. de Caldas\",\"url\":\"https:\\\/\\\/www.ucaldas.edu.co\\\/portal\\\/\",\"logo\":{\"@type\":\"ImageObject\",\"inLanguage\":\"es\",\"@id\":\"https:\\\/\\\/www.ucaldas.edu.co\\\/portal\\\/#\\\/schema\\\/logo\\\/image\\\/\",\"url\":\"https:\\\/\\\/www.ucaldas.edu.co\\\/portal\\\/wp-content\\\/uploads\\\/2023\\\/11\\\/Logo_horizontal_oscuroU-2023.png\",\"contentUrl\":\"https:\\\/\\\/www.ucaldas.edu.co\\\/portal\\\/wp-content\\\/uploads\\\/2023\\\/11\\\/Logo_horizontal_oscuroU-2023.png\",\"width\":263,\"height\":101,\"caption\":\"Universidad de Caldas\"},\"image\":{\"@id\":\"https:\\\/\\\/www.ucaldas.edu.co\\\/portal\\\/#\\\/schema\\\/logo\\\/image\\\/\"},\"sameAs\":[\"https:\\\/\\\/www.facebook.com\\\/udecaldas\",\"https:\\\/\\\/x.com\\\/udecaldas\",\"https:\\\/\\\/www.youtube.com\\\/universidadcaldas\",\"https:\\\/\\\/www.instagram.com\\\/udecaldas\\\/\"]},{\"@type\":\"Person\",\"@id\":\"https:\\\/\\\/www.ucaldas.edu.co\\\/portal\\\/#\\\/schema\\\/person\\\/a1b482e23449158b4bc319926c074fdf\",\"name\":\"ofiprensa\",\"image\":{\"@type\":\"ImageObject\",\"inLanguage\":\"es\",\"@id\":\"https:\\\/\\\/www.ucaldas.edu.co\\\/portal\\\/wp-content\\\/litespeed\\\/avatar\\\/09ea5085e600095a7a811142c6944527.jpg?ver=1777497608\",\"url\":\"https:\\\/\\\/www.ucaldas.edu.co\\\/portal\\\/wp-content\\\/litespeed\\\/avatar\\\/09ea5085e600095a7a811142c6944527.jpg?ver=1777497608\",\"contentUrl\":\"https:\\\/\\\/www.ucaldas.edu.co\\\/portal\\\/wp-content\\\/litespeed\\\/avatar\\\/09ea5085e600095a7a811142c6944527.jpg?ver=1777497608\",\"caption\":\"ofiprensa\"},\"url\":\"https:\\\/\\\/www.ucaldas.edu.co\\\/portal\\\/author\\\/ofiprensa\\\/\"}]}<\/script>\n<!-- \/ Yoast SEO plugin. -->","yoast_head_json":{"title":"Universidad de Caldas, aliada clave en los avances del programa Artes para la Paz .","robots":{"index":"index","follow":"follow","max-snippet":"max-snippet:-1","max-image-preview":"max-image-preview:large","max-video-preview":"max-video-preview:-1"},"canonical":"https:\/\/www.ucaldas.edu.co\/portal\/universidad-de-caldas-aliada-clave-en-los-avances-del-programa-artes-para-la-paz\/","schema":{"@context":"https:\/\/schema.org","@graph":[{"@type":"Article","@id":"https:\/\/www.ucaldas.edu.co\/portal\/universidad-de-caldas-aliada-clave-en-los-avances-del-programa-artes-para-la-paz\/#article","isPartOf":{"@id":"https:\/\/www.ucaldas.edu.co\/portal\/universidad-de-caldas-aliada-clave-en-los-avances-del-programa-artes-para-la-paz\/"},"author":{"name":"ofiprensa","@id":"https:\/\/www.ucaldas.edu.co\/portal\/#\/schema\/person\/a1b482e23449158b4bc319926c074fdf"},"headline":"Universidad de Caldas, aliada clave en los avances del programa Artes para la Paz","datePublished":"2025-09-11T22:37:34+00:00","dateModified":"2025-09-11T23:15:39+00:00","mainEntityOfPage":{"@id":"https:\/\/www.ucaldas.edu.co\/portal\/universidad-de-caldas-aliada-clave-en-los-avances-del-programa-artes-para-la-paz\/"},"wordCount":756,"publisher":{"@id":"https:\/\/www.ucaldas.edu.co\/portal\/#organization"},"image":{"@id":"https:\/\/www.ucaldas.edu.co\/portal\/universidad-de-caldas-aliada-clave-en-los-avances-del-programa-artes-para-la-paz\/#primaryimage"},"thumbnailUrl":"https:\/\/www.ucaldas.edu.co\/portal\/wp-content\/uploads\/2025\/09\/Portada-3-scaled-e1757629838187.jpeg","keywords":["artes para la paz"],"articleSection":["Actualidad","Universidad al D\u00eda","UCaldas Cultural"],"inLanguage":"es"},{"@type":"WebPage","@id":"https:\/\/www.ucaldas.edu.co\/portal\/universidad-de-caldas-aliada-clave-en-los-avances-del-programa-artes-para-la-paz\/","url":"https:\/\/www.ucaldas.edu.co\/portal\/universidad-de-caldas-aliada-clave-en-los-avances-del-programa-artes-para-la-paz\/","name":"Universidad de Caldas, aliada clave en los avances del programa Artes para la Paz .","isPartOf":{"@id":"https:\/\/www.ucaldas.edu.co\/portal\/#website"},"primaryImageOfPage":{"@id":"https:\/\/www.ucaldas.edu.co\/portal\/universidad-de-caldas-aliada-clave-en-los-avances-del-programa-artes-para-la-paz\/#primaryimage"},"image":{"@id":"https:\/\/www.ucaldas.edu.co\/portal\/universidad-de-caldas-aliada-clave-en-los-avances-del-programa-artes-para-la-paz\/#primaryimage"},"thumbnailUrl":"https:\/\/www.ucaldas.edu.co\/portal\/wp-content\/uploads\/2025\/09\/Portada-3-scaled-e1757629838187.jpeg","datePublished":"2025-09-11T22:37:34+00:00","dateModified":"2025-09-11T23:15:39+00:00","breadcrumb":{"@id":"https:\/\/www.ucaldas.edu.co\/portal\/universidad-de-caldas-aliada-clave-en-los-avances-del-programa-artes-para-la-paz\/#breadcrumb"},"inLanguage":"es","potentialAction":[{"@type":"ReadAction","target":["https:\/\/www.ucaldas.edu.co\/portal\/universidad-de-caldas-aliada-clave-en-los-avances-del-programa-artes-para-la-paz\/"]}]},{"@type":"ImageObject","inLanguage":"es","@id":"https:\/\/www.ucaldas.edu.co\/portal\/universidad-de-caldas-aliada-clave-en-los-avances-del-programa-artes-para-la-paz\/#primaryimage","url":"https:\/\/www.ucaldas.edu.co\/portal\/wp-content\/uploads\/2025\/09\/Portada-3-scaled-e1757629838187.jpeg","contentUrl":"https:\/\/www.ucaldas.edu.co\/portal\/wp-content\/uploads\/2025\/09\/Portada-3-scaled-e1757629838187.jpeg","width":900,"height":600,"caption":"Artes para la paz"},{"@type":"BreadcrumbList","@id":"https:\/\/www.ucaldas.edu.co\/portal\/universidad-de-caldas-aliada-clave-en-los-avances-del-programa-artes-para-la-paz\/#breadcrumb","itemListElement":[{"@type":"ListItem","position":1,"name":"Portada","item":"https:\/\/www.ucaldas.edu.co\/portal\/"},{"@type":"ListItem","position":2,"name":"Universidad de Caldas, aliada clave en los avances del programa Artes para la Paz"}]},{"@type":"WebSite","@id":"https:\/\/www.ucaldas.edu.co\/portal\/#website","url":"https:\/\/www.ucaldas.edu.co\/portal\/","name":"Universidad de Caldas","description":"","publisher":{"@id":"https:\/\/www.ucaldas.edu.co\/portal\/#organization"},"alternateName":"U. de Caldas","potentialAction":[{"@type":"SearchAction","target":{"@type":"EntryPoint","urlTemplate":"https:\/\/www.ucaldas.edu.co\/portal\/?s={search_term_string}"},"query-input":{"@type":"PropertyValueSpecification","valueRequired":true,"valueName":"search_term_string"}}],"inLanguage":"es"},{"@type":"Organization","@id":"https:\/\/www.ucaldas.edu.co\/portal\/#organization","name":"Universidad de Caldas","alternateName":"U. de Caldas","url":"https:\/\/www.ucaldas.edu.co\/portal\/","logo":{"@type":"ImageObject","inLanguage":"es","@id":"https:\/\/www.ucaldas.edu.co\/portal\/#\/schema\/logo\/image\/","url":"https:\/\/www.ucaldas.edu.co\/portal\/wp-content\/uploads\/2023\/11\/Logo_horizontal_oscuroU-2023.png","contentUrl":"https:\/\/www.ucaldas.edu.co\/portal\/wp-content\/uploads\/2023\/11\/Logo_horizontal_oscuroU-2023.png","width":263,"height":101,"caption":"Universidad de Caldas"},"image":{"@id":"https:\/\/www.ucaldas.edu.co\/portal\/#\/schema\/logo\/image\/"},"sameAs":["https:\/\/www.facebook.com\/udecaldas","https:\/\/x.com\/udecaldas","https:\/\/www.youtube.com\/universidadcaldas","https:\/\/www.instagram.com\/udecaldas\/"]},{"@type":"Person","@id":"https:\/\/www.ucaldas.edu.co\/portal\/#\/schema\/person\/a1b482e23449158b4bc319926c074fdf","name":"ofiprensa","image":{"@type":"ImageObject","inLanguage":"es","@id":"https:\/\/www.ucaldas.edu.co\/portal\/wp-content\/litespeed\/avatar\/09ea5085e600095a7a811142c6944527.jpg?ver=1777497608","url":"https:\/\/www.ucaldas.edu.co\/portal\/wp-content\/litespeed\/avatar\/09ea5085e600095a7a811142c6944527.jpg?ver=1777497608","contentUrl":"https:\/\/www.ucaldas.edu.co\/portal\/wp-content\/litespeed\/avatar\/09ea5085e600095a7a811142c6944527.jpg?ver=1777497608","caption":"ofiprensa"},"url":"https:\/\/www.ucaldas.edu.co\/portal\/author\/ofiprensa\/"}]}},"_links":{"self":[{"href":"https:\/\/www.ucaldas.edu.co\/portal\/wp-json\/wp\/v2\/posts\/95141","targetHints":{"allow":["GET"]}}],"collection":[{"href":"https:\/\/www.ucaldas.edu.co\/portal\/wp-json\/wp\/v2\/posts"}],"about":[{"href":"https:\/\/www.ucaldas.edu.co\/portal\/wp-json\/wp\/v2\/types\/post"}],"author":[{"embeddable":true,"href":"https:\/\/www.ucaldas.edu.co\/portal\/wp-json\/wp\/v2\/users\/2"}],"replies":[{"embeddable":true,"href":"https:\/\/www.ucaldas.edu.co\/portal\/wp-json\/wp\/v2\/comments?post=95141"}],"version-history":[{"count":0,"href":"https:\/\/www.ucaldas.edu.co\/portal\/wp-json\/wp\/v2\/posts\/95141\/revisions"}],"wp:featuredmedia":[{"embeddable":true,"href":"https:\/\/www.ucaldas.edu.co\/portal\/wp-json\/wp\/v2\/media\/95144"}],"wp:attachment":[{"href":"https:\/\/www.ucaldas.edu.co\/portal\/wp-json\/wp\/v2\/media?parent=95141"}],"wp:term":[{"taxonomy":"category","embeddable":true,"href":"https:\/\/www.ucaldas.edu.co\/portal\/wp-json\/wp\/v2\/categories?post=95141"},{"taxonomy":"post_tag","embeddable":true,"href":"https:\/\/www.ucaldas.edu.co\/portal\/wp-json\/wp\/v2\/tags?post=95141"}],"curies":[{"name":"wp","href":"https:\/\/api.w.org\/{rel}","templated":true}]}}