{"id":95125,"date":"2025-09-11T17:23:41","date_gmt":"2025-09-11T22:23:41","guid":{"rendered":"https:\/\/www.ucaldas.edu.co\/portal\/?p=95125"},"modified":"2025-09-11T18:12:30","modified_gmt":"2025-09-11T23:12:30","slug":"universidad-de-caldas-dio-la-bienvenida-a-estudiantes-indigenas-del-programa-universidad-en-tu-campo-de-risaralda","status":"publish","type":"post","link":"https:\/\/www.ucaldas.edu.co\/portal\/universidad-de-caldas-dio-la-bienvenida-a-estudiantes-indigenas-del-programa-universidad-en-tu-campo-de-risaralda\/","title":{"rendered":"J\u00f3venes ind\u00edgenas del Departamento de Risaralda viven su primera experiencia universitaria en la Universidad de Caldas"},"content":{"rendered":"<div class=\"wpb-content-wrapper\"><p>[vc_row][vc_column][vc_video link=\u00bbhttps:\/\/youtu.be\/vWPoElyYKz4&#8243; el_width=\u00bb80&#8243; css=\u00bb\u00bb][vc_column_text]<\/p>\n<p style=\"text-align: justify;\">La Universidad de Caldas recibi\u00f3 a un grupo de estudiantes pertenecientes a comunidades ind\u00edgenas del departamento de Risaralda, quienes visitaron la instituci\u00f3n como parte de su proceso formativo en el \u00e1mbito de la estrategia Universidad en el Campo, ejecutado por el Comit\u00e9 de Cafeteros a trav\u00e9s de la alianza Educaci\u00f3n para la Competitividad. La jornada inici\u00f3 con un acto de bienvenida liderado por el rector, quien resalt\u00f3 el compromiso de la universidad con la inclusi\u00f3n, la diversidad y la educaci\u00f3n en los territorios.<!--more--><\/p>\n<p style=\"text-align: justify;\">La visita cont\u00f3 con la participaci\u00f3n de 28 estudiantes del resguardo Cunajit\u00f3, de la Instituci\u00f3n Educativa Intercultural Docab\u00fa, y de la Instituci\u00f3n Educativa Dachida Daquera, de la comunidad ind\u00edgena Quemberd\u00e9, ubicada en el corregimiento de Santa Cecilia, Pueblo Rico y Saralta. Seg\u00fan explic\u00f3 Paula Cristina Orozco, encargada de Universidad en el Campo en Risaralda, el objetivo del encuentro es acercar a los j\u00f3venes a la vida universitaria, permiti\u00e9ndoles ampliar sus horizontes: \u201cEllos hacen parte de un programa que se llama Universidad en el Campo, est\u00e1n realizando un t\u00e9cnico en saneamiento ambiental y otro en formulaci\u00f3n de proyectos. Se les trae para que conozcan la universidad y se sientan parte de ella\u201d.<\/p>\n<p style=\"text-align: justify;\">Durante la jornada, los visitantes participaron en un recorrido por el campus y compartieron experiencias con la comunidad universitaria. Para muchos, fue la primera vez que pisaron las instalaciones de la Universidad de Caldas, lo que represent\u00f3 un momento de gran motivaci\u00f3n en su proceso educativo. As\u00ed lo expres\u00f3 Mayerli Queragama Restrepo, estudiante del Colegio Cunajit\u00f3: \u201cPara m\u00ed es muy interesante seguir estudiando. Me encanta conocer la universidad, nunca hab\u00eda visto algo de esta manera. Agradezco a la profesora Paula por traernos aqu\u00ed\u201d.<\/p>\n<p style=\"text-align: justify;\">El encuentro tambi\u00e9n fue acompa\u00f1ado por docentes de las instituciones participantes. Dalirio Arce Queragama, licenciado en Ciencias Sociales de la I.E. Dachida Daquera, destac\u00f3 la importancia de estos espacios de intercambio: \u201cEstamos aqu\u00ed acompa\u00f1ando a los estudiantes y compartiendo experiencias en la universidad. La din\u00e1mica permite fortalecer conocimientos y motivar a los j\u00f3venes en su formaci\u00f3n t\u00e9cnica ambiental\u201d.<\/p>\n<p style=\"text-align: justify;\">Con actividades como esta, la Universidad de Caldas ratifica su compromiso de llevar la educaci\u00f3n superior a las regiones y comunidades rurales, garantizando el acceso a oportunidades de formaci\u00f3n con pertinencia cultural y social. La estrategia Universidad en tu Campo sigue consolid\u00e1ndose como un puente de inclusi\u00f3n y transformaci\u00f3n educativa en el Eje Cafetero y el pa\u00eds.<\/p>\n<p style=\"text-align: justify;\"><strong>\u00a0<\/strong><strong>Anexo:<\/strong><\/p>\n<p style=\"text-align: justify;\"><a href=\"https:\/\/www.ucaldas.edu.co\/portal\/wp-content\/uploads\/2025\/09\/Universidad-en-el-Campo-para-el-Dpto-de-Risaralda-Paula-Cristina-Orozco.mp3\"><strong>-Audio Universidad en el Campo para el Dpto de Risaralda, Paula Cristina Orozco<\/strong><\/a><\/p>\n<audio class=\"wp-audio-shortcode\" id=\"audio-95125-1\" preload=\"none\" style=\"width: 100%;\" controls=\"controls\"><source type=\"audio\/mpeg\" src=\"https:\/\/www.ucaldas.edu.co\/portal\/wp-content\/uploads\/2025\/09\/Universidad-en-el-Campo-para-el-Dpto-de-Risaralda-Paula-Cristina-Orozco.mp3?_=1\" \/><a href=\"https:\/\/www.ucaldas.edu.co\/portal\/wp-content\/uploads\/2025\/09\/Universidad-en-el-Campo-para-el-Dpto-de-Risaralda-Paula-Cristina-Orozco.mp3\">https:\/\/www.ucaldas.edu.co\/portal\/wp-content\/uploads\/2025\/09\/Universidad-en-el-Campo-para-el-Dpto-de-Risaralda-Paula-Cristina-Orozco.mp3<\/a><\/audio>\n<p style=\"text-align: justify;\"><a href=\"https:\/\/www.ucaldas.edu.co\/portal\/wp-content\/uploads\/2025\/09\/Mayerli-Queragama-Restrepo-Colegio-Cuna-Gito.mp3\"><strong>-Audio Estudiante del Colegio Cuna Gito, Mayerli Queragama Restrepo<\/strong><\/a><\/p>\n<audio class=\"wp-audio-shortcode\" id=\"audio-95125-2\" preload=\"none\" style=\"width: 100%;\" controls=\"controls\"><source type=\"audio\/mpeg\" src=\"https:\/\/www.ucaldas.edu.co\/portal\/wp-content\/uploads\/2025\/09\/Mayerli-Queragama-Restrepo-Colegio-Cuna-Gito.mp3?_=2\" \/><a href=\"https:\/\/www.ucaldas.edu.co\/portal\/wp-content\/uploads\/2025\/09\/Mayerli-Queragama-Restrepo-Colegio-Cuna-Gito.mp3\">https:\/\/www.ucaldas.edu.co\/portal\/wp-content\/uploads\/2025\/09\/Mayerli-Queragama-Restrepo-Colegio-Cuna-Gito.mp3<\/a><\/audio>\n<p style=\"text-align: justify;\"><a href=\"https:\/\/www.ucaldas.edu.co\/portal\/wp-content\/uploads\/2025\/09\/Licenciado-de-Ciencias-Sociales-I.E-Dachi-Dada-Kera-Dalirio-Arce-Queragama.mp3\"><strong>-Audio Licenciado de Ciencias Sociales I.E D\u00e3ch\u00ed D\u00e3d\u00e3 K\u00ebr\u00e3, Dalirio Arce Queragama<\/strong><\/a><\/p>\n<audio class=\"wp-audio-shortcode\" id=\"audio-95125-3\" preload=\"none\" style=\"width: 100%;\" controls=\"controls\"><source type=\"audio\/mpeg\" src=\"https:\/\/www.ucaldas.edu.co\/portal\/wp-content\/uploads\/2025\/09\/Licenciado-de-Ciencias-Sociales-I.E-Dachi-Dada-Kera-Dalirio-Arce-Queragama.mp3?_=3\" \/><a href=\"https:\/\/www.ucaldas.edu.co\/portal\/wp-content\/uploads\/2025\/09\/Licenciado-de-Ciencias-Sociales-I.E-Dachi-Dada-Kera-Dalirio-Arce-Queragama.mp3\">https:\/\/www.ucaldas.edu.co\/portal\/wp-content\/uploads\/2025\/09\/Licenciado-de-Ciencias-Sociales-I.E-Dachi-Dada-Kera-Dalirio-Arce-Queragama.mp3<\/a><\/audio>\n<p><img loading=\"lazy\" decoding=\"async\" class=\"alignnone wp-image-95131 size-full\" src=\"https:\/\/www.ucaldas.edu.co\/portal\/wp-content\/uploads\/2025\/09\/IMG_3072-1-scaled-e1757629330838.jpg\" alt=\"Estudiantes ind\u00edgenas\" width=\"900\" height=\"675\" \/>[\/vc_column_text][\/vc_column][\/vc_row]<\/p>\n<\/div>","protected":false},"excerpt":{"rendered":"<p>[vc_row][vc_column][vc_video link=\u00bbhttps:\/\/youtu.be\/vWPoElyYKz4&#8243; el_width=\u00bb80&#8243; css=\u00bb\u00bb][vc_column_text] La Universidad de Caldas recibi\u00f3 a un grupo de estudiantes pertenecientes a comunidades ind\u00edgenas del departamento de Risaralda, quienes visitaron la instituci\u00f3n como parte de su proceso formativo en el \u00e1mbito de la estrategia Universidad en el Campo, ejecutado por el Comit\u00e9 de Cafeteros a trav\u00e9s de la alianza Educaci\u00f3n para [&hellip;]<\/p>\n","protected":false},"author":2,"featured_media":95131,"comment_status":"closed","ping_status":"open","sticky":false,"template":"","format":"standard","meta":{"footnotes":""},"categories":[48,53,600],"tags":[9908],"class_list":["post-95125","post","type-post","status-publish","format-standard","has-post-thumbnail","hentry","category-actualidad","category-universidad-al-dia","category-ucaldas-regional","tag-universidad-en-tu-campo"],"yoast_head":"<!-- This site is optimized with the Yoast SEO plugin v27.5 - https:\/\/yoast.com\/product\/yoast-seo-wordpress\/ -->\n<title>J\u00f3venes ind\u00edgenas del Departamento de Risaralda viven su primera experiencia universitaria en la Universidad de Caldas .<\/title>\n<meta name=\"robots\" content=\"index, follow, max-snippet:-1, max-image-preview:large, max-video-preview:-1\" \/>\n<link rel=\"canonical\" href=\"https:\/\/www.ucaldas.edu.co\/portal\/universidad-de-caldas-dio-la-bienvenida-a-estudiantes-indigenas-del-programa-universidad-en-tu-campo-de-risaralda\/\" \/>\n<script type=\"application\/ld+json\" class=\"yoast-schema-graph\">{\"@context\":\"https:\\\/\\\/schema.org\",\"@graph\":[{\"@type\":\"Article\",\"@id\":\"https:\\\/\\\/www.ucaldas.edu.co\\\/portal\\\/universidad-de-caldas-dio-la-bienvenida-a-estudiantes-indigenas-del-programa-universidad-en-tu-campo-de-risaralda\\\/#article\",\"isPartOf\":{\"@id\":\"https:\\\/\\\/www.ucaldas.edu.co\\\/portal\\\/universidad-de-caldas-dio-la-bienvenida-a-estudiantes-indigenas-del-programa-universidad-en-tu-campo-de-risaralda\\\/\"},\"author\":{\"name\":\"ofiprensa\",\"@id\":\"https:\\\/\\\/www.ucaldas.edu.co\\\/portal\\\/#\\\/schema\\\/person\\\/a1b482e23449158b4bc319926c074fdf\"},\"headline\":\"J\u00f3venes ind\u00edgenas del Departamento de Risaralda viven su primera experiencia universitaria en la Universidad de Caldas\",\"datePublished\":\"2025-09-11T22:23:41+00:00\",\"dateModified\":\"2025-09-11T23:12:30+00:00\",\"mainEntityOfPage\":{\"@id\":\"https:\\\/\\\/www.ucaldas.edu.co\\\/portal\\\/universidad-de-caldas-dio-la-bienvenida-a-estudiantes-indigenas-del-programa-universidad-en-tu-campo-de-risaralda\\\/\"},\"wordCount\":544,\"publisher\":{\"@id\":\"https:\\\/\\\/www.ucaldas.edu.co\\\/portal\\\/#organization\"},\"image\":{\"@id\":\"https:\\\/\\\/www.ucaldas.edu.co\\\/portal\\\/universidad-de-caldas-dio-la-bienvenida-a-estudiantes-indigenas-del-programa-universidad-en-tu-campo-de-risaralda\\\/#primaryimage\"},\"thumbnailUrl\":\"https:\\\/\\\/www.ucaldas.edu.co\\\/portal\\\/wp-content\\\/uploads\\\/2025\\\/09\\\/IMG_3072-1-scaled-e1757629330838.jpg\",\"keywords\":[\"universidad en tu campo\"],\"articleSection\":[\"Actualidad\",\"Universidad al D\u00eda\",\"UCaldas Regional\"],\"inLanguage\":\"es\"},{\"@type\":\"WebPage\",\"@id\":\"https:\\\/\\\/www.ucaldas.edu.co\\\/portal\\\/universidad-de-caldas-dio-la-bienvenida-a-estudiantes-indigenas-del-programa-universidad-en-tu-campo-de-risaralda\\\/\",\"url\":\"https:\\\/\\\/www.ucaldas.edu.co\\\/portal\\\/universidad-de-caldas-dio-la-bienvenida-a-estudiantes-indigenas-del-programa-universidad-en-tu-campo-de-risaralda\\\/\",\"name\":\"J\u00f3venes ind\u00edgenas del Departamento de Risaralda viven su primera experiencia universitaria en la Universidad de Caldas .\",\"isPartOf\":{\"@id\":\"https:\\\/\\\/www.ucaldas.edu.co\\\/portal\\\/#website\"},\"primaryImageOfPage\":{\"@id\":\"https:\\\/\\\/www.ucaldas.edu.co\\\/portal\\\/universidad-de-caldas-dio-la-bienvenida-a-estudiantes-indigenas-del-programa-universidad-en-tu-campo-de-risaralda\\\/#primaryimage\"},\"image\":{\"@id\":\"https:\\\/\\\/www.ucaldas.edu.co\\\/portal\\\/universidad-de-caldas-dio-la-bienvenida-a-estudiantes-indigenas-del-programa-universidad-en-tu-campo-de-risaralda\\\/#primaryimage\"},\"thumbnailUrl\":\"https:\\\/\\\/www.ucaldas.edu.co\\\/portal\\\/wp-content\\\/uploads\\\/2025\\\/09\\\/IMG_3072-1-scaled-e1757629330838.jpg\",\"datePublished\":\"2025-09-11T22:23:41+00:00\",\"dateModified\":\"2025-09-11T23:12:30+00:00\",\"breadcrumb\":{\"@id\":\"https:\\\/\\\/www.ucaldas.edu.co\\\/portal\\\/universidad-de-caldas-dio-la-bienvenida-a-estudiantes-indigenas-del-programa-universidad-en-tu-campo-de-risaralda\\\/#breadcrumb\"},\"inLanguage\":\"es\",\"potentialAction\":[{\"@type\":\"ReadAction\",\"target\":[\"https:\\\/\\\/www.ucaldas.edu.co\\\/portal\\\/universidad-de-caldas-dio-la-bienvenida-a-estudiantes-indigenas-del-programa-universidad-en-tu-campo-de-risaralda\\\/\"]}]},{\"@type\":\"ImageObject\",\"inLanguage\":\"es\",\"@id\":\"https:\\\/\\\/www.ucaldas.edu.co\\\/portal\\\/universidad-de-caldas-dio-la-bienvenida-a-estudiantes-indigenas-del-programa-universidad-en-tu-campo-de-risaralda\\\/#primaryimage\",\"url\":\"https:\\\/\\\/www.ucaldas.edu.co\\\/portal\\\/wp-content\\\/uploads\\\/2025\\\/09\\\/IMG_3072-1-scaled-e1757629330838.jpg\",\"contentUrl\":\"https:\\\/\\\/www.ucaldas.edu.co\\\/portal\\\/wp-content\\\/uploads\\\/2025\\\/09\\\/IMG_3072-1-scaled-e1757629330838.jpg\",\"width\":900,\"height\":675,\"caption\":\"Estudiantes ind\u00edgenas\"},{\"@type\":\"BreadcrumbList\",\"@id\":\"https:\\\/\\\/www.ucaldas.edu.co\\\/portal\\\/universidad-de-caldas-dio-la-bienvenida-a-estudiantes-indigenas-del-programa-universidad-en-tu-campo-de-risaralda\\\/#breadcrumb\",\"itemListElement\":[{\"@type\":\"ListItem\",\"position\":1,\"name\":\"Portada\",\"item\":\"https:\\\/\\\/www.ucaldas.edu.co\\\/portal\\\/\"},{\"@type\":\"ListItem\",\"position\":2,\"name\":\"J\u00f3venes ind\u00edgenas del Departamento de Risaralda viven su primera experiencia universitaria en la Universidad de Caldas\"}]},{\"@type\":\"WebSite\",\"@id\":\"https:\\\/\\\/www.ucaldas.edu.co\\\/portal\\\/#website\",\"url\":\"https:\\\/\\\/www.ucaldas.edu.co\\\/portal\\\/\",\"name\":\"Universidad de Caldas\",\"description\":\"\",\"publisher\":{\"@id\":\"https:\\\/\\\/www.ucaldas.edu.co\\\/portal\\\/#organization\"},\"alternateName\":\"U. de Caldas\",\"potentialAction\":[{\"@type\":\"SearchAction\",\"target\":{\"@type\":\"EntryPoint\",\"urlTemplate\":\"https:\\\/\\\/www.ucaldas.edu.co\\\/portal\\\/?s={search_term_string}\"},\"query-input\":{\"@type\":\"PropertyValueSpecification\",\"valueRequired\":true,\"valueName\":\"search_term_string\"}}],\"inLanguage\":\"es\"},{\"@type\":\"Organization\",\"@id\":\"https:\\\/\\\/www.ucaldas.edu.co\\\/portal\\\/#organization\",\"name\":\"Universidad de Caldas\",\"alternateName\":\"U. de Caldas\",\"url\":\"https:\\\/\\\/www.ucaldas.edu.co\\\/portal\\\/\",\"logo\":{\"@type\":\"ImageObject\",\"inLanguage\":\"es\",\"@id\":\"https:\\\/\\\/www.ucaldas.edu.co\\\/portal\\\/#\\\/schema\\\/logo\\\/image\\\/\",\"url\":\"https:\\\/\\\/www.ucaldas.edu.co\\\/portal\\\/wp-content\\\/uploads\\\/2023\\\/11\\\/Logo_horizontal_oscuroU-2023.png\",\"contentUrl\":\"https:\\\/\\\/www.ucaldas.edu.co\\\/portal\\\/wp-content\\\/uploads\\\/2023\\\/11\\\/Logo_horizontal_oscuroU-2023.png\",\"width\":263,\"height\":101,\"caption\":\"Universidad de Caldas\"},\"image\":{\"@id\":\"https:\\\/\\\/www.ucaldas.edu.co\\\/portal\\\/#\\\/schema\\\/logo\\\/image\\\/\"},\"sameAs\":[\"https:\\\/\\\/www.facebook.com\\\/udecaldas\",\"https:\\\/\\\/x.com\\\/udecaldas\",\"https:\\\/\\\/www.youtube.com\\\/universidadcaldas\",\"https:\\\/\\\/www.instagram.com\\\/udecaldas\\\/\"]},{\"@type\":\"Person\",\"@id\":\"https:\\\/\\\/www.ucaldas.edu.co\\\/portal\\\/#\\\/schema\\\/person\\\/a1b482e23449158b4bc319926c074fdf\",\"name\":\"ofiprensa\",\"image\":{\"@type\":\"ImageObject\",\"inLanguage\":\"es\",\"@id\":\"https:\\\/\\\/www.ucaldas.edu.co\\\/portal\\\/wp-content\\\/litespeed\\\/avatar\\\/09ea5085e600095a7a811142c6944527.jpg?ver=1777497608\",\"url\":\"https:\\\/\\\/www.ucaldas.edu.co\\\/portal\\\/wp-content\\\/litespeed\\\/avatar\\\/09ea5085e600095a7a811142c6944527.jpg?ver=1777497608\",\"contentUrl\":\"https:\\\/\\\/www.ucaldas.edu.co\\\/portal\\\/wp-content\\\/litespeed\\\/avatar\\\/09ea5085e600095a7a811142c6944527.jpg?ver=1777497608\",\"caption\":\"ofiprensa\"},\"url\":\"https:\\\/\\\/www.ucaldas.edu.co\\\/portal\\\/author\\\/ofiprensa\\\/\"}]}<\/script>\n<!-- \/ Yoast SEO plugin. -->","yoast_head_json":{"title":"J\u00f3venes ind\u00edgenas del Departamento de Risaralda viven su primera experiencia universitaria en la Universidad de Caldas .","robots":{"index":"index","follow":"follow","max-snippet":"max-snippet:-1","max-image-preview":"max-image-preview:large","max-video-preview":"max-video-preview:-1"},"canonical":"https:\/\/www.ucaldas.edu.co\/portal\/universidad-de-caldas-dio-la-bienvenida-a-estudiantes-indigenas-del-programa-universidad-en-tu-campo-de-risaralda\/","schema":{"@context":"https:\/\/schema.org","@graph":[{"@type":"Article","@id":"https:\/\/www.ucaldas.edu.co\/portal\/universidad-de-caldas-dio-la-bienvenida-a-estudiantes-indigenas-del-programa-universidad-en-tu-campo-de-risaralda\/#article","isPartOf":{"@id":"https:\/\/www.ucaldas.edu.co\/portal\/universidad-de-caldas-dio-la-bienvenida-a-estudiantes-indigenas-del-programa-universidad-en-tu-campo-de-risaralda\/"},"author":{"name":"ofiprensa","@id":"https:\/\/www.ucaldas.edu.co\/portal\/#\/schema\/person\/a1b482e23449158b4bc319926c074fdf"},"headline":"J\u00f3venes ind\u00edgenas del Departamento de Risaralda viven su primera experiencia universitaria en la Universidad de Caldas","datePublished":"2025-09-11T22:23:41+00:00","dateModified":"2025-09-11T23:12:30+00:00","mainEntityOfPage":{"@id":"https:\/\/www.ucaldas.edu.co\/portal\/universidad-de-caldas-dio-la-bienvenida-a-estudiantes-indigenas-del-programa-universidad-en-tu-campo-de-risaralda\/"},"wordCount":544,"publisher":{"@id":"https:\/\/www.ucaldas.edu.co\/portal\/#organization"},"image":{"@id":"https:\/\/www.ucaldas.edu.co\/portal\/universidad-de-caldas-dio-la-bienvenida-a-estudiantes-indigenas-del-programa-universidad-en-tu-campo-de-risaralda\/#primaryimage"},"thumbnailUrl":"https:\/\/www.ucaldas.edu.co\/portal\/wp-content\/uploads\/2025\/09\/IMG_3072-1-scaled-e1757629330838.jpg","keywords":["universidad en tu campo"],"articleSection":["Actualidad","Universidad al D\u00eda","UCaldas Regional"],"inLanguage":"es"},{"@type":"WebPage","@id":"https:\/\/www.ucaldas.edu.co\/portal\/universidad-de-caldas-dio-la-bienvenida-a-estudiantes-indigenas-del-programa-universidad-en-tu-campo-de-risaralda\/","url":"https:\/\/www.ucaldas.edu.co\/portal\/universidad-de-caldas-dio-la-bienvenida-a-estudiantes-indigenas-del-programa-universidad-en-tu-campo-de-risaralda\/","name":"J\u00f3venes ind\u00edgenas del Departamento de Risaralda viven su primera experiencia universitaria en la Universidad de Caldas .","isPartOf":{"@id":"https:\/\/www.ucaldas.edu.co\/portal\/#website"},"primaryImageOfPage":{"@id":"https:\/\/www.ucaldas.edu.co\/portal\/universidad-de-caldas-dio-la-bienvenida-a-estudiantes-indigenas-del-programa-universidad-en-tu-campo-de-risaralda\/#primaryimage"},"image":{"@id":"https:\/\/www.ucaldas.edu.co\/portal\/universidad-de-caldas-dio-la-bienvenida-a-estudiantes-indigenas-del-programa-universidad-en-tu-campo-de-risaralda\/#primaryimage"},"thumbnailUrl":"https:\/\/www.ucaldas.edu.co\/portal\/wp-content\/uploads\/2025\/09\/IMG_3072-1-scaled-e1757629330838.jpg","datePublished":"2025-09-11T22:23:41+00:00","dateModified":"2025-09-11T23:12:30+00:00","breadcrumb":{"@id":"https:\/\/www.ucaldas.edu.co\/portal\/universidad-de-caldas-dio-la-bienvenida-a-estudiantes-indigenas-del-programa-universidad-en-tu-campo-de-risaralda\/#breadcrumb"},"inLanguage":"es","potentialAction":[{"@type":"ReadAction","target":["https:\/\/www.ucaldas.edu.co\/portal\/universidad-de-caldas-dio-la-bienvenida-a-estudiantes-indigenas-del-programa-universidad-en-tu-campo-de-risaralda\/"]}]},{"@type":"ImageObject","inLanguage":"es","@id":"https:\/\/www.ucaldas.edu.co\/portal\/universidad-de-caldas-dio-la-bienvenida-a-estudiantes-indigenas-del-programa-universidad-en-tu-campo-de-risaralda\/#primaryimage","url":"https:\/\/www.ucaldas.edu.co\/portal\/wp-content\/uploads\/2025\/09\/IMG_3072-1-scaled-e1757629330838.jpg","contentUrl":"https:\/\/www.ucaldas.edu.co\/portal\/wp-content\/uploads\/2025\/09\/IMG_3072-1-scaled-e1757629330838.jpg","width":900,"height":675,"caption":"Estudiantes ind\u00edgenas"},{"@type":"BreadcrumbList","@id":"https:\/\/www.ucaldas.edu.co\/portal\/universidad-de-caldas-dio-la-bienvenida-a-estudiantes-indigenas-del-programa-universidad-en-tu-campo-de-risaralda\/#breadcrumb","itemListElement":[{"@type":"ListItem","position":1,"name":"Portada","item":"https:\/\/www.ucaldas.edu.co\/portal\/"},{"@type":"ListItem","position":2,"name":"J\u00f3venes ind\u00edgenas del Departamento de Risaralda viven su primera experiencia universitaria en la Universidad de Caldas"}]},{"@type":"WebSite","@id":"https:\/\/www.ucaldas.edu.co\/portal\/#website","url":"https:\/\/www.ucaldas.edu.co\/portal\/","name":"Universidad de Caldas","description":"","publisher":{"@id":"https:\/\/www.ucaldas.edu.co\/portal\/#organization"},"alternateName":"U. de Caldas","potentialAction":[{"@type":"SearchAction","target":{"@type":"EntryPoint","urlTemplate":"https:\/\/www.ucaldas.edu.co\/portal\/?s={search_term_string}"},"query-input":{"@type":"PropertyValueSpecification","valueRequired":true,"valueName":"search_term_string"}}],"inLanguage":"es"},{"@type":"Organization","@id":"https:\/\/www.ucaldas.edu.co\/portal\/#organization","name":"Universidad de Caldas","alternateName":"U. de Caldas","url":"https:\/\/www.ucaldas.edu.co\/portal\/","logo":{"@type":"ImageObject","inLanguage":"es","@id":"https:\/\/www.ucaldas.edu.co\/portal\/#\/schema\/logo\/image\/","url":"https:\/\/www.ucaldas.edu.co\/portal\/wp-content\/uploads\/2023\/11\/Logo_horizontal_oscuroU-2023.png","contentUrl":"https:\/\/www.ucaldas.edu.co\/portal\/wp-content\/uploads\/2023\/11\/Logo_horizontal_oscuroU-2023.png","width":263,"height":101,"caption":"Universidad de Caldas"},"image":{"@id":"https:\/\/www.ucaldas.edu.co\/portal\/#\/schema\/logo\/image\/"},"sameAs":["https:\/\/www.facebook.com\/udecaldas","https:\/\/x.com\/udecaldas","https:\/\/www.youtube.com\/universidadcaldas","https:\/\/www.instagram.com\/udecaldas\/"]},{"@type":"Person","@id":"https:\/\/www.ucaldas.edu.co\/portal\/#\/schema\/person\/a1b482e23449158b4bc319926c074fdf","name":"ofiprensa","image":{"@type":"ImageObject","inLanguage":"es","@id":"https:\/\/www.ucaldas.edu.co\/portal\/wp-content\/litespeed\/avatar\/09ea5085e600095a7a811142c6944527.jpg?ver=1777497608","url":"https:\/\/www.ucaldas.edu.co\/portal\/wp-content\/litespeed\/avatar\/09ea5085e600095a7a811142c6944527.jpg?ver=1777497608","contentUrl":"https:\/\/www.ucaldas.edu.co\/portal\/wp-content\/litespeed\/avatar\/09ea5085e600095a7a811142c6944527.jpg?ver=1777497608","caption":"ofiprensa"},"url":"https:\/\/www.ucaldas.edu.co\/portal\/author\/ofiprensa\/"}]}},"_links":{"self":[{"href":"https:\/\/www.ucaldas.edu.co\/portal\/wp-json\/wp\/v2\/posts\/95125","targetHints":{"allow":["GET"]}}],"collection":[{"href":"https:\/\/www.ucaldas.edu.co\/portal\/wp-json\/wp\/v2\/posts"}],"about":[{"href":"https:\/\/www.ucaldas.edu.co\/portal\/wp-json\/wp\/v2\/types\/post"}],"author":[{"embeddable":true,"href":"https:\/\/www.ucaldas.edu.co\/portal\/wp-json\/wp\/v2\/users\/2"}],"replies":[{"embeddable":true,"href":"https:\/\/www.ucaldas.edu.co\/portal\/wp-json\/wp\/v2\/comments?post=95125"}],"version-history":[{"count":0,"href":"https:\/\/www.ucaldas.edu.co\/portal\/wp-json\/wp\/v2\/posts\/95125\/revisions"}],"wp:featuredmedia":[{"embeddable":true,"href":"https:\/\/www.ucaldas.edu.co\/portal\/wp-json\/wp\/v2\/media\/95131"}],"wp:attachment":[{"href":"https:\/\/www.ucaldas.edu.co\/portal\/wp-json\/wp\/v2\/media?parent=95125"}],"wp:term":[{"taxonomy":"category","embeddable":true,"href":"https:\/\/www.ucaldas.edu.co\/portal\/wp-json\/wp\/v2\/categories?post=95125"},{"taxonomy":"post_tag","embeddable":true,"href":"https:\/\/www.ucaldas.edu.co\/portal\/wp-json\/wp\/v2\/tags?post=95125"}],"curies":[{"name":"wp","href":"https:\/\/api.w.org\/{rel}","templated":true}]}}