{"id":95118,"date":"2025-09-11T17:14:23","date_gmt":"2025-09-11T22:14:23","guid":{"rendered":"https:\/\/www.ucaldas.edu.co\/portal\/?p=95118"},"modified":"2025-09-11T17:14:23","modified_gmt":"2025-09-11T22:14:23","slug":"egresado-de-la-universidad-de-caldas-nuevo-decano-de-facultad-en-el-politecnico-internacional-de-bogota","status":"publish","type":"post","link":"https:\/\/www.ucaldas.edu.co\/portal\/egresado-de-la-universidad-de-caldas-nuevo-decano-de-facultad-en-el-politecnico-internacional-de-bogota\/","title":{"rendered":"Egresado de la Universidad de Caldas nuevo Decano de Facultad en el Polit\u00e9cnico Internacional de Bogot\u00e1"},"content":{"rendered":"<p><img loading=\"lazy\" decoding=\"async\" class=\"alignnone wp-image-95119 size-full\" src=\"https:\/\/www.ucaldas.edu.co\/portal\/wp-content\/uploads\/2025\/09\/Corresponsales-e1757628716132.png\" alt=\"Egresados destacados\n\" width=\"900\" height=\"547\" \/><\/p>\n<p style=\"text-align: justify;\">La Universidad de Caldas se enorgullece en resaltar a sus egresados que brillan en distintos escenarios del pa\u00eds. En esta ocasi\u00f3n, el reconocimiento es para Daney Yulian Ortiz, quien recientemente fue nombrado Decano de la Facultad de Emprendimiento y Desarrollo Empresarial del Polit\u00e9cnico Internacional de Bogot\u00e1, un logro que refleja su trayectoria, compromiso y visi\u00f3n en el campo educativo.<!--more--><\/p>\n<p style=\"text-align: justify;\">Ortiz es egresado de la Licenciatura en Ciencias Sociales de la Universidad de Caldas, formaci\u00f3n que le permiti\u00f3 descubrir su pasi\u00f3n por la docencia, la investigaci\u00f3n y la educaci\u00f3n como motor de transformaci\u00f3n social. Posteriormente, adelant\u00f3 estudios de maestr\u00eda en Historia del Arte, la Arquitectura y la Ciudad en la Universidad Nacional de Colombia, fortaleciendo su enfoque en la relaci\u00f3n entre cultura, arte y sociedad, as\u00ed como en su compromiso con las industrias creativas y culturales.<\/p>\n<p style=\"text-align: justify;\">En su recorrido profesional, ha trabajado como docente en diferentes niveles educativos, desde b\u00e1sica y media hasta educaci\u00f3n superior, adem\u00e1s de asumir roles de gesti\u00f3n acad\u00e9mica, innovaci\u00f3n curricular y dise\u00f1o de programas acad\u00e9micos orientados a las necesidades actuales y futuras. Su experiencia se ha enriquecido con la participaci\u00f3n en proyectos de investigaci\u00f3n y en iniciativas que promueven la creatividad y el emprendimiento en escenarios nacionales e internacionales.<\/p>\n<p style=\"text-align: justify;\">\u201cEste nombramiento no solo representa un reto enorme para m\u00ed, sino tambi\u00e9n una oportunidad maravillosa para seguir aportando desde la educaci\u00f3n a la transformaci\u00f3n de nuestra sociedad\u201d, expres\u00f3 Ortiz en sus palabras de agradecimiento, donde resalt\u00f3 la influencia de su familia, maestros, colegas y estudiantes en cada etapa de su camino profesional.<\/p>\n<p style=\"text-align: justify;\">Finalmente, envi\u00f3 un mensaje a los estudiantes de la Universidad de Caldas: \u201cEl camino no siempre es f\u00e1cil, pero con disciplina, compromiso y pasi\u00f3n siempre es posible llegar m\u00e1s lejos de lo que uno se imagina. Hoy, como decano, sigo so\u00f1ando con una educaci\u00f3n transformadora, con una tradici\u00f3n hacia la innovaci\u00f3n y que nos ponga siempre en el centro de la conversaci\u00f3n y del pensamiento para aportar a una sociedad y un pa\u00eds mejor\u201d.<\/p>\n<p style=\"text-align: justify;\"><strong>Anexo:<\/strong><\/p>\n<p style=\"text-align: justify;\"><a href=\"https:\/\/www.ucaldas.edu.co\/portal\/wp-content\/uploads\/2025\/09\/Decano-de-la-Facultad-de-Emprendimiento-y-Desarrollo-Empresarial-del-Politecnico-Internacional-en-Bogota-Daney-Yulian-Ortiz.mp3\"><strong>-Audio Decano de la Facultad de Emprendimiento y Desarrollo Empresarial del Polit\u00e9cnico Internacional en Bogot\u00e1, Daney Yulian Ortiz<\/strong><\/a><\/p>\n<audio class=\"wp-audio-shortcode\" id=\"audio-95118-1\" preload=\"none\" style=\"width: 100%;\" controls=\"controls\"><source type=\"audio\/mpeg\" src=\"https:\/\/www.ucaldas.edu.co\/portal\/wp-content\/uploads\/2025\/09\/Decano-de-la-Facultad-de-Emprendimiento-y-Desarrollo-Empresarial-del-Politecnico-Internacional-en-Bogota-Daney-Yulian-Ortiz.mp3?_=1\" \/><a href=\"https:\/\/www.ucaldas.edu.co\/portal\/wp-content\/uploads\/2025\/09\/Decano-de-la-Facultad-de-Emprendimiento-y-Desarrollo-Empresarial-del-Politecnico-Internacional-en-Bogota-Daney-Yulian-Ortiz.mp3\">https:\/\/www.ucaldas.edu.co\/portal\/wp-content\/uploads\/2025\/09\/Decano-de-la-Facultad-de-Emprendimiento-y-Desarrollo-Empresarial-del-Politecnico-Internacional-en-Bogota-Daney-Yulian-Ortiz.mp3<\/a><\/audio>\n","protected":false},"excerpt":{"rendered":"<p>La Universidad de Caldas se enorgullece en resaltar a sus egresados que brillan en distintos escenarios del pa\u00eds. En esta ocasi\u00f3n, el reconocimiento es para Daney Yulian Ortiz, quien recientemente fue nombrado Decano de la Facultad de Emprendimiento y Desarrollo Empresarial del Polit\u00e9cnico Internacional de Bogot\u00e1, un logro que refleja su trayectoria, compromiso y visi\u00f3n [&hellip;]<\/p>\n","protected":false},"author":2,"featured_media":95119,"comment_status":"closed","ping_status":"open","sticky":false,"template":"","format":"standard","meta":{"footnotes":""},"categories":[48,53],"tags":[7667],"class_list":["post-95118","post","type-post","status-publish","format-standard","has-post-thumbnail","hentry","category-actualidad","category-universidad-al-dia","tag-egresado-destacado"],"yoast_head":"<!-- This site is optimized with the Yoast SEO plugin v27.5 - https:\/\/yoast.com\/product\/yoast-seo-wordpress\/ -->\n<title>Egresado de la Universidad de Caldas nuevo Decano de Facultad en el Polit\u00e9cnico Internacional de Bogot\u00e1 .<\/title>\n<meta name=\"robots\" content=\"index, follow, max-snippet:-1, max-image-preview:large, max-video-preview:-1\" \/>\n<link rel=\"canonical\" href=\"https:\/\/www.ucaldas.edu.co\/portal\/egresado-de-la-universidad-de-caldas-nuevo-decano-de-facultad-en-el-politecnico-internacional-de-bogota\/\" \/>\n<script type=\"application\/ld+json\" class=\"yoast-schema-graph\">{\"@context\":\"https:\\\/\\\/schema.org\",\"@graph\":[{\"@type\":\"Article\",\"@id\":\"https:\\\/\\\/www.ucaldas.edu.co\\\/portal\\\/egresado-de-la-universidad-de-caldas-nuevo-decano-de-facultad-en-el-politecnico-internacional-de-bogota\\\/#article\",\"isPartOf\":{\"@id\":\"https:\\\/\\\/www.ucaldas.edu.co\\\/portal\\\/egresado-de-la-universidad-de-caldas-nuevo-decano-de-facultad-en-el-politecnico-internacional-de-bogota\\\/\"},\"author\":{\"name\":\"ofiprensa\",\"@id\":\"https:\\\/\\\/www.ucaldas.edu.co\\\/portal\\\/#\\\/schema\\\/person\\\/a1b482e23449158b4bc319926c074fdf\"},\"headline\":\"Egresado de la Universidad de Caldas nuevo Decano de Facultad en el Polit\u00e9cnico Internacional de Bogot\u00e1\",\"datePublished\":\"2025-09-11T22:14:23+00:00\",\"mainEntityOfPage\":{\"@id\":\"https:\\\/\\\/www.ucaldas.edu.co\\\/portal\\\/egresado-de-la-universidad-de-caldas-nuevo-decano-de-facultad-en-el-politecnico-internacional-de-bogota\\\/\"},\"wordCount\":411,\"publisher\":{\"@id\":\"https:\\\/\\\/www.ucaldas.edu.co\\\/portal\\\/#organization\"},\"image\":{\"@id\":\"https:\\\/\\\/www.ucaldas.edu.co\\\/portal\\\/egresado-de-la-universidad-de-caldas-nuevo-decano-de-facultad-en-el-politecnico-internacional-de-bogota\\\/#primaryimage\"},\"thumbnailUrl\":\"https:\\\/\\\/www.ucaldas.edu.co\\\/portal\\\/wp-content\\\/uploads\\\/2025\\\/09\\\/Corresponsales-e1757628716132.png\",\"keywords\":[\"egresado destacado\"],\"articleSection\":[\"Actualidad\",\"Universidad al D\u00eda\"],\"inLanguage\":\"es\"},{\"@type\":\"WebPage\",\"@id\":\"https:\\\/\\\/www.ucaldas.edu.co\\\/portal\\\/egresado-de-la-universidad-de-caldas-nuevo-decano-de-facultad-en-el-politecnico-internacional-de-bogota\\\/\",\"url\":\"https:\\\/\\\/www.ucaldas.edu.co\\\/portal\\\/egresado-de-la-universidad-de-caldas-nuevo-decano-de-facultad-en-el-politecnico-internacional-de-bogota\\\/\",\"name\":\"Egresado de la Universidad de Caldas nuevo Decano de Facultad en el Polit\u00e9cnico Internacional de Bogot\u00e1 .\",\"isPartOf\":{\"@id\":\"https:\\\/\\\/www.ucaldas.edu.co\\\/portal\\\/#website\"},\"primaryImageOfPage\":{\"@id\":\"https:\\\/\\\/www.ucaldas.edu.co\\\/portal\\\/egresado-de-la-universidad-de-caldas-nuevo-decano-de-facultad-en-el-politecnico-internacional-de-bogota\\\/#primaryimage\"},\"image\":{\"@id\":\"https:\\\/\\\/www.ucaldas.edu.co\\\/portal\\\/egresado-de-la-universidad-de-caldas-nuevo-decano-de-facultad-en-el-politecnico-internacional-de-bogota\\\/#primaryimage\"},\"thumbnailUrl\":\"https:\\\/\\\/www.ucaldas.edu.co\\\/portal\\\/wp-content\\\/uploads\\\/2025\\\/09\\\/Corresponsales-e1757628716132.png\",\"datePublished\":\"2025-09-11T22:14:23+00:00\",\"breadcrumb\":{\"@id\":\"https:\\\/\\\/www.ucaldas.edu.co\\\/portal\\\/egresado-de-la-universidad-de-caldas-nuevo-decano-de-facultad-en-el-politecnico-internacional-de-bogota\\\/#breadcrumb\"},\"inLanguage\":\"es\",\"potentialAction\":[{\"@type\":\"ReadAction\",\"target\":[\"https:\\\/\\\/www.ucaldas.edu.co\\\/portal\\\/egresado-de-la-universidad-de-caldas-nuevo-decano-de-facultad-en-el-politecnico-internacional-de-bogota\\\/\"]}]},{\"@type\":\"ImageObject\",\"inLanguage\":\"es\",\"@id\":\"https:\\\/\\\/www.ucaldas.edu.co\\\/portal\\\/egresado-de-la-universidad-de-caldas-nuevo-decano-de-facultad-en-el-politecnico-internacional-de-bogota\\\/#primaryimage\",\"url\":\"https:\\\/\\\/www.ucaldas.edu.co\\\/portal\\\/wp-content\\\/uploads\\\/2025\\\/09\\\/Corresponsales-e1757628716132.png\",\"contentUrl\":\"https:\\\/\\\/www.ucaldas.edu.co\\\/portal\\\/wp-content\\\/uploads\\\/2025\\\/09\\\/Corresponsales-e1757628716132.png\",\"width\":900,\"height\":547,\"caption\":\"Egresados destacados\"},{\"@type\":\"BreadcrumbList\",\"@id\":\"https:\\\/\\\/www.ucaldas.edu.co\\\/portal\\\/egresado-de-la-universidad-de-caldas-nuevo-decano-de-facultad-en-el-politecnico-internacional-de-bogota\\\/#breadcrumb\",\"itemListElement\":[{\"@type\":\"ListItem\",\"position\":1,\"name\":\"Portada\",\"item\":\"https:\\\/\\\/www.ucaldas.edu.co\\\/portal\\\/\"},{\"@type\":\"ListItem\",\"position\":2,\"name\":\"Egresado de la Universidad de Caldas nuevo Decano de Facultad en el Polit\u00e9cnico Internacional de Bogot\u00e1\"}]},{\"@type\":\"WebSite\",\"@id\":\"https:\\\/\\\/www.ucaldas.edu.co\\\/portal\\\/#website\",\"url\":\"https:\\\/\\\/www.ucaldas.edu.co\\\/portal\\\/\",\"name\":\"Universidad de Caldas\",\"description\":\"\",\"publisher\":{\"@id\":\"https:\\\/\\\/www.ucaldas.edu.co\\\/portal\\\/#organization\"},\"alternateName\":\"U. de Caldas\",\"potentialAction\":[{\"@type\":\"SearchAction\",\"target\":{\"@type\":\"EntryPoint\",\"urlTemplate\":\"https:\\\/\\\/www.ucaldas.edu.co\\\/portal\\\/?s={search_term_string}\"},\"query-input\":{\"@type\":\"PropertyValueSpecification\",\"valueRequired\":true,\"valueName\":\"search_term_string\"}}],\"inLanguage\":\"es\"},{\"@type\":\"Organization\",\"@id\":\"https:\\\/\\\/www.ucaldas.edu.co\\\/portal\\\/#organization\",\"name\":\"Universidad de Caldas\",\"alternateName\":\"U. de Caldas\",\"url\":\"https:\\\/\\\/www.ucaldas.edu.co\\\/portal\\\/\",\"logo\":{\"@type\":\"ImageObject\",\"inLanguage\":\"es\",\"@id\":\"https:\\\/\\\/www.ucaldas.edu.co\\\/portal\\\/#\\\/schema\\\/logo\\\/image\\\/\",\"url\":\"https:\\\/\\\/www.ucaldas.edu.co\\\/portal\\\/wp-content\\\/uploads\\\/2023\\\/11\\\/Logo_horizontal_oscuroU-2023.png\",\"contentUrl\":\"https:\\\/\\\/www.ucaldas.edu.co\\\/portal\\\/wp-content\\\/uploads\\\/2023\\\/11\\\/Logo_horizontal_oscuroU-2023.png\",\"width\":263,\"height\":101,\"caption\":\"Universidad de Caldas\"},\"image\":{\"@id\":\"https:\\\/\\\/www.ucaldas.edu.co\\\/portal\\\/#\\\/schema\\\/logo\\\/image\\\/\"},\"sameAs\":[\"https:\\\/\\\/www.facebook.com\\\/udecaldas\",\"https:\\\/\\\/x.com\\\/udecaldas\",\"https:\\\/\\\/www.youtube.com\\\/universidadcaldas\",\"https:\\\/\\\/www.instagram.com\\\/udecaldas\\\/\"]},{\"@type\":\"Person\",\"@id\":\"https:\\\/\\\/www.ucaldas.edu.co\\\/portal\\\/#\\\/schema\\\/person\\\/a1b482e23449158b4bc319926c074fdf\",\"name\":\"ofiprensa\",\"image\":{\"@type\":\"ImageObject\",\"inLanguage\":\"es\",\"@id\":\"https:\\\/\\\/www.ucaldas.edu.co\\\/portal\\\/wp-content\\\/litespeed\\\/avatar\\\/09ea5085e600095a7a811142c6944527.jpg?ver=1777497608\",\"url\":\"https:\\\/\\\/www.ucaldas.edu.co\\\/portal\\\/wp-content\\\/litespeed\\\/avatar\\\/09ea5085e600095a7a811142c6944527.jpg?ver=1777497608\",\"contentUrl\":\"https:\\\/\\\/www.ucaldas.edu.co\\\/portal\\\/wp-content\\\/litespeed\\\/avatar\\\/09ea5085e600095a7a811142c6944527.jpg?ver=1777497608\",\"caption\":\"ofiprensa\"},\"url\":\"https:\\\/\\\/www.ucaldas.edu.co\\\/portal\\\/author\\\/ofiprensa\\\/\"}]}<\/script>\n<!-- \/ Yoast SEO plugin. -->","yoast_head_json":{"title":"Egresado de la Universidad de Caldas nuevo Decano de Facultad en el Polit\u00e9cnico Internacional de Bogot\u00e1 .","robots":{"index":"index","follow":"follow","max-snippet":"max-snippet:-1","max-image-preview":"max-image-preview:large","max-video-preview":"max-video-preview:-1"},"canonical":"https:\/\/www.ucaldas.edu.co\/portal\/egresado-de-la-universidad-de-caldas-nuevo-decano-de-facultad-en-el-politecnico-internacional-de-bogota\/","schema":{"@context":"https:\/\/schema.org","@graph":[{"@type":"Article","@id":"https:\/\/www.ucaldas.edu.co\/portal\/egresado-de-la-universidad-de-caldas-nuevo-decano-de-facultad-en-el-politecnico-internacional-de-bogota\/#article","isPartOf":{"@id":"https:\/\/www.ucaldas.edu.co\/portal\/egresado-de-la-universidad-de-caldas-nuevo-decano-de-facultad-en-el-politecnico-internacional-de-bogota\/"},"author":{"name":"ofiprensa","@id":"https:\/\/www.ucaldas.edu.co\/portal\/#\/schema\/person\/a1b482e23449158b4bc319926c074fdf"},"headline":"Egresado de la Universidad de Caldas nuevo Decano de Facultad en el Polit\u00e9cnico Internacional de Bogot\u00e1","datePublished":"2025-09-11T22:14:23+00:00","mainEntityOfPage":{"@id":"https:\/\/www.ucaldas.edu.co\/portal\/egresado-de-la-universidad-de-caldas-nuevo-decano-de-facultad-en-el-politecnico-internacional-de-bogota\/"},"wordCount":411,"publisher":{"@id":"https:\/\/www.ucaldas.edu.co\/portal\/#organization"},"image":{"@id":"https:\/\/www.ucaldas.edu.co\/portal\/egresado-de-la-universidad-de-caldas-nuevo-decano-de-facultad-en-el-politecnico-internacional-de-bogota\/#primaryimage"},"thumbnailUrl":"https:\/\/www.ucaldas.edu.co\/portal\/wp-content\/uploads\/2025\/09\/Corresponsales-e1757628716132.png","keywords":["egresado destacado"],"articleSection":["Actualidad","Universidad al D\u00eda"],"inLanguage":"es"},{"@type":"WebPage","@id":"https:\/\/www.ucaldas.edu.co\/portal\/egresado-de-la-universidad-de-caldas-nuevo-decano-de-facultad-en-el-politecnico-internacional-de-bogota\/","url":"https:\/\/www.ucaldas.edu.co\/portal\/egresado-de-la-universidad-de-caldas-nuevo-decano-de-facultad-en-el-politecnico-internacional-de-bogota\/","name":"Egresado de la Universidad de Caldas nuevo Decano de Facultad en el Polit\u00e9cnico Internacional de Bogot\u00e1 .","isPartOf":{"@id":"https:\/\/www.ucaldas.edu.co\/portal\/#website"},"primaryImageOfPage":{"@id":"https:\/\/www.ucaldas.edu.co\/portal\/egresado-de-la-universidad-de-caldas-nuevo-decano-de-facultad-en-el-politecnico-internacional-de-bogota\/#primaryimage"},"image":{"@id":"https:\/\/www.ucaldas.edu.co\/portal\/egresado-de-la-universidad-de-caldas-nuevo-decano-de-facultad-en-el-politecnico-internacional-de-bogota\/#primaryimage"},"thumbnailUrl":"https:\/\/www.ucaldas.edu.co\/portal\/wp-content\/uploads\/2025\/09\/Corresponsales-e1757628716132.png","datePublished":"2025-09-11T22:14:23+00:00","breadcrumb":{"@id":"https:\/\/www.ucaldas.edu.co\/portal\/egresado-de-la-universidad-de-caldas-nuevo-decano-de-facultad-en-el-politecnico-internacional-de-bogota\/#breadcrumb"},"inLanguage":"es","potentialAction":[{"@type":"ReadAction","target":["https:\/\/www.ucaldas.edu.co\/portal\/egresado-de-la-universidad-de-caldas-nuevo-decano-de-facultad-en-el-politecnico-internacional-de-bogota\/"]}]},{"@type":"ImageObject","inLanguage":"es","@id":"https:\/\/www.ucaldas.edu.co\/portal\/egresado-de-la-universidad-de-caldas-nuevo-decano-de-facultad-en-el-politecnico-internacional-de-bogota\/#primaryimage","url":"https:\/\/www.ucaldas.edu.co\/portal\/wp-content\/uploads\/2025\/09\/Corresponsales-e1757628716132.png","contentUrl":"https:\/\/www.ucaldas.edu.co\/portal\/wp-content\/uploads\/2025\/09\/Corresponsales-e1757628716132.png","width":900,"height":547,"caption":"Egresados destacados"},{"@type":"BreadcrumbList","@id":"https:\/\/www.ucaldas.edu.co\/portal\/egresado-de-la-universidad-de-caldas-nuevo-decano-de-facultad-en-el-politecnico-internacional-de-bogota\/#breadcrumb","itemListElement":[{"@type":"ListItem","position":1,"name":"Portada","item":"https:\/\/www.ucaldas.edu.co\/portal\/"},{"@type":"ListItem","position":2,"name":"Egresado de la Universidad de Caldas nuevo Decano de Facultad en el Polit\u00e9cnico Internacional de Bogot\u00e1"}]},{"@type":"WebSite","@id":"https:\/\/www.ucaldas.edu.co\/portal\/#website","url":"https:\/\/www.ucaldas.edu.co\/portal\/","name":"Universidad de Caldas","description":"","publisher":{"@id":"https:\/\/www.ucaldas.edu.co\/portal\/#organization"},"alternateName":"U. de Caldas","potentialAction":[{"@type":"SearchAction","target":{"@type":"EntryPoint","urlTemplate":"https:\/\/www.ucaldas.edu.co\/portal\/?s={search_term_string}"},"query-input":{"@type":"PropertyValueSpecification","valueRequired":true,"valueName":"search_term_string"}}],"inLanguage":"es"},{"@type":"Organization","@id":"https:\/\/www.ucaldas.edu.co\/portal\/#organization","name":"Universidad de Caldas","alternateName":"U. de Caldas","url":"https:\/\/www.ucaldas.edu.co\/portal\/","logo":{"@type":"ImageObject","inLanguage":"es","@id":"https:\/\/www.ucaldas.edu.co\/portal\/#\/schema\/logo\/image\/","url":"https:\/\/www.ucaldas.edu.co\/portal\/wp-content\/uploads\/2023\/11\/Logo_horizontal_oscuroU-2023.png","contentUrl":"https:\/\/www.ucaldas.edu.co\/portal\/wp-content\/uploads\/2023\/11\/Logo_horizontal_oscuroU-2023.png","width":263,"height":101,"caption":"Universidad de Caldas"},"image":{"@id":"https:\/\/www.ucaldas.edu.co\/portal\/#\/schema\/logo\/image\/"},"sameAs":["https:\/\/www.facebook.com\/udecaldas","https:\/\/x.com\/udecaldas","https:\/\/www.youtube.com\/universidadcaldas","https:\/\/www.instagram.com\/udecaldas\/"]},{"@type":"Person","@id":"https:\/\/www.ucaldas.edu.co\/portal\/#\/schema\/person\/a1b482e23449158b4bc319926c074fdf","name":"ofiprensa","image":{"@type":"ImageObject","inLanguage":"es","@id":"https:\/\/www.ucaldas.edu.co\/portal\/wp-content\/litespeed\/avatar\/09ea5085e600095a7a811142c6944527.jpg?ver=1777497608","url":"https:\/\/www.ucaldas.edu.co\/portal\/wp-content\/litespeed\/avatar\/09ea5085e600095a7a811142c6944527.jpg?ver=1777497608","contentUrl":"https:\/\/www.ucaldas.edu.co\/portal\/wp-content\/litespeed\/avatar\/09ea5085e600095a7a811142c6944527.jpg?ver=1777497608","caption":"ofiprensa"},"url":"https:\/\/www.ucaldas.edu.co\/portal\/author\/ofiprensa\/"}]}},"_links":{"self":[{"href":"https:\/\/www.ucaldas.edu.co\/portal\/wp-json\/wp\/v2\/posts\/95118","targetHints":{"allow":["GET"]}}],"collection":[{"href":"https:\/\/www.ucaldas.edu.co\/portal\/wp-json\/wp\/v2\/posts"}],"about":[{"href":"https:\/\/www.ucaldas.edu.co\/portal\/wp-json\/wp\/v2\/types\/post"}],"author":[{"embeddable":true,"href":"https:\/\/www.ucaldas.edu.co\/portal\/wp-json\/wp\/v2\/users\/2"}],"replies":[{"embeddable":true,"href":"https:\/\/www.ucaldas.edu.co\/portal\/wp-json\/wp\/v2\/comments?post=95118"}],"version-history":[{"count":0,"href":"https:\/\/www.ucaldas.edu.co\/portal\/wp-json\/wp\/v2\/posts\/95118\/revisions"}],"wp:featuredmedia":[{"embeddable":true,"href":"https:\/\/www.ucaldas.edu.co\/portal\/wp-json\/wp\/v2\/media\/95119"}],"wp:attachment":[{"href":"https:\/\/www.ucaldas.edu.co\/portal\/wp-json\/wp\/v2\/media?parent=95118"}],"wp:term":[{"taxonomy":"category","embeddable":true,"href":"https:\/\/www.ucaldas.edu.co\/portal\/wp-json\/wp\/v2\/categories?post=95118"},{"taxonomy":"post_tag","embeddable":true,"href":"https:\/\/www.ucaldas.edu.co\/portal\/wp-json\/wp\/v2\/tags?post=95118"}],"curies":[{"name":"wp","href":"https:\/\/api.w.org\/{rel}","templated":true}]}}