{"id":94927,"date":"2025-09-09T16:29:21","date_gmt":"2025-09-09T21:29:21","guid":{"rendered":"https:\/\/www.ucaldas.edu.co\/portal\/?p=94927"},"modified":"2025-09-09T16:32:22","modified_gmt":"2025-09-09T21:32:22","slug":"universidad-de-caldas-abrio-espacio-de-dialogo-con-privados-de-la-libertad-en-el-vii-simposio-de-salud-penitenciaria","status":"publish","type":"post","link":"https:\/\/www.ucaldas.edu.co\/portal\/universidad-de-caldas-abrio-espacio-de-dialogo-con-privados-de-la-libertad-en-el-vii-simposio-de-salud-penitenciaria\/","title":{"rendered":"Universidad de Caldas abri\u00f3 espacio de di\u00e1logo con privados de la libertad en el VII Simposio de Salud Penitenciaria"},"content":{"rendered":"<p><img loading=\"lazy\" decoding=\"async\" class=\"alignnone wp-image-94934 size-full\" src=\"https:\/\/www.ucaldas.edu.co\/portal\/wp-content\/uploads\/2025\/09\/IMG_6716-scaled-e1757453503306.jpg\" alt=\"Simposio de salud penitenciaria\" width=\"900\" height=\"675\" \/><\/p>\n<p style=\"text-align: justify;\">La Universidad de Caldas llev\u00f3 a cabo el VII Simposio de Salud Penitenciaria, un espacio acad\u00e9mico y social que se desarrolla cada a\u00f1o en el \u00e1mbito del proyecto de extensi\u00f3n universitaria \u201cIntegraci\u00f3n Funcional para la Salud Comunitaria en la Reclusi\u00f3n de Mujeres y el EPC de Varones de Manizales\u201d. En esta ocasi\u00f3n, la tem\u00e1tica central fue \u201cLa familia, red de apoyo del privado de libertad\u201d, con el prop\u00f3sito de reflexionar sobre la importancia del n\u00facleo familiar en los procesos de salud y resocializaci\u00f3n de las personas privadas de la libertad.<!--more--><\/p>\n<p style=\"text-align: justify;\">El evento, liderado por las docentes Sandra Milena Franco Id\u00e1rraga y Daniela Agudelo Osorio, cont\u00f3 con el apoyo del semillero de Derecho a la Salud de la Universidad de Caldas. Estuvo dirigido al p\u00fablico del centro penitenciario, funcionarios del INPEC en las \u00e1reas de tratamiento, sanidad y custodia, as\u00ed como a las personas privadas de la libertad, quienes fueron protagonistas en este espacio de di\u00e1logo y formaci\u00f3n.<\/p>\n<p style=\"text-align: justify;\">La docente Sandra Milena Franco, del Departamento de Salud P\u00fablica, destac\u00f3 que el proyecto Integraci\u00f3n Funcional para la Salud Comunitaria inici\u00f3 en 2005 y se ha mantenido ininterrumpidamente durante 20 a\u00f1os. En sus palabras, \u201chemos trabajado en promoci\u00f3n de la salud, prevenci\u00f3n de enfermedades y h\u00e1bitos saludables, as\u00ed como en la identificaci\u00f3n temprana de signos de enfermedades infectocontagiosas, que son comunes dentro de estas instituciones\u201d. Adem\u00e1s, resalt\u00f3 el trabajo en el programa Cadena de Vida del INPEC, enfocado en la resocializaci\u00f3n de personas que han cometido delitos contra la vida.<\/p>\n<p style=\"text-align: justify;\">Por su parte, el Comandante de Vigilancia del Establecimiento Penitenciario de Manizales, Hern\u00e1n Monroy Invachi, subray\u00f3 la relevancia del aporte de la Universidad. \u201cEste proyecto nos ha ayudado a re-direccionar muchos temas frente a los privados de la libertad, la importancia de la vida y la salud. Es un apoyo a la instituci\u00f3n y un aporte valioso que mejora el ambiente dentro del establecimiento, beneficiando tanto a internos como al personal\u201d, afirm\u00f3.<\/p>\n<p style=\"text-align: justify;\">La voz de los asistentes tambi\u00e9n estuvo presente en este espacio. Camilo Varela, participante del simposio y privado de la libertad, destac\u00f3 que este evento logra acercar la academia a la realidad penitenciaria: \u201cEl simposio es la apertura que hace el establecimiento penitenciario a la reflexi\u00f3n acad\u00e9mica y cr\u00edtica sobre la vida dentro de las rejas, la resocializaci\u00f3n y los retos que enfrenta este contexto social\u201d.<\/p>\n<p style=\"text-align: justify;\">Con esta s\u00e9ptima versi\u00f3n, el Simposio de Salud Penitenciaria se consolida como un escenario \u00fanico en el pa\u00eds, donde se articulan la academia, la institucionalidad y las comunidades penitenciarias para fortalecer el respeto por la vida, la salud y la construcci\u00f3n de nuevas oportunidades para quienes buscan reinsertarse a la sociedad.<\/p>\n<p style=\"text-align: justify;\"><strong>Anexo:<\/strong><\/p>\n<p style=\"text-align: justify;\"><a href=\"https:\/\/www.ucaldas.edu.co\/portal\/wp-content\/uploads\/2025\/09\/Docente-del-departamento-de-Salud-Publica-de-la-Universidad-de-Caldas-Sandra-Milena-Franco.mp3\"><strong>-Audio Docente del departamento de Salud P\u00fablica de la Universidad de Caldas, Sandra Milena Franco.<\/strong><\/a><\/p>\n<audio class=\"wp-audio-shortcode\" id=\"audio-94927-1\" preload=\"none\" style=\"width: 100%;\" controls=\"controls\"><source type=\"audio\/mpeg\" src=\"https:\/\/www.ucaldas.edu.co\/portal\/wp-content\/uploads\/2025\/09\/Docente-del-departamento-de-Salud-Publica-de-la-Universidad-de-Caldas-Sandra-Milena-Franco.mp3?_=1\" \/><a href=\"https:\/\/www.ucaldas.edu.co\/portal\/wp-content\/uploads\/2025\/09\/Docente-del-departamento-de-Salud-Publica-de-la-Universidad-de-Caldas-Sandra-Milena-Franco.mp3\">https:\/\/www.ucaldas.edu.co\/portal\/wp-content\/uploads\/2025\/09\/Docente-del-departamento-de-Salud-Publica-de-la-Universidad-de-Caldas-Sandra-Milena-Franco.mp3<\/a><\/audio>\n<p style=\"text-align: justify;\"><a href=\"https:\/\/www.ucaldas.edu.co\/portal\/wp-content\/uploads\/2025\/09\/Comandante-de-vigilancia-del-establecimiento-Penitenciario-de-Manizales-Hernan-Monroy-Invachi.mp3\"><strong>-Audio Comandante de vigilancia del establecimiento Penitenciario de Manizales, Hern\u00e1n Monroy Invachi.<\/strong><\/a><\/p>\n<audio class=\"wp-audio-shortcode\" id=\"audio-94927-2\" preload=\"none\" style=\"width: 100%;\" controls=\"controls\"><source type=\"audio\/mpeg\" src=\"https:\/\/www.ucaldas.edu.co\/portal\/wp-content\/uploads\/2025\/09\/Comandante-de-vigilancia-del-establecimiento-Penitenciario-de-Manizales-Hernan-Monroy-Invachi.mp3?_=2\" \/><a href=\"https:\/\/www.ucaldas.edu.co\/portal\/wp-content\/uploads\/2025\/09\/Comandante-de-vigilancia-del-establecimiento-Penitenciario-de-Manizales-Hernan-Monroy-Invachi.mp3\">https:\/\/www.ucaldas.edu.co\/portal\/wp-content\/uploads\/2025\/09\/Comandante-de-vigilancia-del-establecimiento-Penitenciario-de-Manizales-Hernan-Monroy-Invachi.mp3<\/a><\/audio>\n<p style=\"text-align: justify;\"><a href=\"https:\/\/www.ucaldas.edu.co\/portal\/wp-content\/uploads\/2025\/09\/Asistente-al-Simposio-de-Salud-Penitenciaria-Camilo-Varela.mp3\"><strong>-Audio Asistente al Simposio de Salud Penitenciaria, Camilo Varela.<\/strong><\/a><\/p>\n<audio class=\"wp-audio-shortcode\" id=\"audio-94927-3\" preload=\"none\" style=\"width: 100%;\" controls=\"controls\"><source type=\"audio\/mpeg\" src=\"https:\/\/www.ucaldas.edu.co\/portal\/wp-content\/uploads\/2025\/09\/Asistente-al-Simposio-de-Salud-Penitenciaria-Camilo-Varela.mp3?_=3\" \/><a href=\"https:\/\/www.ucaldas.edu.co\/portal\/wp-content\/uploads\/2025\/09\/Asistente-al-Simposio-de-Salud-Penitenciaria-Camilo-Varela.mp3\">https:\/\/www.ucaldas.edu.co\/portal\/wp-content\/uploads\/2025\/09\/Asistente-al-Simposio-de-Salud-Penitenciaria-Camilo-Varela.mp3<\/a><\/audio>\n","protected":false},"excerpt":{"rendered":"<p>La Universidad de Caldas llev\u00f3 a cabo el VII Simposio de Salud Penitenciaria, un espacio acad\u00e9mico y social que se desarrolla cada a\u00f1o en el \u00e1mbito del proyecto de extensi\u00f3n universitaria \u201cIntegraci\u00f3n Funcional para la Salud Comunitaria en la Reclusi\u00f3n de Mujeres y el EPC de Varones de Manizales\u201d. En esta ocasi\u00f3n, la tem\u00e1tica central [&hellip;]<\/p>\n","protected":false},"author":2,"featured_media":94934,"comment_status":"closed","ping_status":"open","sticky":false,"template":"","format":"standard","meta":{"footnotes":""},"categories":[48,53],"tags":[9905,9906],"class_list":["post-94927","post","type-post","status-publish","format-standard","has-post-thumbnail","hentry","category-actualidad","category-universidad-al-dia","tag-simposio-salud-penitenciaria","tag-centro-penitenciario-de-manizales"],"yoast_head":"<!-- This site is optimized with the Yoast SEO plugin v27.5 - https:\/\/yoast.com\/product\/yoast-seo-wordpress\/ -->\n<title>Universidad de Caldas abri\u00f3 espacio de di\u00e1logo con privados de la libertad en el VII Simposio de Salud Penitenciaria .<\/title>\n<meta name=\"robots\" content=\"index, follow, max-snippet:-1, max-image-preview:large, max-video-preview:-1\" \/>\n<link rel=\"canonical\" href=\"https:\/\/www.ucaldas.edu.co\/portal\/universidad-de-caldas-abrio-espacio-de-dialogo-con-privados-de-la-libertad-en-el-vii-simposio-de-salud-penitenciaria\/\" \/>\n<script type=\"application\/ld+json\" class=\"yoast-schema-graph\">{\"@context\":\"https:\\\/\\\/schema.org\",\"@graph\":[{\"@type\":\"Article\",\"@id\":\"https:\\\/\\\/www.ucaldas.edu.co\\\/portal\\\/universidad-de-caldas-abrio-espacio-de-dialogo-con-privados-de-la-libertad-en-el-vii-simposio-de-salud-penitenciaria\\\/#article\",\"isPartOf\":{\"@id\":\"https:\\\/\\\/www.ucaldas.edu.co\\\/portal\\\/universidad-de-caldas-abrio-espacio-de-dialogo-con-privados-de-la-libertad-en-el-vii-simposio-de-salud-penitenciaria\\\/\"},\"author\":{\"name\":\"ofiprensa\",\"@id\":\"https:\\\/\\\/www.ucaldas.edu.co\\\/portal\\\/#\\\/schema\\\/person\\\/a1b482e23449158b4bc319926c074fdf\"},\"headline\":\"Universidad de Caldas abri\u00f3 espacio de di\u00e1logo con privados de la libertad en el VII Simposio de Salud Penitenciaria\",\"datePublished\":\"2025-09-09T21:29:21+00:00\",\"dateModified\":\"2025-09-09T21:32:22+00:00\",\"mainEntityOfPage\":{\"@id\":\"https:\\\/\\\/www.ucaldas.edu.co\\\/portal\\\/universidad-de-caldas-abrio-espacio-de-dialogo-con-privados-de-la-libertad-en-el-vii-simposio-de-salud-penitenciaria\\\/\"},\"wordCount\":566,\"publisher\":{\"@id\":\"https:\\\/\\\/www.ucaldas.edu.co\\\/portal\\\/#organization\"},\"image\":{\"@id\":\"https:\\\/\\\/www.ucaldas.edu.co\\\/portal\\\/universidad-de-caldas-abrio-espacio-de-dialogo-con-privados-de-la-libertad-en-el-vii-simposio-de-salud-penitenciaria\\\/#primaryimage\"},\"thumbnailUrl\":\"https:\\\/\\\/www.ucaldas.edu.co\\\/portal\\\/wp-content\\\/uploads\\\/2025\\\/09\\\/IMG_6716-scaled-e1757453503306.jpg\",\"keywords\":[\"Simposio salud penitenciaria\",\"Centro penitenciario de Manizales\"],\"articleSection\":[\"Actualidad\",\"Universidad al D\u00eda\"],\"inLanguage\":\"es\"},{\"@type\":\"WebPage\",\"@id\":\"https:\\\/\\\/www.ucaldas.edu.co\\\/portal\\\/universidad-de-caldas-abrio-espacio-de-dialogo-con-privados-de-la-libertad-en-el-vii-simposio-de-salud-penitenciaria\\\/\",\"url\":\"https:\\\/\\\/www.ucaldas.edu.co\\\/portal\\\/universidad-de-caldas-abrio-espacio-de-dialogo-con-privados-de-la-libertad-en-el-vii-simposio-de-salud-penitenciaria\\\/\",\"name\":\"Universidad de Caldas abri\u00f3 espacio de di\u00e1logo con privados de la libertad en el VII Simposio de Salud Penitenciaria .\",\"isPartOf\":{\"@id\":\"https:\\\/\\\/www.ucaldas.edu.co\\\/portal\\\/#website\"},\"primaryImageOfPage\":{\"@id\":\"https:\\\/\\\/www.ucaldas.edu.co\\\/portal\\\/universidad-de-caldas-abrio-espacio-de-dialogo-con-privados-de-la-libertad-en-el-vii-simposio-de-salud-penitenciaria\\\/#primaryimage\"},\"image\":{\"@id\":\"https:\\\/\\\/www.ucaldas.edu.co\\\/portal\\\/universidad-de-caldas-abrio-espacio-de-dialogo-con-privados-de-la-libertad-en-el-vii-simposio-de-salud-penitenciaria\\\/#primaryimage\"},\"thumbnailUrl\":\"https:\\\/\\\/www.ucaldas.edu.co\\\/portal\\\/wp-content\\\/uploads\\\/2025\\\/09\\\/IMG_6716-scaled-e1757453503306.jpg\",\"datePublished\":\"2025-09-09T21:29:21+00:00\",\"dateModified\":\"2025-09-09T21:32:22+00:00\",\"breadcrumb\":{\"@id\":\"https:\\\/\\\/www.ucaldas.edu.co\\\/portal\\\/universidad-de-caldas-abrio-espacio-de-dialogo-con-privados-de-la-libertad-en-el-vii-simposio-de-salud-penitenciaria\\\/#breadcrumb\"},\"inLanguage\":\"es\",\"potentialAction\":[{\"@type\":\"ReadAction\",\"target\":[\"https:\\\/\\\/www.ucaldas.edu.co\\\/portal\\\/universidad-de-caldas-abrio-espacio-de-dialogo-con-privados-de-la-libertad-en-el-vii-simposio-de-salud-penitenciaria\\\/\"]}]},{\"@type\":\"ImageObject\",\"inLanguage\":\"es\",\"@id\":\"https:\\\/\\\/www.ucaldas.edu.co\\\/portal\\\/universidad-de-caldas-abrio-espacio-de-dialogo-con-privados-de-la-libertad-en-el-vii-simposio-de-salud-penitenciaria\\\/#primaryimage\",\"url\":\"https:\\\/\\\/www.ucaldas.edu.co\\\/portal\\\/wp-content\\\/uploads\\\/2025\\\/09\\\/IMG_6716-scaled-e1757453503306.jpg\",\"contentUrl\":\"https:\\\/\\\/www.ucaldas.edu.co\\\/portal\\\/wp-content\\\/uploads\\\/2025\\\/09\\\/IMG_6716-scaled-e1757453503306.jpg\",\"width\":900,\"height\":675,\"caption\":\"Simposio de salud penitenciaria\"},{\"@type\":\"BreadcrumbList\",\"@id\":\"https:\\\/\\\/www.ucaldas.edu.co\\\/portal\\\/universidad-de-caldas-abrio-espacio-de-dialogo-con-privados-de-la-libertad-en-el-vii-simposio-de-salud-penitenciaria\\\/#breadcrumb\",\"itemListElement\":[{\"@type\":\"ListItem\",\"position\":1,\"name\":\"Portada\",\"item\":\"https:\\\/\\\/www.ucaldas.edu.co\\\/portal\\\/\"},{\"@type\":\"ListItem\",\"position\":2,\"name\":\"Universidad de Caldas abri\u00f3 espacio de di\u00e1logo con privados de la libertad en el VII Simposio de Salud Penitenciaria\"}]},{\"@type\":\"WebSite\",\"@id\":\"https:\\\/\\\/www.ucaldas.edu.co\\\/portal\\\/#website\",\"url\":\"https:\\\/\\\/www.ucaldas.edu.co\\\/portal\\\/\",\"name\":\"Universidad de Caldas\",\"description\":\"\",\"publisher\":{\"@id\":\"https:\\\/\\\/www.ucaldas.edu.co\\\/portal\\\/#organization\"},\"alternateName\":\"U. de Caldas\",\"potentialAction\":[{\"@type\":\"SearchAction\",\"target\":{\"@type\":\"EntryPoint\",\"urlTemplate\":\"https:\\\/\\\/www.ucaldas.edu.co\\\/portal\\\/?s={search_term_string}\"},\"query-input\":{\"@type\":\"PropertyValueSpecification\",\"valueRequired\":true,\"valueName\":\"search_term_string\"}}],\"inLanguage\":\"es\"},{\"@type\":\"Organization\",\"@id\":\"https:\\\/\\\/www.ucaldas.edu.co\\\/portal\\\/#organization\",\"name\":\"Universidad de Caldas\",\"alternateName\":\"U. de Caldas\",\"url\":\"https:\\\/\\\/www.ucaldas.edu.co\\\/portal\\\/\",\"logo\":{\"@type\":\"ImageObject\",\"inLanguage\":\"es\",\"@id\":\"https:\\\/\\\/www.ucaldas.edu.co\\\/portal\\\/#\\\/schema\\\/logo\\\/image\\\/\",\"url\":\"https:\\\/\\\/www.ucaldas.edu.co\\\/portal\\\/wp-content\\\/uploads\\\/2023\\\/11\\\/Logo_horizontal_oscuroU-2023.png\",\"contentUrl\":\"https:\\\/\\\/www.ucaldas.edu.co\\\/portal\\\/wp-content\\\/uploads\\\/2023\\\/11\\\/Logo_horizontal_oscuroU-2023.png\",\"width\":263,\"height\":101,\"caption\":\"Universidad de Caldas\"},\"image\":{\"@id\":\"https:\\\/\\\/www.ucaldas.edu.co\\\/portal\\\/#\\\/schema\\\/logo\\\/image\\\/\"},\"sameAs\":[\"https:\\\/\\\/www.facebook.com\\\/udecaldas\",\"https:\\\/\\\/x.com\\\/udecaldas\",\"https:\\\/\\\/www.youtube.com\\\/universidadcaldas\",\"https:\\\/\\\/www.instagram.com\\\/udecaldas\\\/\"]},{\"@type\":\"Person\",\"@id\":\"https:\\\/\\\/www.ucaldas.edu.co\\\/portal\\\/#\\\/schema\\\/person\\\/a1b482e23449158b4bc319926c074fdf\",\"name\":\"ofiprensa\",\"image\":{\"@type\":\"ImageObject\",\"inLanguage\":\"es\",\"@id\":\"https:\\\/\\\/www.ucaldas.edu.co\\\/portal\\\/wp-content\\\/litespeed\\\/avatar\\\/09ea5085e600095a7a811142c6944527.jpg?ver=1777497608\",\"url\":\"https:\\\/\\\/www.ucaldas.edu.co\\\/portal\\\/wp-content\\\/litespeed\\\/avatar\\\/09ea5085e600095a7a811142c6944527.jpg?ver=1777497608\",\"contentUrl\":\"https:\\\/\\\/www.ucaldas.edu.co\\\/portal\\\/wp-content\\\/litespeed\\\/avatar\\\/09ea5085e600095a7a811142c6944527.jpg?ver=1777497608\",\"caption\":\"ofiprensa\"},\"url\":\"https:\\\/\\\/www.ucaldas.edu.co\\\/portal\\\/author\\\/ofiprensa\\\/\"}]}<\/script>\n<!-- \/ Yoast SEO plugin. -->","yoast_head_json":{"title":"Universidad de Caldas abri\u00f3 espacio de di\u00e1logo con privados de la libertad en el VII Simposio de Salud Penitenciaria .","robots":{"index":"index","follow":"follow","max-snippet":"max-snippet:-1","max-image-preview":"max-image-preview:large","max-video-preview":"max-video-preview:-1"},"canonical":"https:\/\/www.ucaldas.edu.co\/portal\/universidad-de-caldas-abrio-espacio-de-dialogo-con-privados-de-la-libertad-en-el-vii-simposio-de-salud-penitenciaria\/","schema":{"@context":"https:\/\/schema.org","@graph":[{"@type":"Article","@id":"https:\/\/www.ucaldas.edu.co\/portal\/universidad-de-caldas-abrio-espacio-de-dialogo-con-privados-de-la-libertad-en-el-vii-simposio-de-salud-penitenciaria\/#article","isPartOf":{"@id":"https:\/\/www.ucaldas.edu.co\/portal\/universidad-de-caldas-abrio-espacio-de-dialogo-con-privados-de-la-libertad-en-el-vii-simposio-de-salud-penitenciaria\/"},"author":{"name":"ofiprensa","@id":"https:\/\/www.ucaldas.edu.co\/portal\/#\/schema\/person\/a1b482e23449158b4bc319926c074fdf"},"headline":"Universidad de Caldas abri\u00f3 espacio de di\u00e1logo con privados de la libertad en el VII Simposio de Salud Penitenciaria","datePublished":"2025-09-09T21:29:21+00:00","dateModified":"2025-09-09T21:32:22+00:00","mainEntityOfPage":{"@id":"https:\/\/www.ucaldas.edu.co\/portal\/universidad-de-caldas-abrio-espacio-de-dialogo-con-privados-de-la-libertad-en-el-vii-simposio-de-salud-penitenciaria\/"},"wordCount":566,"publisher":{"@id":"https:\/\/www.ucaldas.edu.co\/portal\/#organization"},"image":{"@id":"https:\/\/www.ucaldas.edu.co\/portal\/universidad-de-caldas-abrio-espacio-de-dialogo-con-privados-de-la-libertad-en-el-vii-simposio-de-salud-penitenciaria\/#primaryimage"},"thumbnailUrl":"https:\/\/www.ucaldas.edu.co\/portal\/wp-content\/uploads\/2025\/09\/IMG_6716-scaled-e1757453503306.jpg","keywords":["Simposio salud penitenciaria","Centro penitenciario de Manizales"],"articleSection":["Actualidad","Universidad al D\u00eda"],"inLanguage":"es"},{"@type":"WebPage","@id":"https:\/\/www.ucaldas.edu.co\/portal\/universidad-de-caldas-abrio-espacio-de-dialogo-con-privados-de-la-libertad-en-el-vii-simposio-de-salud-penitenciaria\/","url":"https:\/\/www.ucaldas.edu.co\/portal\/universidad-de-caldas-abrio-espacio-de-dialogo-con-privados-de-la-libertad-en-el-vii-simposio-de-salud-penitenciaria\/","name":"Universidad de Caldas abri\u00f3 espacio de di\u00e1logo con privados de la libertad en el VII Simposio de Salud Penitenciaria .","isPartOf":{"@id":"https:\/\/www.ucaldas.edu.co\/portal\/#website"},"primaryImageOfPage":{"@id":"https:\/\/www.ucaldas.edu.co\/portal\/universidad-de-caldas-abrio-espacio-de-dialogo-con-privados-de-la-libertad-en-el-vii-simposio-de-salud-penitenciaria\/#primaryimage"},"image":{"@id":"https:\/\/www.ucaldas.edu.co\/portal\/universidad-de-caldas-abrio-espacio-de-dialogo-con-privados-de-la-libertad-en-el-vii-simposio-de-salud-penitenciaria\/#primaryimage"},"thumbnailUrl":"https:\/\/www.ucaldas.edu.co\/portal\/wp-content\/uploads\/2025\/09\/IMG_6716-scaled-e1757453503306.jpg","datePublished":"2025-09-09T21:29:21+00:00","dateModified":"2025-09-09T21:32:22+00:00","breadcrumb":{"@id":"https:\/\/www.ucaldas.edu.co\/portal\/universidad-de-caldas-abrio-espacio-de-dialogo-con-privados-de-la-libertad-en-el-vii-simposio-de-salud-penitenciaria\/#breadcrumb"},"inLanguage":"es","potentialAction":[{"@type":"ReadAction","target":["https:\/\/www.ucaldas.edu.co\/portal\/universidad-de-caldas-abrio-espacio-de-dialogo-con-privados-de-la-libertad-en-el-vii-simposio-de-salud-penitenciaria\/"]}]},{"@type":"ImageObject","inLanguage":"es","@id":"https:\/\/www.ucaldas.edu.co\/portal\/universidad-de-caldas-abrio-espacio-de-dialogo-con-privados-de-la-libertad-en-el-vii-simposio-de-salud-penitenciaria\/#primaryimage","url":"https:\/\/www.ucaldas.edu.co\/portal\/wp-content\/uploads\/2025\/09\/IMG_6716-scaled-e1757453503306.jpg","contentUrl":"https:\/\/www.ucaldas.edu.co\/portal\/wp-content\/uploads\/2025\/09\/IMG_6716-scaled-e1757453503306.jpg","width":900,"height":675,"caption":"Simposio de salud penitenciaria"},{"@type":"BreadcrumbList","@id":"https:\/\/www.ucaldas.edu.co\/portal\/universidad-de-caldas-abrio-espacio-de-dialogo-con-privados-de-la-libertad-en-el-vii-simposio-de-salud-penitenciaria\/#breadcrumb","itemListElement":[{"@type":"ListItem","position":1,"name":"Portada","item":"https:\/\/www.ucaldas.edu.co\/portal\/"},{"@type":"ListItem","position":2,"name":"Universidad de Caldas abri\u00f3 espacio de di\u00e1logo con privados de la libertad en el VII Simposio de Salud Penitenciaria"}]},{"@type":"WebSite","@id":"https:\/\/www.ucaldas.edu.co\/portal\/#website","url":"https:\/\/www.ucaldas.edu.co\/portal\/","name":"Universidad de Caldas","description":"","publisher":{"@id":"https:\/\/www.ucaldas.edu.co\/portal\/#organization"},"alternateName":"U. de Caldas","potentialAction":[{"@type":"SearchAction","target":{"@type":"EntryPoint","urlTemplate":"https:\/\/www.ucaldas.edu.co\/portal\/?s={search_term_string}"},"query-input":{"@type":"PropertyValueSpecification","valueRequired":true,"valueName":"search_term_string"}}],"inLanguage":"es"},{"@type":"Organization","@id":"https:\/\/www.ucaldas.edu.co\/portal\/#organization","name":"Universidad de Caldas","alternateName":"U. de Caldas","url":"https:\/\/www.ucaldas.edu.co\/portal\/","logo":{"@type":"ImageObject","inLanguage":"es","@id":"https:\/\/www.ucaldas.edu.co\/portal\/#\/schema\/logo\/image\/","url":"https:\/\/www.ucaldas.edu.co\/portal\/wp-content\/uploads\/2023\/11\/Logo_horizontal_oscuroU-2023.png","contentUrl":"https:\/\/www.ucaldas.edu.co\/portal\/wp-content\/uploads\/2023\/11\/Logo_horizontal_oscuroU-2023.png","width":263,"height":101,"caption":"Universidad de Caldas"},"image":{"@id":"https:\/\/www.ucaldas.edu.co\/portal\/#\/schema\/logo\/image\/"},"sameAs":["https:\/\/www.facebook.com\/udecaldas","https:\/\/x.com\/udecaldas","https:\/\/www.youtube.com\/universidadcaldas","https:\/\/www.instagram.com\/udecaldas\/"]},{"@type":"Person","@id":"https:\/\/www.ucaldas.edu.co\/portal\/#\/schema\/person\/a1b482e23449158b4bc319926c074fdf","name":"ofiprensa","image":{"@type":"ImageObject","inLanguage":"es","@id":"https:\/\/www.ucaldas.edu.co\/portal\/wp-content\/litespeed\/avatar\/09ea5085e600095a7a811142c6944527.jpg?ver=1777497608","url":"https:\/\/www.ucaldas.edu.co\/portal\/wp-content\/litespeed\/avatar\/09ea5085e600095a7a811142c6944527.jpg?ver=1777497608","contentUrl":"https:\/\/www.ucaldas.edu.co\/portal\/wp-content\/litespeed\/avatar\/09ea5085e600095a7a811142c6944527.jpg?ver=1777497608","caption":"ofiprensa"},"url":"https:\/\/www.ucaldas.edu.co\/portal\/author\/ofiprensa\/"}]}},"_links":{"self":[{"href":"https:\/\/www.ucaldas.edu.co\/portal\/wp-json\/wp\/v2\/posts\/94927","targetHints":{"allow":["GET"]}}],"collection":[{"href":"https:\/\/www.ucaldas.edu.co\/portal\/wp-json\/wp\/v2\/posts"}],"about":[{"href":"https:\/\/www.ucaldas.edu.co\/portal\/wp-json\/wp\/v2\/types\/post"}],"author":[{"embeddable":true,"href":"https:\/\/www.ucaldas.edu.co\/portal\/wp-json\/wp\/v2\/users\/2"}],"replies":[{"embeddable":true,"href":"https:\/\/www.ucaldas.edu.co\/portal\/wp-json\/wp\/v2\/comments?post=94927"}],"version-history":[{"count":0,"href":"https:\/\/www.ucaldas.edu.co\/portal\/wp-json\/wp\/v2\/posts\/94927\/revisions"}],"wp:featuredmedia":[{"embeddable":true,"href":"https:\/\/www.ucaldas.edu.co\/portal\/wp-json\/wp\/v2\/media\/94934"}],"wp:attachment":[{"href":"https:\/\/www.ucaldas.edu.co\/portal\/wp-json\/wp\/v2\/media?parent=94927"}],"wp:term":[{"taxonomy":"category","embeddable":true,"href":"https:\/\/www.ucaldas.edu.co\/portal\/wp-json\/wp\/v2\/categories?post=94927"},{"taxonomy":"post_tag","embeddable":true,"href":"https:\/\/www.ucaldas.edu.co\/portal\/wp-json\/wp\/v2\/tags?post=94927"}],"curies":[{"name":"wp","href":"https:\/\/api.w.org\/{rel}","templated":true}]}}