{"id":94921,"date":"2025-09-09T16:23:11","date_gmt":"2025-09-09T21:23:11","guid":{"rendered":"https:\/\/www.ucaldas.edu.co\/portal\/?p=94921"},"modified":"2025-09-09T17:12:17","modified_gmt":"2025-09-09T22:12:17","slug":"cifra-historica-de-asistentes-mas-de-28-000-personas-reunio-la-16a-feria-del-libro-de-manizales","status":"publish","type":"post","link":"https:\/\/www.ucaldas.edu.co\/portal\/cifra-historica-de-asistentes-mas-de-28-000-personas-reunio-la-16a-feria-del-libro-de-manizales\/","title":{"rendered":"Cifra hist\u00f3rica de asistentes, m\u00e1s de 28.000 personas reuni\u00f3 la 16\u00aa Feria del Libro de Manizales"},"content":{"rendered":"<div class=\"wpb-content-wrapper\"><p>[vc_row][vc_column][vc_video link=\u00bbhttps:\/\/youtube.com\/shorts\/8DZELyfThNk\u00bb el_width=\u00bb50&#8243; el_aspect=\u00bb916&#8243; css=\u00bb\u00bb][vc_column_text]<\/p>\n<p style=\"text-align: justify;\">La 16\u00aa Feria del Libro de Manizales cerr\u00f3 con un balance hist\u00f3rico: 28.205 asistentes, casi el doble que en 2024, cuando fueron 16.000. La programaci\u00f3n incluy\u00f3 m\u00e1s de 300 actividades y la participaci\u00f3n de m\u00e1s de 300 invitados entre escritores, artistas, editores, formadores y gestores culturales. Adem\u00e1s, gracias al programa <em>Leer es bienestar<\/em>, cerca de 400 estudiantes accedieron a los libros, con lo que se reafirm\u00f3 el compromiso del evento con la formaci\u00f3n de nuevos lectores y el fortalecimiento de las bibliotecas.<!--more--><\/p>\n<p style=\"text-align: justify;\">El \u00faltimo d\u00eda se vivi\u00f3 con actividades para todos los p\u00fablicos, desde promociones editoriales hasta presentaciones literarias y culturales. La pedagoga y escritora Mar\u00eda del Sol Peralta, quien present\u00f3 un concierto did\u00e1ctico de cuentos, junto a Felipe Aljure, destac\u00f3 la importancia de abrir espacios para los m\u00e1s peque\u00f1os: <em>\u00abEs esencial que las ferias del libro cuenten con espacios para las familias, con los m\u00e1s peque\u00f1os, porque ellos son los lectores que van a seguir con las tradiciones, que van a seguir queriendo buscar m\u00e1s historias, m\u00e1s libros. Esa es la base de la educaci\u00f3n y de un pa\u00eds mejor\u00bb<\/em>.<\/p>\n<p style=\"text-align: justify;\">Por su parte, el caricaturista y escritor Alfredo Garz\u00f3n celebr\u00f3 el recibimiento del p\u00fablico manizale\u00f1o en la presentaci\u00f3n de su m\u00e1s reciente obra: <em>\u00abMe sent\u00ed muy c\u00f3modo, me parece que hubo buena recepci\u00f3n, buena escucha, uno se da cuenta de esa energ\u00eda. Espero volver; ah\u00ed nos est\u00e1n proponiendo hacer cosas con la Universidad, con grupos, que es algo que nos interesa mucho alrededor de este libro\u00bb<\/em>.<\/p>\n<p style=\"text-align: justify;\">El impacto de la Feria se vio reflejado tambi\u00e9n en la ocupaci\u00f3n durante siete d\u00edas de gran parte de los espacios del Centro Cultural Universitario Rogelio Salmona, con programaci\u00f3n diversa y abierta a nuevas tendencias. Dar\u00edo Arenas Villegas, vicerrector de Proyecci\u00f3n de la Universidad de Caldas, afirm\u00f3: <em>\u00abMuy felices por cerrar esta edici\u00f3n con m\u00e1s de 300 actividades, m\u00e1s de 300 invitados y casi 30.000 asistentes. Esto demuestra que Manizales tambi\u00e9n es capital del libro y que sigue siendo un referente cultural. Ya trabajamos en la edici\u00f3n n\u00famero 17 para 2026\u00bb<\/em>.<\/p>\n<p style=\"text-align: justify;\">El vicerrector resalt\u00f3 adem\u00e1s la manera en que la Feria convoca a la ciudadan\u00eda en un espacio de encuentro con sus autores: <em>\u00abLa espera de un lector por ver a su autor favorito puede ser de uno, cinco o hasta veinte a\u00f1os. Tenerlos al frente, poder hacerles preguntas, pedirles un aut\u00f3grafo y una foto nos llena de ilusi\u00f3n, y eso es lo que finalmente mueve este tipo de encuentros\u00bb<\/em>.<\/p>\n<p style=\"text-align: justify;\">Aoife Bernal McGee, codirectora de la 16 Feria del Libro, resalt\u00f3 el cumplimiento de uno de los principales objetivos de este a\u00f1o: <em>\u00abNuestro inter\u00e9s era que a la Feria llegara a todo tipo de lectoras y lectores, por eso ampliamos la oferta a p\u00fablico infantil y personas mayores. No solo hablamos a quienes ya tienen h\u00e1bito lector, tambi\u00e9n a los ocasionales, y creemos que eso se logr\u00f3\u00bb<\/em>.<\/p>\n<p style=\"text-align: justify;\">En su balance, Aoife tambi\u00e9n destac\u00f3 la buena acogida del p\u00fablico a las nuevas propuestas: <em>\u00abLas iniciativas de este a\u00f1o, como los espacios gr\u00e1ficos y el \u00e9nfasis en lo intergeneracional, fueron muy bien recibidas. Nos alegra ver c\u00f3mo la Feria es cada vez m\u00e1s un lugar de descubrimiento y di\u00e1logo para distintos p\u00fablicos\u00bb<\/em>.<\/p>\n<p style=\"text-align: justify;\">Durante los siete d\u00edas, el p\u00fablico tuvo la oportunidad de dialogar con autoras y autores ampliamente reconocidos como Mario Mendoza, H\u00e9ctor Abad Faciolince, Orlando Mej\u00eda, Melba Escobar, F\u00e1tima V\u00e9lez y David Betancourt. Tambi\u00e9n llegaron voces internacionales como Elicura Chihuailaf (Chile), Yasna Mussa (Chile), Gabriela Alem\u00e1n (Ecuador), Ochy Curiel (Rep\u00fablica Dominicana), Yuderkys Espinosa (Rep\u00fablica Dominicana) y Federico Pedreira (Portugal), entre otras. Adem\u00e1s, se fortalecieron las franjas dedicadas al c\u00f3mic, la novela gr\u00e1fica y la creaci\u00f3n visual con la Feria Gr\u00e1fica y C\u00f3mic en las Monta\u00f1as.<\/p>\n<p style=\"text-align: justify;\">Con este balance, la Feria del Libro de Manizales se ratifica como uno de los eventos culturales m\u00e1s importantes del pa\u00eds. Y aunque las actividades en la ciudad terminaron, el evento no concluye aqu\u00ed: en las pr\u00f3ximas semanas continuar\u00e1 en La Dorada y Aguadas, con lo que se extiende su alcance regional.<\/p>\n<p style=\"text-align: justify;\">La organizaci\u00f3n ya proyecta la 17\u00aa edici\u00f3n en 2026, con la promesa de mantener un espacio diverso, incluyente y abierto a todas las generaciones de lectores.<\/p>\n<p style=\"text-align: justify;\">La Feria es organizada por la Universidad de Caldas, a trav\u00e9s de la Vicerrector\u00eda de Proyecci\u00f3n Universitaria y cuenta con el apoyo de la Alcald\u00eda de Manizales como socio estrat\u00e9gico. Tambi\u00e9n hacen parte de este esfuerzo instituciones como el Ministerio de las Culturas, las Artes y los Saberes, la Biblioteca Nacional de Colombia, la Secretar\u00eda de Cultura de Caldas, el Centro Cultural del Banco de la Rep\u00fablica, el Centro Colombo Americano, la Alianza Francesa, ProCaldas, el ICETEX, la Fundaci\u00f3n Luker, la Fundaci\u00f3n Saldarriaga y Concha, entre otras entidades p\u00fablicas y privadas.<\/p>\n<p style=\"text-align: justify;\"><strong>Anexo:<\/strong><\/p>\n<p><a href=\"https:\/\/www.ucaldas.edu.co\/portal\/wp-content\/uploads\/2025\/09\/Aoife-Bernal-Coodinadora-de-la-Feria.mp3\"><strong>-Audio Codirectora de la 16 Feria del Libro, Aoife Bernal McGee.<\/strong><\/a><\/p>\n<audio class=\"wp-audio-shortcode\" id=\"audio-94921-1\" preload=\"none\" style=\"width: 100%;\" controls=\"controls\"><source type=\"audio\/mpeg\" src=\"https:\/\/www.ucaldas.edu.co\/portal\/wp-content\/uploads\/2025\/09\/Aoife-Bernal-Coodinadora-de-la-Feria.mp3?_=1\" \/><a href=\"https:\/\/www.ucaldas.edu.co\/portal\/wp-content\/uploads\/2025\/09\/Aoife-Bernal-Coodinadora-de-la-Feria.mp3\">https:\/\/www.ucaldas.edu.co\/portal\/wp-content\/uploads\/2025\/09\/Aoife-Bernal-Coodinadora-de-la-Feria.mp3<\/a><\/audio>\n<p><a href=\"https:\/\/www.ucaldas.edu.co\/portal\/wp-content\/uploads\/2025\/09\/Dario-Arenas-Vicerrector-de-proyeccion.mp3\"><strong>\u00a0<\/strong><strong>-Audio Vicerrector de Proyecci\u00f3n de la Universidad de Caldas, Dar\u00edo Arenas Villegas.<\/strong><\/a><\/p>\n<audio class=\"wp-audio-shortcode\" id=\"audio-94921-2\" preload=\"none\" style=\"width: 100%;\" controls=\"controls\"><source type=\"audio\/mpeg\" src=\"https:\/\/www.ucaldas.edu.co\/portal\/wp-content\/uploads\/2025\/09\/Dario-Arenas-Vicerrector-de-proyeccion.mp3?_=2\" \/><a href=\"https:\/\/www.ucaldas.edu.co\/portal\/wp-content\/uploads\/2025\/09\/Dario-Arenas-Vicerrector-de-proyeccion.mp3\">https:\/\/www.ucaldas.edu.co\/portal\/wp-content\/uploads\/2025\/09\/Dario-Arenas-Vicerrector-de-proyeccion.mp3<\/a><\/audio>\n<p>[\/vc_column_text][\/vc_column][\/vc_row]<\/p>\n<\/div>","protected":false},"excerpt":{"rendered":"<p>[vc_row][vc_column][vc_video link=\u00bbhttps:\/\/youtube.com\/shorts\/8DZELyfThNk\u00bb el_width=\u00bb50&#8243; el_aspect=\u00bb916&#8243; css=\u00bb\u00bb][vc_column_text] La 16\u00aa Feria del Libro de Manizales cerr\u00f3 con un balance hist\u00f3rico: 28.205 asistentes, casi el doble que en 2024, cuando fueron 16.000. La programaci\u00f3n incluy\u00f3 m\u00e1s de 300 actividades y la participaci\u00f3n de m\u00e1s de 300 invitados entre escritores, artistas, editores, formadores y gestores culturales. Adem\u00e1s, gracias al programa [&hellip;]<\/p>\n","protected":false},"author":2,"featured_media":94924,"comment_status":"closed","ping_status":"open","sticky":false,"template":"","format":"standard","meta":{"footnotes":""},"categories":[48,53,664],"tags":[9904],"class_list":["post-94921","post","type-post","status-publish","format-standard","has-post-thumbnail","hentry","category-actualidad","category-universidad-al-dia","category-ucaldas-cultural","tag-feria-de-libro-manizales"],"yoast_head":"<!-- This site is optimized with the Yoast SEO plugin v27.5 - https:\/\/yoast.com\/product\/yoast-seo-wordpress\/ -->\n<title>Cifra hist\u00f3rica de asistentes, m\u00e1s de 28.000 personas reuni\u00f3 la 16\u00aa Feria del Libro de Manizales .<\/title>\n<meta name=\"robots\" content=\"index, follow, max-snippet:-1, max-image-preview:large, max-video-preview:-1\" \/>\n<link rel=\"canonical\" href=\"https:\/\/www.ucaldas.edu.co\/portal\/cifra-historica-de-asistentes-mas-de-28-000-personas-reunio-la-16a-feria-del-libro-de-manizales\/\" \/>\n<script type=\"application\/ld+json\" class=\"yoast-schema-graph\">{\"@context\":\"https:\\\/\\\/schema.org\",\"@graph\":[{\"@type\":\"Article\",\"@id\":\"https:\\\/\\\/www.ucaldas.edu.co\\\/portal\\\/cifra-historica-de-asistentes-mas-de-28-000-personas-reunio-la-16a-feria-del-libro-de-manizales\\\/#article\",\"isPartOf\":{\"@id\":\"https:\\\/\\\/www.ucaldas.edu.co\\\/portal\\\/cifra-historica-de-asistentes-mas-de-28-000-personas-reunio-la-16a-feria-del-libro-de-manizales\\\/\"},\"author\":{\"name\":\"ofiprensa\",\"@id\":\"https:\\\/\\\/www.ucaldas.edu.co\\\/portal\\\/#\\\/schema\\\/person\\\/a1b482e23449158b4bc319926c074fdf\"},\"headline\":\"Cifra hist\u00f3rica de asistentes, m\u00e1s de 28.000 personas reuni\u00f3 la 16\u00aa Feria del Libro de Manizales\",\"datePublished\":\"2025-09-09T21:23:11+00:00\",\"dateModified\":\"2025-09-09T22:12:17+00:00\",\"mainEntityOfPage\":{\"@id\":\"https:\\\/\\\/www.ucaldas.edu.co\\\/portal\\\/cifra-historica-de-asistentes-mas-de-28-000-personas-reunio-la-16a-feria-del-libro-de-manizales\\\/\"},\"wordCount\":950,\"publisher\":{\"@id\":\"https:\\\/\\\/www.ucaldas.edu.co\\\/portal\\\/#organization\"},\"image\":{\"@id\":\"https:\\\/\\\/www.ucaldas.edu.co\\\/portal\\\/cifra-historica-de-asistentes-mas-de-28-000-personas-reunio-la-16a-feria-del-libro-de-manizales\\\/#primaryimage\"},\"thumbnailUrl\":\"https:\\\/\\\/www.ucaldas.edu.co\\\/portal\\\/wp-content\\\/uploads\\\/2025\\\/09\\\/Gracias-FDLM2025-scaled-e1757452895681.jpg\",\"keywords\":[\"feria de libro manizales\"],\"articleSection\":[\"Actualidad\",\"Universidad al D\u00eda\",\"UCaldas Cultural\"],\"inLanguage\":\"es\"},{\"@type\":\"WebPage\",\"@id\":\"https:\\\/\\\/www.ucaldas.edu.co\\\/portal\\\/cifra-historica-de-asistentes-mas-de-28-000-personas-reunio-la-16a-feria-del-libro-de-manizales\\\/\",\"url\":\"https:\\\/\\\/www.ucaldas.edu.co\\\/portal\\\/cifra-historica-de-asistentes-mas-de-28-000-personas-reunio-la-16a-feria-del-libro-de-manizales\\\/\",\"name\":\"Cifra hist\u00f3rica de asistentes, m\u00e1s de 28.000 personas reuni\u00f3 la 16\u00aa Feria del Libro de Manizales .\",\"isPartOf\":{\"@id\":\"https:\\\/\\\/www.ucaldas.edu.co\\\/portal\\\/#website\"},\"primaryImageOfPage\":{\"@id\":\"https:\\\/\\\/www.ucaldas.edu.co\\\/portal\\\/cifra-historica-de-asistentes-mas-de-28-000-personas-reunio-la-16a-feria-del-libro-de-manizales\\\/#primaryimage\"},\"image\":{\"@id\":\"https:\\\/\\\/www.ucaldas.edu.co\\\/portal\\\/cifra-historica-de-asistentes-mas-de-28-000-personas-reunio-la-16a-feria-del-libro-de-manizales\\\/#primaryimage\"},\"thumbnailUrl\":\"https:\\\/\\\/www.ucaldas.edu.co\\\/portal\\\/wp-content\\\/uploads\\\/2025\\\/09\\\/Gracias-FDLM2025-scaled-e1757452895681.jpg\",\"datePublished\":\"2025-09-09T21:23:11+00:00\",\"dateModified\":\"2025-09-09T22:12:17+00:00\",\"breadcrumb\":{\"@id\":\"https:\\\/\\\/www.ucaldas.edu.co\\\/portal\\\/cifra-historica-de-asistentes-mas-de-28-000-personas-reunio-la-16a-feria-del-libro-de-manizales\\\/#breadcrumb\"},\"inLanguage\":\"es\",\"potentialAction\":[{\"@type\":\"ReadAction\",\"target\":[\"https:\\\/\\\/www.ucaldas.edu.co\\\/portal\\\/cifra-historica-de-asistentes-mas-de-28-000-personas-reunio-la-16a-feria-del-libro-de-manizales\\\/\"]}]},{\"@type\":\"ImageObject\",\"inLanguage\":\"es\",\"@id\":\"https:\\\/\\\/www.ucaldas.edu.co\\\/portal\\\/cifra-historica-de-asistentes-mas-de-28-000-personas-reunio-la-16a-feria-del-libro-de-manizales\\\/#primaryimage\",\"url\":\"https:\\\/\\\/www.ucaldas.edu.co\\\/portal\\\/wp-content\\\/uploads\\\/2025\\\/09\\\/Gracias-FDLM2025-scaled-e1757452895681.jpg\",\"contentUrl\":\"https:\\\/\\\/www.ucaldas.edu.co\\\/portal\\\/wp-content\\\/uploads\\\/2025\\\/09\\\/Gracias-FDLM2025-scaled-e1757452895681.jpg\",\"width\":900,\"height\":1125,\"caption\":\"Feria del libro Manizales 2025\"},{\"@type\":\"BreadcrumbList\",\"@id\":\"https:\\\/\\\/www.ucaldas.edu.co\\\/portal\\\/cifra-historica-de-asistentes-mas-de-28-000-personas-reunio-la-16a-feria-del-libro-de-manizales\\\/#breadcrumb\",\"itemListElement\":[{\"@type\":\"ListItem\",\"position\":1,\"name\":\"Portada\",\"item\":\"https:\\\/\\\/www.ucaldas.edu.co\\\/portal\\\/\"},{\"@type\":\"ListItem\",\"position\":2,\"name\":\"Cifra hist\u00f3rica de asistentes, m\u00e1s de 28.000 personas reuni\u00f3 la 16\u00aa Feria del Libro de Manizales\"}]},{\"@type\":\"WebSite\",\"@id\":\"https:\\\/\\\/www.ucaldas.edu.co\\\/portal\\\/#website\",\"url\":\"https:\\\/\\\/www.ucaldas.edu.co\\\/portal\\\/\",\"name\":\"Universidad de Caldas\",\"description\":\"\",\"publisher\":{\"@id\":\"https:\\\/\\\/www.ucaldas.edu.co\\\/portal\\\/#organization\"},\"alternateName\":\"U. de Caldas\",\"potentialAction\":[{\"@type\":\"SearchAction\",\"target\":{\"@type\":\"EntryPoint\",\"urlTemplate\":\"https:\\\/\\\/www.ucaldas.edu.co\\\/portal\\\/?s={search_term_string}\"},\"query-input\":{\"@type\":\"PropertyValueSpecification\",\"valueRequired\":true,\"valueName\":\"search_term_string\"}}],\"inLanguage\":\"es\"},{\"@type\":\"Organization\",\"@id\":\"https:\\\/\\\/www.ucaldas.edu.co\\\/portal\\\/#organization\",\"name\":\"Universidad de Caldas\",\"alternateName\":\"U. de Caldas\",\"url\":\"https:\\\/\\\/www.ucaldas.edu.co\\\/portal\\\/\",\"logo\":{\"@type\":\"ImageObject\",\"inLanguage\":\"es\",\"@id\":\"https:\\\/\\\/www.ucaldas.edu.co\\\/portal\\\/#\\\/schema\\\/logo\\\/image\\\/\",\"url\":\"https:\\\/\\\/www.ucaldas.edu.co\\\/portal\\\/wp-content\\\/uploads\\\/2023\\\/11\\\/Logo_horizontal_oscuroU-2023.png\",\"contentUrl\":\"https:\\\/\\\/www.ucaldas.edu.co\\\/portal\\\/wp-content\\\/uploads\\\/2023\\\/11\\\/Logo_horizontal_oscuroU-2023.png\",\"width\":263,\"height\":101,\"caption\":\"Universidad de Caldas\"},\"image\":{\"@id\":\"https:\\\/\\\/www.ucaldas.edu.co\\\/portal\\\/#\\\/schema\\\/logo\\\/image\\\/\"},\"sameAs\":[\"https:\\\/\\\/www.facebook.com\\\/udecaldas\",\"https:\\\/\\\/x.com\\\/udecaldas\",\"https:\\\/\\\/www.youtube.com\\\/universidadcaldas\",\"https:\\\/\\\/www.instagram.com\\\/udecaldas\\\/\"]},{\"@type\":\"Person\",\"@id\":\"https:\\\/\\\/www.ucaldas.edu.co\\\/portal\\\/#\\\/schema\\\/person\\\/a1b482e23449158b4bc319926c074fdf\",\"name\":\"ofiprensa\",\"image\":{\"@type\":\"ImageObject\",\"inLanguage\":\"es\",\"@id\":\"https:\\\/\\\/www.ucaldas.edu.co\\\/portal\\\/wp-content\\\/litespeed\\\/avatar\\\/09ea5085e600095a7a811142c6944527.jpg?ver=1777497608\",\"url\":\"https:\\\/\\\/www.ucaldas.edu.co\\\/portal\\\/wp-content\\\/litespeed\\\/avatar\\\/09ea5085e600095a7a811142c6944527.jpg?ver=1777497608\",\"contentUrl\":\"https:\\\/\\\/www.ucaldas.edu.co\\\/portal\\\/wp-content\\\/litespeed\\\/avatar\\\/09ea5085e600095a7a811142c6944527.jpg?ver=1777497608\",\"caption\":\"ofiprensa\"},\"url\":\"https:\\\/\\\/www.ucaldas.edu.co\\\/portal\\\/author\\\/ofiprensa\\\/\"}]}<\/script>\n<!-- \/ Yoast SEO plugin. -->","yoast_head_json":{"title":"Cifra hist\u00f3rica de asistentes, m\u00e1s de 28.000 personas reuni\u00f3 la 16\u00aa Feria del Libro de Manizales .","robots":{"index":"index","follow":"follow","max-snippet":"max-snippet:-1","max-image-preview":"max-image-preview:large","max-video-preview":"max-video-preview:-1"},"canonical":"https:\/\/www.ucaldas.edu.co\/portal\/cifra-historica-de-asistentes-mas-de-28-000-personas-reunio-la-16a-feria-del-libro-de-manizales\/","schema":{"@context":"https:\/\/schema.org","@graph":[{"@type":"Article","@id":"https:\/\/www.ucaldas.edu.co\/portal\/cifra-historica-de-asistentes-mas-de-28-000-personas-reunio-la-16a-feria-del-libro-de-manizales\/#article","isPartOf":{"@id":"https:\/\/www.ucaldas.edu.co\/portal\/cifra-historica-de-asistentes-mas-de-28-000-personas-reunio-la-16a-feria-del-libro-de-manizales\/"},"author":{"name":"ofiprensa","@id":"https:\/\/www.ucaldas.edu.co\/portal\/#\/schema\/person\/a1b482e23449158b4bc319926c074fdf"},"headline":"Cifra hist\u00f3rica de asistentes, m\u00e1s de 28.000 personas reuni\u00f3 la 16\u00aa Feria del Libro de Manizales","datePublished":"2025-09-09T21:23:11+00:00","dateModified":"2025-09-09T22:12:17+00:00","mainEntityOfPage":{"@id":"https:\/\/www.ucaldas.edu.co\/portal\/cifra-historica-de-asistentes-mas-de-28-000-personas-reunio-la-16a-feria-del-libro-de-manizales\/"},"wordCount":950,"publisher":{"@id":"https:\/\/www.ucaldas.edu.co\/portal\/#organization"},"image":{"@id":"https:\/\/www.ucaldas.edu.co\/portal\/cifra-historica-de-asistentes-mas-de-28-000-personas-reunio-la-16a-feria-del-libro-de-manizales\/#primaryimage"},"thumbnailUrl":"https:\/\/www.ucaldas.edu.co\/portal\/wp-content\/uploads\/2025\/09\/Gracias-FDLM2025-scaled-e1757452895681.jpg","keywords":["feria de libro manizales"],"articleSection":["Actualidad","Universidad al D\u00eda","UCaldas Cultural"],"inLanguage":"es"},{"@type":"WebPage","@id":"https:\/\/www.ucaldas.edu.co\/portal\/cifra-historica-de-asistentes-mas-de-28-000-personas-reunio-la-16a-feria-del-libro-de-manizales\/","url":"https:\/\/www.ucaldas.edu.co\/portal\/cifra-historica-de-asistentes-mas-de-28-000-personas-reunio-la-16a-feria-del-libro-de-manizales\/","name":"Cifra hist\u00f3rica de asistentes, m\u00e1s de 28.000 personas reuni\u00f3 la 16\u00aa Feria del Libro de Manizales .","isPartOf":{"@id":"https:\/\/www.ucaldas.edu.co\/portal\/#website"},"primaryImageOfPage":{"@id":"https:\/\/www.ucaldas.edu.co\/portal\/cifra-historica-de-asistentes-mas-de-28-000-personas-reunio-la-16a-feria-del-libro-de-manizales\/#primaryimage"},"image":{"@id":"https:\/\/www.ucaldas.edu.co\/portal\/cifra-historica-de-asistentes-mas-de-28-000-personas-reunio-la-16a-feria-del-libro-de-manizales\/#primaryimage"},"thumbnailUrl":"https:\/\/www.ucaldas.edu.co\/portal\/wp-content\/uploads\/2025\/09\/Gracias-FDLM2025-scaled-e1757452895681.jpg","datePublished":"2025-09-09T21:23:11+00:00","dateModified":"2025-09-09T22:12:17+00:00","breadcrumb":{"@id":"https:\/\/www.ucaldas.edu.co\/portal\/cifra-historica-de-asistentes-mas-de-28-000-personas-reunio-la-16a-feria-del-libro-de-manizales\/#breadcrumb"},"inLanguage":"es","potentialAction":[{"@type":"ReadAction","target":["https:\/\/www.ucaldas.edu.co\/portal\/cifra-historica-de-asistentes-mas-de-28-000-personas-reunio-la-16a-feria-del-libro-de-manizales\/"]}]},{"@type":"ImageObject","inLanguage":"es","@id":"https:\/\/www.ucaldas.edu.co\/portal\/cifra-historica-de-asistentes-mas-de-28-000-personas-reunio-la-16a-feria-del-libro-de-manizales\/#primaryimage","url":"https:\/\/www.ucaldas.edu.co\/portal\/wp-content\/uploads\/2025\/09\/Gracias-FDLM2025-scaled-e1757452895681.jpg","contentUrl":"https:\/\/www.ucaldas.edu.co\/portal\/wp-content\/uploads\/2025\/09\/Gracias-FDLM2025-scaled-e1757452895681.jpg","width":900,"height":1125,"caption":"Feria del libro Manizales 2025"},{"@type":"BreadcrumbList","@id":"https:\/\/www.ucaldas.edu.co\/portal\/cifra-historica-de-asistentes-mas-de-28-000-personas-reunio-la-16a-feria-del-libro-de-manizales\/#breadcrumb","itemListElement":[{"@type":"ListItem","position":1,"name":"Portada","item":"https:\/\/www.ucaldas.edu.co\/portal\/"},{"@type":"ListItem","position":2,"name":"Cifra hist\u00f3rica de asistentes, m\u00e1s de 28.000 personas reuni\u00f3 la 16\u00aa Feria del Libro de Manizales"}]},{"@type":"WebSite","@id":"https:\/\/www.ucaldas.edu.co\/portal\/#website","url":"https:\/\/www.ucaldas.edu.co\/portal\/","name":"Universidad de Caldas","description":"","publisher":{"@id":"https:\/\/www.ucaldas.edu.co\/portal\/#organization"},"alternateName":"U. de Caldas","potentialAction":[{"@type":"SearchAction","target":{"@type":"EntryPoint","urlTemplate":"https:\/\/www.ucaldas.edu.co\/portal\/?s={search_term_string}"},"query-input":{"@type":"PropertyValueSpecification","valueRequired":true,"valueName":"search_term_string"}}],"inLanguage":"es"},{"@type":"Organization","@id":"https:\/\/www.ucaldas.edu.co\/portal\/#organization","name":"Universidad de Caldas","alternateName":"U. de Caldas","url":"https:\/\/www.ucaldas.edu.co\/portal\/","logo":{"@type":"ImageObject","inLanguage":"es","@id":"https:\/\/www.ucaldas.edu.co\/portal\/#\/schema\/logo\/image\/","url":"https:\/\/www.ucaldas.edu.co\/portal\/wp-content\/uploads\/2023\/11\/Logo_horizontal_oscuroU-2023.png","contentUrl":"https:\/\/www.ucaldas.edu.co\/portal\/wp-content\/uploads\/2023\/11\/Logo_horizontal_oscuroU-2023.png","width":263,"height":101,"caption":"Universidad de Caldas"},"image":{"@id":"https:\/\/www.ucaldas.edu.co\/portal\/#\/schema\/logo\/image\/"},"sameAs":["https:\/\/www.facebook.com\/udecaldas","https:\/\/x.com\/udecaldas","https:\/\/www.youtube.com\/universidadcaldas","https:\/\/www.instagram.com\/udecaldas\/"]},{"@type":"Person","@id":"https:\/\/www.ucaldas.edu.co\/portal\/#\/schema\/person\/a1b482e23449158b4bc319926c074fdf","name":"ofiprensa","image":{"@type":"ImageObject","inLanguage":"es","@id":"https:\/\/www.ucaldas.edu.co\/portal\/wp-content\/litespeed\/avatar\/09ea5085e600095a7a811142c6944527.jpg?ver=1777497608","url":"https:\/\/www.ucaldas.edu.co\/portal\/wp-content\/litespeed\/avatar\/09ea5085e600095a7a811142c6944527.jpg?ver=1777497608","contentUrl":"https:\/\/www.ucaldas.edu.co\/portal\/wp-content\/litespeed\/avatar\/09ea5085e600095a7a811142c6944527.jpg?ver=1777497608","caption":"ofiprensa"},"url":"https:\/\/www.ucaldas.edu.co\/portal\/author\/ofiprensa\/"}]}},"_links":{"self":[{"href":"https:\/\/www.ucaldas.edu.co\/portal\/wp-json\/wp\/v2\/posts\/94921","targetHints":{"allow":["GET"]}}],"collection":[{"href":"https:\/\/www.ucaldas.edu.co\/portal\/wp-json\/wp\/v2\/posts"}],"about":[{"href":"https:\/\/www.ucaldas.edu.co\/portal\/wp-json\/wp\/v2\/types\/post"}],"author":[{"embeddable":true,"href":"https:\/\/www.ucaldas.edu.co\/portal\/wp-json\/wp\/v2\/users\/2"}],"replies":[{"embeddable":true,"href":"https:\/\/www.ucaldas.edu.co\/portal\/wp-json\/wp\/v2\/comments?post=94921"}],"version-history":[{"count":0,"href":"https:\/\/www.ucaldas.edu.co\/portal\/wp-json\/wp\/v2\/posts\/94921\/revisions"}],"wp:featuredmedia":[{"embeddable":true,"href":"https:\/\/www.ucaldas.edu.co\/portal\/wp-json\/wp\/v2\/media\/94924"}],"wp:attachment":[{"href":"https:\/\/www.ucaldas.edu.co\/portal\/wp-json\/wp\/v2\/media?parent=94921"}],"wp:term":[{"taxonomy":"category","embeddable":true,"href":"https:\/\/www.ucaldas.edu.co\/portal\/wp-json\/wp\/v2\/categories?post=94921"},{"taxonomy":"post_tag","embeddable":true,"href":"https:\/\/www.ucaldas.edu.co\/portal\/wp-json\/wp\/v2\/tags?post=94921"}],"curies":[{"name":"wp","href":"https:\/\/api.w.org\/{rel}","templated":true}]}}