{"id":93839,"date":"2025-08-26T18:29:30","date_gmt":"2025-08-26T23:29:30","guid":{"rendered":"https:\/\/www.ucaldas.edu.co\/portal\/?p=93839"},"modified":"2025-09-02T08:32:06","modified_gmt":"2025-09-02T13:32:06","slug":"universidad-de-caldas-modelo-de-educacion-para-los-territorios-interes-del-municipio-de-apartado-en-replicar-su-estrategia","status":"publish","type":"post","link":"https:\/\/www.ucaldas.edu.co\/portal\/universidad-de-caldas-modelo-de-educacion-para-los-territorios-interes-del-municipio-de-apartado-en-replicar-su-estrategia\/","title":{"rendered":"Universidad de Caldas, modelo de educaci\u00f3n para los territorios: inter\u00e9s del municipio de Apartad\u00f3 en replicar su estrategia"},"content":{"rendered":"<div class=\"wpb-content-wrapper\"><p>[vc_row][vc_column][vc_column_text]<img loading=\"lazy\" decoding=\"async\" class=\"alignnone wp-image-93841 size-full\" src=\"https:\/\/www.ucaldas.edu.co\/portal\/wp-content\/uploads\/2025\/08\/IMG_6730-scaled-e1756250884970.jpg\" alt=\"Alcald\u00eda Apartad\u00f3\" width=\"900\" height=\"675\" \/><\/p>\n<p style=\"text-align: justify;\">La Universidad de Caldas contin\u00faa consolid\u00e1ndose como referente nacional en la democratizaci\u00f3n del conocimiento y la ampliaci\u00f3n de la cobertura de la educaci\u00f3n superior en los territorios. En esta oportunidad, el municipio de Apartad\u00f3, Antioquia, ha manifestado su inter\u00e9s en replicar el modelo educativo Universidad de Caldas en tu pueblo en articulaci\u00f3n con Instituciones Educativas.<!--more--><\/p>\n<p style=\"text-align: justify;\">Durante su visita a la Universidad de Caldas, el alcalde de Apartad\u00f3, Adolfo David Romero Ben\u00edtez, expres\u00f3 su gratitud y resalt\u00f3 la importancia de este acercamiento acad\u00e9mico. \u201cQueremos que esta universidad replique su modelo de educaci\u00f3n t\u00e9cnica, tecnol\u00f3gica y universitaria en nuestro municipio y firmar un convenio en los pr\u00f3ximos d\u00edas para que llegue a todas las instituciones educativas de Apartad\u00f3\u201d, se\u00f1al\u00f3 el mandatario, destacando el liderazgo del rector Fabio Orozco y la gesti\u00f3n de la universidad ante el Ministerio de Educaci\u00f3n.<\/p>\n<p style=\"text-align: justify;\">El reconocimiento nacional de la Universidad de Caldas, entre ellos la creaci\u00f3n de la primera Facultad de Inteligencia Artificial e Ingenier\u00edas en el pa\u00eds, fue uno de los factores que motivaron el inter\u00e9s de la administraci\u00f3n municipal. Este hecho reafirma el compromiso institucional con la innovaci\u00f3n acad\u00e9mica y la formaci\u00f3n de nuevas generaciones que respondan a los retos de la sociedad contempor\u00e1nea.<\/p>\n<p style=\"text-align: justify;\">El modelo acad\u00e9mico de extensi\u00f3n y articulaci\u00f3n con instituciones educativas, que la Universidad de Caldas ha desarrollado en diversos municipios, se constituye ahora en una oportunidad para el Urab\u00e1 antioque\u00f1o. La propuesta busca impactar a m\u00e1s de 21 instituciones educativas de Apartad\u00f3, permitiendo a estudiantes de educaci\u00f3n media acceder a programas t\u00e9cnicos, tecnol\u00f3gicos y universitarios, con la proyecci\u00f3n de avanzar hacia maestr\u00edas y doctorados.<\/p>\n<p style=\"text-align: justify;\">De esta manera, la Universidad de Caldas reafirma su papel como instituci\u00f3n p\u00fablica comprometida con la transformaci\u00f3n social a trav\u00e9s de la educaci\u00f3n superior, proyectando su experiencia como modelo a seguir por otros municipios del pa\u00eds. El inter\u00e9s de Apartad\u00f3 es un reflejo del alcance y pertinencia de una universidad que trabaja d\u00eda a d\u00eda por ampliar las oportunidades educativas en los territorios.<\/p>\n<p style=\"text-align: justify;\"><strong>Anexo <\/strong><\/p>\n<p style=\"text-align: justify;\"><a href=\"https:\/\/www.ucaldas.edu.co\/portal\/wp-content\/uploads\/2025\/08\/Adolfo-David-Romero-Benitez-Alcalde-de-Apartado.mp3\"><strong>&#8211; Audio Alcalde de Apartad\u00f3, Antioquia, Adolfo David Romero Ben\u00edtez.<\/strong><\/a><\/p>\n<audio class=\"wp-audio-shortcode\" id=\"audio-93839-1\" preload=\"none\" style=\"width: 100%;\" controls=\"controls\"><source type=\"audio\/mpeg\" src=\"https:\/\/www.ucaldas.edu.co\/portal\/wp-content\/uploads\/2025\/08\/Adolfo-David-Romero-Benitez-Alcalde-de-Apartado.mp3?_=1\" \/><a href=\"https:\/\/www.ucaldas.edu.co\/portal\/wp-content\/uploads\/2025\/08\/Adolfo-David-Romero-Benitez-Alcalde-de-Apartado.mp3\">https:\/\/www.ucaldas.edu.co\/portal\/wp-content\/uploads\/2025\/08\/Adolfo-David-Romero-Benitez-Alcalde-de-Apartado.mp3<\/a><\/audio>\n<p>[\/vc_column_text][vc_video link=\u00bbhttps:\/\/youtu.be\/AUvTScG-aB8&#8243; css=\u00bb\u00bb title=\u00bbGaler\u00eda de im\u00e1genes\u00bb][\/vc_column][\/vc_row]<\/p>\n<\/div>","protected":false},"excerpt":{"rendered":"<p>[vc_row][vc_column][vc_column_text] La Universidad de Caldas contin\u00faa consolid\u00e1ndose como referente nacional en la democratizaci\u00f3n del conocimiento y la ampliaci\u00f3n de la cobertura de la educaci\u00f3n superior en los territorios. En esta oportunidad, el municipio de Apartad\u00f3, Antioquia, ha manifestado su inter\u00e9s en replicar el modelo educativo Universidad de Caldas en tu pueblo en articulaci\u00f3n con Instituciones [&hellip;]<\/p>\n","protected":false},"author":2,"featured_media":93841,"comment_status":"closed","ping_status":"open","sticky":false,"template":"","format":"standard","meta":{"footnotes":""},"categories":[48,53,600,9870],"tags":[7696,9896],"class_list":["post-93839","post","type-post","status-publish","format-standard","has-post-thumbnail","hentry","category-actualidad","category-universidad-al-dia","category-ucaldas-regional","category-u-caldas-en-tu-pueblo","tag-modelo-educativo","tag-apartado"],"yoast_head":"<!-- This site is optimized with the Yoast SEO plugin v27.5 - https:\/\/yoast.com\/product\/yoast-seo-wordpress\/ -->\n<title>Universidad de Caldas, modelo de educaci\u00f3n para los territorios: inter\u00e9s del municipio de Apartad\u00f3 en replicar su estrategia .<\/title>\n<meta name=\"robots\" content=\"index, follow, max-snippet:-1, max-image-preview:large, max-video-preview:-1\" \/>\n<link rel=\"canonical\" href=\"https:\/\/www.ucaldas.edu.co\/portal\/universidad-de-caldas-modelo-de-educacion-para-los-territorios-interes-del-municipio-de-apartado-en-replicar-su-estrategia\/\" \/>\n<script type=\"application\/ld+json\" class=\"yoast-schema-graph\">{\"@context\":\"https:\\\/\\\/schema.org\",\"@graph\":[{\"@type\":\"Article\",\"@id\":\"https:\\\/\\\/www.ucaldas.edu.co\\\/portal\\\/universidad-de-caldas-modelo-de-educacion-para-los-territorios-interes-del-municipio-de-apartado-en-replicar-su-estrategia\\\/#article\",\"isPartOf\":{\"@id\":\"https:\\\/\\\/www.ucaldas.edu.co\\\/portal\\\/universidad-de-caldas-modelo-de-educacion-para-los-territorios-interes-del-municipio-de-apartado-en-replicar-su-estrategia\\\/\"},\"author\":{\"name\":\"ofiprensa\",\"@id\":\"https:\\\/\\\/www.ucaldas.edu.co\\\/portal\\\/#\\\/schema\\\/person\\\/a1b482e23449158b4bc319926c074fdf\"},\"headline\":\"Universidad de Caldas, modelo de educaci\u00f3n para los territorios: inter\u00e9s del municipio de Apartad\u00f3 en replicar su estrategia\",\"datePublished\":\"2025-08-26T23:29:30+00:00\",\"dateModified\":\"2025-09-02T13:32:06+00:00\",\"mainEntityOfPage\":{\"@id\":\"https:\\\/\\\/www.ucaldas.edu.co\\\/portal\\\/universidad-de-caldas-modelo-de-educacion-para-los-territorios-interes-del-municipio-de-apartado-en-replicar-su-estrategia\\\/\"},\"wordCount\":443,\"publisher\":{\"@id\":\"https:\\\/\\\/www.ucaldas.edu.co\\\/portal\\\/#organization\"},\"image\":{\"@id\":\"https:\\\/\\\/www.ucaldas.edu.co\\\/portal\\\/universidad-de-caldas-modelo-de-educacion-para-los-territorios-interes-del-municipio-de-apartado-en-replicar-su-estrategia\\\/#primaryimage\"},\"thumbnailUrl\":\"https:\\\/\\\/www.ucaldas.edu.co\\\/portal\\\/wp-content\\\/uploads\\\/2025\\\/08\\\/IMG_6730-scaled-e1756250884970.jpg\",\"keywords\":[\"modelo educativo\",\"apartad\u00f3\"],\"articleSection\":[\"Actualidad\",\"Universidad al D\u00eda\",\"UCaldas Regional\",\"U Caldas en tu Pueblo\"],\"inLanguage\":\"es\"},{\"@type\":\"WebPage\",\"@id\":\"https:\\\/\\\/www.ucaldas.edu.co\\\/portal\\\/universidad-de-caldas-modelo-de-educacion-para-los-territorios-interes-del-municipio-de-apartado-en-replicar-su-estrategia\\\/\",\"url\":\"https:\\\/\\\/www.ucaldas.edu.co\\\/portal\\\/universidad-de-caldas-modelo-de-educacion-para-los-territorios-interes-del-municipio-de-apartado-en-replicar-su-estrategia\\\/\",\"name\":\"Universidad de Caldas, modelo de educaci\u00f3n para los territorios: inter\u00e9s del municipio de Apartad\u00f3 en replicar su estrategia .\",\"isPartOf\":{\"@id\":\"https:\\\/\\\/www.ucaldas.edu.co\\\/portal\\\/#website\"},\"primaryImageOfPage\":{\"@id\":\"https:\\\/\\\/www.ucaldas.edu.co\\\/portal\\\/universidad-de-caldas-modelo-de-educacion-para-los-territorios-interes-del-municipio-de-apartado-en-replicar-su-estrategia\\\/#primaryimage\"},\"image\":{\"@id\":\"https:\\\/\\\/www.ucaldas.edu.co\\\/portal\\\/universidad-de-caldas-modelo-de-educacion-para-los-territorios-interes-del-municipio-de-apartado-en-replicar-su-estrategia\\\/#primaryimage\"},\"thumbnailUrl\":\"https:\\\/\\\/www.ucaldas.edu.co\\\/portal\\\/wp-content\\\/uploads\\\/2025\\\/08\\\/IMG_6730-scaled-e1756250884970.jpg\",\"datePublished\":\"2025-08-26T23:29:30+00:00\",\"dateModified\":\"2025-09-02T13:32:06+00:00\",\"breadcrumb\":{\"@id\":\"https:\\\/\\\/www.ucaldas.edu.co\\\/portal\\\/universidad-de-caldas-modelo-de-educacion-para-los-territorios-interes-del-municipio-de-apartado-en-replicar-su-estrategia\\\/#breadcrumb\"},\"inLanguage\":\"es\",\"potentialAction\":[{\"@type\":\"ReadAction\",\"target\":[\"https:\\\/\\\/www.ucaldas.edu.co\\\/portal\\\/universidad-de-caldas-modelo-de-educacion-para-los-territorios-interes-del-municipio-de-apartado-en-replicar-su-estrategia\\\/\"]}]},{\"@type\":\"ImageObject\",\"inLanguage\":\"es\",\"@id\":\"https:\\\/\\\/www.ucaldas.edu.co\\\/portal\\\/universidad-de-caldas-modelo-de-educacion-para-los-territorios-interes-del-municipio-de-apartado-en-replicar-su-estrategia\\\/#primaryimage\",\"url\":\"https:\\\/\\\/www.ucaldas.edu.co\\\/portal\\\/wp-content\\\/uploads\\\/2025\\\/08\\\/IMG_6730-scaled-e1756250884970.jpg\",\"contentUrl\":\"https:\\\/\\\/www.ucaldas.edu.co\\\/portal\\\/wp-content\\\/uploads\\\/2025\\\/08\\\/IMG_6730-scaled-e1756250884970.jpg\",\"width\":900,\"height\":675,\"caption\":\"Alcald\u00eda Apartad\u00f3\"},{\"@type\":\"BreadcrumbList\",\"@id\":\"https:\\\/\\\/www.ucaldas.edu.co\\\/portal\\\/universidad-de-caldas-modelo-de-educacion-para-los-territorios-interes-del-municipio-de-apartado-en-replicar-su-estrategia\\\/#breadcrumb\",\"itemListElement\":[{\"@type\":\"ListItem\",\"position\":1,\"name\":\"Portada\",\"item\":\"https:\\\/\\\/www.ucaldas.edu.co\\\/portal\\\/\"},{\"@type\":\"ListItem\",\"position\":2,\"name\":\"Universidad de Caldas, modelo de educaci\u00f3n para los territorios: inter\u00e9s del municipio de Apartad\u00f3 en replicar su estrategia\"}]},{\"@type\":\"WebSite\",\"@id\":\"https:\\\/\\\/www.ucaldas.edu.co\\\/portal\\\/#website\",\"url\":\"https:\\\/\\\/www.ucaldas.edu.co\\\/portal\\\/\",\"name\":\"Universidad de Caldas\",\"description\":\"\",\"publisher\":{\"@id\":\"https:\\\/\\\/www.ucaldas.edu.co\\\/portal\\\/#organization\"},\"alternateName\":\"U. de Caldas\",\"potentialAction\":[{\"@type\":\"SearchAction\",\"target\":{\"@type\":\"EntryPoint\",\"urlTemplate\":\"https:\\\/\\\/www.ucaldas.edu.co\\\/portal\\\/?s={search_term_string}\"},\"query-input\":{\"@type\":\"PropertyValueSpecification\",\"valueRequired\":true,\"valueName\":\"search_term_string\"}}],\"inLanguage\":\"es\"},{\"@type\":\"Organization\",\"@id\":\"https:\\\/\\\/www.ucaldas.edu.co\\\/portal\\\/#organization\",\"name\":\"Universidad de Caldas\",\"alternateName\":\"U. de Caldas\",\"url\":\"https:\\\/\\\/www.ucaldas.edu.co\\\/portal\\\/\",\"logo\":{\"@type\":\"ImageObject\",\"inLanguage\":\"es\",\"@id\":\"https:\\\/\\\/www.ucaldas.edu.co\\\/portal\\\/#\\\/schema\\\/logo\\\/image\\\/\",\"url\":\"https:\\\/\\\/www.ucaldas.edu.co\\\/portal\\\/wp-content\\\/uploads\\\/2023\\\/11\\\/Logo_horizontal_oscuroU-2023.png\",\"contentUrl\":\"https:\\\/\\\/www.ucaldas.edu.co\\\/portal\\\/wp-content\\\/uploads\\\/2023\\\/11\\\/Logo_horizontal_oscuroU-2023.png\",\"width\":263,\"height\":101,\"caption\":\"Universidad de Caldas\"},\"image\":{\"@id\":\"https:\\\/\\\/www.ucaldas.edu.co\\\/portal\\\/#\\\/schema\\\/logo\\\/image\\\/\"},\"sameAs\":[\"https:\\\/\\\/www.facebook.com\\\/udecaldas\",\"https:\\\/\\\/x.com\\\/udecaldas\",\"https:\\\/\\\/www.youtube.com\\\/universidadcaldas\",\"https:\\\/\\\/www.instagram.com\\\/udecaldas\\\/\"]},{\"@type\":\"Person\",\"@id\":\"https:\\\/\\\/www.ucaldas.edu.co\\\/portal\\\/#\\\/schema\\\/person\\\/a1b482e23449158b4bc319926c074fdf\",\"name\":\"ofiprensa\",\"image\":{\"@type\":\"ImageObject\",\"inLanguage\":\"es\",\"@id\":\"https:\\\/\\\/www.ucaldas.edu.co\\\/portal\\\/wp-content\\\/litespeed\\\/avatar\\\/09ea5085e600095a7a811142c6944527.jpg?ver=1776892805\",\"url\":\"https:\\\/\\\/www.ucaldas.edu.co\\\/portal\\\/wp-content\\\/litespeed\\\/avatar\\\/09ea5085e600095a7a811142c6944527.jpg?ver=1776892805\",\"contentUrl\":\"https:\\\/\\\/www.ucaldas.edu.co\\\/portal\\\/wp-content\\\/litespeed\\\/avatar\\\/09ea5085e600095a7a811142c6944527.jpg?ver=1776892805\",\"caption\":\"ofiprensa\"},\"url\":\"https:\\\/\\\/www.ucaldas.edu.co\\\/portal\\\/author\\\/ofiprensa\\\/\"}]}<\/script>\n<!-- \/ Yoast SEO plugin. -->","yoast_head_json":{"title":"Universidad de Caldas, modelo de educaci\u00f3n para los territorios: inter\u00e9s del municipio de Apartad\u00f3 en replicar su estrategia .","robots":{"index":"index","follow":"follow","max-snippet":"max-snippet:-1","max-image-preview":"max-image-preview:large","max-video-preview":"max-video-preview:-1"},"canonical":"https:\/\/www.ucaldas.edu.co\/portal\/universidad-de-caldas-modelo-de-educacion-para-los-territorios-interes-del-municipio-de-apartado-en-replicar-su-estrategia\/","schema":{"@context":"https:\/\/schema.org","@graph":[{"@type":"Article","@id":"https:\/\/www.ucaldas.edu.co\/portal\/universidad-de-caldas-modelo-de-educacion-para-los-territorios-interes-del-municipio-de-apartado-en-replicar-su-estrategia\/#article","isPartOf":{"@id":"https:\/\/www.ucaldas.edu.co\/portal\/universidad-de-caldas-modelo-de-educacion-para-los-territorios-interes-del-municipio-de-apartado-en-replicar-su-estrategia\/"},"author":{"name":"ofiprensa","@id":"https:\/\/www.ucaldas.edu.co\/portal\/#\/schema\/person\/a1b482e23449158b4bc319926c074fdf"},"headline":"Universidad de Caldas, modelo de educaci\u00f3n para los territorios: inter\u00e9s del municipio de Apartad\u00f3 en replicar su estrategia","datePublished":"2025-08-26T23:29:30+00:00","dateModified":"2025-09-02T13:32:06+00:00","mainEntityOfPage":{"@id":"https:\/\/www.ucaldas.edu.co\/portal\/universidad-de-caldas-modelo-de-educacion-para-los-territorios-interes-del-municipio-de-apartado-en-replicar-su-estrategia\/"},"wordCount":443,"publisher":{"@id":"https:\/\/www.ucaldas.edu.co\/portal\/#organization"},"image":{"@id":"https:\/\/www.ucaldas.edu.co\/portal\/universidad-de-caldas-modelo-de-educacion-para-los-territorios-interes-del-municipio-de-apartado-en-replicar-su-estrategia\/#primaryimage"},"thumbnailUrl":"https:\/\/www.ucaldas.edu.co\/portal\/wp-content\/uploads\/2025\/08\/IMG_6730-scaled-e1756250884970.jpg","keywords":["modelo educativo","apartad\u00f3"],"articleSection":["Actualidad","Universidad al D\u00eda","UCaldas Regional","U Caldas en tu Pueblo"],"inLanguage":"es"},{"@type":"WebPage","@id":"https:\/\/www.ucaldas.edu.co\/portal\/universidad-de-caldas-modelo-de-educacion-para-los-territorios-interes-del-municipio-de-apartado-en-replicar-su-estrategia\/","url":"https:\/\/www.ucaldas.edu.co\/portal\/universidad-de-caldas-modelo-de-educacion-para-los-territorios-interes-del-municipio-de-apartado-en-replicar-su-estrategia\/","name":"Universidad de Caldas, modelo de educaci\u00f3n para los territorios: inter\u00e9s del municipio de Apartad\u00f3 en replicar su estrategia .","isPartOf":{"@id":"https:\/\/www.ucaldas.edu.co\/portal\/#website"},"primaryImageOfPage":{"@id":"https:\/\/www.ucaldas.edu.co\/portal\/universidad-de-caldas-modelo-de-educacion-para-los-territorios-interes-del-municipio-de-apartado-en-replicar-su-estrategia\/#primaryimage"},"image":{"@id":"https:\/\/www.ucaldas.edu.co\/portal\/universidad-de-caldas-modelo-de-educacion-para-los-territorios-interes-del-municipio-de-apartado-en-replicar-su-estrategia\/#primaryimage"},"thumbnailUrl":"https:\/\/www.ucaldas.edu.co\/portal\/wp-content\/uploads\/2025\/08\/IMG_6730-scaled-e1756250884970.jpg","datePublished":"2025-08-26T23:29:30+00:00","dateModified":"2025-09-02T13:32:06+00:00","breadcrumb":{"@id":"https:\/\/www.ucaldas.edu.co\/portal\/universidad-de-caldas-modelo-de-educacion-para-los-territorios-interes-del-municipio-de-apartado-en-replicar-su-estrategia\/#breadcrumb"},"inLanguage":"es","potentialAction":[{"@type":"ReadAction","target":["https:\/\/www.ucaldas.edu.co\/portal\/universidad-de-caldas-modelo-de-educacion-para-los-territorios-interes-del-municipio-de-apartado-en-replicar-su-estrategia\/"]}]},{"@type":"ImageObject","inLanguage":"es","@id":"https:\/\/www.ucaldas.edu.co\/portal\/universidad-de-caldas-modelo-de-educacion-para-los-territorios-interes-del-municipio-de-apartado-en-replicar-su-estrategia\/#primaryimage","url":"https:\/\/www.ucaldas.edu.co\/portal\/wp-content\/uploads\/2025\/08\/IMG_6730-scaled-e1756250884970.jpg","contentUrl":"https:\/\/www.ucaldas.edu.co\/portal\/wp-content\/uploads\/2025\/08\/IMG_6730-scaled-e1756250884970.jpg","width":900,"height":675,"caption":"Alcald\u00eda Apartad\u00f3"},{"@type":"BreadcrumbList","@id":"https:\/\/www.ucaldas.edu.co\/portal\/universidad-de-caldas-modelo-de-educacion-para-los-territorios-interes-del-municipio-de-apartado-en-replicar-su-estrategia\/#breadcrumb","itemListElement":[{"@type":"ListItem","position":1,"name":"Portada","item":"https:\/\/www.ucaldas.edu.co\/portal\/"},{"@type":"ListItem","position":2,"name":"Universidad de Caldas, modelo de educaci\u00f3n para los territorios: inter\u00e9s del municipio de Apartad\u00f3 en replicar su estrategia"}]},{"@type":"WebSite","@id":"https:\/\/www.ucaldas.edu.co\/portal\/#website","url":"https:\/\/www.ucaldas.edu.co\/portal\/","name":"Universidad de Caldas","description":"","publisher":{"@id":"https:\/\/www.ucaldas.edu.co\/portal\/#organization"},"alternateName":"U. de Caldas","potentialAction":[{"@type":"SearchAction","target":{"@type":"EntryPoint","urlTemplate":"https:\/\/www.ucaldas.edu.co\/portal\/?s={search_term_string}"},"query-input":{"@type":"PropertyValueSpecification","valueRequired":true,"valueName":"search_term_string"}}],"inLanguage":"es"},{"@type":"Organization","@id":"https:\/\/www.ucaldas.edu.co\/portal\/#organization","name":"Universidad de Caldas","alternateName":"U. de Caldas","url":"https:\/\/www.ucaldas.edu.co\/portal\/","logo":{"@type":"ImageObject","inLanguage":"es","@id":"https:\/\/www.ucaldas.edu.co\/portal\/#\/schema\/logo\/image\/","url":"https:\/\/www.ucaldas.edu.co\/portal\/wp-content\/uploads\/2023\/11\/Logo_horizontal_oscuroU-2023.png","contentUrl":"https:\/\/www.ucaldas.edu.co\/portal\/wp-content\/uploads\/2023\/11\/Logo_horizontal_oscuroU-2023.png","width":263,"height":101,"caption":"Universidad de Caldas"},"image":{"@id":"https:\/\/www.ucaldas.edu.co\/portal\/#\/schema\/logo\/image\/"},"sameAs":["https:\/\/www.facebook.com\/udecaldas","https:\/\/x.com\/udecaldas","https:\/\/www.youtube.com\/universidadcaldas","https:\/\/www.instagram.com\/udecaldas\/"]},{"@type":"Person","@id":"https:\/\/www.ucaldas.edu.co\/portal\/#\/schema\/person\/a1b482e23449158b4bc319926c074fdf","name":"ofiprensa","image":{"@type":"ImageObject","inLanguage":"es","@id":"https:\/\/www.ucaldas.edu.co\/portal\/wp-content\/litespeed\/avatar\/09ea5085e600095a7a811142c6944527.jpg?ver=1776892805","url":"https:\/\/www.ucaldas.edu.co\/portal\/wp-content\/litespeed\/avatar\/09ea5085e600095a7a811142c6944527.jpg?ver=1776892805","contentUrl":"https:\/\/www.ucaldas.edu.co\/portal\/wp-content\/litespeed\/avatar\/09ea5085e600095a7a811142c6944527.jpg?ver=1776892805","caption":"ofiprensa"},"url":"https:\/\/www.ucaldas.edu.co\/portal\/author\/ofiprensa\/"}]}},"_links":{"self":[{"href":"https:\/\/www.ucaldas.edu.co\/portal\/wp-json\/wp\/v2\/posts\/93839","targetHints":{"allow":["GET"]}}],"collection":[{"href":"https:\/\/www.ucaldas.edu.co\/portal\/wp-json\/wp\/v2\/posts"}],"about":[{"href":"https:\/\/www.ucaldas.edu.co\/portal\/wp-json\/wp\/v2\/types\/post"}],"author":[{"embeddable":true,"href":"https:\/\/www.ucaldas.edu.co\/portal\/wp-json\/wp\/v2\/users\/2"}],"replies":[{"embeddable":true,"href":"https:\/\/www.ucaldas.edu.co\/portal\/wp-json\/wp\/v2\/comments?post=93839"}],"version-history":[{"count":0,"href":"https:\/\/www.ucaldas.edu.co\/portal\/wp-json\/wp\/v2\/posts\/93839\/revisions"}],"wp:featuredmedia":[{"embeddable":true,"href":"https:\/\/www.ucaldas.edu.co\/portal\/wp-json\/wp\/v2\/media\/93841"}],"wp:attachment":[{"href":"https:\/\/www.ucaldas.edu.co\/portal\/wp-json\/wp\/v2\/media?parent=93839"}],"wp:term":[{"taxonomy":"category","embeddable":true,"href":"https:\/\/www.ucaldas.edu.co\/portal\/wp-json\/wp\/v2\/categories?post=93839"},{"taxonomy":"post_tag","embeddable":true,"href":"https:\/\/www.ucaldas.edu.co\/portal\/wp-json\/wp\/v2\/tags?post=93839"}],"curies":[{"name":"wp","href":"https:\/\/api.w.org\/{rel}","templated":true}]}}