{"id":93815,"date":"2025-08-26T18:10:03","date_gmt":"2025-08-26T23:10:03","guid":{"rendered":"https:\/\/www.ucaldas.edu.co\/portal\/?p=93815"},"modified":"2025-08-26T18:10:03","modified_gmt":"2025-08-26T23:10:03","slug":"la-universidad-de-caldas-da-la-bienvenida-a-sus-estudiantes-internacionales-en-el-semestre-2025-ii","status":"publish","type":"post","link":"https:\/\/www.ucaldas.edu.co\/portal\/la-universidad-de-caldas-da-la-bienvenida-a-sus-estudiantes-internacionales-en-el-semestre-2025-ii\/","title":{"rendered":"La Universidad de Caldas da la bienvenida a sus estudiantes internacionales en el semestre 2025-II"},"content":{"rendered":"<div class=\"wpb-content-wrapper\"><p>[vc_row][vc_column][vc_column_text]<\/p>\n<p><img loading=\"lazy\" decoding=\"async\" class=\"alignnone wp-image-93822 size-full\" src=\"https:\/\/www.ucaldas.edu.co\/portal\/wp-content\/uploads\/2025\/08\/IMG_7432.jpg\" alt=\"Bienvenida Estudiantes Internacionales\" width=\"720\" height=\"480\" srcset=\"https:\/\/www.ucaldas.edu.co\/portal\/wp-content\/uploads\/2025\/08\/IMG_7432.jpg 720w, https:\/\/www.ucaldas.edu.co\/portal\/wp-content\/uploads\/2025\/08\/IMG_7432-300x200.jpg 300w\" sizes=\"auto, (max-width: 720px) 100vw, 720px\" \/><\/p>\n<p style=\"text-align: justify;\">La Universidad de Caldas inici\u00f3 con entusiasmo el semestre acad\u00e9mico 2025-II con la llegada de un nuevo grupo de estudiantes internacionales que escogieron a la instituci\u00f3n como destino para enriquecer su formaci\u00f3n profesional y personal. Este intercambio acad\u00e9mico refuerza el compromiso de la universidad con la internacionalizaci\u00f3n y el fortalecimiento de la diversidad cultural en sus aulas.<!--more--><\/p>\n<p style=\"text-align: justify;\">Margarita Mar\u00eda L\u00f3pez, jefe de la Oficina de Internacionalizaci\u00f3n, expres\u00f3 su alegr\u00eda por este recibimiento: \u201cEstamos muy felices, hoy iniciamos un semestre con nuevos estudiantes internacionales. Tenemos aproximadamente 20 estudiantes que vienen a hacer su semestre acad\u00e9mico, fuera de otros que vienen a hacer sus pasant\u00edas y sus pr\u00e1cticas. Ellos vienen principalmente de M\u00e9xico, tambi\u00e9n tenemos estudiantes que vienen de Brasil, Espa\u00f1a y Francia. Para nosotros es muy emocionante tenerlos en toda la universidad, en programas como Administraci\u00f3n Financiera, Trabajo Social, Lenguas Modernas, Licenciatura en Ciencias Sociales e incluso en maestr\u00edas. Hoy estamos de celebraci\u00f3n\u201d.<\/p>\n<p style=\"text-align: justify;\">Entre los nuevos rostros se encuentra Jos\u00e9 Gonz\u00e1lez Recio \u201cPepe\u201d, estudiante proveniente de Sevilla, Espa\u00f1a, quien destac\u00f3 su motivaci\u00f3n para llegar a Colombia y a la Universidad de Caldas. \u201cLa ciudad me gusta, es una ciudad muy deportista, se practica mucho deporte, es de los mejores vivideros de Colombia y yo siempre quise conocer Colombia, su cultura, sus ra\u00edces, su gente. La verdad siento que la carrera de Biolog\u00eda est\u00e1 muy bien estructurada, hacen salidas al campo, cosa que en Espa\u00f1a casi no se ve, y quiero aprender en asignaturas m\u00e1s especializadas como la Bot\u00e1nica y la Zoolog\u00eda\u201d, coment\u00f3.<\/p>\n<p style=\"text-align: justify;\">Asimismo, Mart\u00edn Por\u00e9e, estudiante franc\u00e9s de la Maestr\u00eda en Justicia Social y Construcci\u00f3n de Paz, comparti\u00f3 sus expectativas frente a su experiencia acad\u00e9mica y cultural en la ciudad. \u201cMe gusta mucho la ciudad, es muy grande, me encanta el sector del cable y el centro hist\u00f3rico. Quiero aprender mucho sobre la cultura local, sobre Colombia y m\u00e1s espec\u00edficamente sobre la regi\u00f3n de Caldas. Con mi carrera quiero avanzar en mi investigaci\u00f3n sobre el tr\u00e1fico de armas en el sector humanitario, aprender m\u00e1s sobre los grupos armados en Colombia y desarrollar una investigaci\u00f3n clara y rigurosa\u201d, afirm\u00f3.<\/p>\n<p style=\"text-align: justify;\">El grupo de estudiantes internacionales no solo enriquece las aulas con su presencia, sino que tambi\u00e9n fortalece los lazos culturales y acad\u00e9micos entre pa\u00edses, contribuyendo al intercambio de saberes y experiencias que favorecen la formaci\u00f3n integral de todos los estudiantes. La Universidad de Caldas reafirma, as\u00ed, su papel como escenario de encuentro multicultural y acad\u00e9mico en el pa\u00eds.<\/p>\n<p style=\"text-align: justify;\">Con este inicio de semestre, la instituci\u00f3n celebra la llegada de nuevas perspectivas que impulsan la construcci\u00f3n de una universidad m\u00e1s abierta, diversa y conectada con el mundo, brindando a los estudiantes extranjeros una experiencia \u00fanica de aprendizaje, integraci\u00f3n y crecimiento personal en el coraz\u00f3n del Eje Cafetero.<\/p>\n<p style=\"text-align: justify;\"><strong>Anexo:<\/strong><\/p>\n<p style=\"text-align: justify;\"><a href=\"https:\/\/www.ucaldas.edu.co\/portal\/wp-content\/uploads\/2025\/08\/Margarita-Maria-Lopez-Jefe-Oficina-de-internacionalizacion.mp3\"><strong>-Audio Jefe Oficina de Internacionalizaci\u00f3n, Margarita Mar\u00eda L\u00f3pez.<\/strong><\/a><\/p>\n<audio class=\"wp-audio-shortcode\" id=\"audio-93815-1\" preload=\"none\" style=\"width: 100%;\" controls=\"controls\"><source type=\"audio\/mpeg\" src=\"https:\/\/www.ucaldas.edu.co\/portal\/wp-content\/uploads\/2025\/08\/Margarita-Maria-Lopez-Jefe-Oficina-de-internacionalizacion.mp3?_=1\" \/><a href=\"https:\/\/www.ucaldas.edu.co\/portal\/wp-content\/uploads\/2025\/08\/Margarita-Maria-Lopez-Jefe-Oficina-de-internacionalizacion.mp3\">https:\/\/www.ucaldas.edu.co\/portal\/wp-content\/uploads\/2025\/08\/Margarita-Maria-Lopez-Jefe-Oficina-de-internacionalizacion.mp3<\/a><\/audio>\n<p style=\"text-align: justify;\"><a href=\"https:\/\/www.ucaldas.edu.co\/portal\/wp-content\/uploads\/2025\/08\/Jose-Gonzalez-Recio-estudiante-Espanol.mp3\"><strong>-Audio Estudiante de Espa\u00f1a, Jos\u00e9 Gonz\u00e1lez Recio.<\/strong><\/a><\/p>\n<audio class=\"wp-audio-shortcode\" id=\"audio-93815-2\" preload=\"none\" style=\"width: 100%;\" controls=\"controls\"><source type=\"audio\/mpeg\" src=\"https:\/\/www.ucaldas.edu.co\/portal\/wp-content\/uploads\/2025\/08\/Jose-Gonzalez-Recio-estudiante-Espanol.mp3?_=2\" \/><a href=\"https:\/\/www.ucaldas.edu.co\/portal\/wp-content\/uploads\/2025\/08\/Jose-Gonzalez-Recio-estudiante-Espanol.mp3\">https:\/\/www.ucaldas.edu.co\/portal\/wp-content\/uploads\/2025\/08\/Jose-Gonzalez-Recio-estudiante-Espanol.mp3<\/a><\/audio>\n<p style=\"text-align: justify;\"><a href=\"https:\/\/www.ucaldas.edu.co\/portal\/wp-content\/uploads\/2025\/08\/Martin-Poree-Estudiante-Frances.mp3\"><strong>-Audio Estudiante de Francia, Mart\u00edn Por\u00e9e.<\/strong><\/a><\/p>\n<audio class=\"wp-audio-shortcode\" id=\"audio-93815-3\" preload=\"none\" style=\"width: 100%;\" controls=\"controls\"><source type=\"audio\/mpeg\" src=\"https:\/\/www.ucaldas.edu.co\/portal\/wp-content\/uploads\/2025\/08\/Martin-Poree-Estudiante-Frances.mp3?_=3\" \/><a href=\"https:\/\/www.ucaldas.edu.co\/portal\/wp-content\/uploads\/2025\/08\/Martin-Poree-Estudiante-Frances.mp3\">https:\/\/www.ucaldas.edu.co\/portal\/wp-content\/uploads\/2025\/08\/Martin-Poree-Estudiante-Frances.mp3<\/a><\/audio>\n<p>[\/vc_column_text][vc_video link=\u00bbhttps:\/\/www.youtube.com\/watch?v=MxxLDCwqzFc\u00bb css=\u00bb\u00bb title=\u00bbVideo Nota\u00bb][\/vc_column][\/vc_row]<\/p>\n<\/div>","protected":false},"excerpt":{"rendered":"<p>[vc_row][vc_column][vc_column_text] La Universidad de Caldas inici\u00f3 con entusiasmo el semestre acad\u00e9mico 2025-II con la llegada de un nuevo grupo de estudiantes internacionales que escogieron a la instituci\u00f3n como destino para enriquecer su formaci\u00f3n profesional y personal. Este intercambio acad\u00e9mico refuerza el compromiso de la universidad con la internacionalizaci\u00f3n y el fortalecimiento de la diversidad cultural [&hellip;]<\/p>\n","protected":false},"author":2,"featured_media":93822,"comment_status":"closed","ping_status":"open","sticky":false,"template":"","format":"standard","meta":{"footnotes":""},"categories":[48,53,614],"tags":[326],"class_list":["post-93815","post","type-post","status-publish","format-standard","has-post-thumbnail","hentry","category-actualidad","category-universidad-al-dia","category-ucaldas-internacional","tag-estudiantes-internacionales"],"yoast_head":"<!-- This site is optimized with the Yoast SEO plugin v27.5 - https:\/\/yoast.com\/product\/yoast-seo-wordpress\/ -->\n<title>La Universidad de Caldas da la bienvenida a sus estudiantes internacionales en el semestre 2025-II .<\/title>\n<meta name=\"robots\" content=\"index, follow, max-snippet:-1, max-image-preview:large, max-video-preview:-1\" \/>\n<link rel=\"canonical\" href=\"https:\/\/www.ucaldas.edu.co\/portal\/la-universidad-de-caldas-da-la-bienvenida-a-sus-estudiantes-internacionales-en-el-semestre-2025-ii\/\" \/>\n<script type=\"application\/ld+json\" class=\"yoast-schema-graph\">{\"@context\":\"https:\\\/\\\/schema.org\",\"@graph\":[{\"@type\":\"Article\",\"@id\":\"https:\\\/\\\/www.ucaldas.edu.co\\\/portal\\\/la-universidad-de-caldas-da-la-bienvenida-a-sus-estudiantes-internacionales-en-el-semestre-2025-ii\\\/#article\",\"isPartOf\":{\"@id\":\"https:\\\/\\\/www.ucaldas.edu.co\\\/portal\\\/la-universidad-de-caldas-da-la-bienvenida-a-sus-estudiantes-internacionales-en-el-semestre-2025-ii\\\/\"},\"author\":{\"name\":\"ofiprensa\",\"@id\":\"https:\\\/\\\/www.ucaldas.edu.co\\\/portal\\\/#\\\/schema\\\/person\\\/a1b482e23449158b4bc319926c074fdf\"},\"headline\":\"La Universidad de Caldas da la bienvenida a sus estudiantes internacionales en el semestre 2025-II\",\"datePublished\":\"2025-08-26T23:10:03+00:00\",\"mainEntityOfPage\":{\"@id\":\"https:\\\/\\\/www.ucaldas.edu.co\\\/portal\\\/la-universidad-de-caldas-da-la-bienvenida-a-sus-estudiantes-internacionales-en-el-semestre-2025-ii\\\/\"},\"wordCount\":615,\"publisher\":{\"@id\":\"https:\\\/\\\/www.ucaldas.edu.co\\\/portal\\\/#organization\"},\"image\":{\"@id\":\"https:\\\/\\\/www.ucaldas.edu.co\\\/portal\\\/la-universidad-de-caldas-da-la-bienvenida-a-sus-estudiantes-internacionales-en-el-semestre-2025-ii\\\/#primaryimage\"},\"thumbnailUrl\":\"https:\\\/\\\/www.ucaldas.edu.co\\\/portal\\\/wp-content\\\/uploads\\\/2025\\\/08\\\/IMG_7432.jpg\",\"keywords\":[\"estudiantes internacionales\"],\"articleSection\":[\"Actualidad\",\"Universidad al D\u00eda\",\"Ucaldas Internacional\"],\"inLanguage\":\"es\"},{\"@type\":\"WebPage\",\"@id\":\"https:\\\/\\\/www.ucaldas.edu.co\\\/portal\\\/la-universidad-de-caldas-da-la-bienvenida-a-sus-estudiantes-internacionales-en-el-semestre-2025-ii\\\/\",\"url\":\"https:\\\/\\\/www.ucaldas.edu.co\\\/portal\\\/la-universidad-de-caldas-da-la-bienvenida-a-sus-estudiantes-internacionales-en-el-semestre-2025-ii\\\/\",\"name\":\"La Universidad de Caldas da la bienvenida a sus estudiantes internacionales en el semestre 2025-II .\",\"isPartOf\":{\"@id\":\"https:\\\/\\\/www.ucaldas.edu.co\\\/portal\\\/#website\"},\"primaryImageOfPage\":{\"@id\":\"https:\\\/\\\/www.ucaldas.edu.co\\\/portal\\\/la-universidad-de-caldas-da-la-bienvenida-a-sus-estudiantes-internacionales-en-el-semestre-2025-ii\\\/#primaryimage\"},\"image\":{\"@id\":\"https:\\\/\\\/www.ucaldas.edu.co\\\/portal\\\/la-universidad-de-caldas-da-la-bienvenida-a-sus-estudiantes-internacionales-en-el-semestre-2025-ii\\\/#primaryimage\"},\"thumbnailUrl\":\"https:\\\/\\\/www.ucaldas.edu.co\\\/portal\\\/wp-content\\\/uploads\\\/2025\\\/08\\\/IMG_7432.jpg\",\"datePublished\":\"2025-08-26T23:10:03+00:00\",\"breadcrumb\":{\"@id\":\"https:\\\/\\\/www.ucaldas.edu.co\\\/portal\\\/la-universidad-de-caldas-da-la-bienvenida-a-sus-estudiantes-internacionales-en-el-semestre-2025-ii\\\/#breadcrumb\"},\"inLanguage\":\"es\",\"potentialAction\":[{\"@type\":\"ReadAction\",\"target\":[\"https:\\\/\\\/www.ucaldas.edu.co\\\/portal\\\/la-universidad-de-caldas-da-la-bienvenida-a-sus-estudiantes-internacionales-en-el-semestre-2025-ii\\\/\"]}]},{\"@type\":\"ImageObject\",\"inLanguage\":\"es\",\"@id\":\"https:\\\/\\\/www.ucaldas.edu.co\\\/portal\\\/la-universidad-de-caldas-da-la-bienvenida-a-sus-estudiantes-internacionales-en-el-semestre-2025-ii\\\/#primaryimage\",\"url\":\"https:\\\/\\\/www.ucaldas.edu.co\\\/portal\\\/wp-content\\\/uploads\\\/2025\\\/08\\\/IMG_7432.jpg\",\"contentUrl\":\"https:\\\/\\\/www.ucaldas.edu.co\\\/portal\\\/wp-content\\\/uploads\\\/2025\\\/08\\\/IMG_7432.jpg\",\"width\":720,\"height\":480,\"caption\":\"Bienvenida Estudiantes Internacionales\"},{\"@type\":\"BreadcrumbList\",\"@id\":\"https:\\\/\\\/www.ucaldas.edu.co\\\/portal\\\/la-universidad-de-caldas-da-la-bienvenida-a-sus-estudiantes-internacionales-en-el-semestre-2025-ii\\\/#breadcrumb\",\"itemListElement\":[{\"@type\":\"ListItem\",\"position\":1,\"name\":\"Portada\",\"item\":\"https:\\\/\\\/www.ucaldas.edu.co\\\/portal\\\/\"},{\"@type\":\"ListItem\",\"position\":2,\"name\":\"La Universidad de Caldas da la bienvenida a sus estudiantes internacionales en el semestre 2025-II\"}]},{\"@type\":\"WebSite\",\"@id\":\"https:\\\/\\\/www.ucaldas.edu.co\\\/portal\\\/#website\",\"url\":\"https:\\\/\\\/www.ucaldas.edu.co\\\/portal\\\/\",\"name\":\"Universidad de Caldas\",\"description\":\"\",\"publisher\":{\"@id\":\"https:\\\/\\\/www.ucaldas.edu.co\\\/portal\\\/#organization\"},\"alternateName\":\"U. de Caldas\",\"potentialAction\":[{\"@type\":\"SearchAction\",\"target\":{\"@type\":\"EntryPoint\",\"urlTemplate\":\"https:\\\/\\\/www.ucaldas.edu.co\\\/portal\\\/?s={search_term_string}\"},\"query-input\":{\"@type\":\"PropertyValueSpecification\",\"valueRequired\":true,\"valueName\":\"search_term_string\"}}],\"inLanguage\":\"es\"},{\"@type\":\"Organization\",\"@id\":\"https:\\\/\\\/www.ucaldas.edu.co\\\/portal\\\/#organization\",\"name\":\"Universidad de Caldas\",\"alternateName\":\"U. de Caldas\",\"url\":\"https:\\\/\\\/www.ucaldas.edu.co\\\/portal\\\/\",\"logo\":{\"@type\":\"ImageObject\",\"inLanguage\":\"es\",\"@id\":\"https:\\\/\\\/www.ucaldas.edu.co\\\/portal\\\/#\\\/schema\\\/logo\\\/image\\\/\",\"url\":\"https:\\\/\\\/www.ucaldas.edu.co\\\/portal\\\/wp-content\\\/uploads\\\/2023\\\/11\\\/Logo_horizontal_oscuroU-2023.png\",\"contentUrl\":\"https:\\\/\\\/www.ucaldas.edu.co\\\/portal\\\/wp-content\\\/uploads\\\/2023\\\/11\\\/Logo_horizontal_oscuroU-2023.png\",\"width\":263,\"height\":101,\"caption\":\"Universidad de Caldas\"},\"image\":{\"@id\":\"https:\\\/\\\/www.ucaldas.edu.co\\\/portal\\\/#\\\/schema\\\/logo\\\/image\\\/\"},\"sameAs\":[\"https:\\\/\\\/www.facebook.com\\\/udecaldas\",\"https:\\\/\\\/x.com\\\/udecaldas\",\"https:\\\/\\\/www.youtube.com\\\/universidadcaldas\",\"https:\\\/\\\/www.instagram.com\\\/udecaldas\\\/\"]},{\"@type\":\"Person\",\"@id\":\"https:\\\/\\\/www.ucaldas.edu.co\\\/portal\\\/#\\\/schema\\\/person\\\/a1b482e23449158b4bc319926c074fdf\",\"name\":\"ofiprensa\",\"image\":{\"@type\":\"ImageObject\",\"inLanguage\":\"es\",\"@id\":\"https:\\\/\\\/www.ucaldas.edu.co\\\/portal\\\/wp-content\\\/litespeed\\\/avatar\\\/09ea5085e600095a7a811142c6944527.jpg?ver=1777497608\",\"url\":\"https:\\\/\\\/www.ucaldas.edu.co\\\/portal\\\/wp-content\\\/litespeed\\\/avatar\\\/09ea5085e600095a7a811142c6944527.jpg?ver=1777497608\",\"contentUrl\":\"https:\\\/\\\/www.ucaldas.edu.co\\\/portal\\\/wp-content\\\/litespeed\\\/avatar\\\/09ea5085e600095a7a811142c6944527.jpg?ver=1777497608\",\"caption\":\"ofiprensa\"},\"url\":\"https:\\\/\\\/www.ucaldas.edu.co\\\/portal\\\/author\\\/ofiprensa\\\/\"}]}<\/script>\n<!-- \/ Yoast SEO plugin. -->","yoast_head_json":{"title":"La Universidad de Caldas da la bienvenida a sus estudiantes internacionales en el semestre 2025-II .","robots":{"index":"index","follow":"follow","max-snippet":"max-snippet:-1","max-image-preview":"max-image-preview:large","max-video-preview":"max-video-preview:-1"},"canonical":"https:\/\/www.ucaldas.edu.co\/portal\/la-universidad-de-caldas-da-la-bienvenida-a-sus-estudiantes-internacionales-en-el-semestre-2025-ii\/","schema":{"@context":"https:\/\/schema.org","@graph":[{"@type":"Article","@id":"https:\/\/www.ucaldas.edu.co\/portal\/la-universidad-de-caldas-da-la-bienvenida-a-sus-estudiantes-internacionales-en-el-semestre-2025-ii\/#article","isPartOf":{"@id":"https:\/\/www.ucaldas.edu.co\/portal\/la-universidad-de-caldas-da-la-bienvenida-a-sus-estudiantes-internacionales-en-el-semestre-2025-ii\/"},"author":{"name":"ofiprensa","@id":"https:\/\/www.ucaldas.edu.co\/portal\/#\/schema\/person\/a1b482e23449158b4bc319926c074fdf"},"headline":"La Universidad de Caldas da la bienvenida a sus estudiantes internacionales en el semestre 2025-II","datePublished":"2025-08-26T23:10:03+00:00","mainEntityOfPage":{"@id":"https:\/\/www.ucaldas.edu.co\/portal\/la-universidad-de-caldas-da-la-bienvenida-a-sus-estudiantes-internacionales-en-el-semestre-2025-ii\/"},"wordCount":615,"publisher":{"@id":"https:\/\/www.ucaldas.edu.co\/portal\/#organization"},"image":{"@id":"https:\/\/www.ucaldas.edu.co\/portal\/la-universidad-de-caldas-da-la-bienvenida-a-sus-estudiantes-internacionales-en-el-semestre-2025-ii\/#primaryimage"},"thumbnailUrl":"https:\/\/www.ucaldas.edu.co\/portal\/wp-content\/uploads\/2025\/08\/IMG_7432.jpg","keywords":["estudiantes internacionales"],"articleSection":["Actualidad","Universidad al D\u00eda","Ucaldas Internacional"],"inLanguage":"es"},{"@type":"WebPage","@id":"https:\/\/www.ucaldas.edu.co\/portal\/la-universidad-de-caldas-da-la-bienvenida-a-sus-estudiantes-internacionales-en-el-semestre-2025-ii\/","url":"https:\/\/www.ucaldas.edu.co\/portal\/la-universidad-de-caldas-da-la-bienvenida-a-sus-estudiantes-internacionales-en-el-semestre-2025-ii\/","name":"La Universidad de Caldas da la bienvenida a sus estudiantes internacionales en el semestre 2025-II .","isPartOf":{"@id":"https:\/\/www.ucaldas.edu.co\/portal\/#website"},"primaryImageOfPage":{"@id":"https:\/\/www.ucaldas.edu.co\/portal\/la-universidad-de-caldas-da-la-bienvenida-a-sus-estudiantes-internacionales-en-el-semestre-2025-ii\/#primaryimage"},"image":{"@id":"https:\/\/www.ucaldas.edu.co\/portal\/la-universidad-de-caldas-da-la-bienvenida-a-sus-estudiantes-internacionales-en-el-semestre-2025-ii\/#primaryimage"},"thumbnailUrl":"https:\/\/www.ucaldas.edu.co\/portal\/wp-content\/uploads\/2025\/08\/IMG_7432.jpg","datePublished":"2025-08-26T23:10:03+00:00","breadcrumb":{"@id":"https:\/\/www.ucaldas.edu.co\/portal\/la-universidad-de-caldas-da-la-bienvenida-a-sus-estudiantes-internacionales-en-el-semestre-2025-ii\/#breadcrumb"},"inLanguage":"es","potentialAction":[{"@type":"ReadAction","target":["https:\/\/www.ucaldas.edu.co\/portal\/la-universidad-de-caldas-da-la-bienvenida-a-sus-estudiantes-internacionales-en-el-semestre-2025-ii\/"]}]},{"@type":"ImageObject","inLanguage":"es","@id":"https:\/\/www.ucaldas.edu.co\/portal\/la-universidad-de-caldas-da-la-bienvenida-a-sus-estudiantes-internacionales-en-el-semestre-2025-ii\/#primaryimage","url":"https:\/\/www.ucaldas.edu.co\/portal\/wp-content\/uploads\/2025\/08\/IMG_7432.jpg","contentUrl":"https:\/\/www.ucaldas.edu.co\/portal\/wp-content\/uploads\/2025\/08\/IMG_7432.jpg","width":720,"height":480,"caption":"Bienvenida Estudiantes Internacionales"},{"@type":"BreadcrumbList","@id":"https:\/\/www.ucaldas.edu.co\/portal\/la-universidad-de-caldas-da-la-bienvenida-a-sus-estudiantes-internacionales-en-el-semestre-2025-ii\/#breadcrumb","itemListElement":[{"@type":"ListItem","position":1,"name":"Portada","item":"https:\/\/www.ucaldas.edu.co\/portal\/"},{"@type":"ListItem","position":2,"name":"La Universidad de Caldas da la bienvenida a sus estudiantes internacionales en el semestre 2025-II"}]},{"@type":"WebSite","@id":"https:\/\/www.ucaldas.edu.co\/portal\/#website","url":"https:\/\/www.ucaldas.edu.co\/portal\/","name":"Universidad de Caldas","description":"","publisher":{"@id":"https:\/\/www.ucaldas.edu.co\/portal\/#organization"},"alternateName":"U. de Caldas","potentialAction":[{"@type":"SearchAction","target":{"@type":"EntryPoint","urlTemplate":"https:\/\/www.ucaldas.edu.co\/portal\/?s={search_term_string}"},"query-input":{"@type":"PropertyValueSpecification","valueRequired":true,"valueName":"search_term_string"}}],"inLanguage":"es"},{"@type":"Organization","@id":"https:\/\/www.ucaldas.edu.co\/portal\/#organization","name":"Universidad de Caldas","alternateName":"U. de Caldas","url":"https:\/\/www.ucaldas.edu.co\/portal\/","logo":{"@type":"ImageObject","inLanguage":"es","@id":"https:\/\/www.ucaldas.edu.co\/portal\/#\/schema\/logo\/image\/","url":"https:\/\/www.ucaldas.edu.co\/portal\/wp-content\/uploads\/2023\/11\/Logo_horizontal_oscuroU-2023.png","contentUrl":"https:\/\/www.ucaldas.edu.co\/portal\/wp-content\/uploads\/2023\/11\/Logo_horizontal_oscuroU-2023.png","width":263,"height":101,"caption":"Universidad de Caldas"},"image":{"@id":"https:\/\/www.ucaldas.edu.co\/portal\/#\/schema\/logo\/image\/"},"sameAs":["https:\/\/www.facebook.com\/udecaldas","https:\/\/x.com\/udecaldas","https:\/\/www.youtube.com\/universidadcaldas","https:\/\/www.instagram.com\/udecaldas\/"]},{"@type":"Person","@id":"https:\/\/www.ucaldas.edu.co\/portal\/#\/schema\/person\/a1b482e23449158b4bc319926c074fdf","name":"ofiprensa","image":{"@type":"ImageObject","inLanguage":"es","@id":"https:\/\/www.ucaldas.edu.co\/portal\/wp-content\/litespeed\/avatar\/09ea5085e600095a7a811142c6944527.jpg?ver=1777497608","url":"https:\/\/www.ucaldas.edu.co\/portal\/wp-content\/litespeed\/avatar\/09ea5085e600095a7a811142c6944527.jpg?ver=1777497608","contentUrl":"https:\/\/www.ucaldas.edu.co\/portal\/wp-content\/litespeed\/avatar\/09ea5085e600095a7a811142c6944527.jpg?ver=1777497608","caption":"ofiprensa"},"url":"https:\/\/www.ucaldas.edu.co\/portal\/author\/ofiprensa\/"}]}},"_links":{"self":[{"href":"https:\/\/www.ucaldas.edu.co\/portal\/wp-json\/wp\/v2\/posts\/93815","targetHints":{"allow":["GET"]}}],"collection":[{"href":"https:\/\/www.ucaldas.edu.co\/portal\/wp-json\/wp\/v2\/posts"}],"about":[{"href":"https:\/\/www.ucaldas.edu.co\/portal\/wp-json\/wp\/v2\/types\/post"}],"author":[{"embeddable":true,"href":"https:\/\/www.ucaldas.edu.co\/portal\/wp-json\/wp\/v2\/users\/2"}],"replies":[{"embeddable":true,"href":"https:\/\/www.ucaldas.edu.co\/portal\/wp-json\/wp\/v2\/comments?post=93815"}],"version-history":[{"count":0,"href":"https:\/\/www.ucaldas.edu.co\/portal\/wp-json\/wp\/v2\/posts\/93815\/revisions"}],"wp:featuredmedia":[{"embeddable":true,"href":"https:\/\/www.ucaldas.edu.co\/portal\/wp-json\/wp\/v2\/media\/93822"}],"wp:attachment":[{"href":"https:\/\/www.ucaldas.edu.co\/portal\/wp-json\/wp\/v2\/media?parent=93815"}],"wp:term":[{"taxonomy":"category","embeddable":true,"href":"https:\/\/www.ucaldas.edu.co\/portal\/wp-json\/wp\/v2\/categories?post=93815"},{"taxonomy":"post_tag","embeddable":true,"href":"https:\/\/www.ucaldas.edu.co\/portal\/wp-json\/wp\/v2\/tags?post=93815"}],"curies":[{"name":"wp","href":"https:\/\/api.w.org\/{rel}","templated":true}]}}