{"id":9339,"date":"2011-09-28T14:58:06","date_gmt":"2011-09-28T19:58:06","guid":{"rendered":"https:\/\/www.ucaldas.edu.co\/portal\/?p=9339"},"modified":"2011-09-28T14:58:06","modified_gmt":"2011-09-28T19:58:06","slug":"encuentro-nacional-sobre-ciencias-sociales-tiene-como-sede-la-u-de-caldas","status":"publish","type":"post","link":"https:\/\/www.ucaldas.edu.co\/portal\/encuentro-nacional-sobre-ciencias-sociales-tiene-como-sede-la-u-de-caldas\/","title":{"rendered":"Encuentro nacional sobre ciencias sociales  tiene como sede la U. de Caldas"},"content":{"rendered":"<p>Expertos compartir\u00e1n experiencias investigativas, avances y tendencias en esta \u00e1rea<\/p>\n<hr \/>\n<p>&nbsp;<\/p>\n<p align=\"right\"><b>28\/09\/2011<\/b><\/p>\n<p><b>\u00a0<\/b><\/p>\n<table border=\"0\">\n<tbody>\n<tr>\n<td><img loading=\"lazy\" decoding=\"async\" style=\"border: 0px\" alt=\"Ciencias Sociales\" src=\"http:\/\/www.ucaldas.edu.co\/images\/tmp\/encuentro_ciencias_sociales.jpg\" width=\"240\" height=\"150\" border=\"0\" \/><\/td>\n<td>La <b>Universidad de Caldas<\/b> es la <b>sede<\/b> del <b>II Encuentro Nacional<\/b> de la <b>Red Colombiana<\/b> de <b>Grupos de Investigaci\u00f3n<\/b> en <b>Did\u00e1ctica<\/b> <b>de<\/b> las <b>Ciencias Sociales,<\/b> que se realiza <b>del 28 al 30 de septiembre<\/b> del 2011.<\/td>\n<\/tr>\n<\/tbody>\n<\/table>\n<p><b>150 personas<\/b> <b>participan<\/b> en el evento, que <b>cuenta<\/b> con la <b>presencia<\/b> <b>de<\/b> 2 conferencistas internacionales: <b>Antoni Santi Esteban<\/b> y <b>Gustavo A. Gonzales Valencia<\/b>, de la <b>Universidad Aut\u00f3noma de Barcelona<\/b>.<\/p>\n<p>&nbsp;<\/p>\n<p>Santi Esteban disert\u00f3 sobre la educaci\u00f3n pol\u00edtica vista desde la did\u00e1ctica de las ciencias sociales y expres\u00f3: \u201cla \u00faltima finalidad de las ciencias sociales debe ser una educaci\u00f3n democr\u00e1tica, que desde el punto de vista educativo est\u00e1 pensada como una utop\u00eda, porque es mejor considerarla como un camino y proceso, y no como una meta. La democracia se gana cada d\u00eda\u201d.<\/p>\n<p>&nbsp;<\/p>\n<p>Los conferencistas nacionales son Ruth Elena Quiroz Posada, Carlos Arturo Sandoval y Mar\u00eda Eugenia Villa Sep\u00falveda, de la U. de Antioquia; Juan Carlos Yepes Ocampo, de la U. de Caldas; Martha Cecilia Gutierrez G., de la U. Tecnol\u00f3gica de Pereira, y Liliana Mej\u00eda Botero, de la U. Aut\u00f3noma de Manizales.<\/p>\n<p>&nbsp;<\/p>\n<p>\u201cEsperamos fortalecer la Red para empezar a movilizarnos a nivel nacional e internacional. Es primera vez que la U. de Caldas es sede del encuentro y el objetivo es sustentar los desarrollos investigativos que hay en la l\u00ednea de did\u00e1ctica de las ciencias sociales\u201d, inform\u00f3 Roc\u00edo del Pilar Posada L\u00f3pez, coordinadora del encuentro y profesora de la Licenciatura en Ciencias Sociales de la Instituci\u00f3n.<\/p>\n<p>&nbsp;<\/p>\n<p>Lo organizan la <b>Universidad de Caldas<\/b>, <b>Universidad de Antioquia<\/b>, <b>Universidad Aut\u00f3noma de Manizales<\/b> y la <b>Universidad Tecnol\u00f3gica de Pereira<\/b>.<\/p>\n<p>&nbsp;<\/p>\n<p>Conozca el <b><a href=\"http:\/\/www.facebook.com\/media\/set\/?set=a.219522231442983.54031.107054166023124\" target=\"_blank\">\u00e1lbum en Facebook<\/a><\/b><\/p>\n<p>&nbsp;<\/p>\n<p>Informes: tel\u00e9fono 878 15 13, celular 313 718 2680 y correo <a href=\"mailto:didactica.sociales@ucaldas.edu.co\" target=\"_blank\">didactica.sociales@ucaldas.edu.co<\/a><\/p>\n<p><b>\u00a0<\/b><\/p>\n","protected":false},"excerpt":{"rendered":"<p>Expertos compartir\u00e1n experiencias investigativas, avances y tendencias en esta \u00e1rea &nbsp; 28\/09\/2011 \u00a0 La Universidad de Caldas es la sede del II Encuentro Nacional de la Red Colombiana de Grupos de Investigaci\u00f3n en Did\u00e1ctica de las Ciencias Sociales, que se realiza del 28 al 30 de septiembre del 2011. 150 personas participan en el evento, [&hellip;]<\/p>\n","protected":false},"author":2,"featured_media":0,"comment_status":"closed","ping_status":"closed","sticky":false,"template":"","format":"standard","meta":{"footnotes":""},"categories":[48,53],"tags":[],"class_list":["post-9339","post","type-post","status-publish","format-standard","hentry","category-actualidad","category-universidad-al-dia"],"yoast_head":"<!-- This site is optimized with the Yoast SEO plugin v27.5 - https:\/\/yoast.com\/product\/yoast-seo-wordpress\/ -->\n<title>Encuentro nacional sobre ciencias sociales tiene como sede la U. de Caldas .<\/title>\n<meta name=\"robots\" content=\"index, follow, max-snippet:-1, max-image-preview:large, max-video-preview:-1\" \/>\n<link rel=\"canonical\" href=\"https:\/\/www.ucaldas.edu.co\/portal\/encuentro-nacional-sobre-ciencias-sociales-tiene-como-sede-la-u-de-caldas\/\" \/>\n<script type=\"application\/ld+json\" class=\"yoast-schema-graph\">{\"@context\":\"https:\\\/\\\/schema.org\",\"@graph\":[{\"@type\":\"Article\",\"@id\":\"https:\\\/\\\/www.ucaldas.edu.co\\\/portal\\\/encuentro-nacional-sobre-ciencias-sociales-tiene-como-sede-la-u-de-caldas\\\/#article\",\"isPartOf\":{\"@id\":\"https:\\\/\\\/www.ucaldas.edu.co\\\/portal\\\/encuentro-nacional-sobre-ciencias-sociales-tiene-como-sede-la-u-de-caldas\\\/\"},\"author\":{\"name\":\"ofiprensa\",\"@id\":\"https:\\\/\\\/www.ucaldas.edu.co\\\/portal\\\/#\\\/schema\\\/person\\\/a1b482e23449158b4bc319926c074fdf\"},\"headline\":\"Encuentro nacional sobre ciencias sociales tiene como sede la U. de Caldas\",\"datePublished\":\"2011-09-28T19:58:06+00:00\",\"mainEntityOfPage\":{\"@id\":\"https:\\\/\\\/www.ucaldas.edu.co\\\/portal\\\/encuentro-nacional-sobre-ciencias-sociales-tiene-como-sede-la-u-de-caldas\\\/\"},\"wordCount\":322,\"publisher\":{\"@id\":\"https:\\\/\\\/www.ucaldas.edu.co\\\/portal\\\/#organization\"},\"image\":{\"@id\":\"https:\\\/\\\/www.ucaldas.edu.co\\\/portal\\\/encuentro-nacional-sobre-ciencias-sociales-tiene-como-sede-la-u-de-caldas\\\/#primaryimage\"},\"thumbnailUrl\":\"http:\\\/\\\/www.ucaldas.edu.co\\\/images\\\/tmp\\\/encuentro_ciencias_sociales.jpg\",\"articleSection\":[\"Actualidad\",\"Universidad al D\u00eda\"],\"inLanguage\":\"es\"},{\"@type\":\"WebPage\",\"@id\":\"https:\\\/\\\/www.ucaldas.edu.co\\\/portal\\\/encuentro-nacional-sobre-ciencias-sociales-tiene-como-sede-la-u-de-caldas\\\/\",\"url\":\"https:\\\/\\\/www.ucaldas.edu.co\\\/portal\\\/encuentro-nacional-sobre-ciencias-sociales-tiene-como-sede-la-u-de-caldas\\\/\",\"name\":\"Encuentro nacional sobre ciencias sociales tiene como sede la U. de Caldas .\",\"isPartOf\":{\"@id\":\"https:\\\/\\\/www.ucaldas.edu.co\\\/portal\\\/#website\"},\"primaryImageOfPage\":{\"@id\":\"https:\\\/\\\/www.ucaldas.edu.co\\\/portal\\\/encuentro-nacional-sobre-ciencias-sociales-tiene-como-sede-la-u-de-caldas\\\/#primaryimage\"},\"image\":{\"@id\":\"https:\\\/\\\/www.ucaldas.edu.co\\\/portal\\\/encuentro-nacional-sobre-ciencias-sociales-tiene-como-sede-la-u-de-caldas\\\/#primaryimage\"},\"thumbnailUrl\":\"http:\\\/\\\/www.ucaldas.edu.co\\\/images\\\/tmp\\\/encuentro_ciencias_sociales.jpg\",\"datePublished\":\"2011-09-28T19:58:06+00:00\",\"breadcrumb\":{\"@id\":\"https:\\\/\\\/www.ucaldas.edu.co\\\/portal\\\/encuentro-nacional-sobre-ciencias-sociales-tiene-como-sede-la-u-de-caldas\\\/#breadcrumb\"},\"inLanguage\":\"es\",\"potentialAction\":[{\"@type\":\"ReadAction\",\"target\":[\"https:\\\/\\\/www.ucaldas.edu.co\\\/portal\\\/encuentro-nacional-sobre-ciencias-sociales-tiene-como-sede-la-u-de-caldas\\\/\"]}]},{\"@type\":\"ImageObject\",\"inLanguage\":\"es\",\"@id\":\"https:\\\/\\\/www.ucaldas.edu.co\\\/portal\\\/encuentro-nacional-sobre-ciencias-sociales-tiene-como-sede-la-u-de-caldas\\\/#primaryimage\",\"url\":\"http:\\\/\\\/www.ucaldas.edu.co\\\/images\\\/tmp\\\/encuentro_ciencias_sociales.jpg\",\"contentUrl\":\"http:\\\/\\\/www.ucaldas.edu.co\\\/images\\\/tmp\\\/encuentro_ciencias_sociales.jpg\"},{\"@type\":\"BreadcrumbList\",\"@id\":\"https:\\\/\\\/www.ucaldas.edu.co\\\/portal\\\/encuentro-nacional-sobre-ciencias-sociales-tiene-como-sede-la-u-de-caldas\\\/#breadcrumb\",\"itemListElement\":[{\"@type\":\"ListItem\",\"position\":1,\"name\":\"Portada\",\"item\":\"https:\\\/\\\/www.ucaldas.edu.co\\\/portal\\\/\"},{\"@type\":\"ListItem\",\"position\":2,\"name\":\"Encuentro nacional sobre ciencias sociales tiene como sede la U. de Caldas\"}]},{\"@type\":\"WebSite\",\"@id\":\"https:\\\/\\\/www.ucaldas.edu.co\\\/portal\\\/#website\",\"url\":\"https:\\\/\\\/www.ucaldas.edu.co\\\/portal\\\/\",\"name\":\"Universidad de Caldas\",\"description\":\"\",\"publisher\":{\"@id\":\"https:\\\/\\\/www.ucaldas.edu.co\\\/portal\\\/#organization\"},\"alternateName\":\"U. de Caldas\",\"potentialAction\":[{\"@type\":\"SearchAction\",\"target\":{\"@type\":\"EntryPoint\",\"urlTemplate\":\"https:\\\/\\\/www.ucaldas.edu.co\\\/portal\\\/?s={search_term_string}\"},\"query-input\":{\"@type\":\"PropertyValueSpecification\",\"valueRequired\":true,\"valueName\":\"search_term_string\"}}],\"inLanguage\":\"es\"},{\"@type\":\"Organization\",\"@id\":\"https:\\\/\\\/www.ucaldas.edu.co\\\/portal\\\/#organization\",\"name\":\"Universidad de Caldas\",\"alternateName\":\"U. de Caldas\",\"url\":\"https:\\\/\\\/www.ucaldas.edu.co\\\/portal\\\/\",\"logo\":{\"@type\":\"ImageObject\",\"inLanguage\":\"es\",\"@id\":\"https:\\\/\\\/www.ucaldas.edu.co\\\/portal\\\/#\\\/schema\\\/logo\\\/image\\\/\",\"url\":\"https:\\\/\\\/www.ucaldas.edu.co\\\/portal\\\/wp-content\\\/uploads\\\/2023\\\/11\\\/Logo_horizontal_oscuroU-2023.png\",\"contentUrl\":\"https:\\\/\\\/www.ucaldas.edu.co\\\/portal\\\/wp-content\\\/uploads\\\/2023\\\/11\\\/Logo_horizontal_oscuroU-2023.png\",\"width\":263,\"height\":101,\"caption\":\"Universidad de Caldas\"},\"image\":{\"@id\":\"https:\\\/\\\/www.ucaldas.edu.co\\\/portal\\\/#\\\/schema\\\/logo\\\/image\\\/\"},\"sameAs\":[\"https:\\\/\\\/www.facebook.com\\\/udecaldas\",\"https:\\\/\\\/x.com\\\/udecaldas\",\"https:\\\/\\\/www.youtube.com\\\/universidadcaldas\",\"https:\\\/\\\/www.instagram.com\\\/udecaldas\\\/\"]},{\"@type\":\"Person\",\"@id\":\"https:\\\/\\\/www.ucaldas.edu.co\\\/portal\\\/#\\\/schema\\\/person\\\/a1b482e23449158b4bc319926c074fdf\",\"name\":\"ofiprensa\",\"image\":{\"@type\":\"ImageObject\",\"inLanguage\":\"es\",\"@id\":\"https:\\\/\\\/www.ucaldas.edu.co\\\/portal\\\/wp-content\\\/litespeed\\\/avatar\\\/09ea5085e600095a7a811142c6944527.jpg?ver=1777497608\",\"url\":\"https:\\\/\\\/www.ucaldas.edu.co\\\/portal\\\/wp-content\\\/litespeed\\\/avatar\\\/09ea5085e600095a7a811142c6944527.jpg?ver=1777497608\",\"contentUrl\":\"https:\\\/\\\/www.ucaldas.edu.co\\\/portal\\\/wp-content\\\/litespeed\\\/avatar\\\/09ea5085e600095a7a811142c6944527.jpg?ver=1777497608\",\"caption\":\"ofiprensa\"},\"url\":\"https:\\\/\\\/www.ucaldas.edu.co\\\/portal\\\/author\\\/ofiprensa\\\/\"}]}<\/script>\n<!-- \/ Yoast SEO plugin. -->","yoast_head_json":{"title":"Encuentro nacional sobre ciencias sociales tiene como sede la U. de Caldas .","robots":{"index":"index","follow":"follow","max-snippet":"max-snippet:-1","max-image-preview":"max-image-preview:large","max-video-preview":"max-video-preview:-1"},"canonical":"https:\/\/www.ucaldas.edu.co\/portal\/encuentro-nacional-sobre-ciencias-sociales-tiene-como-sede-la-u-de-caldas\/","schema":{"@context":"https:\/\/schema.org","@graph":[{"@type":"Article","@id":"https:\/\/www.ucaldas.edu.co\/portal\/encuentro-nacional-sobre-ciencias-sociales-tiene-como-sede-la-u-de-caldas\/#article","isPartOf":{"@id":"https:\/\/www.ucaldas.edu.co\/portal\/encuentro-nacional-sobre-ciencias-sociales-tiene-como-sede-la-u-de-caldas\/"},"author":{"name":"ofiprensa","@id":"https:\/\/www.ucaldas.edu.co\/portal\/#\/schema\/person\/a1b482e23449158b4bc319926c074fdf"},"headline":"Encuentro nacional sobre ciencias sociales tiene como sede la U. de Caldas","datePublished":"2011-09-28T19:58:06+00:00","mainEntityOfPage":{"@id":"https:\/\/www.ucaldas.edu.co\/portal\/encuentro-nacional-sobre-ciencias-sociales-tiene-como-sede-la-u-de-caldas\/"},"wordCount":322,"publisher":{"@id":"https:\/\/www.ucaldas.edu.co\/portal\/#organization"},"image":{"@id":"https:\/\/www.ucaldas.edu.co\/portal\/encuentro-nacional-sobre-ciencias-sociales-tiene-como-sede-la-u-de-caldas\/#primaryimage"},"thumbnailUrl":"http:\/\/www.ucaldas.edu.co\/images\/tmp\/encuentro_ciencias_sociales.jpg","articleSection":["Actualidad","Universidad al D\u00eda"],"inLanguage":"es"},{"@type":"WebPage","@id":"https:\/\/www.ucaldas.edu.co\/portal\/encuentro-nacional-sobre-ciencias-sociales-tiene-como-sede-la-u-de-caldas\/","url":"https:\/\/www.ucaldas.edu.co\/portal\/encuentro-nacional-sobre-ciencias-sociales-tiene-como-sede-la-u-de-caldas\/","name":"Encuentro nacional sobre ciencias sociales tiene como sede la U. de Caldas .","isPartOf":{"@id":"https:\/\/www.ucaldas.edu.co\/portal\/#website"},"primaryImageOfPage":{"@id":"https:\/\/www.ucaldas.edu.co\/portal\/encuentro-nacional-sobre-ciencias-sociales-tiene-como-sede-la-u-de-caldas\/#primaryimage"},"image":{"@id":"https:\/\/www.ucaldas.edu.co\/portal\/encuentro-nacional-sobre-ciencias-sociales-tiene-como-sede-la-u-de-caldas\/#primaryimage"},"thumbnailUrl":"http:\/\/www.ucaldas.edu.co\/images\/tmp\/encuentro_ciencias_sociales.jpg","datePublished":"2011-09-28T19:58:06+00:00","breadcrumb":{"@id":"https:\/\/www.ucaldas.edu.co\/portal\/encuentro-nacional-sobre-ciencias-sociales-tiene-como-sede-la-u-de-caldas\/#breadcrumb"},"inLanguage":"es","potentialAction":[{"@type":"ReadAction","target":["https:\/\/www.ucaldas.edu.co\/portal\/encuentro-nacional-sobre-ciencias-sociales-tiene-como-sede-la-u-de-caldas\/"]}]},{"@type":"ImageObject","inLanguage":"es","@id":"https:\/\/www.ucaldas.edu.co\/portal\/encuentro-nacional-sobre-ciencias-sociales-tiene-como-sede-la-u-de-caldas\/#primaryimage","url":"http:\/\/www.ucaldas.edu.co\/images\/tmp\/encuentro_ciencias_sociales.jpg","contentUrl":"http:\/\/www.ucaldas.edu.co\/images\/tmp\/encuentro_ciencias_sociales.jpg"},{"@type":"BreadcrumbList","@id":"https:\/\/www.ucaldas.edu.co\/portal\/encuentro-nacional-sobre-ciencias-sociales-tiene-como-sede-la-u-de-caldas\/#breadcrumb","itemListElement":[{"@type":"ListItem","position":1,"name":"Portada","item":"https:\/\/www.ucaldas.edu.co\/portal\/"},{"@type":"ListItem","position":2,"name":"Encuentro nacional sobre ciencias sociales tiene como sede la U. de Caldas"}]},{"@type":"WebSite","@id":"https:\/\/www.ucaldas.edu.co\/portal\/#website","url":"https:\/\/www.ucaldas.edu.co\/portal\/","name":"Universidad de Caldas","description":"","publisher":{"@id":"https:\/\/www.ucaldas.edu.co\/portal\/#organization"},"alternateName":"U. de Caldas","potentialAction":[{"@type":"SearchAction","target":{"@type":"EntryPoint","urlTemplate":"https:\/\/www.ucaldas.edu.co\/portal\/?s={search_term_string}"},"query-input":{"@type":"PropertyValueSpecification","valueRequired":true,"valueName":"search_term_string"}}],"inLanguage":"es"},{"@type":"Organization","@id":"https:\/\/www.ucaldas.edu.co\/portal\/#organization","name":"Universidad de Caldas","alternateName":"U. de Caldas","url":"https:\/\/www.ucaldas.edu.co\/portal\/","logo":{"@type":"ImageObject","inLanguage":"es","@id":"https:\/\/www.ucaldas.edu.co\/portal\/#\/schema\/logo\/image\/","url":"https:\/\/www.ucaldas.edu.co\/portal\/wp-content\/uploads\/2023\/11\/Logo_horizontal_oscuroU-2023.png","contentUrl":"https:\/\/www.ucaldas.edu.co\/portal\/wp-content\/uploads\/2023\/11\/Logo_horizontal_oscuroU-2023.png","width":263,"height":101,"caption":"Universidad de Caldas"},"image":{"@id":"https:\/\/www.ucaldas.edu.co\/portal\/#\/schema\/logo\/image\/"},"sameAs":["https:\/\/www.facebook.com\/udecaldas","https:\/\/x.com\/udecaldas","https:\/\/www.youtube.com\/universidadcaldas","https:\/\/www.instagram.com\/udecaldas\/"]},{"@type":"Person","@id":"https:\/\/www.ucaldas.edu.co\/portal\/#\/schema\/person\/a1b482e23449158b4bc319926c074fdf","name":"ofiprensa","image":{"@type":"ImageObject","inLanguage":"es","@id":"https:\/\/www.ucaldas.edu.co\/portal\/wp-content\/litespeed\/avatar\/09ea5085e600095a7a811142c6944527.jpg?ver=1777497608","url":"https:\/\/www.ucaldas.edu.co\/portal\/wp-content\/litespeed\/avatar\/09ea5085e600095a7a811142c6944527.jpg?ver=1777497608","contentUrl":"https:\/\/www.ucaldas.edu.co\/portal\/wp-content\/litespeed\/avatar\/09ea5085e600095a7a811142c6944527.jpg?ver=1777497608","caption":"ofiprensa"},"url":"https:\/\/www.ucaldas.edu.co\/portal\/author\/ofiprensa\/"}]}},"_links":{"self":[{"href":"https:\/\/www.ucaldas.edu.co\/portal\/wp-json\/wp\/v2\/posts\/9339","targetHints":{"allow":["GET"]}}],"collection":[{"href":"https:\/\/www.ucaldas.edu.co\/portal\/wp-json\/wp\/v2\/posts"}],"about":[{"href":"https:\/\/www.ucaldas.edu.co\/portal\/wp-json\/wp\/v2\/types\/post"}],"author":[{"embeddable":true,"href":"https:\/\/www.ucaldas.edu.co\/portal\/wp-json\/wp\/v2\/users\/2"}],"replies":[{"embeddable":true,"href":"https:\/\/www.ucaldas.edu.co\/portal\/wp-json\/wp\/v2\/comments?post=9339"}],"version-history":[{"count":0,"href":"https:\/\/www.ucaldas.edu.co\/portal\/wp-json\/wp\/v2\/posts\/9339\/revisions"}],"wp:attachment":[{"href":"https:\/\/www.ucaldas.edu.co\/portal\/wp-json\/wp\/v2\/media?parent=9339"}],"wp:term":[{"taxonomy":"category","embeddable":true,"href":"https:\/\/www.ucaldas.edu.co\/portal\/wp-json\/wp\/v2\/categories?post=9339"},{"taxonomy":"post_tag","embeddable":true,"href":"https:\/\/www.ucaldas.edu.co\/portal\/wp-json\/wp\/v2\/tags?post=9339"}],"curies":[{"name":"wp","href":"https:\/\/api.w.org\/{rel}","templated":true}]}}