{"id":9337,"date":"2011-09-28T14:57:24","date_gmt":"2011-09-28T19:57:24","guid":{"rendered":"https:\/\/www.ucaldas.edu.co\/portal\/?p=9337"},"modified":"2011-09-28T14:57:24","modified_gmt":"2011-09-28T19:57:24","slug":"sector-ganadero-de-caldas-analizo-futuro-del-gremio-en-colombia","status":"publish","type":"post","link":"https:\/\/www.ucaldas.edu.co\/portal\/sector-ganadero-de-caldas-analizo-futuro-del-gremio-en-colombia\/","title":{"rendered":"Sector ganadero de Caldas analiz\u00f3  futuro del gremio en Colombia"},"content":{"rendered":"<p>U. de Caldas y comit\u00e9 departamental de ganaderos de caldas organizaron encuentro<\/p>\n<hr \/>\n<p>&nbsp;<\/p>\n<p align=\"right\"><b>28\/09\/2011<\/b><\/p>\n<p>&nbsp;<\/p>\n<table border=\"0\">\n<tbody>\n<tr>\n<td><img loading=\"lazy\" decoding=\"async\" style=\"border: 0px\" alt=\"Sector Ganadero\" src=\"http:\/\/www.ucaldas.edu.co\/images\/tmp\/sector_ganadero.jpg\" width=\"250\" height=\"150\" border=\"0\" \/><\/td>\n<td>La ganader\u00eda en Colombia puede seguir creciendo y ser de talla mundial en exportaci\u00f3n. Esta fue una de las conclusiones del <b>conversatorio El futuro de<\/b> la <b>ganader\u00eda en Colombia<\/b>, que se realiz\u00f3 <b>este mi\u00e9rcoles 28<\/b> de septiembre del 2011.<\/td>\n<\/tr>\n<\/tbody>\n<\/table>\n<p>Lo organiz\u00f3 la <b>Asociaci\u00f3n de Egresados de Veterinaria<\/b> (Asevez), la <b>Vicerrector\u00eda de Proyecci\u00f3n Universitaria<\/b> y la <b>Oficina de Egresados de la U. de Caldas,<\/b> junto con el <b>Comit\u00e9 Departamental de Ganaderos de Caldas<\/b>.<\/p>\n<p>&nbsp;<\/p>\n<p>Luis Fernando Salcedo Jaramillo, Gerente T\u00e9cnico de Fedegan, afirm\u00f3: \u201chay oportunidades y en ese sentido el sector ganadero tiene todas las capacidades y el potencial para seguir creciendo con ayuda del gobierno, a trav\u00e9s de estudios serios, para hacer de este un sector de talla mundial con grandes proyecciones en exportaci\u00f3n y generaci\u00f3n de empleo\u201d.<\/p>\n<p>&nbsp;<\/p>\n<p>\u201cEl progreso depende de nosotros. Hay que involucrar m\u00e1s a los asistentes t\u00e9cnicos como veterinarios, zootecnistas, agr\u00f3nomos, lo que amerita que la academia trabaje paralelamente con el gremio\u201d, concluy\u00f3 Salcedo Jaramillo.<\/p>\n<p>&nbsp;<\/p>\n<p>En el encuentro, \u00c1ngelo Quintero Palacios, Secretario de Competitividad de Manizales, expres\u00f3: \u201cesta es una muestra fehaciente de lo que debe ser la agricultura y la ganader\u00eda en el pa\u00eds: un sector empresarial. Debemos ser empresarios del campo y necesitamos pensar cu\u00e1nto queremos producir y c\u00f3mo queremos vernos en nuestras fincas\u201d.<\/p>\n<p>&nbsp;<\/p>\n<p>Por otra parte, Andr\u00e9s Jaramillo Bernal, Presidente del Comit\u00e9 Departamental de Ganaderos de Caldas advirti\u00f3 que: \u201cen realidad la ganader\u00eda tiene futuro. Tenemos que elaborar mucha productividad, generar nuevas empresas agropecuarias y buscar nichos en el mercado, para darle una salida digna a estos momentos de crisis\u201d.<\/p>\n<p>&nbsp;<\/p>\n<p>Adem\u00e1s, Jaramillo Bernal resalt\u00f3 que Caldas ha mejorado en las explotaciones de carne y leche.<\/p>\n<p>&nbsp;<\/p>\n<p>Conozca el <b><a href=\"http:\/\/www.facebook.com\/media\/set\/?set=a.219558904772649.54043.107054166023124\" target=\"_blank\">\u00e1lbum en Facebook<\/a><\/b><\/p>\n<p>&nbsp;<\/p>\n<p><b>Informes:<\/b> Oficina de Asevez, tel\u00e9fono 887 64 36.<\/p>\n<p><b>\u00a0<\/b><\/p>\n","protected":false},"excerpt":{"rendered":"<p>U. de Caldas y comit\u00e9 departamental de ganaderos de caldas organizaron encuentro &nbsp; 28\/09\/2011 &nbsp; La ganader\u00eda en Colombia puede seguir creciendo y ser de talla mundial en exportaci\u00f3n. Esta fue una de las conclusiones del conversatorio El futuro de la ganader\u00eda en Colombia, que se realiz\u00f3 este mi\u00e9rcoles 28 de septiembre del 2011. Lo [&hellip;]<\/p>\n","protected":false},"author":2,"featured_media":0,"comment_status":"closed","ping_status":"closed","sticky":false,"template":"","format":"standard","meta":{"footnotes":""},"categories":[48,53],"tags":[],"class_list":["post-9337","post","type-post","status-publish","format-standard","hentry","category-actualidad","category-universidad-al-dia"],"yoast_head":"<!-- This site is optimized with the Yoast SEO plugin v27.5 - https:\/\/yoast.com\/product\/yoast-seo-wordpress\/ -->\n<title>Sector ganadero de Caldas analiz\u00f3 futuro del gremio en Colombia .<\/title>\n<meta name=\"robots\" content=\"index, follow, max-snippet:-1, max-image-preview:large, max-video-preview:-1\" \/>\n<link rel=\"canonical\" href=\"https:\/\/www.ucaldas.edu.co\/portal\/sector-ganadero-de-caldas-analizo-futuro-del-gremio-en-colombia\/\" \/>\n<script type=\"application\/ld+json\" class=\"yoast-schema-graph\">{\"@context\":\"https:\\\/\\\/schema.org\",\"@graph\":[{\"@type\":\"Article\",\"@id\":\"https:\\\/\\\/www.ucaldas.edu.co\\\/portal\\\/sector-ganadero-de-caldas-analizo-futuro-del-gremio-en-colombia\\\/#article\",\"isPartOf\":{\"@id\":\"https:\\\/\\\/www.ucaldas.edu.co\\\/portal\\\/sector-ganadero-de-caldas-analizo-futuro-del-gremio-en-colombia\\\/\"},\"author\":{\"name\":\"ofiprensa\",\"@id\":\"https:\\\/\\\/www.ucaldas.edu.co\\\/portal\\\/#\\\/schema\\\/person\\\/a1b482e23449158b4bc319926c074fdf\"},\"headline\":\"Sector ganadero de Caldas analiz\u00f3 futuro del gremio en Colombia\",\"datePublished\":\"2011-09-28T19:57:24+00:00\",\"mainEntityOfPage\":{\"@id\":\"https:\\\/\\\/www.ucaldas.edu.co\\\/portal\\\/sector-ganadero-de-caldas-analizo-futuro-del-gremio-en-colombia\\\/\"},\"wordCount\":332,\"publisher\":{\"@id\":\"https:\\\/\\\/www.ucaldas.edu.co\\\/portal\\\/#organization\"},\"image\":{\"@id\":\"https:\\\/\\\/www.ucaldas.edu.co\\\/portal\\\/sector-ganadero-de-caldas-analizo-futuro-del-gremio-en-colombia\\\/#primaryimage\"},\"thumbnailUrl\":\"http:\\\/\\\/www.ucaldas.edu.co\\\/images\\\/tmp\\\/sector_ganadero.jpg\",\"articleSection\":[\"Actualidad\",\"Universidad al D\u00eda\"],\"inLanguage\":\"es\"},{\"@type\":\"WebPage\",\"@id\":\"https:\\\/\\\/www.ucaldas.edu.co\\\/portal\\\/sector-ganadero-de-caldas-analizo-futuro-del-gremio-en-colombia\\\/\",\"url\":\"https:\\\/\\\/www.ucaldas.edu.co\\\/portal\\\/sector-ganadero-de-caldas-analizo-futuro-del-gremio-en-colombia\\\/\",\"name\":\"Sector ganadero de Caldas analiz\u00f3 futuro del gremio en Colombia .\",\"isPartOf\":{\"@id\":\"https:\\\/\\\/www.ucaldas.edu.co\\\/portal\\\/#website\"},\"primaryImageOfPage\":{\"@id\":\"https:\\\/\\\/www.ucaldas.edu.co\\\/portal\\\/sector-ganadero-de-caldas-analizo-futuro-del-gremio-en-colombia\\\/#primaryimage\"},\"image\":{\"@id\":\"https:\\\/\\\/www.ucaldas.edu.co\\\/portal\\\/sector-ganadero-de-caldas-analizo-futuro-del-gremio-en-colombia\\\/#primaryimage\"},\"thumbnailUrl\":\"http:\\\/\\\/www.ucaldas.edu.co\\\/images\\\/tmp\\\/sector_ganadero.jpg\",\"datePublished\":\"2011-09-28T19:57:24+00:00\",\"breadcrumb\":{\"@id\":\"https:\\\/\\\/www.ucaldas.edu.co\\\/portal\\\/sector-ganadero-de-caldas-analizo-futuro-del-gremio-en-colombia\\\/#breadcrumb\"},\"inLanguage\":\"es\",\"potentialAction\":[{\"@type\":\"ReadAction\",\"target\":[\"https:\\\/\\\/www.ucaldas.edu.co\\\/portal\\\/sector-ganadero-de-caldas-analizo-futuro-del-gremio-en-colombia\\\/\"]}]},{\"@type\":\"ImageObject\",\"inLanguage\":\"es\",\"@id\":\"https:\\\/\\\/www.ucaldas.edu.co\\\/portal\\\/sector-ganadero-de-caldas-analizo-futuro-del-gremio-en-colombia\\\/#primaryimage\",\"url\":\"http:\\\/\\\/www.ucaldas.edu.co\\\/images\\\/tmp\\\/sector_ganadero.jpg\",\"contentUrl\":\"http:\\\/\\\/www.ucaldas.edu.co\\\/images\\\/tmp\\\/sector_ganadero.jpg\"},{\"@type\":\"BreadcrumbList\",\"@id\":\"https:\\\/\\\/www.ucaldas.edu.co\\\/portal\\\/sector-ganadero-de-caldas-analizo-futuro-del-gremio-en-colombia\\\/#breadcrumb\",\"itemListElement\":[{\"@type\":\"ListItem\",\"position\":1,\"name\":\"Portada\",\"item\":\"https:\\\/\\\/www.ucaldas.edu.co\\\/portal\\\/\"},{\"@type\":\"ListItem\",\"position\":2,\"name\":\"Sector ganadero de Caldas analiz\u00f3 futuro del gremio en Colombia\"}]},{\"@type\":\"WebSite\",\"@id\":\"https:\\\/\\\/www.ucaldas.edu.co\\\/portal\\\/#website\",\"url\":\"https:\\\/\\\/www.ucaldas.edu.co\\\/portal\\\/\",\"name\":\"Universidad de Caldas\",\"description\":\"\",\"publisher\":{\"@id\":\"https:\\\/\\\/www.ucaldas.edu.co\\\/portal\\\/#organization\"},\"alternateName\":\"U. de Caldas\",\"potentialAction\":[{\"@type\":\"SearchAction\",\"target\":{\"@type\":\"EntryPoint\",\"urlTemplate\":\"https:\\\/\\\/www.ucaldas.edu.co\\\/portal\\\/?s={search_term_string}\"},\"query-input\":{\"@type\":\"PropertyValueSpecification\",\"valueRequired\":true,\"valueName\":\"search_term_string\"}}],\"inLanguage\":\"es\"},{\"@type\":\"Organization\",\"@id\":\"https:\\\/\\\/www.ucaldas.edu.co\\\/portal\\\/#organization\",\"name\":\"Universidad de Caldas\",\"alternateName\":\"U. de Caldas\",\"url\":\"https:\\\/\\\/www.ucaldas.edu.co\\\/portal\\\/\",\"logo\":{\"@type\":\"ImageObject\",\"inLanguage\":\"es\",\"@id\":\"https:\\\/\\\/www.ucaldas.edu.co\\\/portal\\\/#\\\/schema\\\/logo\\\/image\\\/\",\"url\":\"https:\\\/\\\/www.ucaldas.edu.co\\\/portal\\\/wp-content\\\/uploads\\\/2023\\\/11\\\/Logo_horizontal_oscuroU-2023.png\",\"contentUrl\":\"https:\\\/\\\/www.ucaldas.edu.co\\\/portal\\\/wp-content\\\/uploads\\\/2023\\\/11\\\/Logo_horizontal_oscuroU-2023.png\",\"width\":263,\"height\":101,\"caption\":\"Universidad de Caldas\"},\"image\":{\"@id\":\"https:\\\/\\\/www.ucaldas.edu.co\\\/portal\\\/#\\\/schema\\\/logo\\\/image\\\/\"},\"sameAs\":[\"https:\\\/\\\/www.facebook.com\\\/udecaldas\",\"https:\\\/\\\/x.com\\\/udecaldas\",\"https:\\\/\\\/www.youtube.com\\\/universidadcaldas\",\"https:\\\/\\\/www.instagram.com\\\/udecaldas\\\/\"]},{\"@type\":\"Person\",\"@id\":\"https:\\\/\\\/www.ucaldas.edu.co\\\/portal\\\/#\\\/schema\\\/person\\\/a1b482e23449158b4bc319926c074fdf\",\"name\":\"ofiprensa\",\"image\":{\"@type\":\"ImageObject\",\"inLanguage\":\"es\",\"@id\":\"https:\\\/\\\/www.ucaldas.edu.co\\\/portal\\\/wp-content\\\/litespeed\\\/avatar\\\/09ea5085e600095a7a811142c6944527.jpg?ver=1777497608\",\"url\":\"https:\\\/\\\/www.ucaldas.edu.co\\\/portal\\\/wp-content\\\/litespeed\\\/avatar\\\/09ea5085e600095a7a811142c6944527.jpg?ver=1777497608\",\"contentUrl\":\"https:\\\/\\\/www.ucaldas.edu.co\\\/portal\\\/wp-content\\\/litespeed\\\/avatar\\\/09ea5085e600095a7a811142c6944527.jpg?ver=1777497608\",\"caption\":\"ofiprensa\"},\"url\":\"https:\\\/\\\/www.ucaldas.edu.co\\\/portal\\\/author\\\/ofiprensa\\\/\"}]}<\/script>\n<!-- \/ Yoast SEO plugin. -->","yoast_head_json":{"title":"Sector ganadero de Caldas analiz\u00f3 futuro del gremio en Colombia .","robots":{"index":"index","follow":"follow","max-snippet":"max-snippet:-1","max-image-preview":"max-image-preview:large","max-video-preview":"max-video-preview:-1"},"canonical":"https:\/\/www.ucaldas.edu.co\/portal\/sector-ganadero-de-caldas-analizo-futuro-del-gremio-en-colombia\/","schema":{"@context":"https:\/\/schema.org","@graph":[{"@type":"Article","@id":"https:\/\/www.ucaldas.edu.co\/portal\/sector-ganadero-de-caldas-analizo-futuro-del-gremio-en-colombia\/#article","isPartOf":{"@id":"https:\/\/www.ucaldas.edu.co\/portal\/sector-ganadero-de-caldas-analizo-futuro-del-gremio-en-colombia\/"},"author":{"name":"ofiprensa","@id":"https:\/\/www.ucaldas.edu.co\/portal\/#\/schema\/person\/a1b482e23449158b4bc319926c074fdf"},"headline":"Sector ganadero de Caldas analiz\u00f3 futuro del gremio en Colombia","datePublished":"2011-09-28T19:57:24+00:00","mainEntityOfPage":{"@id":"https:\/\/www.ucaldas.edu.co\/portal\/sector-ganadero-de-caldas-analizo-futuro-del-gremio-en-colombia\/"},"wordCount":332,"publisher":{"@id":"https:\/\/www.ucaldas.edu.co\/portal\/#organization"},"image":{"@id":"https:\/\/www.ucaldas.edu.co\/portal\/sector-ganadero-de-caldas-analizo-futuro-del-gremio-en-colombia\/#primaryimage"},"thumbnailUrl":"http:\/\/www.ucaldas.edu.co\/images\/tmp\/sector_ganadero.jpg","articleSection":["Actualidad","Universidad al D\u00eda"],"inLanguage":"es"},{"@type":"WebPage","@id":"https:\/\/www.ucaldas.edu.co\/portal\/sector-ganadero-de-caldas-analizo-futuro-del-gremio-en-colombia\/","url":"https:\/\/www.ucaldas.edu.co\/portal\/sector-ganadero-de-caldas-analizo-futuro-del-gremio-en-colombia\/","name":"Sector ganadero de Caldas analiz\u00f3 futuro del gremio en Colombia .","isPartOf":{"@id":"https:\/\/www.ucaldas.edu.co\/portal\/#website"},"primaryImageOfPage":{"@id":"https:\/\/www.ucaldas.edu.co\/portal\/sector-ganadero-de-caldas-analizo-futuro-del-gremio-en-colombia\/#primaryimage"},"image":{"@id":"https:\/\/www.ucaldas.edu.co\/portal\/sector-ganadero-de-caldas-analizo-futuro-del-gremio-en-colombia\/#primaryimage"},"thumbnailUrl":"http:\/\/www.ucaldas.edu.co\/images\/tmp\/sector_ganadero.jpg","datePublished":"2011-09-28T19:57:24+00:00","breadcrumb":{"@id":"https:\/\/www.ucaldas.edu.co\/portal\/sector-ganadero-de-caldas-analizo-futuro-del-gremio-en-colombia\/#breadcrumb"},"inLanguage":"es","potentialAction":[{"@type":"ReadAction","target":["https:\/\/www.ucaldas.edu.co\/portal\/sector-ganadero-de-caldas-analizo-futuro-del-gremio-en-colombia\/"]}]},{"@type":"ImageObject","inLanguage":"es","@id":"https:\/\/www.ucaldas.edu.co\/portal\/sector-ganadero-de-caldas-analizo-futuro-del-gremio-en-colombia\/#primaryimage","url":"http:\/\/www.ucaldas.edu.co\/images\/tmp\/sector_ganadero.jpg","contentUrl":"http:\/\/www.ucaldas.edu.co\/images\/tmp\/sector_ganadero.jpg"},{"@type":"BreadcrumbList","@id":"https:\/\/www.ucaldas.edu.co\/portal\/sector-ganadero-de-caldas-analizo-futuro-del-gremio-en-colombia\/#breadcrumb","itemListElement":[{"@type":"ListItem","position":1,"name":"Portada","item":"https:\/\/www.ucaldas.edu.co\/portal\/"},{"@type":"ListItem","position":2,"name":"Sector ganadero de Caldas analiz\u00f3 futuro del gremio en Colombia"}]},{"@type":"WebSite","@id":"https:\/\/www.ucaldas.edu.co\/portal\/#website","url":"https:\/\/www.ucaldas.edu.co\/portal\/","name":"Universidad de Caldas","description":"","publisher":{"@id":"https:\/\/www.ucaldas.edu.co\/portal\/#organization"},"alternateName":"U. de Caldas","potentialAction":[{"@type":"SearchAction","target":{"@type":"EntryPoint","urlTemplate":"https:\/\/www.ucaldas.edu.co\/portal\/?s={search_term_string}"},"query-input":{"@type":"PropertyValueSpecification","valueRequired":true,"valueName":"search_term_string"}}],"inLanguage":"es"},{"@type":"Organization","@id":"https:\/\/www.ucaldas.edu.co\/portal\/#organization","name":"Universidad de Caldas","alternateName":"U. de Caldas","url":"https:\/\/www.ucaldas.edu.co\/portal\/","logo":{"@type":"ImageObject","inLanguage":"es","@id":"https:\/\/www.ucaldas.edu.co\/portal\/#\/schema\/logo\/image\/","url":"https:\/\/www.ucaldas.edu.co\/portal\/wp-content\/uploads\/2023\/11\/Logo_horizontal_oscuroU-2023.png","contentUrl":"https:\/\/www.ucaldas.edu.co\/portal\/wp-content\/uploads\/2023\/11\/Logo_horizontal_oscuroU-2023.png","width":263,"height":101,"caption":"Universidad de Caldas"},"image":{"@id":"https:\/\/www.ucaldas.edu.co\/portal\/#\/schema\/logo\/image\/"},"sameAs":["https:\/\/www.facebook.com\/udecaldas","https:\/\/x.com\/udecaldas","https:\/\/www.youtube.com\/universidadcaldas","https:\/\/www.instagram.com\/udecaldas\/"]},{"@type":"Person","@id":"https:\/\/www.ucaldas.edu.co\/portal\/#\/schema\/person\/a1b482e23449158b4bc319926c074fdf","name":"ofiprensa","image":{"@type":"ImageObject","inLanguage":"es","@id":"https:\/\/www.ucaldas.edu.co\/portal\/wp-content\/litespeed\/avatar\/09ea5085e600095a7a811142c6944527.jpg?ver=1777497608","url":"https:\/\/www.ucaldas.edu.co\/portal\/wp-content\/litespeed\/avatar\/09ea5085e600095a7a811142c6944527.jpg?ver=1777497608","contentUrl":"https:\/\/www.ucaldas.edu.co\/portal\/wp-content\/litespeed\/avatar\/09ea5085e600095a7a811142c6944527.jpg?ver=1777497608","caption":"ofiprensa"},"url":"https:\/\/www.ucaldas.edu.co\/portal\/author\/ofiprensa\/"}]}},"_links":{"self":[{"href":"https:\/\/www.ucaldas.edu.co\/portal\/wp-json\/wp\/v2\/posts\/9337","targetHints":{"allow":["GET"]}}],"collection":[{"href":"https:\/\/www.ucaldas.edu.co\/portal\/wp-json\/wp\/v2\/posts"}],"about":[{"href":"https:\/\/www.ucaldas.edu.co\/portal\/wp-json\/wp\/v2\/types\/post"}],"author":[{"embeddable":true,"href":"https:\/\/www.ucaldas.edu.co\/portal\/wp-json\/wp\/v2\/users\/2"}],"replies":[{"embeddable":true,"href":"https:\/\/www.ucaldas.edu.co\/portal\/wp-json\/wp\/v2\/comments?post=9337"}],"version-history":[{"count":0,"href":"https:\/\/www.ucaldas.edu.co\/portal\/wp-json\/wp\/v2\/posts\/9337\/revisions"}],"wp:attachment":[{"href":"https:\/\/www.ucaldas.edu.co\/portal\/wp-json\/wp\/v2\/media?parent=9337"}],"wp:term":[{"taxonomy":"category","embeddable":true,"href":"https:\/\/www.ucaldas.edu.co\/portal\/wp-json\/wp\/v2\/categories?post=9337"},{"taxonomy":"post_tag","embeddable":true,"href":"https:\/\/www.ucaldas.edu.co\/portal\/wp-json\/wp\/v2\/tags?post=9337"}],"curies":[{"name":"wp","href":"https:\/\/api.w.org\/{rel}","templated":true}]}}