{"id":9299,"date":"2011-09-23T14:37:55","date_gmt":"2011-09-23T19:37:55","guid":{"rendered":"https:\/\/www.ucaldas.edu.co\/portal\/?p=9299"},"modified":"2011-09-23T14:37:55","modified_gmt":"2011-09-23T19:37:55","slug":"seis-paises-llegan-a-escena-en-el-festival-de-teatro-universitario","status":"publish","type":"post","link":"https:\/\/www.ucaldas.edu.co\/portal\/seis-paises-llegan-a-escena-en-el-festival-de-teatro-universitario\/","title":{"rendered":"Seis pa\u00edses llegan a escena en el Festival de Teatro Universitario"},"content":{"rendered":"<p>La octava versi\u00f3n del encuentro abrir\u00e1 el tel\u00f3n este 3 de octubre<\/p>\n<hr \/>\n<p><b>\u00a0<\/b><\/p>\n<p align=\"right\"><b>23\/09\/2011<\/b><\/p>\n<p align=\"right\">\n<table border=\"0\">\n<tbody>\n<tr>\n<td><img loading=\"lazy\" decoding=\"async\" style=\"border: 0px\" alt=\"Festival Teatro\" src=\"http:\/\/www.ucaldas.edu.co\/images\/tmp\/festival_internaciona_teatro.jpg\" width=\"240\" height=\"150\" border=\"0\" \/><\/td>\n<td><b>Canad\u00e1, Egipto, Alemania, B\u00e9lgica y M\u00e9xico<\/b>, adem\u00e1s de <b>Colombia<\/b>, son los <b>pa\u00edses invitados<\/b> al <b>VIII Festival Internacional de Teatro Universitario, de la Universidad de Caldas<\/b>.<br \/>\nEl certamen busca dar a conocer los progresos acad\u00e9micos en Artes Esc\u00e9nicas en Colombia y el mundo. Se realizar\u00e1 <b>del 3 al 7 de octubre<\/b> del 2011, en Manizales.<\/td>\n<\/tr>\n<\/tbody>\n<\/table>\n<p>Ocho d\u00edas antes del Festival, es decir, <b>del 29 de septiembre al 3 de octubre<\/b>, se realizar\u00e1n las <b>II Residencias en Dramaturgia<\/b>, en las que<b> 15 personas<\/b> seleccionadas dentro de talleres de escritura dramat\u00fargica <b>se dedicar\u00e1n<\/b> por 5 d\u00edas <b>a desarrollar<\/b> una <b>pieza corta<\/b> para teatro.<\/p>\n<p>&nbsp;<\/p>\n<p>Apenas culminen las Residencias, comenzar\u00e1 el <b>IV Encuentro de Investigadores en Artes Esc\u00e9nicas, <\/b>en el que se hablar\u00e1 de diferentes trabajos acad\u00e9micos que se han realizado sobre teatro. Ser\u00e1 <b>hasta el<\/b> <b>8 de octubre<\/b> en la <b>Sala Carlos N\u00e1der N\u00e1der<\/b>, de la Sede Central de la U. de Caldas.<\/p>\n<p>&nbsp;<\/p>\n<p>En el Festival tambi\u00e9n <b>se realizar\u00e1<\/b> el <b>I Encuentro de Semilleros de Investigaci\u00f3n en Artes Esc\u00e9nicas<\/b>, el 7 y 8 de octubre.<\/p>\n<p>&nbsp;<\/p>\n<p>El <b>VIII Festival Internacional de Teatro Universitario U. de Caldas,<\/b> lo organizan la Vicerrector\u00eda de Proyecci\u00f3n Universitaria, Facultad de Artes y Humanidades, Departamento de Artes Esc\u00e9nicas y el \u00c1rea de Extensi\u00f3n Cultural de la U. de Caldas, adem\u00e1s del Ministerio de Cultura, Confamiliares y Teatro Punto de Partida.<\/p>\n<p>&nbsp;<\/p>\n<p><b>Progr\u00e1mese:<\/b> el pr\u00f3ximo <b>martes 27 de septiembre<\/b> del 2011 se realizar\u00e1 un <b>desayuno de prensa<\/b> para presentar los <b>detalles<\/b> del <b>VIII Festival Internacional de Teatro Universitario U. de Caldas<\/b>.<\/p>\n<p>&nbsp;<\/p>\n<p><b>Recuerde<\/b>: en la versi\u00f3n 2010 del Festival Internacional de Teatro Universitario participaron agrupaciones de Chile, Argentina y M\u00e9xico (lea informaci\u00f3n del a\u00f1o pasado <a href=\"http:\/\/desarrollo.ucaldas.edu.co\/archivo\/index.php?option=com_content&amp;view=article&amp;catid=419%3Auniversidad-al-dia&amp;id=3952%3Avii-festival-universitario-de-teatro-de-la-u-de-caldas&amp;Itemid=1039\" target=\"_blank\">aqu\u00ed<\/a>).<\/p>\n<p>&nbsp;<\/p>\n<p><b>Informes:<\/b> con Mar\u00eda Jos\u00e9 Hern\u00e1ndez, L\u00edder de Prensa del Festival Universitario de Teatro de la Universidad de Caldas, en el celular 311 773 4429. Tambi\u00e9n en la Oficina de Prensa de la U. de Caldas, tel\u00e9fono 878 15 00 extensi\u00f3n 12 167.<\/p>\n<p><b>\u00a0<\/b><\/p>\n","protected":false},"excerpt":{"rendered":"<p>La octava versi\u00f3n del encuentro abrir\u00e1 el tel\u00f3n este 3 de octubre \u00a0 23\/09\/2011 Canad\u00e1, Egipto, Alemania, B\u00e9lgica y M\u00e9xico, adem\u00e1s de Colombia, son los pa\u00edses invitados al VIII Festival Internacional de Teatro Universitario, de la Universidad de Caldas. El certamen busca dar a conocer los progresos acad\u00e9micos en Artes Esc\u00e9nicas en Colombia y el [&hellip;]<\/p>\n","protected":false},"author":2,"featured_media":0,"comment_status":"closed","ping_status":"closed","sticky":false,"template":"","format":"standard","meta":{"footnotes":""},"categories":[48,53],"tags":[],"class_list":["post-9299","post","type-post","status-publish","format-standard","hentry","category-actualidad","category-universidad-al-dia"],"yoast_head":"<!-- This site is optimized with the Yoast SEO plugin v27.5 - https:\/\/yoast.com\/product\/yoast-seo-wordpress\/ -->\n<title>Seis pa\u00edses llegan a escena en el Festival de Teatro Universitario .<\/title>\n<meta name=\"robots\" content=\"index, follow, max-snippet:-1, max-image-preview:large, max-video-preview:-1\" \/>\n<link rel=\"canonical\" href=\"https:\/\/www.ucaldas.edu.co\/portal\/seis-paises-llegan-a-escena-en-el-festival-de-teatro-universitario\/\" \/>\n<script type=\"application\/ld+json\" class=\"yoast-schema-graph\">{\"@context\":\"https:\\\/\\\/schema.org\",\"@graph\":[{\"@type\":\"Article\",\"@id\":\"https:\\\/\\\/www.ucaldas.edu.co\\\/portal\\\/seis-paises-llegan-a-escena-en-el-festival-de-teatro-universitario\\\/#article\",\"isPartOf\":{\"@id\":\"https:\\\/\\\/www.ucaldas.edu.co\\\/portal\\\/seis-paises-llegan-a-escena-en-el-festival-de-teatro-universitario\\\/\"},\"author\":{\"name\":\"ofiprensa\",\"@id\":\"https:\\\/\\\/www.ucaldas.edu.co\\\/portal\\\/#\\\/schema\\\/person\\\/a1b482e23449158b4bc319926c074fdf\"},\"headline\":\"Seis pa\u00edses llegan a escena en el Festival de Teatro Universitario\",\"datePublished\":\"2011-09-23T19:37:55+00:00\",\"mainEntityOfPage\":{\"@id\":\"https:\\\/\\\/www.ucaldas.edu.co\\\/portal\\\/seis-paises-llegan-a-escena-en-el-festival-de-teatro-universitario\\\/\"},\"wordCount\":359,\"publisher\":{\"@id\":\"https:\\\/\\\/www.ucaldas.edu.co\\\/portal\\\/#organization\"},\"image\":{\"@id\":\"https:\\\/\\\/www.ucaldas.edu.co\\\/portal\\\/seis-paises-llegan-a-escena-en-el-festival-de-teatro-universitario\\\/#primaryimage\"},\"thumbnailUrl\":\"http:\\\/\\\/www.ucaldas.edu.co\\\/images\\\/tmp\\\/festival_internaciona_teatro.jpg\",\"articleSection\":[\"Actualidad\",\"Universidad al D\u00eda\"],\"inLanguage\":\"es\"},{\"@type\":\"WebPage\",\"@id\":\"https:\\\/\\\/www.ucaldas.edu.co\\\/portal\\\/seis-paises-llegan-a-escena-en-el-festival-de-teatro-universitario\\\/\",\"url\":\"https:\\\/\\\/www.ucaldas.edu.co\\\/portal\\\/seis-paises-llegan-a-escena-en-el-festival-de-teatro-universitario\\\/\",\"name\":\"Seis pa\u00edses llegan a escena en el Festival de Teatro Universitario .\",\"isPartOf\":{\"@id\":\"https:\\\/\\\/www.ucaldas.edu.co\\\/portal\\\/#website\"},\"primaryImageOfPage\":{\"@id\":\"https:\\\/\\\/www.ucaldas.edu.co\\\/portal\\\/seis-paises-llegan-a-escena-en-el-festival-de-teatro-universitario\\\/#primaryimage\"},\"image\":{\"@id\":\"https:\\\/\\\/www.ucaldas.edu.co\\\/portal\\\/seis-paises-llegan-a-escena-en-el-festival-de-teatro-universitario\\\/#primaryimage\"},\"thumbnailUrl\":\"http:\\\/\\\/www.ucaldas.edu.co\\\/images\\\/tmp\\\/festival_internaciona_teatro.jpg\",\"datePublished\":\"2011-09-23T19:37:55+00:00\",\"breadcrumb\":{\"@id\":\"https:\\\/\\\/www.ucaldas.edu.co\\\/portal\\\/seis-paises-llegan-a-escena-en-el-festival-de-teatro-universitario\\\/#breadcrumb\"},\"inLanguage\":\"es\",\"potentialAction\":[{\"@type\":\"ReadAction\",\"target\":[\"https:\\\/\\\/www.ucaldas.edu.co\\\/portal\\\/seis-paises-llegan-a-escena-en-el-festival-de-teatro-universitario\\\/\"]}]},{\"@type\":\"ImageObject\",\"inLanguage\":\"es\",\"@id\":\"https:\\\/\\\/www.ucaldas.edu.co\\\/portal\\\/seis-paises-llegan-a-escena-en-el-festival-de-teatro-universitario\\\/#primaryimage\",\"url\":\"http:\\\/\\\/www.ucaldas.edu.co\\\/images\\\/tmp\\\/festival_internaciona_teatro.jpg\",\"contentUrl\":\"http:\\\/\\\/www.ucaldas.edu.co\\\/images\\\/tmp\\\/festival_internaciona_teatro.jpg\"},{\"@type\":\"BreadcrumbList\",\"@id\":\"https:\\\/\\\/www.ucaldas.edu.co\\\/portal\\\/seis-paises-llegan-a-escena-en-el-festival-de-teatro-universitario\\\/#breadcrumb\",\"itemListElement\":[{\"@type\":\"ListItem\",\"position\":1,\"name\":\"Portada\",\"item\":\"https:\\\/\\\/www.ucaldas.edu.co\\\/portal\\\/\"},{\"@type\":\"ListItem\",\"position\":2,\"name\":\"Seis pa\u00edses llegan a escena en el Festival de Teatro Universitario\"}]},{\"@type\":\"WebSite\",\"@id\":\"https:\\\/\\\/www.ucaldas.edu.co\\\/portal\\\/#website\",\"url\":\"https:\\\/\\\/www.ucaldas.edu.co\\\/portal\\\/\",\"name\":\"Universidad de Caldas\",\"description\":\"\",\"publisher\":{\"@id\":\"https:\\\/\\\/www.ucaldas.edu.co\\\/portal\\\/#organization\"},\"alternateName\":\"U. de Caldas\",\"potentialAction\":[{\"@type\":\"SearchAction\",\"target\":{\"@type\":\"EntryPoint\",\"urlTemplate\":\"https:\\\/\\\/www.ucaldas.edu.co\\\/portal\\\/?s={search_term_string}\"},\"query-input\":{\"@type\":\"PropertyValueSpecification\",\"valueRequired\":true,\"valueName\":\"search_term_string\"}}],\"inLanguage\":\"es\"},{\"@type\":\"Organization\",\"@id\":\"https:\\\/\\\/www.ucaldas.edu.co\\\/portal\\\/#organization\",\"name\":\"Universidad de Caldas\",\"alternateName\":\"U. de Caldas\",\"url\":\"https:\\\/\\\/www.ucaldas.edu.co\\\/portal\\\/\",\"logo\":{\"@type\":\"ImageObject\",\"inLanguage\":\"es\",\"@id\":\"https:\\\/\\\/www.ucaldas.edu.co\\\/portal\\\/#\\\/schema\\\/logo\\\/image\\\/\",\"url\":\"https:\\\/\\\/www.ucaldas.edu.co\\\/portal\\\/wp-content\\\/uploads\\\/2023\\\/11\\\/Logo_horizontal_oscuroU-2023.png\",\"contentUrl\":\"https:\\\/\\\/www.ucaldas.edu.co\\\/portal\\\/wp-content\\\/uploads\\\/2023\\\/11\\\/Logo_horizontal_oscuroU-2023.png\",\"width\":263,\"height\":101,\"caption\":\"Universidad de Caldas\"},\"image\":{\"@id\":\"https:\\\/\\\/www.ucaldas.edu.co\\\/portal\\\/#\\\/schema\\\/logo\\\/image\\\/\"},\"sameAs\":[\"https:\\\/\\\/www.facebook.com\\\/udecaldas\",\"https:\\\/\\\/x.com\\\/udecaldas\",\"https:\\\/\\\/www.youtube.com\\\/universidadcaldas\",\"https:\\\/\\\/www.instagram.com\\\/udecaldas\\\/\"]},{\"@type\":\"Person\",\"@id\":\"https:\\\/\\\/www.ucaldas.edu.co\\\/portal\\\/#\\\/schema\\\/person\\\/a1b482e23449158b4bc319926c074fdf\",\"name\":\"ofiprensa\",\"image\":{\"@type\":\"ImageObject\",\"inLanguage\":\"es\",\"@id\":\"https:\\\/\\\/www.ucaldas.edu.co\\\/portal\\\/wp-content\\\/litespeed\\\/avatar\\\/09ea5085e600095a7a811142c6944527.jpg?ver=1777497608\",\"url\":\"https:\\\/\\\/www.ucaldas.edu.co\\\/portal\\\/wp-content\\\/litespeed\\\/avatar\\\/09ea5085e600095a7a811142c6944527.jpg?ver=1777497608\",\"contentUrl\":\"https:\\\/\\\/www.ucaldas.edu.co\\\/portal\\\/wp-content\\\/litespeed\\\/avatar\\\/09ea5085e600095a7a811142c6944527.jpg?ver=1777497608\",\"caption\":\"ofiprensa\"},\"url\":\"https:\\\/\\\/www.ucaldas.edu.co\\\/portal\\\/author\\\/ofiprensa\\\/\"}]}<\/script>\n<!-- \/ Yoast SEO plugin. -->","yoast_head_json":{"title":"Seis pa\u00edses llegan a escena en el Festival de Teatro Universitario .","robots":{"index":"index","follow":"follow","max-snippet":"max-snippet:-1","max-image-preview":"max-image-preview:large","max-video-preview":"max-video-preview:-1"},"canonical":"https:\/\/www.ucaldas.edu.co\/portal\/seis-paises-llegan-a-escena-en-el-festival-de-teatro-universitario\/","schema":{"@context":"https:\/\/schema.org","@graph":[{"@type":"Article","@id":"https:\/\/www.ucaldas.edu.co\/portal\/seis-paises-llegan-a-escena-en-el-festival-de-teatro-universitario\/#article","isPartOf":{"@id":"https:\/\/www.ucaldas.edu.co\/portal\/seis-paises-llegan-a-escena-en-el-festival-de-teatro-universitario\/"},"author":{"name":"ofiprensa","@id":"https:\/\/www.ucaldas.edu.co\/portal\/#\/schema\/person\/a1b482e23449158b4bc319926c074fdf"},"headline":"Seis pa\u00edses llegan a escena en el Festival de Teatro Universitario","datePublished":"2011-09-23T19:37:55+00:00","mainEntityOfPage":{"@id":"https:\/\/www.ucaldas.edu.co\/portal\/seis-paises-llegan-a-escena-en-el-festival-de-teatro-universitario\/"},"wordCount":359,"publisher":{"@id":"https:\/\/www.ucaldas.edu.co\/portal\/#organization"},"image":{"@id":"https:\/\/www.ucaldas.edu.co\/portal\/seis-paises-llegan-a-escena-en-el-festival-de-teatro-universitario\/#primaryimage"},"thumbnailUrl":"http:\/\/www.ucaldas.edu.co\/images\/tmp\/festival_internaciona_teatro.jpg","articleSection":["Actualidad","Universidad al D\u00eda"],"inLanguage":"es"},{"@type":"WebPage","@id":"https:\/\/www.ucaldas.edu.co\/portal\/seis-paises-llegan-a-escena-en-el-festival-de-teatro-universitario\/","url":"https:\/\/www.ucaldas.edu.co\/portal\/seis-paises-llegan-a-escena-en-el-festival-de-teatro-universitario\/","name":"Seis pa\u00edses llegan a escena en el Festival de Teatro Universitario .","isPartOf":{"@id":"https:\/\/www.ucaldas.edu.co\/portal\/#website"},"primaryImageOfPage":{"@id":"https:\/\/www.ucaldas.edu.co\/portal\/seis-paises-llegan-a-escena-en-el-festival-de-teatro-universitario\/#primaryimage"},"image":{"@id":"https:\/\/www.ucaldas.edu.co\/portal\/seis-paises-llegan-a-escena-en-el-festival-de-teatro-universitario\/#primaryimage"},"thumbnailUrl":"http:\/\/www.ucaldas.edu.co\/images\/tmp\/festival_internaciona_teatro.jpg","datePublished":"2011-09-23T19:37:55+00:00","breadcrumb":{"@id":"https:\/\/www.ucaldas.edu.co\/portal\/seis-paises-llegan-a-escena-en-el-festival-de-teatro-universitario\/#breadcrumb"},"inLanguage":"es","potentialAction":[{"@type":"ReadAction","target":["https:\/\/www.ucaldas.edu.co\/portal\/seis-paises-llegan-a-escena-en-el-festival-de-teatro-universitario\/"]}]},{"@type":"ImageObject","inLanguage":"es","@id":"https:\/\/www.ucaldas.edu.co\/portal\/seis-paises-llegan-a-escena-en-el-festival-de-teatro-universitario\/#primaryimage","url":"http:\/\/www.ucaldas.edu.co\/images\/tmp\/festival_internaciona_teatro.jpg","contentUrl":"http:\/\/www.ucaldas.edu.co\/images\/tmp\/festival_internaciona_teatro.jpg"},{"@type":"BreadcrumbList","@id":"https:\/\/www.ucaldas.edu.co\/portal\/seis-paises-llegan-a-escena-en-el-festival-de-teatro-universitario\/#breadcrumb","itemListElement":[{"@type":"ListItem","position":1,"name":"Portada","item":"https:\/\/www.ucaldas.edu.co\/portal\/"},{"@type":"ListItem","position":2,"name":"Seis pa\u00edses llegan a escena en el Festival de Teatro Universitario"}]},{"@type":"WebSite","@id":"https:\/\/www.ucaldas.edu.co\/portal\/#website","url":"https:\/\/www.ucaldas.edu.co\/portal\/","name":"Universidad de Caldas","description":"","publisher":{"@id":"https:\/\/www.ucaldas.edu.co\/portal\/#organization"},"alternateName":"U. de Caldas","potentialAction":[{"@type":"SearchAction","target":{"@type":"EntryPoint","urlTemplate":"https:\/\/www.ucaldas.edu.co\/portal\/?s={search_term_string}"},"query-input":{"@type":"PropertyValueSpecification","valueRequired":true,"valueName":"search_term_string"}}],"inLanguage":"es"},{"@type":"Organization","@id":"https:\/\/www.ucaldas.edu.co\/portal\/#organization","name":"Universidad de Caldas","alternateName":"U. de Caldas","url":"https:\/\/www.ucaldas.edu.co\/portal\/","logo":{"@type":"ImageObject","inLanguage":"es","@id":"https:\/\/www.ucaldas.edu.co\/portal\/#\/schema\/logo\/image\/","url":"https:\/\/www.ucaldas.edu.co\/portal\/wp-content\/uploads\/2023\/11\/Logo_horizontal_oscuroU-2023.png","contentUrl":"https:\/\/www.ucaldas.edu.co\/portal\/wp-content\/uploads\/2023\/11\/Logo_horizontal_oscuroU-2023.png","width":263,"height":101,"caption":"Universidad de Caldas"},"image":{"@id":"https:\/\/www.ucaldas.edu.co\/portal\/#\/schema\/logo\/image\/"},"sameAs":["https:\/\/www.facebook.com\/udecaldas","https:\/\/x.com\/udecaldas","https:\/\/www.youtube.com\/universidadcaldas","https:\/\/www.instagram.com\/udecaldas\/"]},{"@type":"Person","@id":"https:\/\/www.ucaldas.edu.co\/portal\/#\/schema\/person\/a1b482e23449158b4bc319926c074fdf","name":"ofiprensa","image":{"@type":"ImageObject","inLanguage":"es","@id":"https:\/\/www.ucaldas.edu.co\/portal\/wp-content\/litespeed\/avatar\/09ea5085e600095a7a811142c6944527.jpg?ver=1777497608","url":"https:\/\/www.ucaldas.edu.co\/portal\/wp-content\/litespeed\/avatar\/09ea5085e600095a7a811142c6944527.jpg?ver=1777497608","contentUrl":"https:\/\/www.ucaldas.edu.co\/portal\/wp-content\/litespeed\/avatar\/09ea5085e600095a7a811142c6944527.jpg?ver=1777497608","caption":"ofiprensa"},"url":"https:\/\/www.ucaldas.edu.co\/portal\/author\/ofiprensa\/"}]}},"_links":{"self":[{"href":"https:\/\/www.ucaldas.edu.co\/portal\/wp-json\/wp\/v2\/posts\/9299","targetHints":{"allow":["GET"]}}],"collection":[{"href":"https:\/\/www.ucaldas.edu.co\/portal\/wp-json\/wp\/v2\/posts"}],"about":[{"href":"https:\/\/www.ucaldas.edu.co\/portal\/wp-json\/wp\/v2\/types\/post"}],"author":[{"embeddable":true,"href":"https:\/\/www.ucaldas.edu.co\/portal\/wp-json\/wp\/v2\/users\/2"}],"replies":[{"embeddable":true,"href":"https:\/\/www.ucaldas.edu.co\/portal\/wp-json\/wp\/v2\/comments?post=9299"}],"version-history":[{"count":0,"href":"https:\/\/www.ucaldas.edu.co\/portal\/wp-json\/wp\/v2\/posts\/9299\/revisions"}],"wp:attachment":[{"href":"https:\/\/www.ucaldas.edu.co\/portal\/wp-json\/wp\/v2\/media?parent=9299"}],"wp:term":[{"taxonomy":"category","embeddable":true,"href":"https:\/\/www.ucaldas.edu.co\/portal\/wp-json\/wp\/v2\/categories?post=9299"},{"taxonomy":"post_tag","embeddable":true,"href":"https:\/\/www.ucaldas.edu.co\/portal\/wp-json\/wp\/v2\/tags?post=9299"}],"curies":[{"name":"wp","href":"https:\/\/api.w.org\/{rel}","templated":true}]}}