{"id":904,"date":"2014-02-19T14:54:14","date_gmt":"2014-02-19T14:54:14","guid":{"rendered":"https:\/\/www.ucaldas.edu.co\/portal\/?p=904"},"modified":"2014-02-19T14:54:14","modified_gmt":"2014-02-19T14:54:14","slug":"video-23-estudiantes-u-de-caldas-seran-embajadores-en-6-paises-por-movilidad-academica","status":"publish","type":"post","link":"https:\/\/www.ucaldas.edu.co\/portal\/video-23-estudiantes-u-de-caldas-seran-embajadores-en-6-paises-por-movilidad-academica\/","title":{"rendered":"[Video] 23 estudiantes U. de Caldas ser\u00e1n embajadores en 6 pa\u00edses, por movilidad acad\u00e9mica"},"content":{"rendered":"<p><img loading=\"lazy\" decoding=\"async\" class=\" wp-image-906 alignleft\" style=\"margin: 10px;\" alt=\"Movilidad\" src=\"https:\/\/www.ucaldas.edu.co\/portal\/wp-content\/uploads\/2014\/02\/Movilidad-300x200.jpg\" width=\"270\" height=\"180\" \/><\/p>\n<p>&nbsp;<\/p>\n<p><b>Argentina, Brasil, Chile, M\u00e9xico, Polonia y Espa\u00f1a<\/b> ser\u00e1n los <b>pa\u00edses destino de 23 estudiantes<\/b> de tres facultades de la <b>Universidad de Caldas<\/b>. Los alumnos ser\u00e1n los embajadores de la Instituci\u00f3n y Colombia este 2014-1.<\/p>\n<p>&nbsp;<\/p>\n<table class=\" alignleft\" border=\"0\">\n<tbody>\n<tr>\n<td>Foto: Guillermo Sarmiento \/ Prensa U. de Caldas<\/td>\n<\/tr>\n<\/tbody>\n<\/table>\n<p style=\"text-align: left;\"><!--more--><\/p>\n<p style=\"text-align: left;\"><iframe loading=\"lazy\" style=\"line-height: 1.5em;\" src=\"\/\/www.youtube.com\/embed\/RMazt6BkpR4?rel=0\" height=\"231\" width=\"410\" allowfullscreen=\"\" frameborder=\"0\"><\/iframe><\/p>\n<p style=\"text-align: left;\" align=\"left\"><a href=\"http:\/\/www.youtube.com\/universidadcaldas#p\/a\">Visite el canal de la U. de Caldas en Youtube y conozca la televisi\u00f3n interactiva de nuestra instituci\u00f3n.<\/a><\/p>\n<p style=\"text-align: left;\"><b>Informes:<\/b> Oficina de Internacionalizaci\u00f3n, tel\u00e9fono 878 15 00 extensi\u00f3n 12 169.<\/p>\n<p style=\"text-align: left;\"><b>\u00a0<\/b><\/p>\n","protected":false},"excerpt":{"rendered":"<p>&nbsp; Argentina, Brasil, Chile, M\u00e9xico, Polonia y Espa\u00f1a ser\u00e1n los pa\u00edses destino de 23 estudiantes de tres facultades de la Universidad de Caldas. Los alumnos ser\u00e1n los embajadores de la Instituci\u00f3n y Colombia este 2014-1. &nbsp; Foto: Guillermo Sarmiento \/ Prensa U. de Caldas<\/p>\n","protected":false},"author":2,"featured_media":0,"comment_status":"open","ping_status":"open","sticky":false,"template":"","format":"standard","meta":{"footnotes":""},"categories":[48,53],"tags":[1093,1094,1206,87,95,109,138,270,325,366,447,939],"class_list":["post-904","post","type-post","status-publish","format-standard","hentry","category-actualidad","category-universidad-al-dia","tag-argentina","tag-brasil","tag-polonia","tag-estudiante","tag-universidad-de-caldas","tag-chile","tag-mexico","tag-internacionalizacion","tag-despedida","tag-espana","tag-movilidad-academica","tag-intercambio"],"yoast_head":"<!-- This site is optimized with the Yoast SEO plugin v27.5 - https:\/\/yoast.com\/product\/yoast-seo-wordpress\/ -->\n<title>[Video] 23 estudiantes U. de Caldas ser\u00e1n embajadores en 6 pa\u00edses, por movilidad acad\u00e9mica .<\/title>\n<meta name=\"robots\" content=\"index, follow, max-snippet:-1, max-image-preview:large, max-video-preview:-1\" \/>\n<link rel=\"canonical\" href=\"https:\/\/www.ucaldas.edu.co\/portal\/video-23-estudiantes-u-de-caldas-seran-embajadores-en-6-paises-por-movilidad-academica\/\" \/>\n<script type=\"application\/ld+json\" class=\"yoast-schema-graph\">{\"@context\":\"https:\\\/\\\/schema.org\",\"@graph\":[{\"@type\":\"Article\",\"@id\":\"https:\\\/\\\/www.ucaldas.edu.co\\\/portal\\\/video-23-estudiantes-u-de-caldas-seran-embajadores-en-6-paises-por-movilidad-academica\\\/#article\",\"isPartOf\":{\"@id\":\"https:\\\/\\\/www.ucaldas.edu.co\\\/portal\\\/video-23-estudiantes-u-de-caldas-seran-embajadores-en-6-paises-por-movilidad-academica\\\/\"},\"author\":{\"name\":\"ofiprensa\",\"@id\":\"https:\\\/\\\/www.ucaldas.edu.co\\\/portal\\\/#\\\/schema\\\/person\\\/a1b482e23449158b4bc319926c074fdf\"},\"headline\":\"[Video] 23 estudiantes U. de Caldas ser\u00e1n embajadores en 6 pa\u00edses, por movilidad acad\u00e9mica\",\"datePublished\":\"2014-02-19T14:54:14+00:00\",\"mainEntityOfPage\":{\"@id\":\"https:\\\/\\\/www.ucaldas.edu.co\\\/portal\\\/video-23-estudiantes-u-de-caldas-seran-embajadores-en-6-paises-por-movilidad-academica\\\/\"},\"wordCount\":92,\"commentCount\":0,\"publisher\":{\"@id\":\"https:\\\/\\\/www.ucaldas.edu.co\\\/portal\\\/#organization\"},\"image\":{\"@id\":\"https:\\\/\\\/www.ucaldas.edu.co\\\/portal\\\/video-23-estudiantes-u-de-caldas-seran-embajadores-en-6-paises-por-movilidad-academica\\\/#primaryimage\"},\"thumbnailUrl\":\"https:\\\/\\\/www.ucaldas.edu.co\\\/portal\\\/wp-content\\\/uploads\\\/2014\\\/02\\\/Movilidad-300x200.jpg\",\"keywords\":[\"Argentina\",\"Brasil\",\"Polonia\",\"Estudiante\",\"Universidad De Caldas\",\"Chile\",\"M\u00e9xico\",\"Internacionalizaci\u00f3n\",\"Despedida\",\"Espa\u00f1a\",\"movilidad acad\u00e9mica\",\"intercambio\"],\"articleSection\":[\"Actualidad\",\"Universidad al D\u00eda\"],\"inLanguage\":\"es\",\"potentialAction\":[{\"@type\":\"CommentAction\",\"name\":\"Comment\",\"target\":[\"https:\\\/\\\/www.ucaldas.edu.co\\\/portal\\\/video-23-estudiantes-u-de-caldas-seran-embajadores-en-6-paises-por-movilidad-academica\\\/#respond\"]}]},{\"@type\":\"WebPage\",\"@id\":\"https:\\\/\\\/www.ucaldas.edu.co\\\/portal\\\/video-23-estudiantes-u-de-caldas-seran-embajadores-en-6-paises-por-movilidad-academica\\\/\",\"url\":\"https:\\\/\\\/www.ucaldas.edu.co\\\/portal\\\/video-23-estudiantes-u-de-caldas-seran-embajadores-en-6-paises-por-movilidad-academica\\\/\",\"name\":\"[Video] 23 estudiantes U. de Caldas ser\u00e1n embajadores en 6 pa\u00edses, por movilidad acad\u00e9mica .\",\"isPartOf\":{\"@id\":\"https:\\\/\\\/www.ucaldas.edu.co\\\/portal\\\/#website\"},\"primaryImageOfPage\":{\"@id\":\"https:\\\/\\\/www.ucaldas.edu.co\\\/portal\\\/video-23-estudiantes-u-de-caldas-seran-embajadores-en-6-paises-por-movilidad-academica\\\/#primaryimage\"},\"image\":{\"@id\":\"https:\\\/\\\/www.ucaldas.edu.co\\\/portal\\\/video-23-estudiantes-u-de-caldas-seran-embajadores-en-6-paises-por-movilidad-academica\\\/#primaryimage\"},\"thumbnailUrl\":\"https:\\\/\\\/www.ucaldas.edu.co\\\/portal\\\/wp-content\\\/uploads\\\/2014\\\/02\\\/Movilidad-300x200.jpg\",\"datePublished\":\"2014-02-19T14:54:14+00:00\",\"breadcrumb\":{\"@id\":\"https:\\\/\\\/www.ucaldas.edu.co\\\/portal\\\/video-23-estudiantes-u-de-caldas-seran-embajadores-en-6-paises-por-movilidad-academica\\\/#breadcrumb\"},\"inLanguage\":\"es\",\"potentialAction\":[{\"@type\":\"ReadAction\",\"target\":[\"https:\\\/\\\/www.ucaldas.edu.co\\\/portal\\\/video-23-estudiantes-u-de-caldas-seran-embajadores-en-6-paises-por-movilidad-academica\\\/\"]}]},{\"@type\":\"ImageObject\",\"inLanguage\":\"es\",\"@id\":\"https:\\\/\\\/www.ucaldas.edu.co\\\/portal\\\/video-23-estudiantes-u-de-caldas-seran-embajadores-en-6-paises-por-movilidad-academica\\\/#primaryimage\",\"url\":\"https:\\\/\\\/www.ucaldas.edu.co\\\/portal\\\/wp-content\\\/uploads\\\/2014\\\/02\\\/Movilidad-300x200.jpg\",\"contentUrl\":\"https:\\\/\\\/www.ucaldas.edu.co\\\/portal\\\/wp-content\\\/uploads\\\/2014\\\/02\\\/Movilidad-300x200.jpg\"},{\"@type\":\"BreadcrumbList\",\"@id\":\"https:\\\/\\\/www.ucaldas.edu.co\\\/portal\\\/video-23-estudiantes-u-de-caldas-seran-embajadores-en-6-paises-por-movilidad-academica\\\/#breadcrumb\",\"itemListElement\":[{\"@type\":\"ListItem\",\"position\":1,\"name\":\"Portada\",\"item\":\"https:\\\/\\\/www.ucaldas.edu.co\\\/portal\\\/\"},{\"@type\":\"ListItem\",\"position\":2,\"name\":\"[Video] 23 estudiantes U. de Caldas ser\u00e1n embajadores en 6 pa\u00edses, por movilidad acad\u00e9mica\"}]},{\"@type\":\"WebSite\",\"@id\":\"https:\\\/\\\/www.ucaldas.edu.co\\\/portal\\\/#website\",\"url\":\"https:\\\/\\\/www.ucaldas.edu.co\\\/portal\\\/\",\"name\":\"Universidad de Caldas\",\"description\":\"\",\"publisher\":{\"@id\":\"https:\\\/\\\/www.ucaldas.edu.co\\\/portal\\\/#organization\"},\"alternateName\":\"U. de Caldas\",\"potentialAction\":[{\"@type\":\"SearchAction\",\"target\":{\"@type\":\"EntryPoint\",\"urlTemplate\":\"https:\\\/\\\/www.ucaldas.edu.co\\\/portal\\\/?s={search_term_string}\"},\"query-input\":{\"@type\":\"PropertyValueSpecification\",\"valueRequired\":true,\"valueName\":\"search_term_string\"}}],\"inLanguage\":\"es\"},{\"@type\":\"Organization\",\"@id\":\"https:\\\/\\\/www.ucaldas.edu.co\\\/portal\\\/#organization\",\"name\":\"Universidad de Caldas\",\"alternateName\":\"U. de Caldas\",\"url\":\"https:\\\/\\\/www.ucaldas.edu.co\\\/portal\\\/\",\"logo\":{\"@type\":\"ImageObject\",\"inLanguage\":\"es\",\"@id\":\"https:\\\/\\\/www.ucaldas.edu.co\\\/portal\\\/#\\\/schema\\\/logo\\\/image\\\/\",\"url\":\"https:\\\/\\\/www.ucaldas.edu.co\\\/portal\\\/wp-content\\\/uploads\\\/2023\\\/11\\\/Logo_horizontal_oscuroU-2023.png\",\"contentUrl\":\"https:\\\/\\\/www.ucaldas.edu.co\\\/portal\\\/wp-content\\\/uploads\\\/2023\\\/11\\\/Logo_horizontal_oscuroU-2023.png\",\"width\":263,\"height\":101,\"caption\":\"Universidad de Caldas\"},\"image\":{\"@id\":\"https:\\\/\\\/www.ucaldas.edu.co\\\/portal\\\/#\\\/schema\\\/logo\\\/image\\\/\"},\"sameAs\":[\"https:\\\/\\\/www.facebook.com\\\/udecaldas\",\"https:\\\/\\\/x.com\\\/udecaldas\",\"https:\\\/\\\/www.youtube.com\\\/universidadcaldas\",\"https:\\\/\\\/www.instagram.com\\\/udecaldas\\\/\"]},{\"@type\":\"Person\",\"@id\":\"https:\\\/\\\/www.ucaldas.edu.co\\\/portal\\\/#\\\/schema\\\/person\\\/a1b482e23449158b4bc319926c074fdf\",\"name\":\"ofiprensa\",\"image\":{\"@type\":\"ImageObject\",\"inLanguage\":\"es\",\"@id\":\"https:\\\/\\\/www.ucaldas.edu.co\\\/portal\\\/wp-content\\\/litespeed\\\/avatar\\\/09ea5085e600095a7a811142c6944527.jpg?ver=1776892805\",\"url\":\"https:\\\/\\\/www.ucaldas.edu.co\\\/portal\\\/wp-content\\\/litespeed\\\/avatar\\\/09ea5085e600095a7a811142c6944527.jpg?ver=1776892805\",\"contentUrl\":\"https:\\\/\\\/www.ucaldas.edu.co\\\/portal\\\/wp-content\\\/litespeed\\\/avatar\\\/09ea5085e600095a7a811142c6944527.jpg?ver=1776892805\",\"caption\":\"ofiprensa\"},\"url\":\"https:\\\/\\\/www.ucaldas.edu.co\\\/portal\\\/author\\\/ofiprensa\\\/\"}]}<\/script>\n<!-- \/ Yoast SEO plugin. -->","yoast_head_json":{"title":"[Video] 23 estudiantes U. de Caldas ser\u00e1n embajadores en 6 pa\u00edses, por movilidad acad\u00e9mica .","robots":{"index":"index","follow":"follow","max-snippet":"max-snippet:-1","max-image-preview":"max-image-preview:large","max-video-preview":"max-video-preview:-1"},"canonical":"https:\/\/www.ucaldas.edu.co\/portal\/video-23-estudiantes-u-de-caldas-seran-embajadores-en-6-paises-por-movilidad-academica\/","schema":{"@context":"https:\/\/schema.org","@graph":[{"@type":"Article","@id":"https:\/\/www.ucaldas.edu.co\/portal\/video-23-estudiantes-u-de-caldas-seran-embajadores-en-6-paises-por-movilidad-academica\/#article","isPartOf":{"@id":"https:\/\/www.ucaldas.edu.co\/portal\/video-23-estudiantes-u-de-caldas-seran-embajadores-en-6-paises-por-movilidad-academica\/"},"author":{"name":"ofiprensa","@id":"https:\/\/www.ucaldas.edu.co\/portal\/#\/schema\/person\/a1b482e23449158b4bc319926c074fdf"},"headline":"[Video] 23 estudiantes U. de Caldas ser\u00e1n embajadores en 6 pa\u00edses, por movilidad acad\u00e9mica","datePublished":"2014-02-19T14:54:14+00:00","mainEntityOfPage":{"@id":"https:\/\/www.ucaldas.edu.co\/portal\/video-23-estudiantes-u-de-caldas-seran-embajadores-en-6-paises-por-movilidad-academica\/"},"wordCount":92,"commentCount":0,"publisher":{"@id":"https:\/\/www.ucaldas.edu.co\/portal\/#organization"},"image":{"@id":"https:\/\/www.ucaldas.edu.co\/portal\/video-23-estudiantes-u-de-caldas-seran-embajadores-en-6-paises-por-movilidad-academica\/#primaryimage"},"thumbnailUrl":"https:\/\/www.ucaldas.edu.co\/portal\/wp-content\/uploads\/2014\/02\/Movilidad-300x200.jpg","keywords":["Argentina","Brasil","Polonia","Estudiante","Universidad De Caldas","Chile","M\u00e9xico","Internacionalizaci\u00f3n","Despedida","Espa\u00f1a","movilidad acad\u00e9mica","intercambio"],"articleSection":["Actualidad","Universidad al D\u00eda"],"inLanguage":"es","potentialAction":[{"@type":"CommentAction","name":"Comment","target":["https:\/\/www.ucaldas.edu.co\/portal\/video-23-estudiantes-u-de-caldas-seran-embajadores-en-6-paises-por-movilidad-academica\/#respond"]}]},{"@type":"WebPage","@id":"https:\/\/www.ucaldas.edu.co\/portal\/video-23-estudiantes-u-de-caldas-seran-embajadores-en-6-paises-por-movilidad-academica\/","url":"https:\/\/www.ucaldas.edu.co\/portal\/video-23-estudiantes-u-de-caldas-seran-embajadores-en-6-paises-por-movilidad-academica\/","name":"[Video] 23 estudiantes U. de Caldas ser\u00e1n embajadores en 6 pa\u00edses, por movilidad acad\u00e9mica .","isPartOf":{"@id":"https:\/\/www.ucaldas.edu.co\/portal\/#website"},"primaryImageOfPage":{"@id":"https:\/\/www.ucaldas.edu.co\/portal\/video-23-estudiantes-u-de-caldas-seran-embajadores-en-6-paises-por-movilidad-academica\/#primaryimage"},"image":{"@id":"https:\/\/www.ucaldas.edu.co\/portal\/video-23-estudiantes-u-de-caldas-seran-embajadores-en-6-paises-por-movilidad-academica\/#primaryimage"},"thumbnailUrl":"https:\/\/www.ucaldas.edu.co\/portal\/wp-content\/uploads\/2014\/02\/Movilidad-300x200.jpg","datePublished":"2014-02-19T14:54:14+00:00","breadcrumb":{"@id":"https:\/\/www.ucaldas.edu.co\/portal\/video-23-estudiantes-u-de-caldas-seran-embajadores-en-6-paises-por-movilidad-academica\/#breadcrumb"},"inLanguage":"es","potentialAction":[{"@type":"ReadAction","target":["https:\/\/www.ucaldas.edu.co\/portal\/video-23-estudiantes-u-de-caldas-seran-embajadores-en-6-paises-por-movilidad-academica\/"]}]},{"@type":"ImageObject","inLanguage":"es","@id":"https:\/\/www.ucaldas.edu.co\/portal\/video-23-estudiantes-u-de-caldas-seran-embajadores-en-6-paises-por-movilidad-academica\/#primaryimage","url":"https:\/\/www.ucaldas.edu.co\/portal\/wp-content\/uploads\/2014\/02\/Movilidad-300x200.jpg","contentUrl":"https:\/\/www.ucaldas.edu.co\/portal\/wp-content\/uploads\/2014\/02\/Movilidad-300x200.jpg"},{"@type":"BreadcrumbList","@id":"https:\/\/www.ucaldas.edu.co\/portal\/video-23-estudiantes-u-de-caldas-seran-embajadores-en-6-paises-por-movilidad-academica\/#breadcrumb","itemListElement":[{"@type":"ListItem","position":1,"name":"Portada","item":"https:\/\/www.ucaldas.edu.co\/portal\/"},{"@type":"ListItem","position":2,"name":"[Video] 23 estudiantes U. de Caldas ser\u00e1n embajadores en 6 pa\u00edses, por movilidad acad\u00e9mica"}]},{"@type":"WebSite","@id":"https:\/\/www.ucaldas.edu.co\/portal\/#website","url":"https:\/\/www.ucaldas.edu.co\/portal\/","name":"Universidad de Caldas","description":"","publisher":{"@id":"https:\/\/www.ucaldas.edu.co\/portal\/#organization"},"alternateName":"U. de Caldas","potentialAction":[{"@type":"SearchAction","target":{"@type":"EntryPoint","urlTemplate":"https:\/\/www.ucaldas.edu.co\/portal\/?s={search_term_string}"},"query-input":{"@type":"PropertyValueSpecification","valueRequired":true,"valueName":"search_term_string"}}],"inLanguage":"es"},{"@type":"Organization","@id":"https:\/\/www.ucaldas.edu.co\/portal\/#organization","name":"Universidad de Caldas","alternateName":"U. de Caldas","url":"https:\/\/www.ucaldas.edu.co\/portal\/","logo":{"@type":"ImageObject","inLanguage":"es","@id":"https:\/\/www.ucaldas.edu.co\/portal\/#\/schema\/logo\/image\/","url":"https:\/\/www.ucaldas.edu.co\/portal\/wp-content\/uploads\/2023\/11\/Logo_horizontal_oscuroU-2023.png","contentUrl":"https:\/\/www.ucaldas.edu.co\/portal\/wp-content\/uploads\/2023\/11\/Logo_horizontal_oscuroU-2023.png","width":263,"height":101,"caption":"Universidad de Caldas"},"image":{"@id":"https:\/\/www.ucaldas.edu.co\/portal\/#\/schema\/logo\/image\/"},"sameAs":["https:\/\/www.facebook.com\/udecaldas","https:\/\/x.com\/udecaldas","https:\/\/www.youtube.com\/universidadcaldas","https:\/\/www.instagram.com\/udecaldas\/"]},{"@type":"Person","@id":"https:\/\/www.ucaldas.edu.co\/portal\/#\/schema\/person\/a1b482e23449158b4bc319926c074fdf","name":"ofiprensa","image":{"@type":"ImageObject","inLanguage":"es","@id":"https:\/\/www.ucaldas.edu.co\/portal\/wp-content\/litespeed\/avatar\/09ea5085e600095a7a811142c6944527.jpg?ver=1776892805","url":"https:\/\/www.ucaldas.edu.co\/portal\/wp-content\/litespeed\/avatar\/09ea5085e600095a7a811142c6944527.jpg?ver=1776892805","contentUrl":"https:\/\/www.ucaldas.edu.co\/portal\/wp-content\/litespeed\/avatar\/09ea5085e600095a7a811142c6944527.jpg?ver=1776892805","caption":"ofiprensa"},"url":"https:\/\/www.ucaldas.edu.co\/portal\/author\/ofiprensa\/"}]}},"_links":{"self":[{"href":"https:\/\/www.ucaldas.edu.co\/portal\/wp-json\/wp\/v2\/posts\/904","targetHints":{"allow":["GET"]}}],"collection":[{"href":"https:\/\/www.ucaldas.edu.co\/portal\/wp-json\/wp\/v2\/posts"}],"about":[{"href":"https:\/\/www.ucaldas.edu.co\/portal\/wp-json\/wp\/v2\/types\/post"}],"author":[{"embeddable":true,"href":"https:\/\/www.ucaldas.edu.co\/portal\/wp-json\/wp\/v2\/users\/2"}],"replies":[{"embeddable":true,"href":"https:\/\/www.ucaldas.edu.co\/portal\/wp-json\/wp\/v2\/comments?post=904"}],"version-history":[{"count":0,"href":"https:\/\/www.ucaldas.edu.co\/portal\/wp-json\/wp\/v2\/posts\/904\/revisions"}],"wp:attachment":[{"href":"https:\/\/www.ucaldas.edu.co\/portal\/wp-json\/wp\/v2\/media?parent=904"}],"wp:term":[{"taxonomy":"category","embeddable":true,"href":"https:\/\/www.ucaldas.edu.co\/portal\/wp-json\/wp\/v2\/categories?post=904"},{"taxonomy":"post_tag","embeddable":true,"href":"https:\/\/www.ucaldas.edu.co\/portal\/wp-json\/wp\/v2\/tags?post=904"}],"curies":[{"name":"wp","href":"https:\/\/api.w.org\/{rel}","templated":true}]}}