{"id":88620,"date":"2025-07-17T16:07:21","date_gmt":"2025-07-17T21:07:21","guid":{"rendered":"https:\/\/www.ucaldas.edu.co\/portal\/?p=88620"},"modified":"2025-07-17T16:07:21","modified_gmt":"2025-07-17T21:07:21","slug":"pre-lanzamiento-de-la-decima-catedra-de-historia-regional-de-manizales-y-caldas-rendira-homenaje-a-emilio-robledo-correa","status":"publish","type":"post","link":"https:\/\/www.ucaldas.edu.co\/portal\/pre-lanzamiento-de-la-decima-catedra-de-historia-regional-de-manizales-y-caldas-rendira-homenaje-a-emilio-robledo-correa\/","title":{"rendered":"Pre lanzamiento de la D\u00e9cima C\u00e1tedra de Historia Regional de Manizales y Caldas rendir\u00e1 homenaje a Emilio Robledo Correa"},"content":{"rendered":"<p><img loading=\"lazy\" decoding=\"async\" class=\"alignnone wp-image-88621 size-full\" src=\"https:\/\/www.ucaldas.edu.co\/portal\/wp-content\/uploads\/2025\/07\/Invtacion-Concierto-1-1_page-00011-e1752786260624.jpg\" alt=\"C\u00e1tedra de Historia Regional\" width=\"900\" height=\"900\" \/><\/p>\n<p style=\"text-align: justify;\">Este viernes 18 de julio a las 6:00 p.\u202fm., el Auditorio del Centro Cultural Rogelio Salmona de la Universidad de Caldas ser\u00e1 el escenario del pre lanzamiento de la d\u00e9cima versi\u00f3n de la C\u00e1tedra de Historia Regional de Manizales y Caldas, Cultura y Territorio. Este evento conmemorativo rendir\u00e1 homenaje al m\u00e9dico, investigador y pol\u00edtico salamine\u00f1o Emilio Robledo Correa, elegido como figura central en raz\u00f3n del Bicentenario de Salamina.<!--more--><\/p>\n<p style=\"text-align: justify;\">La C\u00e1tedra ha sido, durante estos diez a\u00f1os, un espacio acad\u00e9mico y social abierto, libre y gratuito, orientado a comprender e interpretar los procesos hist\u00f3ricos y culturales que han configurado el territorio de Caldas. Como parte del balance de esta primera d\u00e9cada, se destacan m\u00e1s de 900 personas graduadas, 170 conferencistas nacionales e internacionales invitados, y m\u00e1s de 100 sesiones realizadas no solo en Manizales, sino tambi\u00e9n en municipios como Saman\u00e1, Victoria, La Dorada, Riosucio, Anserma, as\u00ed como en Mariquita y Herveo (Tolima).<\/p>\n<p style=\"text-align: justify;\">La producci\u00f3n acad\u00e9mica y pedag\u00f3gica de la C\u00e1tedra tambi\u00e9n incluye m\u00e1s de 150 sesiones grabadas disponibles en YouTube, nueve piezas animadas utilizadas ampliamente por instituciones educativas, dos libros publicados y la participaci\u00f3n de m\u00e1s de 25 organizaciones p\u00fablicas y privadas. Sus contenidos han superado las 40.000 reproducciones en redes sociales, promoviendo el conocimiento hist\u00f3rico con un enfoque accesible y territorial.<\/p>\n<p style=\"text-align: justify;\">El pre lanzamiento ser\u00e1 un abrebocas de lo que ser\u00e1 la programaci\u00f3n regular de esta d\u00e9cima versi\u00f3n, que se desarrollar\u00e1 entre agosto y noviembre de 2025. Las sesiones se llevar\u00e1n a cabo todos los martes a las 6:30 p.\u202fm. en el auditorio Tulio G\u00f3mez Estrada de la Universidad de Caldas, salvo en los municipios invitados Saman\u00e1 y Salamina, que tendr\u00e1n sus propias jornadas especiales.<\/p>\n<p style=\"text-align: justify;\">Durante la celebraci\u00f3n del viernes se entregar\u00e1n reconocimientos institucionales a las entidades aliadas de este proceso, as\u00ed como distinciones a ocho estudiantes destacados que han participado en la C\u00e1tedra durante estos diez a\u00f1os. Tambi\u00e9n se reconocer\u00e1 el respaldo de la Universidad de Caldas, su rector Fabio Hernando Arias, el vicerrector Dar\u00edo Arenas, y el Comit\u00e9 Acad\u00e9mico liderado por Albeiro Valencia, Luis Fernando S\u00e1nchez Jaramillo y Francisco Gonz\u00e1lez.<\/p>\n<p style=\"text-align: justify;\">La jornada cerrar\u00e1 con un concierto del grupo musical La Triada, conformado por Laura, Lina y Elizabeth, egresadas del programa de M\u00fasica de la Universidad de Caldas, ganadoras del Festival Nacional del Pasillo de Aguadas 2024 y del Gran Premio Mono N\u00fa\u00f1ez 2025 en Ginebra, Valle. La entrada es libre y gratuita, por lo que la organizaci\u00f3n invita a toda la ciudadan\u00eda a unirse a esta conmemoraci\u00f3n especial.<\/p>\n<p style=\"text-align: justify;\"><strong>Anexos:<\/strong><\/p>\n<p style=\"text-align: justify;\"><a href=\"https:\/\/www.ucaldas.edu.co\/portal\/wp-content\/uploads\/2025\/07\/Francisco-Javir-Gonzalez-Catedra-Historia-Reginal.mp3\"><strong>-Audio Coordinador C\u00e1tedra Historia Regional de Manizales y Caldas, Francisco J Gonz\u00e1lez S.<\/strong><\/a><\/p>\n<audio class=\"wp-audio-shortcode\" id=\"audio-88620-1\" preload=\"none\" style=\"width: 100%;\" controls=\"controls\"><source type=\"audio\/mpeg\" src=\"https:\/\/www.ucaldas.edu.co\/portal\/wp-content\/uploads\/2025\/07\/Francisco-Javir-Gonzalez-Catedra-Historia-Reginal.mp3?_=1\" \/><a href=\"https:\/\/www.ucaldas.edu.co\/portal\/wp-content\/uploads\/2025\/07\/Francisco-Javir-Gonzalez-Catedra-Historia-Reginal.mp3\">https:\/\/www.ucaldas.edu.co\/portal\/wp-content\/uploads\/2025\/07\/Francisco-Javir-Gonzalez-Catedra-Historia-Reginal.mp3<\/a><\/audio>\n","protected":false},"excerpt":{"rendered":"<p>Este viernes 18 de julio a las 6:00 p.\u202fm., el Auditorio del Centro Cultural Rogelio Salmona de la Universidad de Caldas ser\u00e1 el escenario del pre lanzamiento de la d\u00e9cima versi\u00f3n de la C\u00e1tedra de Historia Regional de Manizales y Caldas, Cultura y Territorio. Este evento conmemorativo rendir\u00e1 homenaje al m\u00e9dico, investigador y pol\u00edtico salamine\u00f1o [&hellip;]<\/p>\n","protected":false},"author":2,"featured_media":88621,"comment_status":"closed","ping_status":"open","sticky":false,"template":"","format":"standard","meta":{"footnotes":""},"categories":[48,53,664],"tags":[9868,9869],"class_list":["post-88620","post","type-post","status-publish","format-standard","has-post-thumbnail","hentry","category-actualidad","category-universidad-al-dia","category-ucaldas-cultural","tag-catedra-de-historia-regional","tag-emilio-robledo"],"yoast_head":"<!-- This site is optimized with the Yoast SEO plugin v27.5 - https:\/\/yoast.com\/product\/yoast-seo-wordpress\/ -->\n<title>Pre lanzamiento de la D\u00e9cima C\u00e1tedra de Historia Regional de Manizales y Caldas rendir\u00e1 homenaje a Emilio Robledo Correa .<\/title>\n<meta name=\"robots\" content=\"index, follow, max-snippet:-1, max-image-preview:large, max-video-preview:-1\" \/>\n<link rel=\"canonical\" href=\"https:\/\/www.ucaldas.edu.co\/portal\/pre-lanzamiento-de-la-decima-catedra-de-historia-regional-de-manizales-y-caldas-rendira-homenaje-a-emilio-robledo-correa\/\" \/>\n<script type=\"application\/ld+json\" class=\"yoast-schema-graph\">{\"@context\":\"https:\\\/\\\/schema.org\",\"@graph\":[{\"@type\":\"Article\",\"@id\":\"https:\\\/\\\/www.ucaldas.edu.co\\\/portal\\\/pre-lanzamiento-de-la-decima-catedra-de-historia-regional-de-manizales-y-caldas-rendira-homenaje-a-emilio-robledo-correa\\\/#article\",\"isPartOf\":{\"@id\":\"https:\\\/\\\/www.ucaldas.edu.co\\\/portal\\\/pre-lanzamiento-de-la-decima-catedra-de-historia-regional-de-manizales-y-caldas-rendira-homenaje-a-emilio-robledo-correa\\\/\"},\"author\":{\"name\":\"ofiprensa\",\"@id\":\"https:\\\/\\\/www.ucaldas.edu.co\\\/portal\\\/#\\\/schema\\\/person\\\/a1b482e23449158b4bc319926c074fdf\"},\"headline\":\"Pre lanzamiento de la D\u00e9cima C\u00e1tedra de Historia Regional de Manizales y Caldas rendir\u00e1 homenaje a Emilio Robledo Correa\",\"datePublished\":\"2025-07-17T21:07:21+00:00\",\"mainEntityOfPage\":{\"@id\":\"https:\\\/\\\/www.ucaldas.edu.co\\\/portal\\\/pre-lanzamiento-de-la-decima-catedra-de-historia-regional-de-manizales-y-caldas-rendira-homenaje-a-emilio-robledo-correa\\\/\"},\"wordCount\":495,\"publisher\":{\"@id\":\"https:\\\/\\\/www.ucaldas.edu.co\\\/portal\\\/#organization\"},\"image\":{\"@id\":\"https:\\\/\\\/www.ucaldas.edu.co\\\/portal\\\/pre-lanzamiento-de-la-decima-catedra-de-historia-regional-de-manizales-y-caldas-rendira-homenaje-a-emilio-robledo-correa\\\/#primaryimage\"},\"thumbnailUrl\":\"https:\\\/\\\/www.ucaldas.edu.co\\\/portal\\\/wp-content\\\/uploads\\\/2025\\\/07\\\/Invtacion-Concierto-1-1_page-00011-e1752786260624.jpg\",\"keywords\":[\"catedra de historia regional\",\"emilio robledo\"],\"articleSection\":[\"Actualidad\",\"Universidad al D\u00eda\",\"UCaldas Cultural\"],\"inLanguage\":\"es\"},{\"@type\":\"WebPage\",\"@id\":\"https:\\\/\\\/www.ucaldas.edu.co\\\/portal\\\/pre-lanzamiento-de-la-decima-catedra-de-historia-regional-de-manizales-y-caldas-rendira-homenaje-a-emilio-robledo-correa\\\/\",\"url\":\"https:\\\/\\\/www.ucaldas.edu.co\\\/portal\\\/pre-lanzamiento-de-la-decima-catedra-de-historia-regional-de-manizales-y-caldas-rendira-homenaje-a-emilio-robledo-correa\\\/\",\"name\":\"Pre lanzamiento de la D\u00e9cima C\u00e1tedra de Historia Regional de Manizales y Caldas rendir\u00e1 homenaje a Emilio Robledo Correa .\",\"isPartOf\":{\"@id\":\"https:\\\/\\\/www.ucaldas.edu.co\\\/portal\\\/#website\"},\"primaryImageOfPage\":{\"@id\":\"https:\\\/\\\/www.ucaldas.edu.co\\\/portal\\\/pre-lanzamiento-de-la-decima-catedra-de-historia-regional-de-manizales-y-caldas-rendira-homenaje-a-emilio-robledo-correa\\\/#primaryimage\"},\"image\":{\"@id\":\"https:\\\/\\\/www.ucaldas.edu.co\\\/portal\\\/pre-lanzamiento-de-la-decima-catedra-de-historia-regional-de-manizales-y-caldas-rendira-homenaje-a-emilio-robledo-correa\\\/#primaryimage\"},\"thumbnailUrl\":\"https:\\\/\\\/www.ucaldas.edu.co\\\/portal\\\/wp-content\\\/uploads\\\/2025\\\/07\\\/Invtacion-Concierto-1-1_page-00011-e1752786260624.jpg\",\"datePublished\":\"2025-07-17T21:07:21+00:00\",\"breadcrumb\":{\"@id\":\"https:\\\/\\\/www.ucaldas.edu.co\\\/portal\\\/pre-lanzamiento-de-la-decima-catedra-de-historia-regional-de-manizales-y-caldas-rendira-homenaje-a-emilio-robledo-correa\\\/#breadcrumb\"},\"inLanguage\":\"es\",\"potentialAction\":[{\"@type\":\"ReadAction\",\"target\":[\"https:\\\/\\\/www.ucaldas.edu.co\\\/portal\\\/pre-lanzamiento-de-la-decima-catedra-de-historia-regional-de-manizales-y-caldas-rendira-homenaje-a-emilio-robledo-correa\\\/\"]}]},{\"@type\":\"ImageObject\",\"inLanguage\":\"es\",\"@id\":\"https:\\\/\\\/www.ucaldas.edu.co\\\/portal\\\/pre-lanzamiento-de-la-decima-catedra-de-historia-regional-de-manizales-y-caldas-rendira-homenaje-a-emilio-robledo-correa\\\/#primaryimage\",\"url\":\"https:\\\/\\\/www.ucaldas.edu.co\\\/portal\\\/wp-content\\\/uploads\\\/2025\\\/07\\\/Invtacion-Concierto-1-1_page-00011-e1752786260624.jpg\",\"contentUrl\":\"https:\\\/\\\/www.ucaldas.edu.co\\\/portal\\\/wp-content\\\/uploads\\\/2025\\\/07\\\/Invtacion-Concierto-1-1_page-00011-e1752786260624.jpg\",\"width\":900,\"height\":900,\"caption\":\"C\u00e1tedra de Historia Regional\"},{\"@type\":\"BreadcrumbList\",\"@id\":\"https:\\\/\\\/www.ucaldas.edu.co\\\/portal\\\/pre-lanzamiento-de-la-decima-catedra-de-historia-regional-de-manizales-y-caldas-rendira-homenaje-a-emilio-robledo-correa\\\/#breadcrumb\",\"itemListElement\":[{\"@type\":\"ListItem\",\"position\":1,\"name\":\"Portada\",\"item\":\"https:\\\/\\\/www.ucaldas.edu.co\\\/portal\\\/\"},{\"@type\":\"ListItem\",\"position\":2,\"name\":\"Pre lanzamiento de la D\u00e9cima C\u00e1tedra de Historia Regional de Manizales y Caldas rendir\u00e1 homenaje a Emilio Robledo Correa\"}]},{\"@type\":\"WebSite\",\"@id\":\"https:\\\/\\\/www.ucaldas.edu.co\\\/portal\\\/#website\",\"url\":\"https:\\\/\\\/www.ucaldas.edu.co\\\/portal\\\/\",\"name\":\"Universidad de Caldas\",\"description\":\"\",\"publisher\":{\"@id\":\"https:\\\/\\\/www.ucaldas.edu.co\\\/portal\\\/#organization\"},\"alternateName\":\"U. de Caldas\",\"potentialAction\":[{\"@type\":\"SearchAction\",\"target\":{\"@type\":\"EntryPoint\",\"urlTemplate\":\"https:\\\/\\\/www.ucaldas.edu.co\\\/portal\\\/?s={search_term_string}\"},\"query-input\":{\"@type\":\"PropertyValueSpecification\",\"valueRequired\":true,\"valueName\":\"search_term_string\"}}],\"inLanguage\":\"es\"},{\"@type\":\"Organization\",\"@id\":\"https:\\\/\\\/www.ucaldas.edu.co\\\/portal\\\/#organization\",\"name\":\"Universidad de Caldas\",\"alternateName\":\"U. de Caldas\",\"url\":\"https:\\\/\\\/www.ucaldas.edu.co\\\/portal\\\/\",\"logo\":{\"@type\":\"ImageObject\",\"inLanguage\":\"es\",\"@id\":\"https:\\\/\\\/www.ucaldas.edu.co\\\/portal\\\/#\\\/schema\\\/logo\\\/image\\\/\",\"url\":\"https:\\\/\\\/www.ucaldas.edu.co\\\/portal\\\/wp-content\\\/uploads\\\/2023\\\/11\\\/Logo_horizontal_oscuroU-2023.png\",\"contentUrl\":\"https:\\\/\\\/www.ucaldas.edu.co\\\/portal\\\/wp-content\\\/uploads\\\/2023\\\/11\\\/Logo_horizontal_oscuroU-2023.png\",\"width\":263,\"height\":101,\"caption\":\"Universidad de Caldas\"},\"image\":{\"@id\":\"https:\\\/\\\/www.ucaldas.edu.co\\\/portal\\\/#\\\/schema\\\/logo\\\/image\\\/\"},\"sameAs\":[\"https:\\\/\\\/www.facebook.com\\\/udecaldas\",\"https:\\\/\\\/x.com\\\/udecaldas\",\"https:\\\/\\\/www.youtube.com\\\/universidadcaldas\",\"https:\\\/\\\/www.instagram.com\\\/udecaldas\\\/\"]},{\"@type\":\"Person\",\"@id\":\"https:\\\/\\\/www.ucaldas.edu.co\\\/portal\\\/#\\\/schema\\\/person\\\/a1b482e23449158b4bc319926c074fdf\",\"name\":\"ofiprensa\",\"image\":{\"@type\":\"ImageObject\",\"inLanguage\":\"es\",\"@id\":\"https:\\\/\\\/www.ucaldas.edu.co\\\/portal\\\/wp-content\\\/litespeed\\\/avatar\\\/09ea5085e600095a7a811142c6944527.jpg?ver=1777497608\",\"url\":\"https:\\\/\\\/www.ucaldas.edu.co\\\/portal\\\/wp-content\\\/litespeed\\\/avatar\\\/09ea5085e600095a7a811142c6944527.jpg?ver=1777497608\",\"contentUrl\":\"https:\\\/\\\/www.ucaldas.edu.co\\\/portal\\\/wp-content\\\/litespeed\\\/avatar\\\/09ea5085e600095a7a811142c6944527.jpg?ver=1777497608\",\"caption\":\"ofiprensa\"},\"url\":\"https:\\\/\\\/www.ucaldas.edu.co\\\/portal\\\/author\\\/ofiprensa\\\/\"}]}<\/script>\n<!-- \/ Yoast SEO plugin. -->","yoast_head_json":{"title":"Pre lanzamiento de la D\u00e9cima C\u00e1tedra de Historia Regional de Manizales y Caldas rendir\u00e1 homenaje a Emilio Robledo Correa .","robots":{"index":"index","follow":"follow","max-snippet":"max-snippet:-1","max-image-preview":"max-image-preview:large","max-video-preview":"max-video-preview:-1"},"canonical":"https:\/\/www.ucaldas.edu.co\/portal\/pre-lanzamiento-de-la-decima-catedra-de-historia-regional-de-manizales-y-caldas-rendira-homenaje-a-emilio-robledo-correa\/","schema":{"@context":"https:\/\/schema.org","@graph":[{"@type":"Article","@id":"https:\/\/www.ucaldas.edu.co\/portal\/pre-lanzamiento-de-la-decima-catedra-de-historia-regional-de-manizales-y-caldas-rendira-homenaje-a-emilio-robledo-correa\/#article","isPartOf":{"@id":"https:\/\/www.ucaldas.edu.co\/portal\/pre-lanzamiento-de-la-decima-catedra-de-historia-regional-de-manizales-y-caldas-rendira-homenaje-a-emilio-robledo-correa\/"},"author":{"name":"ofiprensa","@id":"https:\/\/www.ucaldas.edu.co\/portal\/#\/schema\/person\/a1b482e23449158b4bc319926c074fdf"},"headline":"Pre lanzamiento de la D\u00e9cima C\u00e1tedra de Historia Regional de Manizales y Caldas rendir\u00e1 homenaje a Emilio Robledo Correa","datePublished":"2025-07-17T21:07:21+00:00","mainEntityOfPage":{"@id":"https:\/\/www.ucaldas.edu.co\/portal\/pre-lanzamiento-de-la-decima-catedra-de-historia-regional-de-manizales-y-caldas-rendira-homenaje-a-emilio-robledo-correa\/"},"wordCount":495,"publisher":{"@id":"https:\/\/www.ucaldas.edu.co\/portal\/#organization"},"image":{"@id":"https:\/\/www.ucaldas.edu.co\/portal\/pre-lanzamiento-de-la-decima-catedra-de-historia-regional-de-manizales-y-caldas-rendira-homenaje-a-emilio-robledo-correa\/#primaryimage"},"thumbnailUrl":"https:\/\/www.ucaldas.edu.co\/portal\/wp-content\/uploads\/2025\/07\/Invtacion-Concierto-1-1_page-00011-e1752786260624.jpg","keywords":["catedra de historia regional","emilio robledo"],"articleSection":["Actualidad","Universidad al D\u00eda","UCaldas Cultural"],"inLanguage":"es"},{"@type":"WebPage","@id":"https:\/\/www.ucaldas.edu.co\/portal\/pre-lanzamiento-de-la-decima-catedra-de-historia-regional-de-manizales-y-caldas-rendira-homenaje-a-emilio-robledo-correa\/","url":"https:\/\/www.ucaldas.edu.co\/portal\/pre-lanzamiento-de-la-decima-catedra-de-historia-regional-de-manizales-y-caldas-rendira-homenaje-a-emilio-robledo-correa\/","name":"Pre lanzamiento de la D\u00e9cima C\u00e1tedra de Historia Regional de Manizales y Caldas rendir\u00e1 homenaje a Emilio Robledo Correa .","isPartOf":{"@id":"https:\/\/www.ucaldas.edu.co\/portal\/#website"},"primaryImageOfPage":{"@id":"https:\/\/www.ucaldas.edu.co\/portal\/pre-lanzamiento-de-la-decima-catedra-de-historia-regional-de-manizales-y-caldas-rendira-homenaje-a-emilio-robledo-correa\/#primaryimage"},"image":{"@id":"https:\/\/www.ucaldas.edu.co\/portal\/pre-lanzamiento-de-la-decima-catedra-de-historia-regional-de-manizales-y-caldas-rendira-homenaje-a-emilio-robledo-correa\/#primaryimage"},"thumbnailUrl":"https:\/\/www.ucaldas.edu.co\/portal\/wp-content\/uploads\/2025\/07\/Invtacion-Concierto-1-1_page-00011-e1752786260624.jpg","datePublished":"2025-07-17T21:07:21+00:00","breadcrumb":{"@id":"https:\/\/www.ucaldas.edu.co\/portal\/pre-lanzamiento-de-la-decima-catedra-de-historia-regional-de-manizales-y-caldas-rendira-homenaje-a-emilio-robledo-correa\/#breadcrumb"},"inLanguage":"es","potentialAction":[{"@type":"ReadAction","target":["https:\/\/www.ucaldas.edu.co\/portal\/pre-lanzamiento-de-la-decima-catedra-de-historia-regional-de-manizales-y-caldas-rendira-homenaje-a-emilio-robledo-correa\/"]}]},{"@type":"ImageObject","inLanguage":"es","@id":"https:\/\/www.ucaldas.edu.co\/portal\/pre-lanzamiento-de-la-decima-catedra-de-historia-regional-de-manizales-y-caldas-rendira-homenaje-a-emilio-robledo-correa\/#primaryimage","url":"https:\/\/www.ucaldas.edu.co\/portal\/wp-content\/uploads\/2025\/07\/Invtacion-Concierto-1-1_page-00011-e1752786260624.jpg","contentUrl":"https:\/\/www.ucaldas.edu.co\/portal\/wp-content\/uploads\/2025\/07\/Invtacion-Concierto-1-1_page-00011-e1752786260624.jpg","width":900,"height":900,"caption":"C\u00e1tedra de Historia Regional"},{"@type":"BreadcrumbList","@id":"https:\/\/www.ucaldas.edu.co\/portal\/pre-lanzamiento-de-la-decima-catedra-de-historia-regional-de-manizales-y-caldas-rendira-homenaje-a-emilio-robledo-correa\/#breadcrumb","itemListElement":[{"@type":"ListItem","position":1,"name":"Portada","item":"https:\/\/www.ucaldas.edu.co\/portal\/"},{"@type":"ListItem","position":2,"name":"Pre lanzamiento de la D\u00e9cima C\u00e1tedra de Historia Regional de Manizales y Caldas rendir\u00e1 homenaje a Emilio Robledo Correa"}]},{"@type":"WebSite","@id":"https:\/\/www.ucaldas.edu.co\/portal\/#website","url":"https:\/\/www.ucaldas.edu.co\/portal\/","name":"Universidad de Caldas","description":"","publisher":{"@id":"https:\/\/www.ucaldas.edu.co\/portal\/#organization"},"alternateName":"U. de Caldas","potentialAction":[{"@type":"SearchAction","target":{"@type":"EntryPoint","urlTemplate":"https:\/\/www.ucaldas.edu.co\/portal\/?s={search_term_string}"},"query-input":{"@type":"PropertyValueSpecification","valueRequired":true,"valueName":"search_term_string"}}],"inLanguage":"es"},{"@type":"Organization","@id":"https:\/\/www.ucaldas.edu.co\/portal\/#organization","name":"Universidad de Caldas","alternateName":"U. de Caldas","url":"https:\/\/www.ucaldas.edu.co\/portal\/","logo":{"@type":"ImageObject","inLanguage":"es","@id":"https:\/\/www.ucaldas.edu.co\/portal\/#\/schema\/logo\/image\/","url":"https:\/\/www.ucaldas.edu.co\/portal\/wp-content\/uploads\/2023\/11\/Logo_horizontal_oscuroU-2023.png","contentUrl":"https:\/\/www.ucaldas.edu.co\/portal\/wp-content\/uploads\/2023\/11\/Logo_horizontal_oscuroU-2023.png","width":263,"height":101,"caption":"Universidad de Caldas"},"image":{"@id":"https:\/\/www.ucaldas.edu.co\/portal\/#\/schema\/logo\/image\/"},"sameAs":["https:\/\/www.facebook.com\/udecaldas","https:\/\/x.com\/udecaldas","https:\/\/www.youtube.com\/universidadcaldas","https:\/\/www.instagram.com\/udecaldas\/"]},{"@type":"Person","@id":"https:\/\/www.ucaldas.edu.co\/portal\/#\/schema\/person\/a1b482e23449158b4bc319926c074fdf","name":"ofiprensa","image":{"@type":"ImageObject","inLanguage":"es","@id":"https:\/\/www.ucaldas.edu.co\/portal\/wp-content\/litespeed\/avatar\/09ea5085e600095a7a811142c6944527.jpg?ver=1777497608","url":"https:\/\/www.ucaldas.edu.co\/portal\/wp-content\/litespeed\/avatar\/09ea5085e600095a7a811142c6944527.jpg?ver=1777497608","contentUrl":"https:\/\/www.ucaldas.edu.co\/portal\/wp-content\/litespeed\/avatar\/09ea5085e600095a7a811142c6944527.jpg?ver=1777497608","caption":"ofiprensa"},"url":"https:\/\/www.ucaldas.edu.co\/portal\/author\/ofiprensa\/"}]}},"_links":{"self":[{"href":"https:\/\/www.ucaldas.edu.co\/portal\/wp-json\/wp\/v2\/posts\/88620","targetHints":{"allow":["GET"]}}],"collection":[{"href":"https:\/\/www.ucaldas.edu.co\/portal\/wp-json\/wp\/v2\/posts"}],"about":[{"href":"https:\/\/www.ucaldas.edu.co\/portal\/wp-json\/wp\/v2\/types\/post"}],"author":[{"embeddable":true,"href":"https:\/\/www.ucaldas.edu.co\/portal\/wp-json\/wp\/v2\/users\/2"}],"replies":[{"embeddable":true,"href":"https:\/\/www.ucaldas.edu.co\/portal\/wp-json\/wp\/v2\/comments?post=88620"}],"version-history":[{"count":0,"href":"https:\/\/www.ucaldas.edu.co\/portal\/wp-json\/wp\/v2\/posts\/88620\/revisions"}],"wp:featuredmedia":[{"embeddable":true,"href":"https:\/\/www.ucaldas.edu.co\/portal\/wp-json\/wp\/v2\/media\/88621"}],"wp:attachment":[{"href":"https:\/\/www.ucaldas.edu.co\/portal\/wp-json\/wp\/v2\/media?parent=88620"}],"wp:term":[{"taxonomy":"category","embeddable":true,"href":"https:\/\/www.ucaldas.edu.co\/portal\/wp-json\/wp\/v2\/categories?post=88620"},{"taxonomy":"post_tag","embeddable":true,"href":"https:\/\/www.ucaldas.edu.co\/portal\/wp-json\/wp\/v2\/tags?post=88620"}],"curies":[{"name":"wp","href":"https:\/\/api.w.org\/{rel}","templated":true}]}}