{"id":88470,"date":"2025-07-15T16:39:45","date_gmt":"2025-07-15T21:39:45","guid":{"rendered":"https:\/\/www.ucaldas.edu.co\/portal\/?p=88470"},"modified":"2025-07-15T16:39:45","modified_gmt":"2025-07-15T21:39:45","slug":"universidad-de-caldas-fortalece-su-oferta-academica-con-nuevos-y-renovados-registros-calificados","status":"publish","type":"post","link":"https:\/\/www.ucaldas.edu.co\/portal\/universidad-de-caldas-fortalece-su-oferta-academica-con-nuevos-y-renovados-registros-calificados\/","title":{"rendered":"Universidad de Caldas fortalece su oferta acad\u00e9mica con nuevos y renovados Registros Calificados"},"content":{"rendered":"<p><img loading=\"lazy\" decoding=\"async\" class=\"alignnone wp-image-88471 size-full\" src=\"https:\/\/www.ucaldas.edu.co\/portal\/wp-content\/uploads\/2025\/07\/Corresponsales-151-scaled-e1752615121868.png\" alt=\"Registro Calificado Universidad de Caldas\" width=\"900\" height=\"547\" \/><\/p>\n<p style=\"text-align: justify;\">La Universidad de Caldas contin\u00faa consolid\u00e1ndose como una instituci\u00f3n comprometida con la excelencia acad\u00e9mica y la formaci\u00f3n pertinente para el desarrollo regional y nacional. Recientemente, el Ministerio de Educaci\u00f3n Nacional otorg\u00f3 o renov\u00f3 el registro calificado a cuatro programas acad\u00e9micos, reafirmando su calidad, proyecci\u00f3n y pertinencia en diversas \u00e1reas del conocimiento.<!--more--><\/p>\n<ol style=\"text-align: justify;\">\n<li><strong>Renovaci\u00f3n del Registro Calificado: Especializaci\u00f3n en Administraci\u00f3n y Evaluaci\u00f3n de Proyectos Agropecuarios y Agroindustriales<\/strong><\/li>\n<\/ol>\n<p style=\"text-align: justify;\">Este programa de posgrado, con m\u00e1s de 22 a\u00f1os de trayectoria, fortalece la capacidad de profesionales para liderar, formular y evaluar proyectos agropecuarios y agroindustriales, integrando una visi\u00f3n te\u00f3rico-pr\u00e1ctica desde la administraci\u00f3n y el desarrollo rural.<\/p>\n<p style=\"text-align: justify;\">En un contexto nacional marcado por pol\u00edticas como los Programas de Desarrollo con Enfoque Territorial (PDET), las Zonas de Reserva Campesina o la Ley de Innovaci\u00f3n Agropecuaria, esta especializaci\u00f3n cobra especial relevancia al formar profesionales capaces de gerenciar iniciativas que respondan a las din\u00e1micas de los territorios rurales.<\/p>\n<p style=\"text-align: justify;\">El proceso de renovaci\u00f3n, liderado entre direcci\u00f3n del programa y la vicerrector\u00eda Acad\u00e9mica, culmin\u00f3 exitosamente con la asignaci\u00f3n del registro por siete a\u00f1os, un respaldo institucional que compromete a la universidad a seguir consolidando cohortes que impulsen el desarrollo agropecuario del pa\u00eds.<\/p>\n<ol style=\"text-align: justify;\" start=\"2\">\n<li><strong>Renovaci\u00f3n del Registro Calificado: Tecnolog\u00eda en Finanzas<\/strong><\/li>\n<\/ol>\n<p style=\"text-align: justify;\">La Tecnolog\u00eda en Finanzas renov\u00f3 su registro calificado tras un riguroso proceso de evaluaci\u00f3n del Ministerio de Educaci\u00f3n Nacional. Este programa, que se ofrece en Manizales, Anserma, Riosucio, La Dorada y San Jos\u00e9, super\u00f3 satisfactoriamente las 15 condiciones de calidad exigidas, que incluyen aspectos curriculares, infraestructura, planta docente y pertinencia social.<\/p>\n<p style=\"text-align: justify;\">Es importante resaltar que, aunque la Universidad de Caldas cuenta con acreditaci\u00f3n institucional de alta calidad, en los municipios fuera de Manizales se realizan visitas de pares acad\u00e9micos como parte del proceso de verificaci\u00f3n.<\/p>\n<p style=\"text-align: justify;\">Esta renovaci\u00f3n garantiza a los aspirantes y estudiantes actuales que el programa cumple con altos est\u00e1ndares de formaci\u00f3n, brindando confianza y respaldo a quienes optan por esta carrera t\u00e9cnica como puerta de entrada al sector financiero y administrativo del pa\u00eds.<\/p>\n<ol style=\"text-align: justify;\" start=\"3\">\n<li><strong>Nuevo Registro Calificado: Programa Profesional en Ciencia de Datos<\/strong><\/li>\n<\/ol>\n<p style=\"text-align: justify;\">Por medio de la Resoluci\u00f3n 013248 del 24 de junio de 2025, el Ministerio de Educaci\u00f3n Nacional otorg\u00f3 el registro calificado por 7 a\u00f1os al nuevo Programa Profesional en Ciencia de Datos, una apuesta de la Facultad de Ciencias Exactas y Naturales y el Departamento de Matem\u00e1ticas por la formaci\u00f3n en tecnolog\u00edas emergentes.<\/p>\n<p style=\"text-align: justify;\">Este programa nace como respuesta a las demandas del pa\u00eds en anal\u00edtica de datos, inteligencia artificial y toma de decisiones basada en informaci\u00f3n.<\/p>\n<p style=\"text-align: justify;\">Su enfoque pedag\u00f3gico desde la educaci\u00f3n 4.0 integra matem\u00e1ticas, estad\u00edstica, computaci\u00f3n cient\u00edfica y herramientas como Python, R, SQL, Tableau o Power BI.<\/p>\n<p style=\"text-align: justify;\">El programa se ofertar\u00e1 inicialmente en Manizales, con posibilidad de expansi\u00f3n a sedes regionales como Aguadas, Anserma y La Dorada. Forma parte de un ecosistema de formaci\u00f3n que incluye adem\u00e1s un programa tecnol\u00f3gico en anal\u00edtica predictiva y uno t\u00e9cnico profesional en an\u00e1lisis y reporte de datos.<\/p>\n<ol style=\"text-align: justify;\" start=\"4\">\n<li><strong>Renovaci\u00f3n del Registro Calificado: Especializaci\u00f3n en Derecho Laboral y Seguridad en el Trabajo<\/strong><\/li>\n<\/ol>\n<p style=\"text-align: justify;\">El Ministerio de Educaci\u00f3n Nacional ha emitido la Resoluci\u00f3n No. 013386 el 26 de junio de 2025, por la cual se renueva el registro calificado del programa de Especializaci\u00f3n en Derecho Laboral y Seguridad Social de la Universidad de Caldas, ofrecido en la modalidad presencial en Manizales (Caldas). La renovaci\u00f3n se otorga por un per\u00edodo de siete a\u00f1os, en reconocimiento de que la universidad cuenta con Acreditaci\u00f3n Institucional de Alta Calidad. El programa est\u00e1 dise\u00f1ado con 32 cr\u00e9ditos acad\u00e9micos y una duraci\u00f3n de un a\u00f1o, con admisi\u00f3n anual de 11 estudiantes en el primer per\u00edodo. La Universidad deber\u00e1 actualizar la informaci\u00f3n del programa en el Sistema Nacional de Informaci\u00f3n de la Educaci\u00f3n Superior (SNIES) y garantizar que la oferta y publicidad del programa sean claras y veraces, incluyendo que la instituci\u00f3n est\u00e1 sujeta a inspecci\u00f3n y vigilancia por parte del Ministerio de Educaci\u00f3n Nacional.<\/p>\n<p style=\"text-align: justify;\"><strong>Anexo <\/strong><\/p>\n<p style=\"text-align: justify;\"><a href=\"https:\/\/www.ucaldas.edu.co\/portal\/wp-content\/uploads\/2025\/07\/Directora-del-Programa-de-Tecnologia-en-Finanzas-Maria-del-Socorro-Candamil-Calle.mp3\"><strong>-Audio Mar\u00eda del Socorro Candamil Calle, directora del Programa de Tecnolog\u00eda en Finanzas.<\/strong><\/a><\/p>\n<audio class=\"wp-audio-shortcode\" id=\"audio-88470-1\" preload=\"none\" style=\"width: 100%;\" controls=\"controls\"><source type=\"audio\/mpeg\" src=\"https:\/\/www.ucaldas.edu.co\/portal\/wp-content\/uploads\/2025\/07\/Directora-del-Programa-de-Tecnologia-en-Finanzas-Maria-del-Socorro-Candamil-Calle.mp3?_=1\" \/><a href=\"https:\/\/www.ucaldas.edu.co\/portal\/wp-content\/uploads\/2025\/07\/Directora-del-Programa-de-Tecnologia-en-Finanzas-Maria-del-Socorro-Candamil-Calle.mp3\">https:\/\/www.ucaldas.edu.co\/portal\/wp-content\/uploads\/2025\/07\/Directora-del-Programa-de-Tecnologia-en-Finanzas-Maria-del-Socorro-Candamil-Calle.mp3<\/a><\/audio>\n<p style=\"text-align: justify;\"><a href=\"https:\/\/www.ucaldas.edu.co\/portal\/wp-content\/uploads\/2025\/07\/Administracion-Proyectos-Agropecuarios-Carlos-jimenes-Registro-calificado.mp3\"><strong>-Audio Carlos Eduardo Jim\u00e9nez, Especializaci\u00f3n en Administraci\u00f3n y Evaluaci\u00f3n de Proyectos Agropecuarios y Agroindustriales.<\/strong><\/a><\/p>\n<audio class=\"wp-audio-shortcode\" id=\"audio-88470-2\" preload=\"none\" style=\"width: 100%;\" controls=\"controls\"><source type=\"audio\/mpeg\" src=\"https:\/\/www.ucaldas.edu.co\/portal\/wp-content\/uploads\/2025\/07\/Administracion-Proyectos-Agropecuarios-Carlos-jimenes-Registro-calificado.mp3?_=2\" \/><a href=\"https:\/\/www.ucaldas.edu.co\/portal\/wp-content\/uploads\/2025\/07\/Administracion-Proyectos-Agropecuarios-Carlos-jimenes-Registro-calificado.mp3\">https:\/\/www.ucaldas.edu.co\/portal\/wp-content\/uploads\/2025\/07\/Administracion-Proyectos-Agropecuarios-Carlos-jimenes-Registro-calificado.mp3<\/a><\/audio>\n<p style=\"text-align: justify;\"><a href=\"https:\/\/www.ucaldas.edu.co\/portal\/wp-content\/uploads\/2025\/07\/Ciencia-de-Datos.mp3\"><strong>-Audio Kevin Esmeral, profesor del Departamento de Matem\u00e1ticas y Profesional en Ciencia de Datos.<\/strong><\/a><\/p>\n<audio class=\"wp-audio-shortcode\" id=\"audio-88470-3\" preload=\"none\" style=\"width: 100%;\" controls=\"controls\"><source type=\"audio\/mpeg\" src=\"https:\/\/www.ucaldas.edu.co\/portal\/wp-content\/uploads\/2025\/07\/Ciencia-de-Datos.mp3?_=3\" \/><a href=\"https:\/\/www.ucaldas.edu.co\/portal\/wp-content\/uploads\/2025\/07\/Ciencia-de-Datos.mp3\">https:\/\/www.ucaldas.edu.co\/portal\/wp-content\/uploads\/2025\/07\/Ciencia-de-Datos.mp3<\/a><\/audio>\n","protected":false},"excerpt":{"rendered":"<p>La Universidad de Caldas contin\u00faa consolid\u00e1ndose como una instituci\u00f3n comprometida con la excelencia acad\u00e9mica y la formaci\u00f3n pertinente para el desarrollo regional y nacional. Recientemente, el Ministerio de Educaci\u00f3n Nacional otorg\u00f3 o renov\u00f3 el registro calificado a cuatro programas acad\u00e9micos, reafirmando su calidad, proyecci\u00f3n y pertinencia en diversas \u00e1reas del conocimiento.<\/p>\n","protected":false},"author":2,"featured_media":88471,"comment_status":"closed","ping_status":"open","sticky":false,"template":"","format":"standard","meta":{"footnotes":""},"categories":[48,53],"tags":[888,5990],"class_list":["post-88470","post","type-post","status-publish","format-standard","has-post-thumbnail","hentry","category-actualidad","category-universidad-al-dia","tag-registro-calificado","tag-renovacion-registro-calificado"],"yoast_head":"<!-- This site is optimized with the Yoast SEO plugin v27.4 - https:\/\/yoast.com\/product\/yoast-seo-wordpress\/ -->\n<title>Universidad de Caldas fortalece su oferta acad\u00e9mica con nuevos y renovados Registros Calificados .<\/title>\n<meta name=\"robots\" content=\"index, follow, max-snippet:-1, max-image-preview:large, max-video-preview:-1\" \/>\n<link rel=\"canonical\" href=\"https:\/\/www.ucaldas.edu.co\/portal\/universidad-de-caldas-fortalece-su-oferta-academica-con-nuevos-y-renovados-registros-calificados\/\" \/>\n<script type=\"application\/ld+json\" class=\"yoast-schema-graph\">{\"@context\":\"https:\\\/\\\/schema.org\",\"@graph\":[{\"@type\":\"Article\",\"@id\":\"https:\\\/\\\/www.ucaldas.edu.co\\\/portal\\\/universidad-de-caldas-fortalece-su-oferta-academica-con-nuevos-y-renovados-registros-calificados\\\/#article\",\"isPartOf\":{\"@id\":\"https:\\\/\\\/www.ucaldas.edu.co\\\/portal\\\/universidad-de-caldas-fortalece-su-oferta-academica-con-nuevos-y-renovados-registros-calificados\\\/\"},\"author\":{\"name\":\"ofiprensa\",\"@id\":\"https:\\\/\\\/www.ucaldas.edu.co\\\/portal\\\/#\\\/schema\\\/person\\\/a1b482e23449158b4bc319926c074fdf\"},\"headline\":\"Universidad de Caldas fortalece su oferta acad\u00e9mica con nuevos y renovados Registros Calificados\",\"datePublished\":\"2025-07-15T21:39:45+00:00\",\"mainEntityOfPage\":{\"@id\":\"https:\\\/\\\/www.ucaldas.edu.co\\\/portal\\\/universidad-de-caldas-fortalece-su-oferta-academica-con-nuevos-y-renovados-registros-calificados\\\/\"},\"wordCount\":809,\"publisher\":{\"@id\":\"https:\\\/\\\/www.ucaldas.edu.co\\\/portal\\\/#organization\"},\"image\":{\"@id\":\"https:\\\/\\\/www.ucaldas.edu.co\\\/portal\\\/universidad-de-caldas-fortalece-su-oferta-academica-con-nuevos-y-renovados-registros-calificados\\\/#primaryimage\"},\"thumbnailUrl\":\"https:\\\/\\\/www.ucaldas.edu.co\\\/portal\\\/wp-content\\\/uploads\\\/2025\\\/07\\\/Corresponsales-151-scaled-e1752615121868.png\",\"keywords\":[\"registro calificado\",\"renovaci\u00f3n registro calificado\"],\"articleSection\":[\"Actualidad\",\"Universidad al D\u00eda\"],\"inLanguage\":\"es\"},{\"@type\":\"WebPage\",\"@id\":\"https:\\\/\\\/www.ucaldas.edu.co\\\/portal\\\/universidad-de-caldas-fortalece-su-oferta-academica-con-nuevos-y-renovados-registros-calificados\\\/\",\"url\":\"https:\\\/\\\/www.ucaldas.edu.co\\\/portal\\\/universidad-de-caldas-fortalece-su-oferta-academica-con-nuevos-y-renovados-registros-calificados\\\/\",\"name\":\"Universidad de Caldas fortalece su oferta acad\u00e9mica con nuevos y renovados Registros Calificados .\",\"isPartOf\":{\"@id\":\"https:\\\/\\\/www.ucaldas.edu.co\\\/portal\\\/#website\"},\"primaryImageOfPage\":{\"@id\":\"https:\\\/\\\/www.ucaldas.edu.co\\\/portal\\\/universidad-de-caldas-fortalece-su-oferta-academica-con-nuevos-y-renovados-registros-calificados\\\/#primaryimage\"},\"image\":{\"@id\":\"https:\\\/\\\/www.ucaldas.edu.co\\\/portal\\\/universidad-de-caldas-fortalece-su-oferta-academica-con-nuevos-y-renovados-registros-calificados\\\/#primaryimage\"},\"thumbnailUrl\":\"https:\\\/\\\/www.ucaldas.edu.co\\\/portal\\\/wp-content\\\/uploads\\\/2025\\\/07\\\/Corresponsales-151-scaled-e1752615121868.png\",\"datePublished\":\"2025-07-15T21:39:45+00:00\",\"breadcrumb\":{\"@id\":\"https:\\\/\\\/www.ucaldas.edu.co\\\/portal\\\/universidad-de-caldas-fortalece-su-oferta-academica-con-nuevos-y-renovados-registros-calificados\\\/#breadcrumb\"},\"inLanguage\":\"es\",\"potentialAction\":[{\"@type\":\"ReadAction\",\"target\":[\"https:\\\/\\\/www.ucaldas.edu.co\\\/portal\\\/universidad-de-caldas-fortalece-su-oferta-academica-con-nuevos-y-renovados-registros-calificados\\\/\"]}]},{\"@type\":\"ImageObject\",\"inLanguage\":\"es\",\"@id\":\"https:\\\/\\\/www.ucaldas.edu.co\\\/portal\\\/universidad-de-caldas-fortalece-su-oferta-academica-con-nuevos-y-renovados-registros-calificados\\\/#primaryimage\",\"url\":\"https:\\\/\\\/www.ucaldas.edu.co\\\/portal\\\/wp-content\\\/uploads\\\/2025\\\/07\\\/Corresponsales-151-scaled-e1752615121868.png\",\"contentUrl\":\"https:\\\/\\\/www.ucaldas.edu.co\\\/portal\\\/wp-content\\\/uploads\\\/2025\\\/07\\\/Corresponsales-151-scaled-e1752615121868.png\",\"width\":900,\"height\":547,\"caption\":\"Registro Calificado Universidad de Caldas\"},{\"@type\":\"BreadcrumbList\",\"@id\":\"https:\\\/\\\/www.ucaldas.edu.co\\\/portal\\\/universidad-de-caldas-fortalece-su-oferta-academica-con-nuevos-y-renovados-registros-calificados\\\/#breadcrumb\",\"itemListElement\":[{\"@type\":\"ListItem\",\"position\":1,\"name\":\"Portada\",\"item\":\"https:\\\/\\\/www.ucaldas.edu.co\\\/portal\\\/\"},{\"@type\":\"ListItem\",\"position\":2,\"name\":\"Universidad de Caldas fortalece su oferta acad\u00e9mica con nuevos y renovados Registros Calificados\"}]},{\"@type\":\"WebSite\",\"@id\":\"https:\\\/\\\/www.ucaldas.edu.co\\\/portal\\\/#website\",\"url\":\"https:\\\/\\\/www.ucaldas.edu.co\\\/portal\\\/\",\"name\":\"Universidad de Caldas\",\"description\":\"\",\"publisher\":{\"@id\":\"https:\\\/\\\/www.ucaldas.edu.co\\\/portal\\\/#organization\"},\"alternateName\":\"U. de Caldas\",\"potentialAction\":[{\"@type\":\"SearchAction\",\"target\":{\"@type\":\"EntryPoint\",\"urlTemplate\":\"https:\\\/\\\/www.ucaldas.edu.co\\\/portal\\\/?s={search_term_string}\"},\"query-input\":{\"@type\":\"PropertyValueSpecification\",\"valueRequired\":true,\"valueName\":\"search_term_string\"}}],\"inLanguage\":\"es\"},{\"@type\":\"Organization\",\"@id\":\"https:\\\/\\\/www.ucaldas.edu.co\\\/portal\\\/#organization\",\"name\":\"Universidad de Caldas\",\"alternateName\":\"U. de Caldas\",\"url\":\"https:\\\/\\\/www.ucaldas.edu.co\\\/portal\\\/\",\"logo\":{\"@type\":\"ImageObject\",\"inLanguage\":\"es\",\"@id\":\"https:\\\/\\\/www.ucaldas.edu.co\\\/portal\\\/#\\\/schema\\\/logo\\\/image\\\/\",\"url\":\"https:\\\/\\\/www.ucaldas.edu.co\\\/portal\\\/wp-content\\\/uploads\\\/2023\\\/11\\\/Logo_horizontal_oscuroU-2023.png\",\"contentUrl\":\"https:\\\/\\\/www.ucaldas.edu.co\\\/portal\\\/wp-content\\\/uploads\\\/2023\\\/11\\\/Logo_horizontal_oscuroU-2023.png\",\"width\":263,\"height\":101,\"caption\":\"Universidad de Caldas\"},\"image\":{\"@id\":\"https:\\\/\\\/www.ucaldas.edu.co\\\/portal\\\/#\\\/schema\\\/logo\\\/image\\\/\"},\"sameAs\":[\"https:\\\/\\\/www.facebook.com\\\/udecaldas\",\"https:\\\/\\\/x.com\\\/udecaldas\",\"https:\\\/\\\/www.youtube.com\\\/universidadcaldas\",\"https:\\\/\\\/www.instagram.com\\\/udecaldas\\\/\"]},{\"@type\":\"Person\",\"@id\":\"https:\\\/\\\/www.ucaldas.edu.co\\\/portal\\\/#\\\/schema\\\/person\\\/a1b482e23449158b4bc319926c074fdf\",\"name\":\"ofiprensa\",\"image\":{\"@type\":\"ImageObject\",\"inLanguage\":\"es\",\"@id\":\"https:\\\/\\\/www.ucaldas.edu.co\\\/portal\\\/wp-content\\\/litespeed\\\/avatar\\\/09ea5085e600095a7a811142c6944527.jpg?ver=1776892805\",\"url\":\"https:\\\/\\\/www.ucaldas.edu.co\\\/portal\\\/wp-content\\\/litespeed\\\/avatar\\\/09ea5085e600095a7a811142c6944527.jpg?ver=1776892805\",\"contentUrl\":\"https:\\\/\\\/www.ucaldas.edu.co\\\/portal\\\/wp-content\\\/litespeed\\\/avatar\\\/09ea5085e600095a7a811142c6944527.jpg?ver=1776892805\",\"caption\":\"ofiprensa\"},\"url\":\"https:\\\/\\\/www.ucaldas.edu.co\\\/portal\\\/author\\\/ofiprensa\\\/\"}]}<\/script>\n<!-- \/ Yoast SEO plugin. -->","yoast_head_json":{"title":"Universidad de Caldas fortalece su oferta acad\u00e9mica con nuevos y renovados Registros Calificados .","robots":{"index":"index","follow":"follow","max-snippet":"max-snippet:-1","max-image-preview":"max-image-preview:large","max-video-preview":"max-video-preview:-1"},"canonical":"https:\/\/www.ucaldas.edu.co\/portal\/universidad-de-caldas-fortalece-su-oferta-academica-con-nuevos-y-renovados-registros-calificados\/","schema":{"@context":"https:\/\/schema.org","@graph":[{"@type":"Article","@id":"https:\/\/www.ucaldas.edu.co\/portal\/universidad-de-caldas-fortalece-su-oferta-academica-con-nuevos-y-renovados-registros-calificados\/#article","isPartOf":{"@id":"https:\/\/www.ucaldas.edu.co\/portal\/universidad-de-caldas-fortalece-su-oferta-academica-con-nuevos-y-renovados-registros-calificados\/"},"author":{"name":"ofiprensa","@id":"https:\/\/www.ucaldas.edu.co\/portal\/#\/schema\/person\/a1b482e23449158b4bc319926c074fdf"},"headline":"Universidad de Caldas fortalece su oferta acad\u00e9mica con nuevos y renovados Registros Calificados","datePublished":"2025-07-15T21:39:45+00:00","mainEntityOfPage":{"@id":"https:\/\/www.ucaldas.edu.co\/portal\/universidad-de-caldas-fortalece-su-oferta-academica-con-nuevos-y-renovados-registros-calificados\/"},"wordCount":809,"publisher":{"@id":"https:\/\/www.ucaldas.edu.co\/portal\/#organization"},"image":{"@id":"https:\/\/www.ucaldas.edu.co\/portal\/universidad-de-caldas-fortalece-su-oferta-academica-con-nuevos-y-renovados-registros-calificados\/#primaryimage"},"thumbnailUrl":"https:\/\/www.ucaldas.edu.co\/portal\/wp-content\/uploads\/2025\/07\/Corresponsales-151-scaled-e1752615121868.png","keywords":["registro calificado","renovaci\u00f3n registro calificado"],"articleSection":["Actualidad","Universidad al D\u00eda"],"inLanguage":"es"},{"@type":"WebPage","@id":"https:\/\/www.ucaldas.edu.co\/portal\/universidad-de-caldas-fortalece-su-oferta-academica-con-nuevos-y-renovados-registros-calificados\/","url":"https:\/\/www.ucaldas.edu.co\/portal\/universidad-de-caldas-fortalece-su-oferta-academica-con-nuevos-y-renovados-registros-calificados\/","name":"Universidad de Caldas fortalece su oferta acad\u00e9mica con nuevos y renovados Registros Calificados .","isPartOf":{"@id":"https:\/\/www.ucaldas.edu.co\/portal\/#website"},"primaryImageOfPage":{"@id":"https:\/\/www.ucaldas.edu.co\/portal\/universidad-de-caldas-fortalece-su-oferta-academica-con-nuevos-y-renovados-registros-calificados\/#primaryimage"},"image":{"@id":"https:\/\/www.ucaldas.edu.co\/portal\/universidad-de-caldas-fortalece-su-oferta-academica-con-nuevos-y-renovados-registros-calificados\/#primaryimage"},"thumbnailUrl":"https:\/\/www.ucaldas.edu.co\/portal\/wp-content\/uploads\/2025\/07\/Corresponsales-151-scaled-e1752615121868.png","datePublished":"2025-07-15T21:39:45+00:00","breadcrumb":{"@id":"https:\/\/www.ucaldas.edu.co\/portal\/universidad-de-caldas-fortalece-su-oferta-academica-con-nuevos-y-renovados-registros-calificados\/#breadcrumb"},"inLanguage":"es","potentialAction":[{"@type":"ReadAction","target":["https:\/\/www.ucaldas.edu.co\/portal\/universidad-de-caldas-fortalece-su-oferta-academica-con-nuevos-y-renovados-registros-calificados\/"]}]},{"@type":"ImageObject","inLanguage":"es","@id":"https:\/\/www.ucaldas.edu.co\/portal\/universidad-de-caldas-fortalece-su-oferta-academica-con-nuevos-y-renovados-registros-calificados\/#primaryimage","url":"https:\/\/www.ucaldas.edu.co\/portal\/wp-content\/uploads\/2025\/07\/Corresponsales-151-scaled-e1752615121868.png","contentUrl":"https:\/\/www.ucaldas.edu.co\/portal\/wp-content\/uploads\/2025\/07\/Corresponsales-151-scaled-e1752615121868.png","width":900,"height":547,"caption":"Registro Calificado Universidad de Caldas"},{"@type":"BreadcrumbList","@id":"https:\/\/www.ucaldas.edu.co\/portal\/universidad-de-caldas-fortalece-su-oferta-academica-con-nuevos-y-renovados-registros-calificados\/#breadcrumb","itemListElement":[{"@type":"ListItem","position":1,"name":"Portada","item":"https:\/\/www.ucaldas.edu.co\/portal\/"},{"@type":"ListItem","position":2,"name":"Universidad de Caldas fortalece su oferta acad\u00e9mica con nuevos y renovados Registros Calificados"}]},{"@type":"WebSite","@id":"https:\/\/www.ucaldas.edu.co\/portal\/#website","url":"https:\/\/www.ucaldas.edu.co\/portal\/","name":"Universidad de Caldas","description":"","publisher":{"@id":"https:\/\/www.ucaldas.edu.co\/portal\/#organization"},"alternateName":"U. de Caldas","potentialAction":[{"@type":"SearchAction","target":{"@type":"EntryPoint","urlTemplate":"https:\/\/www.ucaldas.edu.co\/portal\/?s={search_term_string}"},"query-input":{"@type":"PropertyValueSpecification","valueRequired":true,"valueName":"search_term_string"}}],"inLanguage":"es"},{"@type":"Organization","@id":"https:\/\/www.ucaldas.edu.co\/portal\/#organization","name":"Universidad de Caldas","alternateName":"U. de Caldas","url":"https:\/\/www.ucaldas.edu.co\/portal\/","logo":{"@type":"ImageObject","inLanguage":"es","@id":"https:\/\/www.ucaldas.edu.co\/portal\/#\/schema\/logo\/image\/","url":"https:\/\/www.ucaldas.edu.co\/portal\/wp-content\/uploads\/2023\/11\/Logo_horizontal_oscuroU-2023.png","contentUrl":"https:\/\/www.ucaldas.edu.co\/portal\/wp-content\/uploads\/2023\/11\/Logo_horizontal_oscuroU-2023.png","width":263,"height":101,"caption":"Universidad de Caldas"},"image":{"@id":"https:\/\/www.ucaldas.edu.co\/portal\/#\/schema\/logo\/image\/"},"sameAs":["https:\/\/www.facebook.com\/udecaldas","https:\/\/x.com\/udecaldas","https:\/\/www.youtube.com\/universidadcaldas","https:\/\/www.instagram.com\/udecaldas\/"]},{"@type":"Person","@id":"https:\/\/www.ucaldas.edu.co\/portal\/#\/schema\/person\/a1b482e23449158b4bc319926c074fdf","name":"ofiprensa","image":{"@type":"ImageObject","inLanguage":"es","@id":"https:\/\/www.ucaldas.edu.co\/portal\/wp-content\/litespeed\/avatar\/09ea5085e600095a7a811142c6944527.jpg?ver=1776892805","url":"https:\/\/www.ucaldas.edu.co\/portal\/wp-content\/litespeed\/avatar\/09ea5085e600095a7a811142c6944527.jpg?ver=1776892805","contentUrl":"https:\/\/www.ucaldas.edu.co\/portal\/wp-content\/litespeed\/avatar\/09ea5085e600095a7a811142c6944527.jpg?ver=1776892805","caption":"ofiprensa"},"url":"https:\/\/www.ucaldas.edu.co\/portal\/author\/ofiprensa\/"}]}},"_links":{"self":[{"href":"https:\/\/www.ucaldas.edu.co\/portal\/wp-json\/wp\/v2\/posts\/88470","targetHints":{"allow":["GET"]}}],"collection":[{"href":"https:\/\/www.ucaldas.edu.co\/portal\/wp-json\/wp\/v2\/posts"}],"about":[{"href":"https:\/\/www.ucaldas.edu.co\/portal\/wp-json\/wp\/v2\/types\/post"}],"author":[{"embeddable":true,"href":"https:\/\/www.ucaldas.edu.co\/portal\/wp-json\/wp\/v2\/users\/2"}],"replies":[{"embeddable":true,"href":"https:\/\/www.ucaldas.edu.co\/portal\/wp-json\/wp\/v2\/comments?post=88470"}],"version-history":[{"count":0,"href":"https:\/\/www.ucaldas.edu.co\/portal\/wp-json\/wp\/v2\/posts\/88470\/revisions"}],"wp:featuredmedia":[{"embeddable":true,"href":"https:\/\/www.ucaldas.edu.co\/portal\/wp-json\/wp\/v2\/media\/88471"}],"wp:attachment":[{"href":"https:\/\/www.ucaldas.edu.co\/portal\/wp-json\/wp\/v2\/media?parent=88470"}],"wp:term":[{"taxonomy":"category","embeddable":true,"href":"https:\/\/www.ucaldas.edu.co\/portal\/wp-json\/wp\/v2\/categories?post=88470"},{"taxonomy":"post_tag","embeddable":true,"href":"https:\/\/www.ucaldas.edu.co\/portal\/wp-json\/wp\/v2\/tags?post=88470"}],"curies":[{"name":"wp","href":"https:\/\/api.w.org\/{rel}","templated":true}]}}