{"id":88295,"date":"2025-07-03T18:10:45","date_gmt":"2025-07-03T23:10:45","guid":{"rendered":"https:\/\/www.ucaldas.edu.co\/portal\/?p=88295"},"modified":"2025-07-07T14:17:54","modified_gmt":"2025-07-07T19:17:54","slug":"viceministro-de-educacion-superior-visita-la-universidad-de-caldas-para-conocer-avances-de-la-facultad-de-inteligencia-artificial","status":"publish","type":"post","link":"https:\/\/www.ucaldas.edu.co\/portal\/viceministro-de-educacion-superior-visita-la-universidad-de-caldas-para-conocer-avances-de-la-facultad-de-inteligencia-artificial\/","title":{"rendered":"Viceministro de Educaci\u00f3n Superior visita la Universidad de Caldas para conocer avances de la Facultad de Inteligencia Artificial"},"content":{"rendered":"<p><img loading=\"lazy\" decoding=\"async\" class=\"alignnone wp-image-88296 size-full\" src=\"https:\/\/www.ucaldas.edu.co\/portal\/wp-content\/uploads\/2025\/07\/Portada-2-scaled-e1751583949575.jpeg\" alt=\"Visita Viceministro de Educaci\u00f3n Nacional\" width=\"900\" height=\"675\" \/><\/p>\n<p style=\"text-align: justify;\">El Viceministro de Educaci\u00f3n Superior, Dr. Ricardo Moreno Pati\u00f1o, visit\u00f3 la Universidad de Caldas para presidir una sesi\u00f3n extraordinaria del Consejo Superior, en la cual se revisaron los avances de la reci\u00e9n creada Facultad de Inteligencia Artificial e Ingenier\u00edas. Esta visita hace parte de una agenda articulada que busca fortalecer los procesos de innovaci\u00f3n educativa y la expansi\u00f3n de oportunidades de formaci\u00f3n en \u00e1reas clave para el desarrollo del pa\u00eds.<!--more--><\/p>\n<p style=\"text-align: justify;\">Durante la sesi\u00f3n, se presentaron informes sobre el avance de los nuevos programas acad\u00e9micos en Inteligencia Artificial, los proyectos de investigaci\u00f3n y proyecci\u00f3n, as\u00ed como el estado del convenio con el Ministerio de Tecnolog\u00edas de la Informaci\u00f3n y las Comunicaciones (MINTIC) para el reforzamiento del edificio El Parque, el cual albergar\u00e1 la sede principal de esta nueva facultad. La obra ya cuenta con licencia de construcci\u00f3n y est\u00e1 pr\u00f3xima a abrir convocatoria p\u00fablica para su licitaci\u00f3n.<\/p>\n<p style=\"text-align: justify;\">El viceministro Moreno destac\u00f3 la importancia de este proyecto para el Gobierno Nacional: \u201cEstamos muy contentos desde el Ministerio de Educaci\u00f3n por adelantar esta sesi\u00f3n con participaci\u00f3n extendida, donde pudimos evidenciar c\u00f3mo este gran proyecto de la Facultad de Inteligencia Artificial de la Universidad de Caldas avanza en m\u00faltiples frentes: oferta acad\u00e9mica gratuita, infraestructura con apoyo del MINTIC, y un plan estrat\u00e9gico que articula docencia, investigaci\u00f3n, bienestar y extensi\u00f3n\u201d.<\/p>\n<p style=\"text-align: justify;\">Uno de los anuncios m\u00e1s importantes del Viceministro fue la ratificaci\u00f3n del compromiso del Gobierno con la gratuidad permanente en la educaci\u00f3n superior p\u00fablica, que permitir\u00e1 que todos los j\u00f3venes matriculados en estos nuevos programas cuenten con el respaldo necesario para culminar sus estudios. Tambi\u00e9n enfatiz\u00f3 el esfuerzo conjunto con entidades como la Polic\u00eda Nacional, con quienes se est\u00e1n desarrollando alianzas estrat\u00e9gicas para la formaci\u00f3n en inteligencia artificial.<\/p>\n<p style=\"text-align: justify;\">\u201cEsta facultad no ser\u00e1 solo un edificio o un conjunto de programas: la inteligencia artificial debe permear toda la universidad, estar presente en todas las \u00e1reas del conocimiento y llegar incluso a los colegios a trav\u00e9s de la estrategia de Universidad en tu Colegio\u201d, subray\u00f3 Moreno, quien tambi\u00e9n anunci\u00f3 que se est\u00e1n fortaleciendo las sedes regionales de la universidad en municipios como Anserma y La Dorada.<\/p>\n<p style=\"text-align: justify;\">Por su parte, el rector de la Universidad de Caldas, Fabio Hernando Arias Orozco, manifest\u00f3 su satisfacci\u00f3n por el respaldo recibido: \u201cEl doctor Ricardo Moreno ha venido a observar el avance de la Facultad de IA e Ingenier\u00edas. Le hemos entregado un parte de tranquilidad: ya vamos a licitaci\u00f3n para la obra, hemos creado seis programas acad\u00e9micos y ya contamos con estudiantes matriculados en el nivel t\u00e9cnico. Hay un compromiso claro por parte de toda la comunidad universitaria para hacer de esta facultad un referente nacional\u201d.<\/p>\n<p style=\"text-align: justify;\">Actualmente, la Facultad de Inteligencia Artificial de la Universidad de Caldas ya cuenta con registros calificados por parte del Ministerio en los nuevos programas como el t\u00e9cnico en depuraci\u00f3n y procesamiento de datos para la inteligencia artificial, profesional en Ingenier\u00eda en Inteligencia Artificial y la \u00a0especializaci\u00f3n en Inteligencia Artificial y anal\u00edtica de datos. Ya fueron aprobados por el Consejo Superior y est\u00e1n a la espera de los registros de la Tecnolog\u00eda en gesti\u00f3n de infraestructura para la inteligencia artificial y los posgrados de \u00a0maestr\u00eda y doctorado. La universidad contin\u00faa trabajando para que las competencias en inteligencia artificial sean transversales a todas las facultades, y respondan a los retos actuales y futuros del pa\u00eds.<\/p>\n<p style=\"text-align: justify;\">En lo relacionado al T\u00e9cnico Profesional, ya cuenta con 159 estudiantes vinculados en la estrategia Universidad en tu Colegio en el Instituto Universitario, en Santo Domingo Savio y en Carabineros donde 79 estudiantes para polic\u00eda se forman en Inteligencia Artificial.<\/p>\n<p style=\"text-align: justify;\">Este avance se enmarca en la estrategia nacional de regionalizaci\u00f3n y ampliaci\u00f3n de cobertura de la educaci\u00f3n superior, donde la Universidad de Caldas se consolida como una instituci\u00f3n p\u00fablica l\u00edder en innovaci\u00f3n acad\u00e9mica, con crecimiento hist\u00f3rico de m\u00e1s del 30 % en matr\u00edcula en los \u00faltimos dos a\u00f1os, y un compromiso firme con el derecho a la educaci\u00f3n en todo el territorio.<\/p>\n<p style=\"text-align: justify;\"><strong>Anexo:\u00a0 <\/strong><\/p>\n<p style=\"text-align: justify;\"><a href=\"https:\/\/www.ucaldas.edu.co\/portal\/wp-content\/uploads\/2025\/07\/Viceministro-Ricardo-Moreno-Visita-Facultad-IA.mp3\"><strong>-Audio Viceministro de Educaci\u00f3n Nacional, Ricardo Moreno Pati\u00f1o<\/strong><\/a><\/p>\n<audio class=\"wp-audio-shortcode\" id=\"audio-88295-1\" preload=\"none\" style=\"width: 100%;\" controls=\"controls\"><source type=\"audio\/mpeg\" src=\"https:\/\/www.ucaldas.edu.co\/portal\/wp-content\/uploads\/2025\/07\/Viceministro-Ricardo-Moreno-Visita-Facultad-IA.mp3?_=1\" \/><a href=\"https:\/\/www.ucaldas.edu.co\/portal\/wp-content\/uploads\/2025\/07\/Viceministro-Ricardo-Moreno-Visita-Facultad-IA.mp3\">https:\/\/www.ucaldas.edu.co\/portal\/wp-content\/uploads\/2025\/07\/Viceministro-Ricardo-Moreno-Visita-Facultad-IA.mp3<\/a><\/audio>\n<p style=\"text-align: justify;\"><a href=\"https:\/\/www.ucaldas.edu.co\/portal\/wp-content\/uploads\/2025\/07\/Rector-U-Caldas-Visita-Viceministro-1.mp3\"><strong>-Audio Rector Universidad de Caldas, Fabio Hernando Arias Orozco<\/strong><\/a><\/p>\n<audio class=\"wp-audio-shortcode\" id=\"audio-88295-2\" preload=\"none\" style=\"width: 100%;\" controls=\"controls\"><source type=\"audio\/mpeg\" src=\"https:\/\/www.ucaldas.edu.co\/portal\/wp-content\/uploads\/2025\/07\/Rector-U-Caldas-Visita-Viceministro-1.mp3?_=2\" \/><a href=\"https:\/\/www.ucaldas.edu.co\/portal\/wp-content\/uploads\/2025\/07\/Rector-U-Caldas-Visita-Viceministro-1.mp3\">https:\/\/www.ucaldas.edu.co\/portal\/wp-content\/uploads\/2025\/07\/Rector-U-Caldas-Visita-Viceministro-1.mp3<\/a><\/audio>\n<p style=\"text-align: justify;\"><a href=\"https:\/\/www.ucaldas.edu.co\/portal\/wp-content\/uploads\/2025\/07\/Rector-Universitario-Visita-Viceministro-educacion.mp3\"><strong>-Audio Rector del Instituto Universitario de Caldas, Crist\u00f3bal Trujillo Ram\u00edrez<\/strong><\/a><\/p>\n<audio class=\"wp-audio-shortcode\" id=\"audio-88295-3\" preload=\"none\" style=\"width: 100%;\" controls=\"controls\"><source type=\"audio\/mpeg\" src=\"https:\/\/www.ucaldas.edu.co\/portal\/wp-content\/uploads\/2025\/07\/Rector-Universitario-Visita-Viceministro-educacion.mp3?_=3\" \/><a href=\"https:\/\/www.ucaldas.edu.co\/portal\/wp-content\/uploads\/2025\/07\/Rector-Universitario-Visita-Viceministro-educacion.mp3\">https:\/\/www.ucaldas.edu.co\/portal\/wp-content\/uploads\/2025\/07\/Rector-Universitario-Visita-Viceministro-educacion.mp3<\/a><\/audio>\n<p style=\"text-align: justify;\"><a href=\"https:\/\/www.ucaldas.edu.co\/portal\/wp-content\/uploads\/2025\/07\/Coordinadora-academica-Universitario.mp3\"><strong>-Audio Coordinadora Acad\u00e9mica del Instituto Universitario de Caldas, Luz Helena Gonz\u00e1lez<\/strong><\/a><\/p>\n<audio class=\"wp-audio-shortcode\" id=\"audio-88295-4\" preload=\"none\" style=\"width: 100%;\" controls=\"controls\"><source type=\"audio\/mpeg\" src=\"https:\/\/www.ucaldas.edu.co\/portal\/wp-content\/uploads\/2025\/07\/Coordinadora-academica-Universitario.mp3?_=4\" \/><a href=\"https:\/\/www.ucaldas.edu.co\/portal\/wp-content\/uploads\/2025\/07\/Coordinadora-academica-Universitario.mp3\">https:\/\/www.ucaldas.edu.co\/portal\/wp-content\/uploads\/2025\/07\/Coordinadora-academica-Universitario.mp3<\/a><\/audio>\n","protected":false},"excerpt":{"rendered":"<p>El Viceministro de Educaci\u00f3n Superior, Dr. Ricardo Moreno Pati\u00f1o, visit\u00f3 la Universidad de Caldas para presidir una sesi\u00f3n extraordinaria del Consejo Superior, en la cual se revisaron los avances de la reci\u00e9n creada Facultad de Inteligencia Artificial e Ingenier\u00edas. Esta visita hace parte de una agenda articulada que busca fortalecer los procesos de innovaci\u00f3n educativa [&hellip;]<\/p>\n","protected":false},"author":2,"featured_media":88296,"comment_status":"closed","ping_status":"open","sticky":false,"template":"","format":"standard","meta":{"footnotes":""},"categories":[48,53,9799],"tags":[6664,9843],"class_list":["post-88295","post","type-post","status-publish","format-standard","has-post-thumbnail","hentry","category-actualidad","category-universidad-al-dia","category-destacados","tag-viceministro-de-educacion-superior","tag-facultad-inteligencia-artificial"],"yoast_head":"<!-- This site is optimized with the Yoast SEO plugin v27.5 - https:\/\/yoast.com\/product\/yoast-seo-wordpress\/ -->\n<title>Viceministro de Educaci\u00f3n Superior visita la Universidad de Caldas para conocer avances de la Facultad de Inteligencia Artificial .<\/title>\n<meta name=\"robots\" content=\"index, follow, max-snippet:-1, max-image-preview:large, max-video-preview:-1\" \/>\n<link rel=\"canonical\" href=\"https:\/\/www.ucaldas.edu.co\/portal\/viceministro-de-educacion-superior-visita-la-universidad-de-caldas-para-conocer-avances-de-la-facultad-de-inteligencia-artificial\/\" \/>\n<script type=\"application\/ld+json\" class=\"yoast-schema-graph\">{\"@context\":\"https:\\\/\\\/schema.org\",\"@graph\":[{\"@type\":\"Article\",\"@id\":\"https:\\\/\\\/www.ucaldas.edu.co\\\/portal\\\/viceministro-de-educacion-superior-visita-la-universidad-de-caldas-para-conocer-avances-de-la-facultad-de-inteligencia-artificial\\\/#article\",\"isPartOf\":{\"@id\":\"https:\\\/\\\/www.ucaldas.edu.co\\\/portal\\\/viceministro-de-educacion-superior-visita-la-universidad-de-caldas-para-conocer-avances-de-la-facultad-de-inteligencia-artificial\\\/\"},\"author\":{\"name\":\"ofiprensa\",\"@id\":\"https:\\\/\\\/www.ucaldas.edu.co\\\/portal\\\/#\\\/schema\\\/person\\\/a1b482e23449158b4bc319926c074fdf\"},\"headline\":\"Viceministro de Educaci\u00f3n Superior visita la Universidad de Caldas para conocer avances de la Facultad de Inteligencia Artificial\",\"datePublished\":\"2025-07-03T23:10:45+00:00\",\"dateModified\":\"2025-07-07T19:17:54+00:00\",\"mainEntityOfPage\":{\"@id\":\"https:\\\/\\\/www.ucaldas.edu.co\\\/portal\\\/viceministro-de-educacion-superior-visita-la-universidad-de-caldas-para-conocer-avances-de-la-facultad-de-inteligencia-artificial\\\/\"},\"wordCount\":834,\"publisher\":{\"@id\":\"https:\\\/\\\/www.ucaldas.edu.co\\\/portal\\\/#organization\"},\"image\":{\"@id\":\"https:\\\/\\\/www.ucaldas.edu.co\\\/portal\\\/viceministro-de-educacion-superior-visita-la-universidad-de-caldas-para-conocer-avances-de-la-facultad-de-inteligencia-artificial\\\/#primaryimage\"},\"thumbnailUrl\":\"https:\\\/\\\/www.ucaldas.edu.co\\\/portal\\\/wp-content\\\/uploads\\\/2025\\\/07\\\/Portada-2-scaled-e1751583949575.jpeg\",\"keywords\":[\"viceministro de educaci\u00f3n superior\",\"facultad inteligencia artificial\"],\"articleSection\":[\"Actualidad\",\"Universidad al D\u00eda\",\"Destacados\"],\"inLanguage\":\"es\"},{\"@type\":\"WebPage\",\"@id\":\"https:\\\/\\\/www.ucaldas.edu.co\\\/portal\\\/viceministro-de-educacion-superior-visita-la-universidad-de-caldas-para-conocer-avances-de-la-facultad-de-inteligencia-artificial\\\/\",\"url\":\"https:\\\/\\\/www.ucaldas.edu.co\\\/portal\\\/viceministro-de-educacion-superior-visita-la-universidad-de-caldas-para-conocer-avances-de-la-facultad-de-inteligencia-artificial\\\/\",\"name\":\"Viceministro de Educaci\u00f3n Superior visita la Universidad de Caldas para conocer avances de la Facultad de Inteligencia Artificial .\",\"isPartOf\":{\"@id\":\"https:\\\/\\\/www.ucaldas.edu.co\\\/portal\\\/#website\"},\"primaryImageOfPage\":{\"@id\":\"https:\\\/\\\/www.ucaldas.edu.co\\\/portal\\\/viceministro-de-educacion-superior-visita-la-universidad-de-caldas-para-conocer-avances-de-la-facultad-de-inteligencia-artificial\\\/#primaryimage\"},\"image\":{\"@id\":\"https:\\\/\\\/www.ucaldas.edu.co\\\/portal\\\/viceministro-de-educacion-superior-visita-la-universidad-de-caldas-para-conocer-avances-de-la-facultad-de-inteligencia-artificial\\\/#primaryimage\"},\"thumbnailUrl\":\"https:\\\/\\\/www.ucaldas.edu.co\\\/portal\\\/wp-content\\\/uploads\\\/2025\\\/07\\\/Portada-2-scaled-e1751583949575.jpeg\",\"datePublished\":\"2025-07-03T23:10:45+00:00\",\"dateModified\":\"2025-07-07T19:17:54+00:00\",\"breadcrumb\":{\"@id\":\"https:\\\/\\\/www.ucaldas.edu.co\\\/portal\\\/viceministro-de-educacion-superior-visita-la-universidad-de-caldas-para-conocer-avances-de-la-facultad-de-inteligencia-artificial\\\/#breadcrumb\"},\"inLanguage\":\"es\",\"potentialAction\":[{\"@type\":\"ReadAction\",\"target\":[\"https:\\\/\\\/www.ucaldas.edu.co\\\/portal\\\/viceministro-de-educacion-superior-visita-la-universidad-de-caldas-para-conocer-avances-de-la-facultad-de-inteligencia-artificial\\\/\"]}]},{\"@type\":\"ImageObject\",\"inLanguage\":\"es\",\"@id\":\"https:\\\/\\\/www.ucaldas.edu.co\\\/portal\\\/viceministro-de-educacion-superior-visita-la-universidad-de-caldas-para-conocer-avances-de-la-facultad-de-inteligencia-artificial\\\/#primaryimage\",\"url\":\"https:\\\/\\\/www.ucaldas.edu.co\\\/portal\\\/wp-content\\\/uploads\\\/2025\\\/07\\\/Portada-2-scaled-e1751583949575.jpeg\",\"contentUrl\":\"https:\\\/\\\/www.ucaldas.edu.co\\\/portal\\\/wp-content\\\/uploads\\\/2025\\\/07\\\/Portada-2-scaled-e1751583949575.jpeg\",\"width\":900,\"height\":675,\"caption\":\"Visita Viceministro de Educaci\u00f3n Nacional\"},{\"@type\":\"BreadcrumbList\",\"@id\":\"https:\\\/\\\/www.ucaldas.edu.co\\\/portal\\\/viceministro-de-educacion-superior-visita-la-universidad-de-caldas-para-conocer-avances-de-la-facultad-de-inteligencia-artificial\\\/#breadcrumb\",\"itemListElement\":[{\"@type\":\"ListItem\",\"position\":1,\"name\":\"Portada\",\"item\":\"https:\\\/\\\/www.ucaldas.edu.co\\\/portal\\\/\"},{\"@type\":\"ListItem\",\"position\":2,\"name\":\"Viceministro de Educaci\u00f3n Superior visita la Universidad de Caldas para conocer avances de la Facultad de Inteligencia Artificial\"}]},{\"@type\":\"WebSite\",\"@id\":\"https:\\\/\\\/www.ucaldas.edu.co\\\/portal\\\/#website\",\"url\":\"https:\\\/\\\/www.ucaldas.edu.co\\\/portal\\\/\",\"name\":\"Universidad de Caldas\",\"description\":\"\",\"publisher\":{\"@id\":\"https:\\\/\\\/www.ucaldas.edu.co\\\/portal\\\/#organization\"},\"alternateName\":\"U. de Caldas\",\"potentialAction\":[{\"@type\":\"SearchAction\",\"target\":{\"@type\":\"EntryPoint\",\"urlTemplate\":\"https:\\\/\\\/www.ucaldas.edu.co\\\/portal\\\/?s={search_term_string}\"},\"query-input\":{\"@type\":\"PropertyValueSpecification\",\"valueRequired\":true,\"valueName\":\"search_term_string\"}}],\"inLanguage\":\"es\"},{\"@type\":\"Organization\",\"@id\":\"https:\\\/\\\/www.ucaldas.edu.co\\\/portal\\\/#organization\",\"name\":\"Universidad de Caldas\",\"alternateName\":\"U. de Caldas\",\"url\":\"https:\\\/\\\/www.ucaldas.edu.co\\\/portal\\\/\",\"logo\":{\"@type\":\"ImageObject\",\"inLanguage\":\"es\",\"@id\":\"https:\\\/\\\/www.ucaldas.edu.co\\\/portal\\\/#\\\/schema\\\/logo\\\/image\\\/\",\"url\":\"https:\\\/\\\/www.ucaldas.edu.co\\\/portal\\\/wp-content\\\/uploads\\\/2023\\\/11\\\/Logo_horizontal_oscuroU-2023.png\",\"contentUrl\":\"https:\\\/\\\/www.ucaldas.edu.co\\\/portal\\\/wp-content\\\/uploads\\\/2023\\\/11\\\/Logo_horizontal_oscuroU-2023.png\",\"width\":263,\"height\":101,\"caption\":\"Universidad de Caldas\"},\"image\":{\"@id\":\"https:\\\/\\\/www.ucaldas.edu.co\\\/portal\\\/#\\\/schema\\\/logo\\\/image\\\/\"},\"sameAs\":[\"https:\\\/\\\/www.facebook.com\\\/udecaldas\",\"https:\\\/\\\/x.com\\\/udecaldas\",\"https:\\\/\\\/www.youtube.com\\\/universidadcaldas\",\"https:\\\/\\\/www.instagram.com\\\/udecaldas\\\/\"]},{\"@type\":\"Person\",\"@id\":\"https:\\\/\\\/www.ucaldas.edu.co\\\/portal\\\/#\\\/schema\\\/person\\\/a1b482e23449158b4bc319926c074fdf\",\"name\":\"ofiprensa\",\"image\":{\"@type\":\"ImageObject\",\"inLanguage\":\"es\",\"@id\":\"https:\\\/\\\/www.ucaldas.edu.co\\\/portal\\\/wp-content\\\/litespeed\\\/avatar\\\/09ea5085e600095a7a811142c6944527.jpg?ver=1777497608\",\"url\":\"https:\\\/\\\/www.ucaldas.edu.co\\\/portal\\\/wp-content\\\/litespeed\\\/avatar\\\/09ea5085e600095a7a811142c6944527.jpg?ver=1777497608\",\"contentUrl\":\"https:\\\/\\\/www.ucaldas.edu.co\\\/portal\\\/wp-content\\\/litespeed\\\/avatar\\\/09ea5085e600095a7a811142c6944527.jpg?ver=1777497608\",\"caption\":\"ofiprensa\"},\"url\":\"https:\\\/\\\/www.ucaldas.edu.co\\\/portal\\\/author\\\/ofiprensa\\\/\"}]}<\/script>\n<!-- \/ Yoast SEO plugin. -->","yoast_head_json":{"title":"Viceministro de Educaci\u00f3n Superior visita la Universidad de Caldas para conocer avances de la Facultad de Inteligencia Artificial .","robots":{"index":"index","follow":"follow","max-snippet":"max-snippet:-1","max-image-preview":"max-image-preview:large","max-video-preview":"max-video-preview:-1"},"canonical":"https:\/\/www.ucaldas.edu.co\/portal\/viceministro-de-educacion-superior-visita-la-universidad-de-caldas-para-conocer-avances-de-la-facultad-de-inteligencia-artificial\/","schema":{"@context":"https:\/\/schema.org","@graph":[{"@type":"Article","@id":"https:\/\/www.ucaldas.edu.co\/portal\/viceministro-de-educacion-superior-visita-la-universidad-de-caldas-para-conocer-avances-de-la-facultad-de-inteligencia-artificial\/#article","isPartOf":{"@id":"https:\/\/www.ucaldas.edu.co\/portal\/viceministro-de-educacion-superior-visita-la-universidad-de-caldas-para-conocer-avances-de-la-facultad-de-inteligencia-artificial\/"},"author":{"name":"ofiprensa","@id":"https:\/\/www.ucaldas.edu.co\/portal\/#\/schema\/person\/a1b482e23449158b4bc319926c074fdf"},"headline":"Viceministro de Educaci\u00f3n Superior visita la Universidad de Caldas para conocer avances de la Facultad de Inteligencia Artificial","datePublished":"2025-07-03T23:10:45+00:00","dateModified":"2025-07-07T19:17:54+00:00","mainEntityOfPage":{"@id":"https:\/\/www.ucaldas.edu.co\/portal\/viceministro-de-educacion-superior-visita-la-universidad-de-caldas-para-conocer-avances-de-la-facultad-de-inteligencia-artificial\/"},"wordCount":834,"publisher":{"@id":"https:\/\/www.ucaldas.edu.co\/portal\/#organization"},"image":{"@id":"https:\/\/www.ucaldas.edu.co\/portal\/viceministro-de-educacion-superior-visita-la-universidad-de-caldas-para-conocer-avances-de-la-facultad-de-inteligencia-artificial\/#primaryimage"},"thumbnailUrl":"https:\/\/www.ucaldas.edu.co\/portal\/wp-content\/uploads\/2025\/07\/Portada-2-scaled-e1751583949575.jpeg","keywords":["viceministro de educaci\u00f3n superior","facultad inteligencia artificial"],"articleSection":["Actualidad","Universidad al D\u00eda","Destacados"],"inLanguage":"es"},{"@type":"WebPage","@id":"https:\/\/www.ucaldas.edu.co\/portal\/viceministro-de-educacion-superior-visita-la-universidad-de-caldas-para-conocer-avances-de-la-facultad-de-inteligencia-artificial\/","url":"https:\/\/www.ucaldas.edu.co\/portal\/viceministro-de-educacion-superior-visita-la-universidad-de-caldas-para-conocer-avances-de-la-facultad-de-inteligencia-artificial\/","name":"Viceministro de Educaci\u00f3n Superior visita la Universidad de Caldas para conocer avances de la Facultad de Inteligencia Artificial .","isPartOf":{"@id":"https:\/\/www.ucaldas.edu.co\/portal\/#website"},"primaryImageOfPage":{"@id":"https:\/\/www.ucaldas.edu.co\/portal\/viceministro-de-educacion-superior-visita-la-universidad-de-caldas-para-conocer-avances-de-la-facultad-de-inteligencia-artificial\/#primaryimage"},"image":{"@id":"https:\/\/www.ucaldas.edu.co\/portal\/viceministro-de-educacion-superior-visita-la-universidad-de-caldas-para-conocer-avances-de-la-facultad-de-inteligencia-artificial\/#primaryimage"},"thumbnailUrl":"https:\/\/www.ucaldas.edu.co\/portal\/wp-content\/uploads\/2025\/07\/Portada-2-scaled-e1751583949575.jpeg","datePublished":"2025-07-03T23:10:45+00:00","dateModified":"2025-07-07T19:17:54+00:00","breadcrumb":{"@id":"https:\/\/www.ucaldas.edu.co\/portal\/viceministro-de-educacion-superior-visita-la-universidad-de-caldas-para-conocer-avances-de-la-facultad-de-inteligencia-artificial\/#breadcrumb"},"inLanguage":"es","potentialAction":[{"@type":"ReadAction","target":["https:\/\/www.ucaldas.edu.co\/portal\/viceministro-de-educacion-superior-visita-la-universidad-de-caldas-para-conocer-avances-de-la-facultad-de-inteligencia-artificial\/"]}]},{"@type":"ImageObject","inLanguage":"es","@id":"https:\/\/www.ucaldas.edu.co\/portal\/viceministro-de-educacion-superior-visita-la-universidad-de-caldas-para-conocer-avances-de-la-facultad-de-inteligencia-artificial\/#primaryimage","url":"https:\/\/www.ucaldas.edu.co\/portal\/wp-content\/uploads\/2025\/07\/Portada-2-scaled-e1751583949575.jpeg","contentUrl":"https:\/\/www.ucaldas.edu.co\/portal\/wp-content\/uploads\/2025\/07\/Portada-2-scaled-e1751583949575.jpeg","width":900,"height":675,"caption":"Visita Viceministro de Educaci\u00f3n Nacional"},{"@type":"BreadcrumbList","@id":"https:\/\/www.ucaldas.edu.co\/portal\/viceministro-de-educacion-superior-visita-la-universidad-de-caldas-para-conocer-avances-de-la-facultad-de-inteligencia-artificial\/#breadcrumb","itemListElement":[{"@type":"ListItem","position":1,"name":"Portada","item":"https:\/\/www.ucaldas.edu.co\/portal\/"},{"@type":"ListItem","position":2,"name":"Viceministro de Educaci\u00f3n Superior visita la Universidad de Caldas para conocer avances de la Facultad de Inteligencia Artificial"}]},{"@type":"WebSite","@id":"https:\/\/www.ucaldas.edu.co\/portal\/#website","url":"https:\/\/www.ucaldas.edu.co\/portal\/","name":"Universidad de Caldas","description":"","publisher":{"@id":"https:\/\/www.ucaldas.edu.co\/portal\/#organization"},"alternateName":"U. de Caldas","potentialAction":[{"@type":"SearchAction","target":{"@type":"EntryPoint","urlTemplate":"https:\/\/www.ucaldas.edu.co\/portal\/?s={search_term_string}"},"query-input":{"@type":"PropertyValueSpecification","valueRequired":true,"valueName":"search_term_string"}}],"inLanguage":"es"},{"@type":"Organization","@id":"https:\/\/www.ucaldas.edu.co\/portal\/#organization","name":"Universidad de Caldas","alternateName":"U. de Caldas","url":"https:\/\/www.ucaldas.edu.co\/portal\/","logo":{"@type":"ImageObject","inLanguage":"es","@id":"https:\/\/www.ucaldas.edu.co\/portal\/#\/schema\/logo\/image\/","url":"https:\/\/www.ucaldas.edu.co\/portal\/wp-content\/uploads\/2023\/11\/Logo_horizontal_oscuroU-2023.png","contentUrl":"https:\/\/www.ucaldas.edu.co\/portal\/wp-content\/uploads\/2023\/11\/Logo_horizontal_oscuroU-2023.png","width":263,"height":101,"caption":"Universidad de Caldas"},"image":{"@id":"https:\/\/www.ucaldas.edu.co\/portal\/#\/schema\/logo\/image\/"},"sameAs":["https:\/\/www.facebook.com\/udecaldas","https:\/\/x.com\/udecaldas","https:\/\/www.youtube.com\/universidadcaldas","https:\/\/www.instagram.com\/udecaldas\/"]},{"@type":"Person","@id":"https:\/\/www.ucaldas.edu.co\/portal\/#\/schema\/person\/a1b482e23449158b4bc319926c074fdf","name":"ofiprensa","image":{"@type":"ImageObject","inLanguage":"es","@id":"https:\/\/www.ucaldas.edu.co\/portal\/wp-content\/litespeed\/avatar\/09ea5085e600095a7a811142c6944527.jpg?ver=1777497608","url":"https:\/\/www.ucaldas.edu.co\/portal\/wp-content\/litespeed\/avatar\/09ea5085e600095a7a811142c6944527.jpg?ver=1777497608","contentUrl":"https:\/\/www.ucaldas.edu.co\/portal\/wp-content\/litespeed\/avatar\/09ea5085e600095a7a811142c6944527.jpg?ver=1777497608","caption":"ofiprensa"},"url":"https:\/\/www.ucaldas.edu.co\/portal\/author\/ofiprensa\/"}]}},"_links":{"self":[{"href":"https:\/\/www.ucaldas.edu.co\/portal\/wp-json\/wp\/v2\/posts\/88295","targetHints":{"allow":["GET"]}}],"collection":[{"href":"https:\/\/www.ucaldas.edu.co\/portal\/wp-json\/wp\/v2\/posts"}],"about":[{"href":"https:\/\/www.ucaldas.edu.co\/portal\/wp-json\/wp\/v2\/types\/post"}],"author":[{"embeddable":true,"href":"https:\/\/www.ucaldas.edu.co\/portal\/wp-json\/wp\/v2\/users\/2"}],"replies":[{"embeddable":true,"href":"https:\/\/www.ucaldas.edu.co\/portal\/wp-json\/wp\/v2\/comments?post=88295"}],"version-history":[{"count":0,"href":"https:\/\/www.ucaldas.edu.co\/portal\/wp-json\/wp\/v2\/posts\/88295\/revisions"}],"wp:featuredmedia":[{"embeddable":true,"href":"https:\/\/www.ucaldas.edu.co\/portal\/wp-json\/wp\/v2\/media\/88296"}],"wp:attachment":[{"href":"https:\/\/www.ucaldas.edu.co\/portal\/wp-json\/wp\/v2\/media?parent=88295"}],"wp:term":[{"taxonomy":"category","embeddable":true,"href":"https:\/\/www.ucaldas.edu.co\/portal\/wp-json\/wp\/v2\/categories?post=88295"},{"taxonomy":"post_tag","embeddable":true,"href":"https:\/\/www.ucaldas.edu.co\/portal\/wp-json\/wp\/v2\/tags?post=88295"}],"curies":[{"name":"wp","href":"https:\/\/api.w.org\/{rel}","templated":true}]}}