{"id":88247,"date":"2025-07-01T17:25:27","date_gmt":"2025-07-01T22:25:27","guid":{"rendered":"https:\/\/www.ucaldas.edu.co\/portal\/?p=88247"},"modified":"2025-07-01T17:25:27","modified_gmt":"2025-07-01T22:25:27","slug":"convocatoria-para-participar-del-decimo-festival-internacional-de-musica-cima-ciudad-de-manizales","status":"publish","type":"post","link":"https:\/\/www.ucaldas.edu.co\/portal\/convocatoria-para-participar-del-decimo-festival-internacional-de-musica-cima-ciudad-de-manizales\/","title":{"rendered":"Convocatoria para participar del d\u00e9cimo Festival Internacional de M\u00fasica CiMa, Ciudad de Manizales"},"content":{"rendered":"<p><img loading=\"lazy\" decoding=\"async\" class=\"alignnone wp-image-88248 size-full\" src=\"https:\/\/www.ucaldas.edu.co\/portal\/wp-content\/uploads\/2025\/07\/7-IMG_8930-e1751408534607.jpg\" alt=\"Festival CiMA\" width=\"900\" height=\"600\" \/><\/p>\n<p style=\"text-align: justify;\">La m\u00fasica volver\u00e1 a ser protagonista en Manizales con la d\u00e9cima edici\u00f3n del Festival Internacional de M\u00fasica, CiMa, que este a\u00f1o se celebrar\u00e1 bajo el lema Ecos de la cima. Diez a\u00f1os resonando el territorio. El evento se llevar\u00e1 a cabo del 25 al 30 de agosto y se extender\u00e1 con actividades en los municipios de Aguadas y La Dorada.<!--more--><\/p>\n<p style=\"text-align: justify;\">Organizado desde 2016 por el Departamento de M\u00fasica de la Universidad de Caldas, en alianza con diversas instituciones p\u00fablicas y privadas, el Festival CiMa se ha consolidado como uno de los espacios musicales emergentes m\u00e1s importantes de Colombia. Su objetivo es fortalecer el desarrollo musical y art\u00edstico, propiciando un di\u00e1logo plural y diverso a trav\u00e9s de la creaci\u00f3n, interpretaci\u00f3n e investigaci\u00f3n musical.<\/p>\n<p style=\"text-align: justify;\">A lo largo de una d\u00e9cada, CiMa ha transformado la vida cultural de Manizales con conciertos de m\u00fasica cl\u00e1sica, jazz, m\u00fasicas del mundo, m\u00fasica colombiana, talleres, clases magistrales y conferencias. Este a\u00f1o, su Foro Acad\u00e9mico contar\u00e1 con programaci\u00f3n presencial y virtual, buscando ampliar su alcance e inclusi\u00f3n.<\/p>\n<p style=\"text-align: justify;\">\u201cPara nosotros es un motivo de orgullo celebrar 10 a\u00f1os de existencia. Ha sido una construcci\u00f3n compleja, pero al mismo tiempo satisfactoria, poder entregarle a la ciudad y a la regi\u00f3n un festival que ha crecido en cifras, reconocimiento e impacto. Este a\u00f1o, el festival contar\u00e1 con una programaci\u00f3n destacada: alrededor de 20 conciertos, 10 pa\u00edses invitados y nuestro Foro Acad\u00e9mico, cuya convocatoria se encuentra actualmente abierta\u201d, afirma Yovanny Betancur Santa, director del Festival CiMa.<\/p>\n<p style=\"text-align: justify;\">La convocatoria acad\u00e9mica est\u00e1 dirigida a m\u00fasicos, investigadores, docentes, estudiantes de pregrado y posgrado, y profesionales del \u00e1rea que quieran postular trabajos de investigaci\u00f3n o creaci\u00f3n. Las ponencias podr\u00e1n presentarse en espa\u00f1ol, ingl\u00e9s, franc\u00e9s o portugu\u00e9s. Estar\u00e1 abierta hasta el mi\u00e9rcoles 9 de julio y pueden conocer los t\u00e9rminos de referencia y proceso de postulaci\u00f3n en: <a href=\"https:\/\/lnk.ink\/JqEvV\">https:\/\/lnk.ink\/JqEvV<\/a>\u00a0 o a trav\u00e9s de las redes sociales del Festival: Instagram @festcima y Facebook Festival Internacional de M\u00fasica CiMa<\/p>\n<p style=\"text-align: justify;\">Como es tradici\u00f3n, CIMA regresa con seis d\u00edas de programaci\u00f3n que incluir\u00e1n franjas acad\u00e9micas, conciertos, exposiciones, clases magistrales, talleres, instalaciones y experiencias interactivas.<\/p>\n<p style=\"text-align: justify;\">Sara Camila G\u00f3mez Toro, productora general del Festival, cuenta que esta edici\u00f3n trae varias novedades: \u201cCiMa en la regi\u00f3n, con programaci\u00f3n en los municipios de Aguadas y La Dorada; CiMa en las casas de la cultura de Manizales, una articulaci\u00f3n con procesos comunitarios y escenarios barriales; y tambi\u00e9n tendremos un espacio para la circulaci\u00f3n, el intercambio y el relacionamiento entre artistas, gestores y actores del sector, que ser\u00e1 el Foro de Industrias Musicales\u201d, puntualiza.<\/p>\n<p style=\"text-align: justify;\">El Festival CiMa, que toma su nombre de la ciudad de Manizales y de su privilegiada ubicaci\u00f3n geogr\u00e1fica en la cima de la cordillera, contin\u00faa posicion\u00e1ndose como un espacio de encuentro art\u00edstico y acad\u00e9mico que impulsa la cultura musical de la regi\u00f3n y del pa\u00eds.<\/p>\n<p style=\"text-align: justify;\">Este d\u00e9cimo aniversario ser\u00e1 una oportunidad para conmemorar el camino recorrido, visibilizar aprendizajes y proyectar a CiMa hacia nuevas fronteras sonoras, sociales y tecnol\u00f3gicas reafirmando su v\u00ednculo con los Andes, la regi\u00f3n y el pa\u00eds.<\/p>\n<p style=\"text-align: justify;\"><strong>Anexo:<\/strong><\/p>\n<p style=\"text-align: justify;\"><a href=\"https:\/\/www.ucaldas.edu.co\/portal\/wp-content\/uploads\/2025\/07\/Sara-Camila-Gomez.mp3\"><strong>-Audio Productora general del Festival CiMa, Sara Camila G\u00f3mez Toro.<\/strong><\/a><\/p>\n<audio class=\"wp-audio-shortcode\" id=\"audio-88247-1\" preload=\"none\" style=\"width: 100%;\" controls=\"controls\"><source type=\"audio\/mpeg\" src=\"https:\/\/www.ucaldas.edu.co\/portal\/wp-content\/uploads\/2025\/07\/Sara-Camila-Gomez.mp3?_=1\" \/><a href=\"https:\/\/www.ucaldas.edu.co\/portal\/wp-content\/uploads\/2025\/07\/Sara-Camila-Gomez.mp3\">https:\/\/www.ucaldas.edu.co\/portal\/wp-content\/uploads\/2025\/07\/Sara-Camila-Gomez.mp3<\/a><\/audio>\n<p style=\"text-align: justify;\"><a href=\"https:\/\/www.ucaldas.edu.co\/portal\/wp-content\/uploads\/2025\/07\/Yovanny-Betancur-Santa.mp3\"><strong>-Audio Director del Festival CiMa, Yovanny Betancur Santa.<\/strong><\/a><\/p>\n<audio class=\"wp-audio-shortcode\" id=\"audio-88247-2\" preload=\"none\" style=\"width: 100%;\" controls=\"controls\"><source type=\"audio\/mpeg\" src=\"https:\/\/www.ucaldas.edu.co\/portal\/wp-content\/uploads\/2025\/07\/Yovanny-Betancur-Santa.mp3?_=2\" \/><a href=\"https:\/\/www.ucaldas.edu.co\/portal\/wp-content\/uploads\/2025\/07\/Yovanny-Betancur-Santa.mp3\">https:\/\/www.ucaldas.edu.co\/portal\/wp-content\/uploads\/2025\/07\/Yovanny-Betancur-Santa.mp3<\/a><\/audio>\n","protected":false},"excerpt":{"rendered":"<p>La m\u00fasica volver\u00e1 a ser protagonista en Manizales con la d\u00e9cima edici\u00f3n del Festival Internacional de M\u00fasica, CiMa, que este a\u00f1o se celebrar\u00e1 bajo el lema Ecos de la cima. Diez a\u00f1os resonando el territorio. El evento se llevar\u00e1 a cabo del 25 al 30 de agosto y se extender\u00e1 con actividades en los municipios [&hellip;]<\/p>\n","protected":false},"author":2,"featured_media":88248,"comment_status":"closed","ping_status":"open","sticky":false,"template":"","format":"standard","meta":{"footnotes":""},"categories":[48,53,664],"tags":[2698,3830],"class_list":["post-88247","post","type-post","status-publish","format-standard","has-post-thumbnail","hentry","category-actualidad","category-universidad-al-dia","category-ucaldas-cultural","tag-festival-internacional-de-musica","tag-festival-cima"],"yoast_head":"<!-- This site is optimized with the Yoast SEO plugin v27.5 - https:\/\/yoast.com\/product\/yoast-seo-wordpress\/ -->\n<title>Convocatoria para participar del d\u00e9cimo Festival Internacional de M\u00fasica CiMa, Ciudad de Manizales .<\/title>\n<meta name=\"robots\" content=\"index, follow, max-snippet:-1, max-image-preview:large, max-video-preview:-1\" \/>\n<link rel=\"canonical\" href=\"https:\/\/www.ucaldas.edu.co\/portal\/convocatoria-para-participar-del-decimo-festival-internacional-de-musica-cima-ciudad-de-manizales\/\" \/>\n<script type=\"application\/ld+json\" class=\"yoast-schema-graph\">{\"@context\":\"https:\\\/\\\/schema.org\",\"@graph\":[{\"@type\":\"Article\",\"@id\":\"https:\\\/\\\/www.ucaldas.edu.co\\\/portal\\\/convocatoria-para-participar-del-decimo-festival-internacional-de-musica-cima-ciudad-de-manizales\\\/#article\",\"isPartOf\":{\"@id\":\"https:\\\/\\\/www.ucaldas.edu.co\\\/portal\\\/convocatoria-para-participar-del-decimo-festival-internacional-de-musica-cima-ciudad-de-manizales\\\/\"},\"author\":{\"name\":\"ofiprensa\",\"@id\":\"https:\\\/\\\/www.ucaldas.edu.co\\\/portal\\\/#\\\/schema\\\/person\\\/a1b482e23449158b4bc319926c074fdf\"},\"headline\":\"Convocatoria para participar del d\u00e9cimo Festival Internacional de M\u00fasica CiMa, Ciudad de Manizales\",\"datePublished\":\"2025-07-01T22:25:27+00:00\",\"mainEntityOfPage\":{\"@id\":\"https:\\\/\\\/www.ucaldas.edu.co\\\/portal\\\/convocatoria-para-participar-del-decimo-festival-internacional-de-musica-cima-ciudad-de-manizales\\\/\"},\"wordCount\":623,\"publisher\":{\"@id\":\"https:\\\/\\\/www.ucaldas.edu.co\\\/portal\\\/#organization\"},\"image\":{\"@id\":\"https:\\\/\\\/www.ucaldas.edu.co\\\/portal\\\/convocatoria-para-participar-del-decimo-festival-internacional-de-musica-cima-ciudad-de-manizales\\\/#primaryimage\"},\"thumbnailUrl\":\"https:\\\/\\\/www.ucaldas.edu.co\\\/portal\\\/wp-content\\\/uploads\\\/2025\\\/07\\\/7-IMG_8930-e1751408534607.jpg\",\"keywords\":[\"Festival Internacional de M\u00fasica\",\"festival cima\"],\"articleSection\":[\"Actualidad\",\"Universidad al D\u00eda\",\"UCaldas Cultural\"],\"inLanguage\":\"es\"},{\"@type\":\"WebPage\",\"@id\":\"https:\\\/\\\/www.ucaldas.edu.co\\\/portal\\\/convocatoria-para-participar-del-decimo-festival-internacional-de-musica-cima-ciudad-de-manizales\\\/\",\"url\":\"https:\\\/\\\/www.ucaldas.edu.co\\\/portal\\\/convocatoria-para-participar-del-decimo-festival-internacional-de-musica-cima-ciudad-de-manizales\\\/\",\"name\":\"Convocatoria para participar del d\u00e9cimo Festival Internacional de M\u00fasica CiMa, Ciudad de Manizales .\",\"isPartOf\":{\"@id\":\"https:\\\/\\\/www.ucaldas.edu.co\\\/portal\\\/#website\"},\"primaryImageOfPage\":{\"@id\":\"https:\\\/\\\/www.ucaldas.edu.co\\\/portal\\\/convocatoria-para-participar-del-decimo-festival-internacional-de-musica-cima-ciudad-de-manizales\\\/#primaryimage\"},\"image\":{\"@id\":\"https:\\\/\\\/www.ucaldas.edu.co\\\/portal\\\/convocatoria-para-participar-del-decimo-festival-internacional-de-musica-cima-ciudad-de-manizales\\\/#primaryimage\"},\"thumbnailUrl\":\"https:\\\/\\\/www.ucaldas.edu.co\\\/portal\\\/wp-content\\\/uploads\\\/2025\\\/07\\\/7-IMG_8930-e1751408534607.jpg\",\"datePublished\":\"2025-07-01T22:25:27+00:00\",\"breadcrumb\":{\"@id\":\"https:\\\/\\\/www.ucaldas.edu.co\\\/portal\\\/convocatoria-para-participar-del-decimo-festival-internacional-de-musica-cima-ciudad-de-manizales\\\/#breadcrumb\"},\"inLanguage\":\"es\",\"potentialAction\":[{\"@type\":\"ReadAction\",\"target\":[\"https:\\\/\\\/www.ucaldas.edu.co\\\/portal\\\/convocatoria-para-participar-del-decimo-festival-internacional-de-musica-cima-ciudad-de-manizales\\\/\"]}]},{\"@type\":\"ImageObject\",\"inLanguage\":\"es\",\"@id\":\"https:\\\/\\\/www.ucaldas.edu.co\\\/portal\\\/convocatoria-para-participar-del-decimo-festival-internacional-de-musica-cima-ciudad-de-manizales\\\/#primaryimage\",\"url\":\"https:\\\/\\\/www.ucaldas.edu.co\\\/portal\\\/wp-content\\\/uploads\\\/2025\\\/07\\\/7-IMG_8930-e1751408534607.jpg\",\"contentUrl\":\"https:\\\/\\\/www.ucaldas.edu.co\\\/portal\\\/wp-content\\\/uploads\\\/2025\\\/07\\\/7-IMG_8930-e1751408534607.jpg\",\"width\":900,\"height\":600,\"caption\":\"Festival CiMA\"},{\"@type\":\"BreadcrumbList\",\"@id\":\"https:\\\/\\\/www.ucaldas.edu.co\\\/portal\\\/convocatoria-para-participar-del-decimo-festival-internacional-de-musica-cima-ciudad-de-manizales\\\/#breadcrumb\",\"itemListElement\":[{\"@type\":\"ListItem\",\"position\":1,\"name\":\"Portada\",\"item\":\"https:\\\/\\\/www.ucaldas.edu.co\\\/portal\\\/\"},{\"@type\":\"ListItem\",\"position\":2,\"name\":\"Convocatoria para participar del d\u00e9cimo Festival Internacional de M\u00fasica CiMa, Ciudad de Manizales\"}]},{\"@type\":\"WebSite\",\"@id\":\"https:\\\/\\\/www.ucaldas.edu.co\\\/portal\\\/#website\",\"url\":\"https:\\\/\\\/www.ucaldas.edu.co\\\/portal\\\/\",\"name\":\"Universidad de Caldas\",\"description\":\"\",\"publisher\":{\"@id\":\"https:\\\/\\\/www.ucaldas.edu.co\\\/portal\\\/#organization\"},\"alternateName\":\"U. de Caldas\",\"potentialAction\":[{\"@type\":\"SearchAction\",\"target\":{\"@type\":\"EntryPoint\",\"urlTemplate\":\"https:\\\/\\\/www.ucaldas.edu.co\\\/portal\\\/?s={search_term_string}\"},\"query-input\":{\"@type\":\"PropertyValueSpecification\",\"valueRequired\":true,\"valueName\":\"search_term_string\"}}],\"inLanguage\":\"es\"},{\"@type\":\"Organization\",\"@id\":\"https:\\\/\\\/www.ucaldas.edu.co\\\/portal\\\/#organization\",\"name\":\"Universidad de Caldas\",\"alternateName\":\"U. de Caldas\",\"url\":\"https:\\\/\\\/www.ucaldas.edu.co\\\/portal\\\/\",\"logo\":{\"@type\":\"ImageObject\",\"inLanguage\":\"es\",\"@id\":\"https:\\\/\\\/www.ucaldas.edu.co\\\/portal\\\/#\\\/schema\\\/logo\\\/image\\\/\",\"url\":\"https:\\\/\\\/www.ucaldas.edu.co\\\/portal\\\/wp-content\\\/uploads\\\/2023\\\/11\\\/Logo_horizontal_oscuroU-2023.png\",\"contentUrl\":\"https:\\\/\\\/www.ucaldas.edu.co\\\/portal\\\/wp-content\\\/uploads\\\/2023\\\/11\\\/Logo_horizontal_oscuroU-2023.png\",\"width\":263,\"height\":101,\"caption\":\"Universidad de Caldas\"},\"image\":{\"@id\":\"https:\\\/\\\/www.ucaldas.edu.co\\\/portal\\\/#\\\/schema\\\/logo\\\/image\\\/\"},\"sameAs\":[\"https:\\\/\\\/www.facebook.com\\\/udecaldas\",\"https:\\\/\\\/x.com\\\/udecaldas\",\"https:\\\/\\\/www.youtube.com\\\/universidadcaldas\",\"https:\\\/\\\/www.instagram.com\\\/udecaldas\\\/\"]},{\"@type\":\"Person\",\"@id\":\"https:\\\/\\\/www.ucaldas.edu.co\\\/portal\\\/#\\\/schema\\\/person\\\/a1b482e23449158b4bc319926c074fdf\",\"name\":\"ofiprensa\",\"image\":{\"@type\":\"ImageObject\",\"inLanguage\":\"es\",\"@id\":\"https:\\\/\\\/www.ucaldas.edu.co\\\/portal\\\/wp-content\\\/litespeed\\\/avatar\\\/09ea5085e600095a7a811142c6944527.jpg?ver=1777497608\",\"url\":\"https:\\\/\\\/www.ucaldas.edu.co\\\/portal\\\/wp-content\\\/litespeed\\\/avatar\\\/09ea5085e600095a7a811142c6944527.jpg?ver=1777497608\",\"contentUrl\":\"https:\\\/\\\/www.ucaldas.edu.co\\\/portal\\\/wp-content\\\/litespeed\\\/avatar\\\/09ea5085e600095a7a811142c6944527.jpg?ver=1777497608\",\"caption\":\"ofiprensa\"},\"url\":\"https:\\\/\\\/www.ucaldas.edu.co\\\/portal\\\/author\\\/ofiprensa\\\/\"}]}<\/script>\n<!-- \/ Yoast SEO plugin. -->","yoast_head_json":{"title":"Convocatoria para participar del d\u00e9cimo Festival Internacional de M\u00fasica CiMa, Ciudad de Manizales .","robots":{"index":"index","follow":"follow","max-snippet":"max-snippet:-1","max-image-preview":"max-image-preview:large","max-video-preview":"max-video-preview:-1"},"canonical":"https:\/\/www.ucaldas.edu.co\/portal\/convocatoria-para-participar-del-decimo-festival-internacional-de-musica-cima-ciudad-de-manizales\/","schema":{"@context":"https:\/\/schema.org","@graph":[{"@type":"Article","@id":"https:\/\/www.ucaldas.edu.co\/portal\/convocatoria-para-participar-del-decimo-festival-internacional-de-musica-cima-ciudad-de-manizales\/#article","isPartOf":{"@id":"https:\/\/www.ucaldas.edu.co\/portal\/convocatoria-para-participar-del-decimo-festival-internacional-de-musica-cima-ciudad-de-manizales\/"},"author":{"name":"ofiprensa","@id":"https:\/\/www.ucaldas.edu.co\/portal\/#\/schema\/person\/a1b482e23449158b4bc319926c074fdf"},"headline":"Convocatoria para participar del d\u00e9cimo Festival Internacional de M\u00fasica CiMa, Ciudad de Manizales","datePublished":"2025-07-01T22:25:27+00:00","mainEntityOfPage":{"@id":"https:\/\/www.ucaldas.edu.co\/portal\/convocatoria-para-participar-del-decimo-festival-internacional-de-musica-cima-ciudad-de-manizales\/"},"wordCount":623,"publisher":{"@id":"https:\/\/www.ucaldas.edu.co\/portal\/#organization"},"image":{"@id":"https:\/\/www.ucaldas.edu.co\/portal\/convocatoria-para-participar-del-decimo-festival-internacional-de-musica-cima-ciudad-de-manizales\/#primaryimage"},"thumbnailUrl":"https:\/\/www.ucaldas.edu.co\/portal\/wp-content\/uploads\/2025\/07\/7-IMG_8930-e1751408534607.jpg","keywords":["Festival Internacional de M\u00fasica","festival cima"],"articleSection":["Actualidad","Universidad al D\u00eda","UCaldas Cultural"],"inLanguage":"es"},{"@type":"WebPage","@id":"https:\/\/www.ucaldas.edu.co\/portal\/convocatoria-para-participar-del-decimo-festival-internacional-de-musica-cima-ciudad-de-manizales\/","url":"https:\/\/www.ucaldas.edu.co\/portal\/convocatoria-para-participar-del-decimo-festival-internacional-de-musica-cima-ciudad-de-manizales\/","name":"Convocatoria para participar del d\u00e9cimo Festival Internacional de M\u00fasica CiMa, Ciudad de Manizales .","isPartOf":{"@id":"https:\/\/www.ucaldas.edu.co\/portal\/#website"},"primaryImageOfPage":{"@id":"https:\/\/www.ucaldas.edu.co\/portal\/convocatoria-para-participar-del-decimo-festival-internacional-de-musica-cima-ciudad-de-manizales\/#primaryimage"},"image":{"@id":"https:\/\/www.ucaldas.edu.co\/portal\/convocatoria-para-participar-del-decimo-festival-internacional-de-musica-cima-ciudad-de-manizales\/#primaryimage"},"thumbnailUrl":"https:\/\/www.ucaldas.edu.co\/portal\/wp-content\/uploads\/2025\/07\/7-IMG_8930-e1751408534607.jpg","datePublished":"2025-07-01T22:25:27+00:00","breadcrumb":{"@id":"https:\/\/www.ucaldas.edu.co\/portal\/convocatoria-para-participar-del-decimo-festival-internacional-de-musica-cima-ciudad-de-manizales\/#breadcrumb"},"inLanguage":"es","potentialAction":[{"@type":"ReadAction","target":["https:\/\/www.ucaldas.edu.co\/portal\/convocatoria-para-participar-del-decimo-festival-internacional-de-musica-cima-ciudad-de-manizales\/"]}]},{"@type":"ImageObject","inLanguage":"es","@id":"https:\/\/www.ucaldas.edu.co\/portal\/convocatoria-para-participar-del-decimo-festival-internacional-de-musica-cima-ciudad-de-manizales\/#primaryimage","url":"https:\/\/www.ucaldas.edu.co\/portal\/wp-content\/uploads\/2025\/07\/7-IMG_8930-e1751408534607.jpg","contentUrl":"https:\/\/www.ucaldas.edu.co\/portal\/wp-content\/uploads\/2025\/07\/7-IMG_8930-e1751408534607.jpg","width":900,"height":600,"caption":"Festival CiMA"},{"@type":"BreadcrumbList","@id":"https:\/\/www.ucaldas.edu.co\/portal\/convocatoria-para-participar-del-decimo-festival-internacional-de-musica-cima-ciudad-de-manizales\/#breadcrumb","itemListElement":[{"@type":"ListItem","position":1,"name":"Portada","item":"https:\/\/www.ucaldas.edu.co\/portal\/"},{"@type":"ListItem","position":2,"name":"Convocatoria para participar del d\u00e9cimo Festival Internacional de M\u00fasica CiMa, Ciudad de Manizales"}]},{"@type":"WebSite","@id":"https:\/\/www.ucaldas.edu.co\/portal\/#website","url":"https:\/\/www.ucaldas.edu.co\/portal\/","name":"Universidad de Caldas","description":"","publisher":{"@id":"https:\/\/www.ucaldas.edu.co\/portal\/#organization"},"alternateName":"U. de Caldas","potentialAction":[{"@type":"SearchAction","target":{"@type":"EntryPoint","urlTemplate":"https:\/\/www.ucaldas.edu.co\/portal\/?s={search_term_string}"},"query-input":{"@type":"PropertyValueSpecification","valueRequired":true,"valueName":"search_term_string"}}],"inLanguage":"es"},{"@type":"Organization","@id":"https:\/\/www.ucaldas.edu.co\/portal\/#organization","name":"Universidad de Caldas","alternateName":"U. de Caldas","url":"https:\/\/www.ucaldas.edu.co\/portal\/","logo":{"@type":"ImageObject","inLanguage":"es","@id":"https:\/\/www.ucaldas.edu.co\/portal\/#\/schema\/logo\/image\/","url":"https:\/\/www.ucaldas.edu.co\/portal\/wp-content\/uploads\/2023\/11\/Logo_horizontal_oscuroU-2023.png","contentUrl":"https:\/\/www.ucaldas.edu.co\/portal\/wp-content\/uploads\/2023\/11\/Logo_horizontal_oscuroU-2023.png","width":263,"height":101,"caption":"Universidad de Caldas"},"image":{"@id":"https:\/\/www.ucaldas.edu.co\/portal\/#\/schema\/logo\/image\/"},"sameAs":["https:\/\/www.facebook.com\/udecaldas","https:\/\/x.com\/udecaldas","https:\/\/www.youtube.com\/universidadcaldas","https:\/\/www.instagram.com\/udecaldas\/"]},{"@type":"Person","@id":"https:\/\/www.ucaldas.edu.co\/portal\/#\/schema\/person\/a1b482e23449158b4bc319926c074fdf","name":"ofiprensa","image":{"@type":"ImageObject","inLanguage":"es","@id":"https:\/\/www.ucaldas.edu.co\/portal\/wp-content\/litespeed\/avatar\/09ea5085e600095a7a811142c6944527.jpg?ver=1777497608","url":"https:\/\/www.ucaldas.edu.co\/portal\/wp-content\/litespeed\/avatar\/09ea5085e600095a7a811142c6944527.jpg?ver=1777497608","contentUrl":"https:\/\/www.ucaldas.edu.co\/portal\/wp-content\/litespeed\/avatar\/09ea5085e600095a7a811142c6944527.jpg?ver=1777497608","caption":"ofiprensa"},"url":"https:\/\/www.ucaldas.edu.co\/portal\/author\/ofiprensa\/"}]}},"_links":{"self":[{"href":"https:\/\/www.ucaldas.edu.co\/portal\/wp-json\/wp\/v2\/posts\/88247","targetHints":{"allow":["GET"]}}],"collection":[{"href":"https:\/\/www.ucaldas.edu.co\/portal\/wp-json\/wp\/v2\/posts"}],"about":[{"href":"https:\/\/www.ucaldas.edu.co\/portal\/wp-json\/wp\/v2\/types\/post"}],"author":[{"embeddable":true,"href":"https:\/\/www.ucaldas.edu.co\/portal\/wp-json\/wp\/v2\/users\/2"}],"replies":[{"embeddable":true,"href":"https:\/\/www.ucaldas.edu.co\/portal\/wp-json\/wp\/v2\/comments?post=88247"}],"version-history":[{"count":0,"href":"https:\/\/www.ucaldas.edu.co\/portal\/wp-json\/wp\/v2\/posts\/88247\/revisions"}],"wp:featuredmedia":[{"embeddable":true,"href":"https:\/\/www.ucaldas.edu.co\/portal\/wp-json\/wp\/v2\/media\/88248"}],"wp:attachment":[{"href":"https:\/\/www.ucaldas.edu.co\/portal\/wp-json\/wp\/v2\/media?parent=88247"}],"wp:term":[{"taxonomy":"category","embeddable":true,"href":"https:\/\/www.ucaldas.edu.co\/portal\/wp-json\/wp\/v2\/categories?post=88247"},{"taxonomy":"post_tag","embeddable":true,"href":"https:\/\/www.ucaldas.edu.co\/portal\/wp-json\/wp\/v2\/tags?post=88247"}],"curies":[{"name":"wp","href":"https:\/\/api.w.org\/{rel}","templated":true}]}}