{"id":88057,"date":"2025-06-05T15:03:10","date_gmt":"2025-06-05T20:03:10","guid":{"rendered":"https:\/\/www.ucaldas.edu.co\/portal\/?p=88057"},"modified":"2025-06-05T15:03:10","modified_gmt":"2025-06-05T20:03:10","slug":"universidad-de-caldas-inaugura-segundo-simulador-obstetrico-de-alta-tecnologia-del-pais","status":"publish","type":"post","link":"https:\/\/www.ucaldas.edu.co\/portal\/universidad-de-caldas-inaugura-segundo-simulador-obstetrico-de-alta-tecnologia-del-pais\/","title":{"rendered":"Universidad de Caldas inaugura segundo simulador obst\u00e9trico de alta tecnolog\u00eda del pa\u00eds"},"content":{"rendered":"<p><img loading=\"lazy\" decoding=\"async\" class=\"alignnone wp-image-88062 size-full\" src=\"https:\/\/www.ucaldas.edu.co\/portal\/wp-content\/uploads\/2025\/06\/IMG_4439-scaled-e1749153679263.jpg\" alt=\"Simulador Mam\u00e1 Anne\" width=\"900\" height=\"675\" \/><\/p>\n<p style=\"text-align: justify;\">La Universidad de Caldas, a trav\u00e9s del Departamento B\u00e1sico Cl\u00ednico y el Centro de Simulaci\u00f3n Cl\u00ednica de la Facultad de Ciencias para la Salud, present\u00f3 oficialmente la adquisici\u00f3n del nuevo simulador obst\u00e9trico avanzado llamado \u201cMama Anne\u201d de Laerdal, una herramienta de \u00faltima generaci\u00f3n destinada al entrenamiento en partos y emergencias maternas.<!--more--><\/p>\n<p style=\"text-align: justify;\">Este moderno equipo, valorado en $448 millones de pesos, representa un importante avance en la formaci\u00f3n m\u00e9dica de los estudiantes de pregrado y posgrado de esta Facultad, al ofrecer entrenamientos realistas en situaciones cr\u00edticas que se presentan en un parto.<\/p>\n<p style=\"text-align: justify;\">El \u201cMama Anne\u201d cuenta con un Sistema Autom\u00e1tico de Parto (ADS), sensores de presi\u00f3n suprap\u00fabica y componentes modulares que permiten una configuraci\u00f3n \u00e1gil y adaptable a m\u00faltiples escenarios cl\u00ednicos. Con esta tecnolog\u00eda, los futuros profesionales de la salud podr\u00e1n practicar, evaluar y perfeccionar sus habilidades antes de enfrentarse a pacientes reales, garantizando as\u00ed una atenci\u00f3n m\u00e1s segura y efectiva. Se trata del segundo simulador de este tipo en Colombia y el primero en funcionamiento activo.<\/p>\n<p style=\"text-align: justify;\">\u00a0\u201cEste equipo reemplaza uno que, por el tiempo, ya no funcionaba adecuadamente. Gracias al apoyo de la Vicerrector\u00eda Acad\u00e9mica y la Oficina de Regionalizaci\u00f3n, hoy podemos decir que estamos a la vanguardia en formaci\u00f3n cl\u00ednica\u201d, indic\u00f3 el Decano de la Facultad de Ciencias de la Salud, Carlos Alberto Villegas Izasa. La apuesta por la tecnolog\u00eda de punta busca robustecer la ense\u00f1anza m\u00e9dica y acercar a los estudiantes a escenarios reales de atenci\u00f3n.<\/p>\n<p style=\"text-align: justify;\">Desde la Facultad de Ciencias para la Salud, se destaca el compromiso continuo con la renovaci\u00f3n y el fortalecimiento del hospital de simulaci\u00f3n, que ya supera los 10 a\u00f1os de funcionamiento. El Centro de simulaci\u00f3n, se perfila como uno de los m\u00e1s completos del pa\u00eds en simulaci\u00f3n cl\u00ednica, con un equipo humano altamente capacitado y dedicado a la formaci\u00f3n de calidad.<\/p>\n<p style=\"text-align: justify;\">Finalmente, la incorporaci\u00f3n de Mama Anne simboliza una visi\u00f3n clara hacia el futuro: reemplazar pr\u00e1cticas tradicionales como el uso de morgues por simulaci\u00f3n tecnol\u00f3gica avanzada. Esto no solo mejora la experiencia de aprendizaje, sino que tambi\u00e9n garantiza que los egresados de la Universidad de Caldas cuenten con las competencias necesarias para brindar una atenci\u00f3n humanizada, segura y efectiva a la poblaci\u00f3n.<\/p>\n<p style=\"text-align: justify;\"><strong>Anexo:<\/strong><\/p>\n<p style=\"text-align: justify;\"><a href=\"https:\/\/www.ucaldas.edu.co\/portal\/wp-content\/uploads\/2025\/06\/Rector-Simulador-ANNAE.mp3\"><strong>-Audio Rector Universidad de Caldas, Fabio Arias Orozco<\/strong><\/a><\/p>\n<audio class=\"wp-audio-shortcode\" id=\"audio-88057-1\" preload=\"none\" style=\"width: 100%;\" controls=\"controls\"><source type=\"audio\/mpeg\" src=\"https:\/\/www.ucaldas.edu.co\/portal\/wp-content\/uploads\/2025\/06\/Rector-Simulador-ANNAE.mp3?_=1\" \/><a href=\"https:\/\/www.ucaldas.edu.co\/portal\/wp-content\/uploads\/2025\/06\/Rector-Simulador-ANNAE.mp3\">https:\/\/www.ucaldas.edu.co\/portal\/wp-content\/uploads\/2025\/06\/Rector-Simulador-ANNAE.mp3<\/a><\/audio>\n<p style=\"text-align: justify;\"><a href=\"https:\/\/www.ucaldas.edu.co\/portal\/wp-content\/uploads\/2025\/06\/Decano-Ciencias-de-la-Salud-Simulador-Mama-Anne.mp3\"><strong>-Audio Decano de la facultad de Ciencias para la Salud, Carlos Alberto Villegas Izasa<\/strong><\/a><\/p>\n<audio class=\"wp-audio-shortcode\" id=\"audio-88057-2\" preload=\"none\" style=\"width: 100%;\" controls=\"controls\"><source type=\"audio\/mpeg\" src=\"https:\/\/www.ucaldas.edu.co\/portal\/wp-content\/uploads\/2025\/06\/Decano-Ciencias-de-la-Salud-Simulador-Mama-Anne.mp3?_=2\" \/><a href=\"https:\/\/www.ucaldas.edu.co\/portal\/wp-content\/uploads\/2025\/06\/Decano-Ciencias-de-la-Salud-Simulador-Mama-Anne.mp3\">https:\/\/www.ucaldas.edu.co\/portal\/wp-content\/uploads\/2025\/06\/Decano-Ciencias-de-la-Salud-Simulador-Mama-Anne.mp3<\/a><\/audio>\n<p style=\"text-align: justify;\"><a href=\"https:\/\/www.ucaldas.edu.co\/portal\/wp-content\/uploads\/2025\/06\/Oscar-Coordinador-Centro-de-Simulacion-Simulador-Mama-Anne.mp3\"><strong>-Audio Coordinador del Centro de Simulaci\u00f3n Cl\u00ednica, Oscar Felipe Erazo Mart\u00ednez<\/strong><\/a><\/p>\n<audio class=\"wp-audio-shortcode\" id=\"audio-88057-3\" preload=\"none\" style=\"width: 100%;\" controls=\"controls\"><source type=\"audio\/mpeg\" src=\"https:\/\/www.ucaldas.edu.co\/portal\/wp-content\/uploads\/2025\/06\/Oscar-Coordinador-Centro-de-Simulacion-Simulador-Mama-Anne.mp3?_=3\" \/><a href=\"https:\/\/www.ucaldas.edu.co\/portal\/wp-content\/uploads\/2025\/06\/Oscar-Coordinador-Centro-de-Simulacion-Simulador-Mama-Anne.mp3\">https:\/\/www.ucaldas.edu.co\/portal\/wp-content\/uploads\/2025\/06\/Oscar-Coordinador-Centro-de-Simulacion-Simulador-Mama-Anne.mp3<\/a><\/audio>\n<p style=\"text-align: justify;\"><a href=\"https:\/\/www.ucaldas.edu.co\/portal\/wp-content\/uploads\/2025\/06\/Estudiante-Gabriel-Simulador-Anne.mp3\"><strong>-Audio Estudiante de Medicina, Gabriel Eduardo L\u00f3pez Mar\u00edn<\/strong><\/a><\/p>\n<audio class=\"wp-audio-shortcode\" id=\"audio-88057-4\" preload=\"none\" style=\"width: 100%;\" controls=\"controls\"><source type=\"audio\/mpeg\" src=\"https:\/\/www.ucaldas.edu.co\/portal\/wp-content\/uploads\/2025\/06\/Estudiante-Gabriel-Simulador-Anne.mp3?_=4\" \/><a href=\"https:\/\/www.ucaldas.edu.co\/portal\/wp-content\/uploads\/2025\/06\/Estudiante-Gabriel-Simulador-Anne.mp3\">https:\/\/www.ucaldas.edu.co\/portal\/wp-content\/uploads\/2025\/06\/Estudiante-Gabriel-Simulador-Anne.mp3<\/a><\/audio>\n","protected":false},"excerpt":{"rendered":"<p>La Universidad de Caldas, a trav\u00e9s del Departamento B\u00e1sico Cl\u00ednico y el Centro de Simulaci\u00f3n Cl\u00ednica de la Facultad de Ciencias para la Salud, present\u00f3 oficialmente la adquisici\u00f3n del nuevo simulador obst\u00e9trico avanzado llamado \u201cMama Anne\u201d de Laerdal, una herramienta de \u00faltima generaci\u00f3n destinada al entrenamiento en partos y emergencias maternas.<\/p>\n","protected":false},"author":2,"featured_media":88062,"comment_status":"closed","ping_status":"open","sticky":false,"template":"","format":"standard","meta":{"footnotes":""},"categories":[48,53],"tags":[923,8356],"class_list":["post-88057","post","type-post","status-publish","format-standard","has-post-thumbnail","hentry","category-actualidad","category-universidad-al-dia","tag-centro-de-simulacion-clinica","tag-departamento-basico-clinico"],"yoast_head":"<!-- This site is optimized with the Yoast SEO plugin v27.5 - https:\/\/yoast.com\/product\/yoast-seo-wordpress\/ -->\n<title>Universidad de Caldas inaugura segundo simulador obst\u00e9trico de alta tecnolog\u00eda del pa\u00eds .<\/title>\n<meta name=\"robots\" content=\"index, follow, max-snippet:-1, max-image-preview:large, max-video-preview:-1\" \/>\n<link rel=\"canonical\" href=\"https:\/\/www.ucaldas.edu.co\/portal\/universidad-de-caldas-inaugura-segundo-simulador-obstetrico-de-alta-tecnologia-del-pais\/\" \/>\n<script type=\"application\/ld+json\" class=\"yoast-schema-graph\">{\"@context\":\"https:\\\/\\\/schema.org\",\"@graph\":[{\"@type\":\"Article\",\"@id\":\"https:\\\/\\\/www.ucaldas.edu.co\\\/portal\\\/universidad-de-caldas-inaugura-segundo-simulador-obstetrico-de-alta-tecnologia-del-pais\\\/#article\",\"isPartOf\":{\"@id\":\"https:\\\/\\\/www.ucaldas.edu.co\\\/portal\\\/universidad-de-caldas-inaugura-segundo-simulador-obstetrico-de-alta-tecnologia-del-pais\\\/\"},\"author\":{\"name\":\"ofiprensa\",\"@id\":\"https:\\\/\\\/www.ucaldas.edu.co\\\/portal\\\/#\\\/schema\\\/person\\\/a1b482e23449158b4bc319926c074fdf\"},\"headline\":\"Universidad de Caldas inaugura segundo simulador obst\u00e9trico de alta tecnolog\u00eda del pa\u00eds\",\"datePublished\":\"2025-06-05T20:03:10+00:00\",\"mainEntityOfPage\":{\"@id\":\"https:\\\/\\\/www.ucaldas.edu.co\\\/portal\\\/universidad-de-caldas-inaugura-segundo-simulador-obstetrico-de-alta-tecnologia-del-pais\\\/\"},\"wordCount\":519,\"publisher\":{\"@id\":\"https:\\\/\\\/www.ucaldas.edu.co\\\/portal\\\/#organization\"},\"image\":{\"@id\":\"https:\\\/\\\/www.ucaldas.edu.co\\\/portal\\\/universidad-de-caldas-inaugura-segundo-simulador-obstetrico-de-alta-tecnologia-del-pais\\\/#primaryimage\"},\"thumbnailUrl\":\"https:\\\/\\\/www.ucaldas.edu.co\\\/portal\\\/wp-content\\\/uploads\\\/2025\\\/06\\\/IMG_4439-scaled-e1749153679263.jpg\",\"keywords\":[\"Centro de Simulaci\u00f3n Cl\u00ednica\",\"departamento b\u00e1sico cl\u00ednico\"],\"articleSection\":[\"Actualidad\",\"Universidad al D\u00eda\"],\"inLanguage\":\"es\"},{\"@type\":\"WebPage\",\"@id\":\"https:\\\/\\\/www.ucaldas.edu.co\\\/portal\\\/universidad-de-caldas-inaugura-segundo-simulador-obstetrico-de-alta-tecnologia-del-pais\\\/\",\"url\":\"https:\\\/\\\/www.ucaldas.edu.co\\\/portal\\\/universidad-de-caldas-inaugura-segundo-simulador-obstetrico-de-alta-tecnologia-del-pais\\\/\",\"name\":\"Universidad de Caldas inaugura segundo simulador obst\u00e9trico de alta tecnolog\u00eda del pa\u00eds .\",\"isPartOf\":{\"@id\":\"https:\\\/\\\/www.ucaldas.edu.co\\\/portal\\\/#website\"},\"primaryImageOfPage\":{\"@id\":\"https:\\\/\\\/www.ucaldas.edu.co\\\/portal\\\/universidad-de-caldas-inaugura-segundo-simulador-obstetrico-de-alta-tecnologia-del-pais\\\/#primaryimage\"},\"image\":{\"@id\":\"https:\\\/\\\/www.ucaldas.edu.co\\\/portal\\\/universidad-de-caldas-inaugura-segundo-simulador-obstetrico-de-alta-tecnologia-del-pais\\\/#primaryimage\"},\"thumbnailUrl\":\"https:\\\/\\\/www.ucaldas.edu.co\\\/portal\\\/wp-content\\\/uploads\\\/2025\\\/06\\\/IMG_4439-scaled-e1749153679263.jpg\",\"datePublished\":\"2025-06-05T20:03:10+00:00\",\"breadcrumb\":{\"@id\":\"https:\\\/\\\/www.ucaldas.edu.co\\\/portal\\\/universidad-de-caldas-inaugura-segundo-simulador-obstetrico-de-alta-tecnologia-del-pais\\\/#breadcrumb\"},\"inLanguage\":\"es\",\"potentialAction\":[{\"@type\":\"ReadAction\",\"target\":[\"https:\\\/\\\/www.ucaldas.edu.co\\\/portal\\\/universidad-de-caldas-inaugura-segundo-simulador-obstetrico-de-alta-tecnologia-del-pais\\\/\"]}]},{\"@type\":\"ImageObject\",\"inLanguage\":\"es\",\"@id\":\"https:\\\/\\\/www.ucaldas.edu.co\\\/portal\\\/universidad-de-caldas-inaugura-segundo-simulador-obstetrico-de-alta-tecnologia-del-pais\\\/#primaryimage\",\"url\":\"https:\\\/\\\/www.ucaldas.edu.co\\\/portal\\\/wp-content\\\/uploads\\\/2025\\\/06\\\/IMG_4439-scaled-e1749153679263.jpg\",\"contentUrl\":\"https:\\\/\\\/www.ucaldas.edu.co\\\/portal\\\/wp-content\\\/uploads\\\/2025\\\/06\\\/IMG_4439-scaled-e1749153679263.jpg\",\"width\":900,\"height\":675,\"caption\":\"Simulador Mam\u00e1 Anne\"},{\"@type\":\"BreadcrumbList\",\"@id\":\"https:\\\/\\\/www.ucaldas.edu.co\\\/portal\\\/universidad-de-caldas-inaugura-segundo-simulador-obstetrico-de-alta-tecnologia-del-pais\\\/#breadcrumb\",\"itemListElement\":[{\"@type\":\"ListItem\",\"position\":1,\"name\":\"Portada\",\"item\":\"https:\\\/\\\/www.ucaldas.edu.co\\\/portal\\\/\"},{\"@type\":\"ListItem\",\"position\":2,\"name\":\"Universidad de Caldas inaugura segundo simulador obst\u00e9trico de alta tecnolog\u00eda del pa\u00eds\"}]},{\"@type\":\"WebSite\",\"@id\":\"https:\\\/\\\/www.ucaldas.edu.co\\\/portal\\\/#website\",\"url\":\"https:\\\/\\\/www.ucaldas.edu.co\\\/portal\\\/\",\"name\":\"Universidad de Caldas\",\"description\":\"\",\"publisher\":{\"@id\":\"https:\\\/\\\/www.ucaldas.edu.co\\\/portal\\\/#organization\"},\"alternateName\":\"U. de Caldas\",\"potentialAction\":[{\"@type\":\"SearchAction\",\"target\":{\"@type\":\"EntryPoint\",\"urlTemplate\":\"https:\\\/\\\/www.ucaldas.edu.co\\\/portal\\\/?s={search_term_string}\"},\"query-input\":{\"@type\":\"PropertyValueSpecification\",\"valueRequired\":true,\"valueName\":\"search_term_string\"}}],\"inLanguage\":\"es\"},{\"@type\":\"Organization\",\"@id\":\"https:\\\/\\\/www.ucaldas.edu.co\\\/portal\\\/#organization\",\"name\":\"Universidad de Caldas\",\"alternateName\":\"U. de Caldas\",\"url\":\"https:\\\/\\\/www.ucaldas.edu.co\\\/portal\\\/\",\"logo\":{\"@type\":\"ImageObject\",\"inLanguage\":\"es\",\"@id\":\"https:\\\/\\\/www.ucaldas.edu.co\\\/portal\\\/#\\\/schema\\\/logo\\\/image\\\/\",\"url\":\"https:\\\/\\\/www.ucaldas.edu.co\\\/portal\\\/wp-content\\\/uploads\\\/2023\\\/11\\\/Logo_horizontal_oscuroU-2023.png\",\"contentUrl\":\"https:\\\/\\\/www.ucaldas.edu.co\\\/portal\\\/wp-content\\\/uploads\\\/2023\\\/11\\\/Logo_horizontal_oscuroU-2023.png\",\"width\":263,\"height\":101,\"caption\":\"Universidad de Caldas\"},\"image\":{\"@id\":\"https:\\\/\\\/www.ucaldas.edu.co\\\/portal\\\/#\\\/schema\\\/logo\\\/image\\\/\"},\"sameAs\":[\"https:\\\/\\\/www.facebook.com\\\/udecaldas\",\"https:\\\/\\\/x.com\\\/udecaldas\",\"https:\\\/\\\/www.youtube.com\\\/universidadcaldas\",\"https:\\\/\\\/www.instagram.com\\\/udecaldas\\\/\"]},{\"@type\":\"Person\",\"@id\":\"https:\\\/\\\/www.ucaldas.edu.co\\\/portal\\\/#\\\/schema\\\/person\\\/a1b482e23449158b4bc319926c074fdf\",\"name\":\"ofiprensa\",\"image\":{\"@type\":\"ImageObject\",\"inLanguage\":\"es\",\"@id\":\"https:\\\/\\\/www.ucaldas.edu.co\\\/portal\\\/wp-content\\\/litespeed\\\/avatar\\\/09ea5085e600095a7a811142c6944527.jpg?ver=1777497608\",\"url\":\"https:\\\/\\\/www.ucaldas.edu.co\\\/portal\\\/wp-content\\\/litespeed\\\/avatar\\\/09ea5085e600095a7a811142c6944527.jpg?ver=1777497608\",\"contentUrl\":\"https:\\\/\\\/www.ucaldas.edu.co\\\/portal\\\/wp-content\\\/litespeed\\\/avatar\\\/09ea5085e600095a7a811142c6944527.jpg?ver=1777497608\",\"caption\":\"ofiprensa\"},\"url\":\"https:\\\/\\\/www.ucaldas.edu.co\\\/portal\\\/author\\\/ofiprensa\\\/\"}]}<\/script>\n<!-- \/ Yoast SEO plugin. -->","yoast_head_json":{"title":"Universidad de Caldas inaugura segundo simulador obst\u00e9trico de alta tecnolog\u00eda del pa\u00eds .","robots":{"index":"index","follow":"follow","max-snippet":"max-snippet:-1","max-image-preview":"max-image-preview:large","max-video-preview":"max-video-preview:-1"},"canonical":"https:\/\/www.ucaldas.edu.co\/portal\/universidad-de-caldas-inaugura-segundo-simulador-obstetrico-de-alta-tecnologia-del-pais\/","schema":{"@context":"https:\/\/schema.org","@graph":[{"@type":"Article","@id":"https:\/\/www.ucaldas.edu.co\/portal\/universidad-de-caldas-inaugura-segundo-simulador-obstetrico-de-alta-tecnologia-del-pais\/#article","isPartOf":{"@id":"https:\/\/www.ucaldas.edu.co\/portal\/universidad-de-caldas-inaugura-segundo-simulador-obstetrico-de-alta-tecnologia-del-pais\/"},"author":{"name":"ofiprensa","@id":"https:\/\/www.ucaldas.edu.co\/portal\/#\/schema\/person\/a1b482e23449158b4bc319926c074fdf"},"headline":"Universidad de Caldas inaugura segundo simulador obst\u00e9trico de alta tecnolog\u00eda del pa\u00eds","datePublished":"2025-06-05T20:03:10+00:00","mainEntityOfPage":{"@id":"https:\/\/www.ucaldas.edu.co\/portal\/universidad-de-caldas-inaugura-segundo-simulador-obstetrico-de-alta-tecnologia-del-pais\/"},"wordCount":519,"publisher":{"@id":"https:\/\/www.ucaldas.edu.co\/portal\/#organization"},"image":{"@id":"https:\/\/www.ucaldas.edu.co\/portal\/universidad-de-caldas-inaugura-segundo-simulador-obstetrico-de-alta-tecnologia-del-pais\/#primaryimage"},"thumbnailUrl":"https:\/\/www.ucaldas.edu.co\/portal\/wp-content\/uploads\/2025\/06\/IMG_4439-scaled-e1749153679263.jpg","keywords":["Centro de Simulaci\u00f3n Cl\u00ednica","departamento b\u00e1sico cl\u00ednico"],"articleSection":["Actualidad","Universidad al D\u00eda"],"inLanguage":"es"},{"@type":"WebPage","@id":"https:\/\/www.ucaldas.edu.co\/portal\/universidad-de-caldas-inaugura-segundo-simulador-obstetrico-de-alta-tecnologia-del-pais\/","url":"https:\/\/www.ucaldas.edu.co\/portal\/universidad-de-caldas-inaugura-segundo-simulador-obstetrico-de-alta-tecnologia-del-pais\/","name":"Universidad de Caldas inaugura segundo simulador obst\u00e9trico de alta tecnolog\u00eda del pa\u00eds .","isPartOf":{"@id":"https:\/\/www.ucaldas.edu.co\/portal\/#website"},"primaryImageOfPage":{"@id":"https:\/\/www.ucaldas.edu.co\/portal\/universidad-de-caldas-inaugura-segundo-simulador-obstetrico-de-alta-tecnologia-del-pais\/#primaryimage"},"image":{"@id":"https:\/\/www.ucaldas.edu.co\/portal\/universidad-de-caldas-inaugura-segundo-simulador-obstetrico-de-alta-tecnologia-del-pais\/#primaryimage"},"thumbnailUrl":"https:\/\/www.ucaldas.edu.co\/portal\/wp-content\/uploads\/2025\/06\/IMG_4439-scaled-e1749153679263.jpg","datePublished":"2025-06-05T20:03:10+00:00","breadcrumb":{"@id":"https:\/\/www.ucaldas.edu.co\/portal\/universidad-de-caldas-inaugura-segundo-simulador-obstetrico-de-alta-tecnologia-del-pais\/#breadcrumb"},"inLanguage":"es","potentialAction":[{"@type":"ReadAction","target":["https:\/\/www.ucaldas.edu.co\/portal\/universidad-de-caldas-inaugura-segundo-simulador-obstetrico-de-alta-tecnologia-del-pais\/"]}]},{"@type":"ImageObject","inLanguage":"es","@id":"https:\/\/www.ucaldas.edu.co\/portal\/universidad-de-caldas-inaugura-segundo-simulador-obstetrico-de-alta-tecnologia-del-pais\/#primaryimage","url":"https:\/\/www.ucaldas.edu.co\/portal\/wp-content\/uploads\/2025\/06\/IMG_4439-scaled-e1749153679263.jpg","contentUrl":"https:\/\/www.ucaldas.edu.co\/portal\/wp-content\/uploads\/2025\/06\/IMG_4439-scaled-e1749153679263.jpg","width":900,"height":675,"caption":"Simulador Mam\u00e1 Anne"},{"@type":"BreadcrumbList","@id":"https:\/\/www.ucaldas.edu.co\/portal\/universidad-de-caldas-inaugura-segundo-simulador-obstetrico-de-alta-tecnologia-del-pais\/#breadcrumb","itemListElement":[{"@type":"ListItem","position":1,"name":"Portada","item":"https:\/\/www.ucaldas.edu.co\/portal\/"},{"@type":"ListItem","position":2,"name":"Universidad de Caldas inaugura segundo simulador obst\u00e9trico de alta tecnolog\u00eda del pa\u00eds"}]},{"@type":"WebSite","@id":"https:\/\/www.ucaldas.edu.co\/portal\/#website","url":"https:\/\/www.ucaldas.edu.co\/portal\/","name":"Universidad de Caldas","description":"","publisher":{"@id":"https:\/\/www.ucaldas.edu.co\/portal\/#organization"},"alternateName":"U. de Caldas","potentialAction":[{"@type":"SearchAction","target":{"@type":"EntryPoint","urlTemplate":"https:\/\/www.ucaldas.edu.co\/portal\/?s={search_term_string}"},"query-input":{"@type":"PropertyValueSpecification","valueRequired":true,"valueName":"search_term_string"}}],"inLanguage":"es"},{"@type":"Organization","@id":"https:\/\/www.ucaldas.edu.co\/portal\/#organization","name":"Universidad de Caldas","alternateName":"U. de Caldas","url":"https:\/\/www.ucaldas.edu.co\/portal\/","logo":{"@type":"ImageObject","inLanguage":"es","@id":"https:\/\/www.ucaldas.edu.co\/portal\/#\/schema\/logo\/image\/","url":"https:\/\/www.ucaldas.edu.co\/portal\/wp-content\/uploads\/2023\/11\/Logo_horizontal_oscuroU-2023.png","contentUrl":"https:\/\/www.ucaldas.edu.co\/portal\/wp-content\/uploads\/2023\/11\/Logo_horizontal_oscuroU-2023.png","width":263,"height":101,"caption":"Universidad de Caldas"},"image":{"@id":"https:\/\/www.ucaldas.edu.co\/portal\/#\/schema\/logo\/image\/"},"sameAs":["https:\/\/www.facebook.com\/udecaldas","https:\/\/x.com\/udecaldas","https:\/\/www.youtube.com\/universidadcaldas","https:\/\/www.instagram.com\/udecaldas\/"]},{"@type":"Person","@id":"https:\/\/www.ucaldas.edu.co\/portal\/#\/schema\/person\/a1b482e23449158b4bc319926c074fdf","name":"ofiprensa","image":{"@type":"ImageObject","inLanguage":"es","@id":"https:\/\/www.ucaldas.edu.co\/portal\/wp-content\/litespeed\/avatar\/09ea5085e600095a7a811142c6944527.jpg?ver=1777497608","url":"https:\/\/www.ucaldas.edu.co\/portal\/wp-content\/litespeed\/avatar\/09ea5085e600095a7a811142c6944527.jpg?ver=1777497608","contentUrl":"https:\/\/www.ucaldas.edu.co\/portal\/wp-content\/litespeed\/avatar\/09ea5085e600095a7a811142c6944527.jpg?ver=1777497608","caption":"ofiprensa"},"url":"https:\/\/www.ucaldas.edu.co\/portal\/author\/ofiprensa\/"}]}},"_links":{"self":[{"href":"https:\/\/www.ucaldas.edu.co\/portal\/wp-json\/wp\/v2\/posts\/88057","targetHints":{"allow":["GET"]}}],"collection":[{"href":"https:\/\/www.ucaldas.edu.co\/portal\/wp-json\/wp\/v2\/posts"}],"about":[{"href":"https:\/\/www.ucaldas.edu.co\/portal\/wp-json\/wp\/v2\/types\/post"}],"author":[{"embeddable":true,"href":"https:\/\/www.ucaldas.edu.co\/portal\/wp-json\/wp\/v2\/users\/2"}],"replies":[{"embeddable":true,"href":"https:\/\/www.ucaldas.edu.co\/portal\/wp-json\/wp\/v2\/comments?post=88057"}],"version-history":[{"count":0,"href":"https:\/\/www.ucaldas.edu.co\/portal\/wp-json\/wp\/v2\/posts\/88057\/revisions"}],"wp:featuredmedia":[{"embeddable":true,"href":"https:\/\/www.ucaldas.edu.co\/portal\/wp-json\/wp\/v2\/media\/88062"}],"wp:attachment":[{"href":"https:\/\/www.ucaldas.edu.co\/portal\/wp-json\/wp\/v2\/media?parent=88057"}],"wp:term":[{"taxonomy":"category","embeddable":true,"href":"https:\/\/www.ucaldas.edu.co\/portal\/wp-json\/wp\/v2\/categories?post=88057"},{"taxonomy":"post_tag","embeddable":true,"href":"https:\/\/www.ucaldas.edu.co\/portal\/wp-json\/wp\/v2\/tags?post=88057"}],"curies":[{"name":"wp","href":"https:\/\/api.w.org\/{rel}","templated":true}]}}