{"id":87973,"date":"2025-06-03T15:38:27","date_gmt":"2025-06-03T20:38:27","guid":{"rendered":"https:\/\/www.ucaldas.edu.co\/portal\/?p=87973"},"modified":"2025-07-24T10:52:11","modified_gmt":"2025-07-24T15:52:11","slug":"47-jovenes-rurales-se-graduan-en-programas-tecnicos-de-la-universidad-de-caldas","status":"publish","type":"post","link":"https:\/\/www.ucaldas.edu.co\/portal\/47-jovenes-rurales-se-graduan-en-programas-tecnicos-de-la-universidad-de-caldas\/","title":{"rendered":"47 j\u00f3venes rurales se grad\u00faan en programas t\u00e9cnicos de la Universidad de Caldas"},"content":{"rendered":"<p><img loading=\"lazy\" decoding=\"async\" class=\"alignnone wp-image-87980\" src=\"https:\/\/www.ucaldas.edu.co\/portal\/wp-content\/uploads\/2025\/06\/cc5de2f4-ad76-4c9e-8c36-f1987ac79805-300x225.jpg\" alt=\"\" width=\"827\" height=\"620\" \/><\/p>\n<p style=\"text-align: justify;\"><img decoding=\"async\" class=\"alignnone size-full wp-image-87975\" src=\"https:\/\/www.ucaldas.edu.co\/portal\/wp-content\/uploads\/2025\/06\/IMG_4344-1.heic\" alt=\"\" \/>La Universidad de Caldas celebra con orgullo la graduaci\u00f3n de 47 j\u00f3venes provenientes de zonas rurales de los corregimientos de Florencia y San Diego del municipio de Saman\u00e1, quienes culminaron exitosamente sus estudios como T\u00e9cnicos Profesionales en Producci\u00f3n Agr\u00edcola y en Saneamiento Ambiental.<!--more--><\/p>\n<p style=\"text-align: justify;\">En total, 24 j\u00f3venes de Florencia recibieron su t\u00edtulo como T\u00e9cnicos Profesionales en Producci\u00f3n Agr\u00edcola y 23 j\u00f3venes de San Diego se graduaron como T\u00e9cnicos Profesionales en Saneamiento Ambiental.<\/p>\n<p style=\"text-align: justify;\">Este importante logro es resultado de la estrategia \u201cUniversidad en el Campo\u201d, una alianza entre la Universidad de Caldas y el Comit\u00e9 de Cafeteros, que tiene como objetivo acercar la educaci\u00f3n superior de calidad a las zonas rurales del departamento de Caldas y de otras regiones del pa\u00eds, por medio de la doble titulaci\u00f3n en articulaci\u00f3n con Instituciones Educativas.<\/p>\n<p style=\"text-align: justify;\">El rector de la Universidad de Caldas, Fabio Hernando Arias Orozco, destaca que, gracias a la graduaci\u00f3n de estos programas t\u00e9cnicos, los egresados podr\u00e1n continuar su formaci\u00f3n acad\u00e9mica a nivel de pregrado en Administraci\u00f3n de Ciencias Agropecuarias, y posteriormente avanzar hacia estudios de posgrado en el doctorado en Ciencias Agrarias o en Ingenier\u00eda Ambiental y Sanitaria.<\/p>\n<p style=\"text-align: justify;\">Actualmente, la Universidad de Caldas cuenta con ocho grupos activos que re\u00fanen a 200 estudiantes rurales en los municipios caldenses de Norcasia, Saman\u00e1, Risaralda, Victoria, Sup\u00eda, La Merced y Anserma. En el departamento de Risaralda, 230 estudiantes hacen parte de esta estrategia en los municipios de Santa Cecilia, Mistrat\u00f3, Dosquebradas, Marsella y Quinch\u00eda.<\/p>\n<p style=\"text-align: justify;\">La universidad reafirma as\u00ed su compromiso con la transformaci\u00f3n del territorio a trav\u00e9s de la educaci\u00f3n rural, brindando oportunidades reales de desarrollo y formaci\u00f3n a las nuevas generaciones de las zonas rurales.<\/p>\n<p style=\"text-align: justify;\"><strong>Pr\u00f3ximos grados<\/strong><\/p>\n<p style=\"text-align: justify;\">Este mes tambi\u00e9n se tendr\u00e1 ceremonia de grados en Hojas Anchas Sup\u00eda, San Peregrino Manizales y La Mermita Aguadas<\/p>\n<p style=\"text-align: justify;\"><strong>\u00a0<\/strong><\/p>\n<p style=\"text-align: justify;\"><strong>Anexo <\/strong><\/p>\n<p style=\"text-align: justify;\"><a href=\"https:\/\/www.ucaldas.edu.co\/portal\/wp-content\/uploads\/2025\/06\/Fabio-Hernando-Arias-Rector-Universidad-de-Caldas-2.mp3\"><strong>Audio Fabio Hernando Arias Orozco, rector Universidad de Caldas<\/strong><\/a><\/p>\n<audio class=\"wp-audio-shortcode\" id=\"audio-87973-1\" preload=\"none\" style=\"width: 100%;\" controls=\"controls\"><source type=\"audio\/mpeg\" src=\"https:\/\/www.ucaldas.edu.co\/portal\/wp-content\/uploads\/2025\/06\/Fabio-Hernando-Arias-Rector-Universidad-de-Caldas-2.mp3?_=1\" \/><a href=\"https:\/\/www.ucaldas.edu.co\/portal\/wp-content\/uploads\/2025\/06\/Fabio-Hernando-Arias-Rector-Universidad-de-Caldas-2.mp3\">https:\/\/www.ucaldas.edu.co\/portal\/wp-content\/uploads\/2025\/06\/Fabio-Hernando-Arias-Rector-Universidad-de-Caldas-2.mp3<\/a><\/audio>\n<p style=\"text-align: justify;\"><a href=\"https:\/\/www.ucaldas.edu.co\/portal\/wp-content\/uploads\/2025\/06\/Marcela-Toro-Rectora-institucio\u0301n-educativa-PIO-XII-Florencia.mp3\"><strong>Marcela Toro &#8211; rectora instituci\u00f3n educativa PIO XII Florencia<\/strong><\/a><\/p>\n<audio class=\"wp-audio-shortcode\" id=\"audio-87973-2\" preload=\"none\" style=\"width: 100%;\" controls=\"controls\"><source type=\"audio\/mpeg\" src=\"https:\/\/www.ucaldas.edu.co\/portal\/wp-content\/uploads\/2025\/06\/Marcela-Toro-Rectora-institucio\u0301n-educativa-PIO-XII-Florencia.mp3?_=2\" \/><a href=\"https:\/\/www.ucaldas.edu.co\/portal\/wp-content\/uploads\/2025\/06\/Marcela-Toro-Rectora-institucio\u0301n-educativa-PIO-XII-Florencia.mp3\">https:\/\/www.ucaldas.edu.co\/portal\/wp-content\/uploads\/2025\/06\/Marcela-Toro-Rectora-institucio\u0301n-educativa-PIO-XII-Florencia.mp3<\/a><\/audio>\n<p style=\"text-align: justify;\"><a href=\"https:\/\/www.ucaldas.edu.co\/portal\/wp-content\/uploads\/2025\/06\/Diana-Milena-Lo\u0301pez-Lo\u0301pez-Madre-estudiante-beneficiaria-San-Diego-Caldas.mp3\"><strong>Diana Milena L\u00f3pez L\u00f3pez &#8211; madre estudiante<\/strong><\/a><\/p>\n<audio class=\"wp-audio-shortcode\" id=\"audio-87973-3\" preload=\"none\" style=\"width: 100%;\" controls=\"controls\"><source type=\"audio\/mpeg\" src=\"https:\/\/www.ucaldas.edu.co\/portal\/wp-content\/uploads\/2025\/06\/Diana-Milena-Lo\u0301pez-Lo\u0301pez-Madre-estudiante-beneficiaria-San-Diego-Caldas.mp3?_=3\" \/><a href=\"https:\/\/www.ucaldas.edu.co\/portal\/wp-content\/uploads\/2025\/06\/Diana-Milena-Lo\u0301pez-Lo\u0301pez-Madre-estudiante-beneficiaria-San-Diego-Caldas.mp3\">https:\/\/www.ucaldas.edu.co\/portal\/wp-content\/uploads\/2025\/06\/Diana-Milena-Lo\u0301pez-Lo\u0301pez-Madre-estudiante-beneficiaria-San-Diego-Caldas.mp3<\/a><\/audio>\n<p style=\"text-align: justify;\"><a href=\"https:\/\/www.ucaldas.edu.co\/portal\/wp-content\/uploads\/2025\/06\/Karen-Juliet-London\u0303o-Lo\u0301pez-Graduando-te\u0301cnica-profesional-en-saneamiento-ambiental.mp3\"><strong>Karen Juliet Londo\u00f1o L\u00f3pez &#8211;\u00a0 graduando t\u00e9cnico profesional en Saneamiento Ambiental<\/strong><\/a><\/p>\n<audio class=\"wp-audio-shortcode\" id=\"audio-87973-4\" preload=\"none\" style=\"width: 100%;\" controls=\"controls\"><source type=\"audio\/mpeg\" src=\"https:\/\/www.ucaldas.edu.co\/portal\/wp-content\/uploads\/2025\/06\/Karen-Juliet-London\u0303o-Lo\u0301pez-Graduando-te\u0301cnica-profesional-en-saneamiento-ambiental.mp3?_=4\" \/><a href=\"https:\/\/www.ucaldas.edu.co\/portal\/wp-content\/uploads\/2025\/06\/Karen-Juliet-London\u0303o-Lo\u0301pez-Graduando-te\u0301cnica-profesional-en-saneamiento-ambiental.mp3\">https:\/\/www.ucaldas.edu.co\/portal\/wp-content\/uploads\/2025\/06\/Karen-Juliet-London\u0303o-Lo\u0301pez-Graduando-te\u0301cnica-profesional-en-saneamiento-ambiental.mp3<\/a><\/audio>\n<p style=\"text-align: justify;\"><strong>Miguel \u00c1ngel Cardona Aristiza\u0301bal &#8211; graduando t\u00e9cnico profesional Producci\u00f3n Agr\u00edcola<\/strong><\/p>\n<p>&nbsp;<\/p>\n","protected":false},"excerpt":{"rendered":"<p>La Universidad de Caldas celebra con orgullo la graduaci\u00f3n de 47 j\u00f3venes provenientes de zonas rurales de los corregimientos de Florencia y San Diego del municipio de Saman\u00e1, quienes culminaron exitosamente sus estudios como T\u00e9cnicos Profesionales en Producci\u00f3n Agr\u00edcola y en Saneamiento Ambiental.<\/p>\n","protected":false},"author":2,"featured_media":87980,"comment_status":"closed","ping_status":"open","sticky":false,"template":"","format":"standard","meta":{"footnotes":""},"categories":[48,53,600],"tags":[293,5769],"class_list":["post-87973","post","type-post","status-publish","format-standard","has-post-thumbnail","hentry","category-actualidad","category-universidad-al-dia","category-ucaldas-regional","tag-universidad-en-el-campo","tag-ceremonia-de-grados"],"yoast_head":"<!-- This site is optimized with the Yoast SEO plugin v27.4 - https:\/\/yoast.com\/product\/yoast-seo-wordpress\/ -->\n<title>47 j\u00f3venes rurales se grad\u00faan en programas t\u00e9cnicos de la Universidad de Caldas .<\/title>\n<meta name=\"robots\" content=\"index, follow, max-snippet:-1, max-image-preview:large, max-video-preview:-1\" \/>\n<link rel=\"canonical\" href=\"https:\/\/www.ucaldas.edu.co\/portal\/47-jovenes-rurales-se-graduan-en-programas-tecnicos-de-la-universidad-de-caldas\/\" \/>\n<script type=\"application\/ld+json\" class=\"yoast-schema-graph\">{\"@context\":\"https:\\\/\\\/schema.org\",\"@graph\":[{\"@type\":\"Article\",\"@id\":\"https:\\\/\\\/www.ucaldas.edu.co\\\/portal\\\/47-jovenes-rurales-se-graduan-en-programas-tecnicos-de-la-universidad-de-caldas\\\/#article\",\"isPartOf\":{\"@id\":\"https:\\\/\\\/www.ucaldas.edu.co\\\/portal\\\/47-jovenes-rurales-se-graduan-en-programas-tecnicos-de-la-universidad-de-caldas\\\/\"},\"author\":{\"name\":\"ofiprensa\",\"@id\":\"https:\\\/\\\/www.ucaldas.edu.co\\\/portal\\\/#\\\/schema\\\/person\\\/a1b482e23449158b4bc319926c074fdf\"},\"headline\":\"47 j\u00f3venes rurales se grad\u00faan en programas t\u00e9cnicos de la Universidad de Caldas\",\"datePublished\":\"2025-06-03T20:38:27+00:00\",\"dateModified\":\"2025-07-24T15:52:11+00:00\",\"mainEntityOfPage\":{\"@id\":\"https:\\\/\\\/www.ucaldas.edu.co\\\/portal\\\/47-jovenes-rurales-se-graduan-en-programas-tecnicos-de-la-universidad-de-caldas\\\/\"},\"wordCount\":452,\"publisher\":{\"@id\":\"https:\\\/\\\/www.ucaldas.edu.co\\\/portal\\\/#organization\"},\"image\":{\"@id\":\"https:\\\/\\\/www.ucaldas.edu.co\\\/portal\\\/47-jovenes-rurales-se-graduan-en-programas-tecnicos-de-la-universidad-de-caldas\\\/#primaryimage\"},\"thumbnailUrl\":\"https:\\\/\\\/www.ucaldas.edu.co\\\/portal\\\/wp-content\\\/uploads\\\/2025\\\/06\\\/cc5de2f4-ad76-4c9e-8c36-f1987ac79805-e1748982372217.jpg\",\"keywords\":[\"Universidad en el campo\",\"ceremonia de grados\"],\"articleSection\":[\"Actualidad\",\"Universidad al D\u00eda\",\"UCaldas Regional\"],\"inLanguage\":\"es\"},{\"@type\":\"WebPage\",\"@id\":\"https:\\\/\\\/www.ucaldas.edu.co\\\/portal\\\/47-jovenes-rurales-se-graduan-en-programas-tecnicos-de-la-universidad-de-caldas\\\/\",\"url\":\"https:\\\/\\\/www.ucaldas.edu.co\\\/portal\\\/47-jovenes-rurales-se-graduan-en-programas-tecnicos-de-la-universidad-de-caldas\\\/\",\"name\":\"47 j\u00f3venes rurales se grad\u00faan en programas t\u00e9cnicos de la Universidad de Caldas .\",\"isPartOf\":{\"@id\":\"https:\\\/\\\/www.ucaldas.edu.co\\\/portal\\\/#website\"},\"primaryImageOfPage\":{\"@id\":\"https:\\\/\\\/www.ucaldas.edu.co\\\/portal\\\/47-jovenes-rurales-se-graduan-en-programas-tecnicos-de-la-universidad-de-caldas\\\/#primaryimage\"},\"image\":{\"@id\":\"https:\\\/\\\/www.ucaldas.edu.co\\\/portal\\\/47-jovenes-rurales-se-graduan-en-programas-tecnicos-de-la-universidad-de-caldas\\\/#primaryimage\"},\"thumbnailUrl\":\"https:\\\/\\\/www.ucaldas.edu.co\\\/portal\\\/wp-content\\\/uploads\\\/2025\\\/06\\\/cc5de2f4-ad76-4c9e-8c36-f1987ac79805-e1748982372217.jpg\",\"datePublished\":\"2025-06-03T20:38:27+00:00\",\"dateModified\":\"2025-07-24T15:52:11+00:00\",\"breadcrumb\":{\"@id\":\"https:\\\/\\\/www.ucaldas.edu.co\\\/portal\\\/47-jovenes-rurales-se-graduan-en-programas-tecnicos-de-la-universidad-de-caldas\\\/#breadcrumb\"},\"inLanguage\":\"es\",\"potentialAction\":[{\"@type\":\"ReadAction\",\"target\":[\"https:\\\/\\\/www.ucaldas.edu.co\\\/portal\\\/47-jovenes-rurales-se-graduan-en-programas-tecnicos-de-la-universidad-de-caldas\\\/\"]}]},{\"@type\":\"ImageObject\",\"inLanguage\":\"es\",\"@id\":\"https:\\\/\\\/www.ucaldas.edu.co\\\/portal\\\/47-jovenes-rurales-se-graduan-en-programas-tecnicos-de-la-universidad-de-caldas\\\/#primaryimage\",\"url\":\"https:\\\/\\\/www.ucaldas.edu.co\\\/portal\\\/wp-content\\\/uploads\\\/2025\\\/06\\\/cc5de2f4-ad76-4c9e-8c36-f1987ac79805-e1748982372217.jpg\",\"contentUrl\":\"https:\\\/\\\/www.ucaldas.edu.co\\\/portal\\\/wp-content\\\/uploads\\\/2025\\\/06\\\/cc5de2f4-ad76-4c9e-8c36-f1987ac79805-e1748982372217.jpg\",\"width\":900,\"height\":675},{\"@type\":\"BreadcrumbList\",\"@id\":\"https:\\\/\\\/www.ucaldas.edu.co\\\/portal\\\/47-jovenes-rurales-se-graduan-en-programas-tecnicos-de-la-universidad-de-caldas\\\/#breadcrumb\",\"itemListElement\":[{\"@type\":\"ListItem\",\"position\":1,\"name\":\"Portada\",\"item\":\"https:\\\/\\\/www.ucaldas.edu.co\\\/portal\\\/\"},{\"@type\":\"ListItem\",\"position\":2,\"name\":\"47 j\u00f3venes rurales se grad\u00faan en programas t\u00e9cnicos de la Universidad de Caldas\"}]},{\"@type\":\"WebSite\",\"@id\":\"https:\\\/\\\/www.ucaldas.edu.co\\\/portal\\\/#website\",\"url\":\"https:\\\/\\\/www.ucaldas.edu.co\\\/portal\\\/\",\"name\":\"Universidad de Caldas\",\"description\":\"\",\"publisher\":{\"@id\":\"https:\\\/\\\/www.ucaldas.edu.co\\\/portal\\\/#organization\"},\"alternateName\":\"U. de Caldas\",\"potentialAction\":[{\"@type\":\"SearchAction\",\"target\":{\"@type\":\"EntryPoint\",\"urlTemplate\":\"https:\\\/\\\/www.ucaldas.edu.co\\\/portal\\\/?s={search_term_string}\"},\"query-input\":{\"@type\":\"PropertyValueSpecification\",\"valueRequired\":true,\"valueName\":\"search_term_string\"}}],\"inLanguage\":\"es\"},{\"@type\":\"Organization\",\"@id\":\"https:\\\/\\\/www.ucaldas.edu.co\\\/portal\\\/#organization\",\"name\":\"Universidad de Caldas\",\"alternateName\":\"U. de Caldas\",\"url\":\"https:\\\/\\\/www.ucaldas.edu.co\\\/portal\\\/\",\"logo\":{\"@type\":\"ImageObject\",\"inLanguage\":\"es\",\"@id\":\"https:\\\/\\\/www.ucaldas.edu.co\\\/portal\\\/#\\\/schema\\\/logo\\\/image\\\/\",\"url\":\"https:\\\/\\\/www.ucaldas.edu.co\\\/portal\\\/wp-content\\\/uploads\\\/2023\\\/11\\\/Logo_horizontal_oscuroU-2023.png\",\"contentUrl\":\"https:\\\/\\\/www.ucaldas.edu.co\\\/portal\\\/wp-content\\\/uploads\\\/2023\\\/11\\\/Logo_horizontal_oscuroU-2023.png\",\"width\":263,\"height\":101,\"caption\":\"Universidad de Caldas\"},\"image\":{\"@id\":\"https:\\\/\\\/www.ucaldas.edu.co\\\/portal\\\/#\\\/schema\\\/logo\\\/image\\\/\"},\"sameAs\":[\"https:\\\/\\\/www.facebook.com\\\/udecaldas\",\"https:\\\/\\\/x.com\\\/udecaldas\",\"https:\\\/\\\/www.youtube.com\\\/universidadcaldas\",\"https:\\\/\\\/www.instagram.com\\\/udecaldas\\\/\"]},{\"@type\":\"Person\",\"@id\":\"https:\\\/\\\/www.ucaldas.edu.co\\\/portal\\\/#\\\/schema\\\/person\\\/a1b482e23449158b4bc319926c074fdf\",\"name\":\"ofiprensa\",\"image\":{\"@type\":\"ImageObject\",\"inLanguage\":\"es\",\"@id\":\"https:\\\/\\\/www.ucaldas.edu.co\\\/portal\\\/wp-content\\\/litespeed\\\/avatar\\\/09ea5085e600095a7a811142c6944527.jpg?ver=1776892805\",\"url\":\"https:\\\/\\\/www.ucaldas.edu.co\\\/portal\\\/wp-content\\\/litespeed\\\/avatar\\\/09ea5085e600095a7a811142c6944527.jpg?ver=1776892805\",\"contentUrl\":\"https:\\\/\\\/www.ucaldas.edu.co\\\/portal\\\/wp-content\\\/litespeed\\\/avatar\\\/09ea5085e600095a7a811142c6944527.jpg?ver=1776892805\",\"caption\":\"ofiprensa\"},\"url\":\"https:\\\/\\\/www.ucaldas.edu.co\\\/portal\\\/author\\\/ofiprensa\\\/\"}]}<\/script>\n<!-- \/ Yoast SEO plugin. -->","yoast_head_json":{"title":"47 j\u00f3venes rurales se grad\u00faan en programas t\u00e9cnicos de la Universidad de Caldas .","robots":{"index":"index","follow":"follow","max-snippet":"max-snippet:-1","max-image-preview":"max-image-preview:large","max-video-preview":"max-video-preview:-1"},"canonical":"https:\/\/www.ucaldas.edu.co\/portal\/47-jovenes-rurales-se-graduan-en-programas-tecnicos-de-la-universidad-de-caldas\/","schema":{"@context":"https:\/\/schema.org","@graph":[{"@type":"Article","@id":"https:\/\/www.ucaldas.edu.co\/portal\/47-jovenes-rurales-se-graduan-en-programas-tecnicos-de-la-universidad-de-caldas\/#article","isPartOf":{"@id":"https:\/\/www.ucaldas.edu.co\/portal\/47-jovenes-rurales-se-graduan-en-programas-tecnicos-de-la-universidad-de-caldas\/"},"author":{"name":"ofiprensa","@id":"https:\/\/www.ucaldas.edu.co\/portal\/#\/schema\/person\/a1b482e23449158b4bc319926c074fdf"},"headline":"47 j\u00f3venes rurales se grad\u00faan en programas t\u00e9cnicos de la Universidad de Caldas","datePublished":"2025-06-03T20:38:27+00:00","dateModified":"2025-07-24T15:52:11+00:00","mainEntityOfPage":{"@id":"https:\/\/www.ucaldas.edu.co\/portal\/47-jovenes-rurales-se-graduan-en-programas-tecnicos-de-la-universidad-de-caldas\/"},"wordCount":452,"publisher":{"@id":"https:\/\/www.ucaldas.edu.co\/portal\/#organization"},"image":{"@id":"https:\/\/www.ucaldas.edu.co\/portal\/47-jovenes-rurales-se-graduan-en-programas-tecnicos-de-la-universidad-de-caldas\/#primaryimage"},"thumbnailUrl":"https:\/\/www.ucaldas.edu.co\/portal\/wp-content\/uploads\/2025\/06\/cc5de2f4-ad76-4c9e-8c36-f1987ac79805-e1748982372217.jpg","keywords":["Universidad en el campo","ceremonia de grados"],"articleSection":["Actualidad","Universidad al D\u00eda","UCaldas Regional"],"inLanguage":"es"},{"@type":"WebPage","@id":"https:\/\/www.ucaldas.edu.co\/portal\/47-jovenes-rurales-se-graduan-en-programas-tecnicos-de-la-universidad-de-caldas\/","url":"https:\/\/www.ucaldas.edu.co\/portal\/47-jovenes-rurales-se-graduan-en-programas-tecnicos-de-la-universidad-de-caldas\/","name":"47 j\u00f3venes rurales se grad\u00faan en programas t\u00e9cnicos de la Universidad de Caldas .","isPartOf":{"@id":"https:\/\/www.ucaldas.edu.co\/portal\/#website"},"primaryImageOfPage":{"@id":"https:\/\/www.ucaldas.edu.co\/portal\/47-jovenes-rurales-se-graduan-en-programas-tecnicos-de-la-universidad-de-caldas\/#primaryimage"},"image":{"@id":"https:\/\/www.ucaldas.edu.co\/portal\/47-jovenes-rurales-se-graduan-en-programas-tecnicos-de-la-universidad-de-caldas\/#primaryimage"},"thumbnailUrl":"https:\/\/www.ucaldas.edu.co\/portal\/wp-content\/uploads\/2025\/06\/cc5de2f4-ad76-4c9e-8c36-f1987ac79805-e1748982372217.jpg","datePublished":"2025-06-03T20:38:27+00:00","dateModified":"2025-07-24T15:52:11+00:00","breadcrumb":{"@id":"https:\/\/www.ucaldas.edu.co\/portal\/47-jovenes-rurales-se-graduan-en-programas-tecnicos-de-la-universidad-de-caldas\/#breadcrumb"},"inLanguage":"es","potentialAction":[{"@type":"ReadAction","target":["https:\/\/www.ucaldas.edu.co\/portal\/47-jovenes-rurales-se-graduan-en-programas-tecnicos-de-la-universidad-de-caldas\/"]}]},{"@type":"ImageObject","inLanguage":"es","@id":"https:\/\/www.ucaldas.edu.co\/portal\/47-jovenes-rurales-se-graduan-en-programas-tecnicos-de-la-universidad-de-caldas\/#primaryimage","url":"https:\/\/www.ucaldas.edu.co\/portal\/wp-content\/uploads\/2025\/06\/cc5de2f4-ad76-4c9e-8c36-f1987ac79805-e1748982372217.jpg","contentUrl":"https:\/\/www.ucaldas.edu.co\/portal\/wp-content\/uploads\/2025\/06\/cc5de2f4-ad76-4c9e-8c36-f1987ac79805-e1748982372217.jpg","width":900,"height":675},{"@type":"BreadcrumbList","@id":"https:\/\/www.ucaldas.edu.co\/portal\/47-jovenes-rurales-se-graduan-en-programas-tecnicos-de-la-universidad-de-caldas\/#breadcrumb","itemListElement":[{"@type":"ListItem","position":1,"name":"Portada","item":"https:\/\/www.ucaldas.edu.co\/portal\/"},{"@type":"ListItem","position":2,"name":"47 j\u00f3venes rurales se grad\u00faan en programas t\u00e9cnicos de la Universidad de Caldas"}]},{"@type":"WebSite","@id":"https:\/\/www.ucaldas.edu.co\/portal\/#website","url":"https:\/\/www.ucaldas.edu.co\/portal\/","name":"Universidad de Caldas","description":"","publisher":{"@id":"https:\/\/www.ucaldas.edu.co\/portal\/#organization"},"alternateName":"U. de Caldas","potentialAction":[{"@type":"SearchAction","target":{"@type":"EntryPoint","urlTemplate":"https:\/\/www.ucaldas.edu.co\/portal\/?s={search_term_string}"},"query-input":{"@type":"PropertyValueSpecification","valueRequired":true,"valueName":"search_term_string"}}],"inLanguage":"es"},{"@type":"Organization","@id":"https:\/\/www.ucaldas.edu.co\/portal\/#organization","name":"Universidad de Caldas","alternateName":"U. de Caldas","url":"https:\/\/www.ucaldas.edu.co\/portal\/","logo":{"@type":"ImageObject","inLanguage":"es","@id":"https:\/\/www.ucaldas.edu.co\/portal\/#\/schema\/logo\/image\/","url":"https:\/\/www.ucaldas.edu.co\/portal\/wp-content\/uploads\/2023\/11\/Logo_horizontal_oscuroU-2023.png","contentUrl":"https:\/\/www.ucaldas.edu.co\/portal\/wp-content\/uploads\/2023\/11\/Logo_horizontal_oscuroU-2023.png","width":263,"height":101,"caption":"Universidad de Caldas"},"image":{"@id":"https:\/\/www.ucaldas.edu.co\/portal\/#\/schema\/logo\/image\/"},"sameAs":["https:\/\/www.facebook.com\/udecaldas","https:\/\/x.com\/udecaldas","https:\/\/www.youtube.com\/universidadcaldas","https:\/\/www.instagram.com\/udecaldas\/"]},{"@type":"Person","@id":"https:\/\/www.ucaldas.edu.co\/portal\/#\/schema\/person\/a1b482e23449158b4bc319926c074fdf","name":"ofiprensa","image":{"@type":"ImageObject","inLanguage":"es","@id":"https:\/\/www.ucaldas.edu.co\/portal\/wp-content\/litespeed\/avatar\/09ea5085e600095a7a811142c6944527.jpg?ver=1776892805","url":"https:\/\/www.ucaldas.edu.co\/portal\/wp-content\/litespeed\/avatar\/09ea5085e600095a7a811142c6944527.jpg?ver=1776892805","contentUrl":"https:\/\/www.ucaldas.edu.co\/portal\/wp-content\/litespeed\/avatar\/09ea5085e600095a7a811142c6944527.jpg?ver=1776892805","caption":"ofiprensa"},"url":"https:\/\/www.ucaldas.edu.co\/portal\/author\/ofiprensa\/"}]}},"_links":{"self":[{"href":"https:\/\/www.ucaldas.edu.co\/portal\/wp-json\/wp\/v2\/posts\/87973","targetHints":{"allow":["GET"]}}],"collection":[{"href":"https:\/\/www.ucaldas.edu.co\/portal\/wp-json\/wp\/v2\/posts"}],"about":[{"href":"https:\/\/www.ucaldas.edu.co\/portal\/wp-json\/wp\/v2\/types\/post"}],"author":[{"embeddable":true,"href":"https:\/\/www.ucaldas.edu.co\/portal\/wp-json\/wp\/v2\/users\/2"}],"replies":[{"embeddable":true,"href":"https:\/\/www.ucaldas.edu.co\/portal\/wp-json\/wp\/v2\/comments?post=87973"}],"version-history":[{"count":0,"href":"https:\/\/www.ucaldas.edu.co\/portal\/wp-json\/wp\/v2\/posts\/87973\/revisions"}],"wp:featuredmedia":[{"embeddable":true,"href":"https:\/\/www.ucaldas.edu.co\/portal\/wp-json\/wp\/v2\/media\/87980"}],"wp:attachment":[{"href":"https:\/\/www.ucaldas.edu.co\/portal\/wp-json\/wp\/v2\/media?parent=87973"}],"wp:term":[{"taxonomy":"category","embeddable":true,"href":"https:\/\/www.ucaldas.edu.co\/portal\/wp-json\/wp\/v2\/categories?post=87973"},{"taxonomy":"post_tag","embeddable":true,"href":"https:\/\/www.ucaldas.edu.co\/portal\/wp-json\/wp\/v2\/tags?post=87973"}],"curies":[{"name":"wp","href":"https:\/\/api.w.org\/{rel}","templated":true}]}}