{"id":87913,"date":"2025-05-29T15:04:13","date_gmt":"2025-05-29T20:04:13","guid":{"rendered":"https:\/\/www.ucaldas.edu.co\/portal\/?p=87913"},"modified":"2025-05-29T15:07:29","modified_gmt":"2025-05-29T20:07:29","slug":"la-universidad-de-caldas-trae-oro-en-fase-regional-universitaria-de-los-juegos-ascun-deportes-2025","status":"publish","type":"post","link":"https:\/\/www.ucaldas.edu.co\/portal\/la-universidad-de-caldas-trae-oro-en-fase-regional-universitaria-de-los-juegos-ascun-deportes-2025\/","title":{"rendered":"La Universidad de Caldas trae oro en fase regional universitaria de los Juegos Ascun deportes 2025"},"content":{"rendered":"<div class=\"wpb-content-wrapper\"><p>[vc_row][vc_column][vc_column_text]<img loading=\"lazy\" decoding=\"async\" class=\"alignnone wp-image-87914 size-full\" src=\"https:\/\/www.ucaldas.edu.co\/portal\/wp-content\/uploads\/2025\/05\/Portada-5-e1748548756480.jpeg\" alt=\"Ascun deportes 2025\" width=\"900\" height=\"675\" \/><\/p>\n<p style=\"text-align: justify;\">En el primer semestre del presente a\u00f1o, la Universidad de Caldas particip\u00f3 activamente en la fase regional universitaria o fase zonal de los Juegos Ascun, celebrada en las sedes de Armenia, Pereira, Manizales y Cajic\u00e1 (Cundinamarca). Cerca de 230 deportistas defendieron los colores de la instituci\u00f3n, consolidando un s\u00f3lido grupo que dio muestra de talento y compromiso en cada encuentro.<!--more--><\/p>\n<p style=\"text-align: justify;\">Los resultados no se hicieron esperar: por primera vez en su historia, la Universidad de Caldas logr\u00f3 clasificar a 101 deportistas a la fase nacional de los Juegos Ascun. Adem\u00e1s, se logr\u00f3 el campeonato en f\u00fatbol masculino, f\u00fatbol femenino, disco volador femenino; y el subcampeonato en disco volador masculino; tambi\u00e9n se obtuvo medallas de oro en nataci\u00f3n, taekwondo, judo, karate y ajedrez. En todas las disciplinas la instituci\u00f3n estuvo presente en la jornada final, reflejo de un trabajo conjunto y meticuloso.<\/p>\n<p style=\"text-align: justify;\">Conozca aqu\u00ed el informe detallado de la medaller\u00eda y los logros obtenidos por los deportistas de la Universidad de Caldas: <a href=\"https:\/\/www.ucaldas.edu.co\/portal\/wp-content\/uploads\/2025\/05\/INFORME-JUEGOS-REGIONALES-UNIVERSITARIOS-2025.pdf\">https:\/\/www.ucaldas.edu.co\/portal\/wp-content\/uploads\/2025\/05\/INFORME-JUEGOS-REGIONALES-UNIVERSITARIOS-2025.pdf<\/a><\/p>\n<p style=\"text-align: justify;\">En los deportes de conjunto, la Universidad compiti\u00f3 en ambas ramas (masculina y femenina) en f\u00fatbol, rugby, voleibol, baloncesto y f\u00fatbol sala, as\u00ed como en las pruebas de disco volador. La cobertura integral de estas modalidades permiti\u00f3 a los equipos de la universidad enfrentar con \u00e9xito a las universidades de la regi\u00f3n, demostrando un crecimiento sostenido en la formaci\u00f3n y el desempe\u00f1o colectivo.<\/p>\n<p style=\"text-align: justify;\">En el \u00e1mbito individual, la delegaci\u00f3n universitaria estuvo representada en tenis de campo, tenis de mesa, nataci\u00f3n, taekwondo, judo, karate y ajedrez. Este logro es fruto de la apuesta de la Administraci\u00f3n quien sin escatimar en gastos apoyaron a los deportistas con transporte, alimentaci\u00f3n, alojamiento, entrenamientos especializados, apoyo de fisioterapeutas y la experticia de entrenadores altamente calificados para optimizar la preparaci\u00f3n t\u00e9cnico\u2011t\u00e1ctica de cada deportista.<\/p>\n<p style=\"text-align: justify;\">Con esta destacada actuaci\u00f3n, la Universidad de Caldas reafirma su compromiso con el deporte universitario y se prepara para representar con orgullo a la regi\u00f3n en los Juegos Nacionales 2025. Invitamos a la comunidad universitaria y al p\u00fablico en general a seguir apoyando a los deportistas en esta nueva etapa que pondr\u00e1 a prueba su talento y entrega.<\/p>\n<p style=\"text-align: justify;\"><strong>Anexo:<\/strong><\/p>\n<p style=\"text-align: justify;\"><strong>-Audio Coordinador de deportes, Jhonny Alejandro Carmona Garc\u00eda<\/strong><\/p>\n<audio class=\"wp-audio-shortcode\" id=\"audio-87913-1\" preload=\"none\" style=\"width: 100%;\" controls=\"controls\"><source type=\"audio\/mpeg\" src=\"https:\/\/www.ucaldas.edu.co\/portal\/wp-content\/uploads\/2025\/05\/Jhonny-Deportes-Juegos-Ascun.mp3?_=1\" \/><a href=\"https:\/\/www.ucaldas.edu.co\/portal\/wp-content\/uploads\/2025\/05\/Jhonny-Deportes-Juegos-Ascun.mp3\">https:\/\/www.ucaldas.edu.co\/portal\/wp-content\/uploads\/2025\/05\/Jhonny-Deportes-Juegos-Ascun.mp3<\/a><\/audio>\n<p>[\/vc_column_text][vc_images_carousel images=\u00bb87916,87920,87917,87918,87919&#8243; img_size=\u00bb700&#215;500&#8243; autoplay=\u00bbyes\u00bb css=\u00bb\u00bb title=\u00bbGaler\u00eda de im\u00e1genes\u00bb][\/vc_column][\/vc_row]<\/p>\n<\/div>","protected":false},"excerpt":{"rendered":"<p>[vc_row][vc_column][vc_column_text] En el primer semestre del presente a\u00f1o, la Universidad de Caldas particip\u00f3 activamente en la fase regional universitaria o fase zonal de los Juegos Ascun, celebrada en las sedes de Armenia, Pereira, Manizales y Cajic\u00e1 (Cundinamarca). Cerca de 230 deportistas defendieron los colores de la instituci\u00f3n, consolidando un s\u00f3lido grupo que dio muestra de [&hellip;]<\/p>\n","protected":false},"author":2,"featured_media":87914,"comment_status":"closed","ping_status":"open","sticky":false,"template":"","format":"standard","meta":{"footnotes":""},"categories":[48,53],"tags":[4979,9839],"class_list":["post-87913","post","type-post","status-publish","format-standard","has-post-thumbnail","hentry","category-actualidad","category-universidad-al-dia","tag-campeones-u-caldas","tag-juegos-deportivos-ascun-2025"],"yoast_head":"<!-- This site is optimized with the Yoast SEO plugin v27.4 - https:\/\/yoast.com\/product\/yoast-seo-wordpress\/ -->\n<title>La Universidad de Caldas trae oro en fase regional universitaria de los Juegos Ascun deportes 2025 .<\/title>\n<meta name=\"robots\" content=\"index, follow, max-snippet:-1, max-image-preview:large, max-video-preview:-1\" \/>\n<link rel=\"canonical\" href=\"https:\/\/www.ucaldas.edu.co\/portal\/la-universidad-de-caldas-trae-oro-en-fase-regional-universitaria-de-los-juegos-ascun-deportes-2025\/\" \/>\n<script type=\"application\/ld+json\" class=\"yoast-schema-graph\">{\"@context\":\"https:\\\/\\\/schema.org\",\"@graph\":[{\"@type\":\"Article\",\"@id\":\"https:\\\/\\\/www.ucaldas.edu.co\\\/portal\\\/la-universidad-de-caldas-trae-oro-en-fase-regional-universitaria-de-los-juegos-ascun-deportes-2025\\\/#article\",\"isPartOf\":{\"@id\":\"https:\\\/\\\/www.ucaldas.edu.co\\\/portal\\\/la-universidad-de-caldas-trae-oro-en-fase-regional-universitaria-de-los-juegos-ascun-deportes-2025\\\/\"},\"author\":{\"name\":\"ofiprensa\",\"@id\":\"https:\\\/\\\/www.ucaldas.edu.co\\\/portal\\\/#\\\/schema\\\/person\\\/a1b482e23449158b4bc319926c074fdf\"},\"headline\":\"La Universidad de Caldas trae oro en fase regional universitaria de los Juegos Ascun deportes 2025\",\"datePublished\":\"2025-05-29T20:04:13+00:00\",\"dateModified\":\"2025-05-29T20:07:29+00:00\",\"mainEntityOfPage\":{\"@id\":\"https:\\\/\\\/www.ucaldas.edu.co\\\/portal\\\/la-universidad-de-caldas-trae-oro-en-fase-regional-universitaria-de-los-juegos-ascun-deportes-2025\\\/\"},\"wordCount\":448,\"publisher\":{\"@id\":\"https:\\\/\\\/www.ucaldas.edu.co\\\/portal\\\/#organization\"},\"image\":{\"@id\":\"https:\\\/\\\/www.ucaldas.edu.co\\\/portal\\\/la-universidad-de-caldas-trae-oro-en-fase-regional-universitaria-de-los-juegos-ascun-deportes-2025\\\/#primaryimage\"},\"thumbnailUrl\":\"https:\\\/\\\/www.ucaldas.edu.co\\\/portal\\\/wp-content\\\/uploads\\\/2025\\\/05\\\/Portada-5-e1748548756480.jpeg\",\"keywords\":[\"campeones u caldas\",\"juegos deportivos ascun 2025\"],\"articleSection\":[\"Actualidad\",\"Universidad al D\u00eda\"],\"inLanguage\":\"es\"},{\"@type\":\"WebPage\",\"@id\":\"https:\\\/\\\/www.ucaldas.edu.co\\\/portal\\\/la-universidad-de-caldas-trae-oro-en-fase-regional-universitaria-de-los-juegos-ascun-deportes-2025\\\/\",\"url\":\"https:\\\/\\\/www.ucaldas.edu.co\\\/portal\\\/la-universidad-de-caldas-trae-oro-en-fase-regional-universitaria-de-los-juegos-ascun-deportes-2025\\\/\",\"name\":\"La Universidad de Caldas trae oro en fase regional universitaria de los Juegos Ascun deportes 2025 .\",\"isPartOf\":{\"@id\":\"https:\\\/\\\/www.ucaldas.edu.co\\\/portal\\\/#website\"},\"primaryImageOfPage\":{\"@id\":\"https:\\\/\\\/www.ucaldas.edu.co\\\/portal\\\/la-universidad-de-caldas-trae-oro-en-fase-regional-universitaria-de-los-juegos-ascun-deportes-2025\\\/#primaryimage\"},\"image\":{\"@id\":\"https:\\\/\\\/www.ucaldas.edu.co\\\/portal\\\/la-universidad-de-caldas-trae-oro-en-fase-regional-universitaria-de-los-juegos-ascun-deportes-2025\\\/#primaryimage\"},\"thumbnailUrl\":\"https:\\\/\\\/www.ucaldas.edu.co\\\/portal\\\/wp-content\\\/uploads\\\/2025\\\/05\\\/Portada-5-e1748548756480.jpeg\",\"datePublished\":\"2025-05-29T20:04:13+00:00\",\"dateModified\":\"2025-05-29T20:07:29+00:00\",\"breadcrumb\":{\"@id\":\"https:\\\/\\\/www.ucaldas.edu.co\\\/portal\\\/la-universidad-de-caldas-trae-oro-en-fase-regional-universitaria-de-los-juegos-ascun-deportes-2025\\\/#breadcrumb\"},\"inLanguage\":\"es\",\"potentialAction\":[{\"@type\":\"ReadAction\",\"target\":[\"https:\\\/\\\/www.ucaldas.edu.co\\\/portal\\\/la-universidad-de-caldas-trae-oro-en-fase-regional-universitaria-de-los-juegos-ascun-deportes-2025\\\/\"]}]},{\"@type\":\"ImageObject\",\"inLanguage\":\"es\",\"@id\":\"https:\\\/\\\/www.ucaldas.edu.co\\\/portal\\\/la-universidad-de-caldas-trae-oro-en-fase-regional-universitaria-de-los-juegos-ascun-deportes-2025\\\/#primaryimage\",\"url\":\"https:\\\/\\\/www.ucaldas.edu.co\\\/portal\\\/wp-content\\\/uploads\\\/2025\\\/05\\\/Portada-5-e1748548756480.jpeg\",\"contentUrl\":\"https:\\\/\\\/www.ucaldas.edu.co\\\/portal\\\/wp-content\\\/uploads\\\/2025\\\/05\\\/Portada-5-e1748548756480.jpeg\",\"width\":900,\"height\":675,\"caption\":\"Ascun deportes 2025\"},{\"@type\":\"BreadcrumbList\",\"@id\":\"https:\\\/\\\/www.ucaldas.edu.co\\\/portal\\\/la-universidad-de-caldas-trae-oro-en-fase-regional-universitaria-de-los-juegos-ascun-deportes-2025\\\/#breadcrumb\",\"itemListElement\":[{\"@type\":\"ListItem\",\"position\":1,\"name\":\"Portada\",\"item\":\"https:\\\/\\\/www.ucaldas.edu.co\\\/portal\\\/\"},{\"@type\":\"ListItem\",\"position\":2,\"name\":\"La Universidad de Caldas trae oro en fase regional universitaria de los Juegos Ascun deportes 2025\"}]},{\"@type\":\"WebSite\",\"@id\":\"https:\\\/\\\/www.ucaldas.edu.co\\\/portal\\\/#website\",\"url\":\"https:\\\/\\\/www.ucaldas.edu.co\\\/portal\\\/\",\"name\":\"Universidad de Caldas\",\"description\":\"\",\"publisher\":{\"@id\":\"https:\\\/\\\/www.ucaldas.edu.co\\\/portal\\\/#organization\"},\"alternateName\":\"U. de Caldas\",\"potentialAction\":[{\"@type\":\"SearchAction\",\"target\":{\"@type\":\"EntryPoint\",\"urlTemplate\":\"https:\\\/\\\/www.ucaldas.edu.co\\\/portal\\\/?s={search_term_string}\"},\"query-input\":{\"@type\":\"PropertyValueSpecification\",\"valueRequired\":true,\"valueName\":\"search_term_string\"}}],\"inLanguage\":\"es\"},{\"@type\":\"Organization\",\"@id\":\"https:\\\/\\\/www.ucaldas.edu.co\\\/portal\\\/#organization\",\"name\":\"Universidad de Caldas\",\"alternateName\":\"U. de Caldas\",\"url\":\"https:\\\/\\\/www.ucaldas.edu.co\\\/portal\\\/\",\"logo\":{\"@type\":\"ImageObject\",\"inLanguage\":\"es\",\"@id\":\"https:\\\/\\\/www.ucaldas.edu.co\\\/portal\\\/#\\\/schema\\\/logo\\\/image\\\/\",\"url\":\"https:\\\/\\\/www.ucaldas.edu.co\\\/portal\\\/wp-content\\\/uploads\\\/2023\\\/11\\\/Logo_horizontal_oscuroU-2023.png\",\"contentUrl\":\"https:\\\/\\\/www.ucaldas.edu.co\\\/portal\\\/wp-content\\\/uploads\\\/2023\\\/11\\\/Logo_horizontal_oscuroU-2023.png\",\"width\":263,\"height\":101,\"caption\":\"Universidad de Caldas\"},\"image\":{\"@id\":\"https:\\\/\\\/www.ucaldas.edu.co\\\/portal\\\/#\\\/schema\\\/logo\\\/image\\\/\"},\"sameAs\":[\"https:\\\/\\\/www.facebook.com\\\/udecaldas\",\"https:\\\/\\\/x.com\\\/udecaldas\",\"https:\\\/\\\/www.youtube.com\\\/universidadcaldas\",\"https:\\\/\\\/www.instagram.com\\\/udecaldas\\\/\"]},{\"@type\":\"Person\",\"@id\":\"https:\\\/\\\/www.ucaldas.edu.co\\\/portal\\\/#\\\/schema\\\/person\\\/a1b482e23449158b4bc319926c074fdf\",\"name\":\"ofiprensa\",\"image\":{\"@type\":\"ImageObject\",\"inLanguage\":\"es\",\"@id\":\"https:\\\/\\\/www.ucaldas.edu.co\\\/portal\\\/wp-content\\\/litespeed\\\/avatar\\\/09ea5085e600095a7a811142c6944527.jpg?ver=1776892805\",\"url\":\"https:\\\/\\\/www.ucaldas.edu.co\\\/portal\\\/wp-content\\\/litespeed\\\/avatar\\\/09ea5085e600095a7a811142c6944527.jpg?ver=1776892805\",\"contentUrl\":\"https:\\\/\\\/www.ucaldas.edu.co\\\/portal\\\/wp-content\\\/litespeed\\\/avatar\\\/09ea5085e600095a7a811142c6944527.jpg?ver=1776892805\",\"caption\":\"ofiprensa\"},\"url\":\"https:\\\/\\\/www.ucaldas.edu.co\\\/portal\\\/author\\\/ofiprensa\\\/\"}]}<\/script>\n<!-- \/ Yoast SEO plugin. -->","yoast_head_json":{"title":"La Universidad de Caldas trae oro en fase regional universitaria de los Juegos Ascun deportes 2025 .","robots":{"index":"index","follow":"follow","max-snippet":"max-snippet:-1","max-image-preview":"max-image-preview:large","max-video-preview":"max-video-preview:-1"},"canonical":"https:\/\/www.ucaldas.edu.co\/portal\/la-universidad-de-caldas-trae-oro-en-fase-regional-universitaria-de-los-juegos-ascun-deportes-2025\/","schema":{"@context":"https:\/\/schema.org","@graph":[{"@type":"Article","@id":"https:\/\/www.ucaldas.edu.co\/portal\/la-universidad-de-caldas-trae-oro-en-fase-regional-universitaria-de-los-juegos-ascun-deportes-2025\/#article","isPartOf":{"@id":"https:\/\/www.ucaldas.edu.co\/portal\/la-universidad-de-caldas-trae-oro-en-fase-regional-universitaria-de-los-juegos-ascun-deportes-2025\/"},"author":{"name":"ofiprensa","@id":"https:\/\/www.ucaldas.edu.co\/portal\/#\/schema\/person\/a1b482e23449158b4bc319926c074fdf"},"headline":"La Universidad de Caldas trae oro en fase regional universitaria de los Juegos Ascun deportes 2025","datePublished":"2025-05-29T20:04:13+00:00","dateModified":"2025-05-29T20:07:29+00:00","mainEntityOfPage":{"@id":"https:\/\/www.ucaldas.edu.co\/portal\/la-universidad-de-caldas-trae-oro-en-fase-regional-universitaria-de-los-juegos-ascun-deportes-2025\/"},"wordCount":448,"publisher":{"@id":"https:\/\/www.ucaldas.edu.co\/portal\/#organization"},"image":{"@id":"https:\/\/www.ucaldas.edu.co\/portal\/la-universidad-de-caldas-trae-oro-en-fase-regional-universitaria-de-los-juegos-ascun-deportes-2025\/#primaryimage"},"thumbnailUrl":"https:\/\/www.ucaldas.edu.co\/portal\/wp-content\/uploads\/2025\/05\/Portada-5-e1748548756480.jpeg","keywords":["campeones u caldas","juegos deportivos ascun 2025"],"articleSection":["Actualidad","Universidad al D\u00eda"],"inLanguage":"es"},{"@type":"WebPage","@id":"https:\/\/www.ucaldas.edu.co\/portal\/la-universidad-de-caldas-trae-oro-en-fase-regional-universitaria-de-los-juegos-ascun-deportes-2025\/","url":"https:\/\/www.ucaldas.edu.co\/portal\/la-universidad-de-caldas-trae-oro-en-fase-regional-universitaria-de-los-juegos-ascun-deportes-2025\/","name":"La Universidad de Caldas trae oro en fase regional universitaria de los Juegos Ascun deportes 2025 .","isPartOf":{"@id":"https:\/\/www.ucaldas.edu.co\/portal\/#website"},"primaryImageOfPage":{"@id":"https:\/\/www.ucaldas.edu.co\/portal\/la-universidad-de-caldas-trae-oro-en-fase-regional-universitaria-de-los-juegos-ascun-deportes-2025\/#primaryimage"},"image":{"@id":"https:\/\/www.ucaldas.edu.co\/portal\/la-universidad-de-caldas-trae-oro-en-fase-regional-universitaria-de-los-juegos-ascun-deportes-2025\/#primaryimage"},"thumbnailUrl":"https:\/\/www.ucaldas.edu.co\/portal\/wp-content\/uploads\/2025\/05\/Portada-5-e1748548756480.jpeg","datePublished":"2025-05-29T20:04:13+00:00","dateModified":"2025-05-29T20:07:29+00:00","breadcrumb":{"@id":"https:\/\/www.ucaldas.edu.co\/portal\/la-universidad-de-caldas-trae-oro-en-fase-regional-universitaria-de-los-juegos-ascun-deportes-2025\/#breadcrumb"},"inLanguage":"es","potentialAction":[{"@type":"ReadAction","target":["https:\/\/www.ucaldas.edu.co\/portal\/la-universidad-de-caldas-trae-oro-en-fase-regional-universitaria-de-los-juegos-ascun-deportes-2025\/"]}]},{"@type":"ImageObject","inLanguage":"es","@id":"https:\/\/www.ucaldas.edu.co\/portal\/la-universidad-de-caldas-trae-oro-en-fase-regional-universitaria-de-los-juegos-ascun-deportes-2025\/#primaryimage","url":"https:\/\/www.ucaldas.edu.co\/portal\/wp-content\/uploads\/2025\/05\/Portada-5-e1748548756480.jpeg","contentUrl":"https:\/\/www.ucaldas.edu.co\/portal\/wp-content\/uploads\/2025\/05\/Portada-5-e1748548756480.jpeg","width":900,"height":675,"caption":"Ascun deportes 2025"},{"@type":"BreadcrumbList","@id":"https:\/\/www.ucaldas.edu.co\/portal\/la-universidad-de-caldas-trae-oro-en-fase-regional-universitaria-de-los-juegos-ascun-deportes-2025\/#breadcrumb","itemListElement":[{"@type":"ListItem","position":1,"name":"Portada","item":"https:\/\/www.ucaldas.edu.co\/portal\/"},{"@type":"ListItem","position":2,"name":"La Universidad de Caldas trae oro en fase regional universitaria de los Juegos Ascun deportes 2025"}]},{"@type":"WebSite","@id":"https:\/\/www.ucaldas.edu.co\/portal\/#website","url":"https:\/\/www.ucaldas.edu.co\/portal\/","name":"Universidad de Caldas","description":"","publisher":{"@id":"https:\/\/www.ucaldas.edu.co\/portal\/#organization"},"alternateName":"U. de Caldas","potentialAction":[{"@type":"SearchAction","target":{"@type":"EntryPoint","urlTemplate":"https:\/\/www.ucaldas.edu.co\/portal\/?s={search_term_string}"},"query-input":{"@type":"PropertyValueSpecification","valueRequired":true,"valueName":"search_term_string"}}],"inLanguage":"es"},{"@type":"Organization","@id":"https:\/\/www.ucaldas.edu.co\/portal\/#organization","name":"Universidad de Caldas","alternateName":"U. de Caldas","url":"https:\/\/www.ucaldas.edu.co\/portal\/","logo":{"@type":"ImageObject","inLanguage":"es","@id":"https:\/\/www.ucaldas.edu.co\/portal\/#\/schema\/logo\/image\/","url":"https:\/\/www.ucaldas.edu.co\/portal\/wp-content\/uploads\/2023\/11\/Logo_horizontal_oscuroU-2023.png","contentUrl":"https:\/\/www.ucaldas.edu.co\/portal\/wp-content\/uploads\/2023\/11\/Logo_horizontal_oscuroU-2023.png","width":263,"height":101,"caption":"Universidad de Caldas"},"image":{"@id":"https:\/\/www.ucaldas.edu.co\/portal\/#\/schema\/logo\/image\/"},"sameAs":["https:\/\/www.facebook.com\/udecaldas","https:\/\/x.com\/udecaldas","https:\/\/www.youtube.com\/universidadcaldas","https:\/\/www.instagram.com\/udecaldas\/"]},{"@type":"Person","@id":"https:\/\/www.ucaldas.edu.co\/portal\/#\/schema\/person\/a1b482e23449158b4bc319926c074fdf","name":"ofiprensa","image":{"@type":"ImageObject","inLanguage":"es","@id":"https:\/\/www.ucaldas.edu.co\/portal\/wp-content\/litespeed\/avatar\/09ea5085e600095a7a811142c6944527.jpg?ver=1776892805","url":"https:\/\/www.ucaldas.edu.co\/portal\/wp-content\/litespeed\/avatar\/09ea5085e600095a7a811142c6944527.jpg?ver=1776892805","contentUrl":"https:\/\/www.ucaldas.edu.co\/portal\/wp-content\/litespeed\/avatar\/09ea5085e600095a7a811142c6944527.jpg?ver=1776892805","caption":"ofiprensa"},"url":"https:\/\/www.ucaldas.edu.co\/portal\/author\/ofiprensa\/"}]}},"_links":{"self":[{"href":"https:\/\/www.ucaldas.edu.co\/portal\/wp-json\/wp\/v2\/posts\/87913","targetHints":{"allow":["GET"]}}],"collection":[{"href":"https:\/\/www.ucaldas.edu.co\/portal\/wp-json\/wp\/v2\/posts"}],"about":[{"href":"https:\/\/www.ucaldas.edu.co\/portal\/wp-json\/wp\/v2\/types\/post"}],"author":[{"embeddable":true,"href":"https:\/\/www.ucaldas.edu.co\/portal\/wp-json\/wp\/v2\/users\/2"}],"replies":[{"embeddable":true,"href":"https:\/\/www.ucaldas.edu.co\/portal\/wp-json\/wp\/v2\/comments?post=87913"}],"version-history":[{"count":0,"href":"https:\/\/www.ucaldas.edu.co\/portal\/wp-json\/wp\/v2\/posts\/87913\/revisions"}],"wp:featuredmedia":[{"embeddable":true,"href":"https:\/\/www.ucaldas.edu.co\/portal\/wp-json\/wp\/v2\/media\/87914"}],"wp:attachment":[{"href":"https:\/\/www.ucaldas.edu.co\/portal\/wp-json\/wp\/v2\/media?parent=87913"}],"wp:term":[{"taxonomy":"category","embeddable":true,"href":"https:\/\/www.ucaldas.edu.co\/portal\/wp-json\/wp\/v2\/categories?post=87913"},{"taxonomy":"post_tag","embeddable":true,"href":"https:\/\/www.ucaldas.edu.co\/portal\/wp-json\/wp\/v2\/tags?post=87913"}],"curies":[{"name":"wp","href":"https:\/\/api.w.org\/{rel}","templated":true}]}}