{"id":87881,"date":"2025-05-27T17:53:47","date_gmt":"2025-05-27T22:53:47","guid":{"rendered":"https:\/\/www.ucaldas.edu.co\/portal\/?p=87881"},"modified":"2025-05-27T18:01:27","modified_gmt":"2025-05-27T23:01:27","slug":"ninos-del-semillero-de-robotica-educativa-grupo-tesla-de-la-universidad-de-caldas-se-preparan-para-la-olimpiada-mundial-wro-2025","status":"publish","type":"post","link":"https:\/\/www.ucaldas.edu.co\/portal\/ninos-del-semillero-de-robotica-educativa-grupo-tesla-de-la-universidad-de-caldas-se-preparan-para-la-olimpiada-mundial-wro-2025\/","title":{"rendered":"Ni\u00f1os del Semillero de Rob\u00f3tica Educativa \u201cGrupo Tesla\u201d de la Universidad de Caldas se Preparan para la Olimpiada Mundial WRO 2025"},"content":{"rendered":"<p><img loading=\"lazy\" decoding=\"async\" class=\"alignnone wp-image-87882 size-full\" src=\"https:\/\/www.ucaldas.edu.co\/portal\/wp-content\/uploads\/2025\/05\/Portada-4-e1748386231669.jpeg\" alt=\"Semillero de rob\u00f3tica\" width=\"900\" height=\"600\" \/><\/p>\n<p style=\"text-align: justify;\">Con el liderazgo del Dr. Jorge Abel Casta\u00f1eda y el respaldo de las familias, desde el a\u00f1o 2021 se consolid\u00f3 en la Facultad de Ciencias Exactas y Naturales de la Universidad de Caldas el Semillero de Investigaci\u00f3n y Rob\u00f3tica Educativa \u201cGrupo Tesla\u201d. Este innovador proyecto re\u00fane actualmente a 48 ni\u00f1os de instituciones p\u00fablicas y privadas de Manizales, sin distinci\u00f3n de estrato, enfocados en desarrollar habilidades en mecatr\u00f3nica, pensamiento computacional y rob\u00f3tica, pilares esenciales para la educaci\u00f3n del siglo XXI.<!--more--><\/p>\n<p style=\"text-align: justify;\">Desde sus inicios, el semillero ha participado en la World Robot Olympiad (WRO), la competencia de rob\u00f3tica m\u00e1s exigente del pa\u00eds y una de las m\u00e1s reconocidas a nivel mundial. Este a\u00f1o, el grupo se alista para representar a Caldas en la quinta edici\u00f3n del torneo, que se celebrar\u00e1 en septiembre en Bogot\u00e1. Por primera vez competir\u00e1n en dos categor\u00edas simult\u00e1neas: Elementary (por quinto a\u00f1o consecutivo) y Junior, gracias a la inclusi\u00f3n de nuevos talentos m\u00e1s j\u00f3venes.<\/p>\n<p style=\"text-align: justify;\">Un hito especial de esta edici\u00f3n es la participaci\u00f3n de un equipo conformado por ni\u00f1os con autismo de alto funcionamiento, quienes han demostrado habilidades extraordinarias y un alto rendimiento intelectual. Lo que resalta la importancia de la colaboraci\u00f3n de la Universidad de Caldas, en especial de la Facultad de Ciencias Exactas y Naturales, al facilitar un espacio de entrenamiento y acompa\u00f1amiento constante.<\/p>\n<p style=\"text-align: justify;\">La visi\u00f3n del semillero va mucho m\u00e1s all\u00e1 de las competencias locales, ya que el Docente y Coach del Semillero de investigaci\u00f3n de rob\u00f3tica, Oscar Jhonny Ram\u00edrez Torres, expresa que estos ni\u00f1os son la Universidad del 2032, el Grupo Tesla proyecta una generaci\u00f3n de j\u00f3venes que ingresar\u00e1n en el futuro cercano a programas como Ingenier\u00eda Mecatr\u00f3nica, Rob\u00f3tica e Inteligencia Artificial. Su meta inmediata es alcanzar un cupo para la gran final internacional de la WRO 2025 en Singapur, y a largo plazo, ser parte de la Misi\u00f3n Marte 2030, convocada por Elon Musk y Exaspace.<\/p>\n<p style=\"text-align: justify;\">Los avances del semillero se reflejan tambi\u00e9n en su ascenso dentro del ranking nacional de la WRO: del puesto 21 en su primera participaci\u00f3n, han escalado hasta ocupar actualmente la sexta posici\u00f3n. Este progreso ha sido posible gracias al esfuerzo de los ni\u00f1os, el compromiso de sus familias y el acompa\u00f1amiento acad\u00e9mico.<\/p>\n<p style=\"text-align: justify;\">\u00abEn este semillero he aprendido muchas cosas, primero que todo he hecho mucho amigos, he aprendido a programar, algunas bases de modelado 3D, otra cosa que me gusta mucho que son los Legos, todas estas son cosas que me apasionan\u00bb mencion\u00f3 el estudiante del semillero Santiago Guti\u00e9rrez Giraldo.<\/p>\n<p style=\"text-align: justify;\">Finalmente, los integrantes del semillero y sus familias extienden un sincero agradecimiento al Rector Fabio Hernando Arias Orozco por su apoyo constante. El sue\u00f1o es claro: formar desde hoy a los l\u00edderes cient\u00edficos y tecnol\u00f3gicos del ma\u00f1ana, con la Universidad de Caldas como plataforma de lanzamiento hacia los m\u00e1s altos est\u00e1ndares de la educaci\u00f3n mundial.<\/p>\n<p style=\"text-align: justify;\"><strong>Anexo:<\/strong><\/p>\n<p style=\"text-align: justify;\"><a href=\"https:\/\/www.ucaldas.edu.co\/portal\/wp-content\/uploads\/2025\/05\/Coach-Semillero-Robotica.mp3\"><strong>-Audio Docente Semillero de investigaci\u00f3n de rob\u00f3tica, Oscar Jhonny Ram\u00edrez Torres<\/strong><\/a><\/p>\n<audio class=\"wp-audio-shortcode\" id=\"audio-87881-1\" preload=\"none\" style=\"width: 100%;\" controls=\"controls\"><source type=\"audio\/mpeg\" src=\"https:\/\/www.ucaldas.edu.co\/portal\/wp-content\/uploads\/2025\/05\/Coach-Semillero-Robotica.mp3?_=1\" \/><a href=\"https:\/\/www.ucaldas.edu.co\/portal\/wp-content\/uploads\/2025\/05\/Coach-Semillero-Robotica.mp3\">https:\/\/www.ucaldas.edu.co\/portal\/wp-content\/uploads\/2025\/05\/Coach-Semillero-Robotica.mp3<\/a><\/audio>\n<p style=\"text-align: justify;\"><a href=\"https:\/\/www.ucaldas.edu.co\/portal\/wp-content\/uploads\/2025\/05\/Participante-semillero.mp3\"><strong>-Audio Participante del semillero de Rob\u00f3tica del Instituto para la ciencia, Santiago Guti\u00e9rrez Giraldo<\/strong><\/a><\/p>\n<audio class=\"wp-audio-shortcode\" id=\"audio-87881-2\" preload=\"none\" style=\"width: 100%;\" controls=\"controls\"><source type=\"audio\/mpeg\" src=\"https:\/\/www.ucaldas.edu.co\/portal\/wp-content\/uploads\/2025\/05\/Participante-semillero.mp3?_=2\" \/><a href=\"https:\/\/www.ucaldas.edu.co\/portal\/wp-content\/uploads\/2025\/05\/Participante-semillero.mp3\">https:\/\/www.ucaldas.edu.co\/portal\/wp-content\/uploads\/2025\/05\/Participante-semillero.mp3<\/a><\/audio>\n<p style=\"text-align: justify;\"><a href=\"https:\/\/www.ucaldas.edu.co\/portal\/wp-content\/uploads\/2025\/05\/Madre-de-familia-semillero-robotica.mp3\"><strong>-Audio Madre de familia de una integrante del semillero de rob\u00f3tica, Diana Cristina Castrill\u00f3n Giraldo<\/strong><\/a><\/p>\n<audio class=\"wp-audio-shortcode\" id=\"audio-87881-3\" preload=\"none\" style=\"width: 100%;\" controls=\"controls\"><source type=\"audio\/mpeg\" src=\"https:\/\/www.ucaldas.edu.co\/portal\/wp-content\/uploads\/2025\/05\/Madre-de-familia-semillero-robotica.mp3?_=3\" \/><a href=\"https:\/\/www.ucaldas.edu.co\/portal\/wp-content\/uploads\/2025\/05\/Madre-de-familia-semillero-robotica.mp3\">https:\/\/www.ucaldas.edu.co\/portal\/wp-content\/uploads\/2025\/05\/Madre-de-familia-semillero-robotica.mp3<\/a><\/audio>\n","protected":false},"excerpt":{"rendered":"<p>Con el liderazgo del Dr. Jorge Abel Casta\u00f1eda y el respaldo de las familias, desde el a\u00f1o 2021 se consolid\u00f3 en la Facultad de Ciencias Exactas y Naturales de la Universidad de Caldas el Semillero de Investigaci\u00f3n y Rob\u00f3tica Educativa \u201cGrupo Tesla\u201d. Este innovador proyecto re\u00fane actualmente a 48 ni\u00f1os de instituciones p\u00fablicas y privadas [&hellip;]<\/p>\n","protected":false},"author":2,"featured_media":87882,"comment_status":"closed","ping_status":"open","sticky":false,"template":"","format":"standard","meta":{"footnotes":""},"categories":[682,48,53],"tags":[9837,9838],"class_list":["post-87881","post","type-post","status-publish","format-standard","has-post-thumbnail","hentry","category-ucaldas-virtual","category-actualidad","category-universidad-al-dia","tag-semillero-robotica","tag-world-robot-olympiad-wro"],"yoast_head":"<!-- This site is optimized with the Yoast SEO plugin v27.4 - https:\/\/yoast.com\/product\/yoast-seo-wordpress\/ -->\n<title>Ni\u00f1os del Semillero de Rob\u00f3tica Educativa \u201cGrupo Tesla\u201d de la Universidad de Caldas se Preparan para la Olimpiada Mundial WRO 2025 .<\/title>\n<meta name=\"robots\" content=\"index, follow, max-snippet:-1, max-image-preview:large, max-video-preview:-1\" \/>\n<link rel=\"canonical\" href=\"https:\/\/www.ucaldas.edu.co\/portal\/ninos-del-semillero-de-robotica-educativa-grupo-tesla-de-la-universidad-de-caldas-se-preparan-para-la-olimpiada-mundial-wro-2025\/\" \/>\n<script type=\"application\/ld+json\" class=\"yoast-schema-graph\">{\"@context\":\"https:\\\/\\\/schema.org\",\"@graph\":[{\"@type\":\"Article\",\"@id\":\"https:\\\/\\\/www.ucaldas.edu.co\\\/portal\\\/ninos-del-semillero-de-robotica-educativa-grupo-tesla-de-la-universidad-de-caldas-se-preparan-para-la-olimpiada-mundial-wro-2025\\\/#article\",\"isPartOf\":{\"@id\":\"https:\\\/\\\/www.ucaldas.edu.co\\\/portal\\\/ninos-del-semillero-de-robotica-educativa-grupo-tesla-de-la-universidad-de-caldas-se-preparan-para-la-olimpiada-mundial-wro-2025\\\/\"},\"author\":{\"name\":\"ofiprensa\",\"@id\":\"https:\\\/\\\/www.ucaldas.edu.co\\\/portal\\\/#\\\/schema\\\/person\\\/a1b482e23449158b4bc319926c074fdf\"},\"headline\":\"Ni\u00f1os del Semillero de Rob\u00f3tica Educativa \u201cGrupo Tesla\u201d de la Universidad de Caldas se Preparan para la Olimpiada Mundial WRO 2025\",\"datePublished\":\"2025-05-27T22:53:47+00:00\",\"dateModified\":\"2025-05-27T23:01:27+00:00\",\"mainEntityOfPage\":{\"@id\":\"https:\\\/\\\/www.ucaldas.edu.co\\\/portal\\\/ninos-del-semillero-de-robotica-educativa-grupo-tesla-de-la-universidad-de-caldas-se-preparan-para-la-olimpiada-mundial-wro-2025\\\/\"},\"wordCount\":628,\"publisher\":{\"@id\":\"https:\\\/\\\/www.ucaldas.edu.co\\\/portal\\\/#organization\"},\"image\":{\"@id\":\"https:\\\/\\\/www.ucaldas.edu.co\\\/portal\\\/ninos-del-semillero-de-robotica-educativa-grupo-tesla-de-la-universidad-de-caldas-se-preparan-para-la-olimpiada-mundial-wro-2025\\\/#primaryimage\"},\"thumbnailUrl\":\"https:\\\/\\\/www.ucaldas.edu.co\\\/portal\\\/wp-content\\\/uploads\\\/2025\\\/05\\\/Portada-4-e1748386231669.jpeg\",\"keywords\":[\"semillero robotica\",\"World Robot Olympiad (WRO)\"],\"articleSection\":[\"UCaldas Virtual\",\"Actualidad\",\"Universidad al D\u00eda\"],\"inLanguage\":\"es\"},{\"@type\":\"WebPage\",\"@id\":\"https:\\\/\\\/www.ucaldas.edu.co\\\/portal\\\/ninos-del-semillero-de-robotica-educativa-grupo-tesla-de-la-universidad-de-caldas-se-preparan-para-la-olimpiada-mundial-wro-2025\\\/\",\"url\":\"https:\\\/\\\/www.ucaldas.edu.co\\\/portal\\\/ninos-del-semillero-de-robotica-educativa-grupo-tesla-de-la-universidad-de-caldas-se-preparan-para-la-olimpiada-mundial-wro-2025\\\/\",\"name\":\"Ni\u00f1os del Semillero de Rob\u00f3tica Educativa \u201cGrupo Tesla\u201d de la Universidad de Caldas se Preparan para la Olimpiada Mundial WRO 2025 .\",\"isPartOf\":{\"@id\":\"https:\\\/\\\/www.ucaldas.edu.co\\\/portal\\\/#website\"},\"primaryImageOfPage\":{\"@id\":\"https:\\\/\\\/www.ucaldas.edu.co\\\/portal\\\/ninos-del-semillero-de-robotica-educativa-grupo-tesla-de-la-universidad-de-caldas-se-preparan-para-la-olimpiada-mundial-wro-2025\\\/#primaryimage\"},\"image\":{\"@id\":\"https:\\\/\\\/www.ucaldas.edu.co\\\/portal\\\/ninos-del-semillero-de-robotica-educativa-grupo-tesla-de-la-universidad-de-caldas-se-preparan-para-la-olimpiada-mundial-wro-2025\\\/#primaryimage\"},\"thumbnailUrl\":\"https:\\\/\\\/www.ucaldas.edu.co\\\/portal\\\/wp-content\\\/uploads\\\/2025\\\/05\\\/Portada-4-e1748386231669.jpeg\",\"datePublished\":\"2025-05-27T22:53:47+00:00\",\"dateModified\":\"2025-05-27T23:01:27+00:00\",\"breadcrumb\":{\"@id\":\"https:\\\/\\\/www.ucaldas.edu.co\\\/portal\\\/ninos-del-semillero-de-robotica-educativa-grupo-tesla-de-la-universidad-de-caldas-se-preparan-para-la-olimpiada-mundial-wro-2025\\\/#breadcrumb\"},\"inLanguage\":\"es\",\"potentialAction\":[{\"@type\":\"ReadAction\",\"target\":[\"https:\\\/\\\/www.ucaldas.edu.co\\\/portal\\\/ninos-del-semillero-de-robotica-educativa-grupo-tesla-de-la-universidad-de-caldas-se-preparan-para-la-olimpiada-mundial-wro-2025\\\/\"]}]},{\"@type\":\"ImageObject\",\"inLanguage\":\"es\",\"@id\":\"https:\\\/\\\/www.ucaldas.edu.co\\\/portal\\\/ninos-del-semillero-de-robotica-educativa-grupo-tesla-de-la-universidad-de-caldas-se-preparan-para-la-olimpiada-mundial-wro-2025\\\/#primaryimage\",\"url\":\"https:\\\/\\\/www.ucaldas.edu.co\\\/portal\\\/wp-content\\\/uploads\\\/2025\\\/05\\\/Portada-4-e1748386231669.jpeg\",\"contentUrl\":\"https:\\\/\\\/www.ucaldas.edu.co\\\/portal\\\/wp-content\\\/uploads\\\/2025\\\/05\\\/Portada-4-e1748386231669.jpeg\",\"width\":900,\"height\":600,\"caption\":\"Semillero de rob\u00f3tica\"},{\"@type\":\"BreadcrumbList\",\"@id\":\"https:\\\/\\\/www.ucaldas.edu.co\\\/portal\\\/ninos-del-semillero-de-robotica-educativa-grupo-tesla-de-la-universidad-de-caldas-se-preparan-para-la-olimpiada-mundial-wro-2025\\\/#breadcrumb\",\"itemListElement\":[{\"@type\":\"ListItem\",\"position\":1,\"name\":\"Portada\",\"item\":\"https:\\\/\\\/www.ucaldas.edu.co\\\/portal\\\/\"},{\"@type\":\"ListItem\",\"position\":2,\"name\":\"Ni\u00f1os del Semillero de Rob\u00f3tica Educativa \u201cGrupo Tesla\u201d de la Universidad de Caldas se Preparan para la Olimpiada Mundial WRO 2025\"}]},{\"@type\":\"WebSite\",\"@id\":\"https:\\\/\\\/www.ucaldas.edu.co\\\/portal\\\/#website\",\"url\":\"https:\\\/\\\/www.ucaldas.edu.co\\\/portal\\\/\",\"name\":\"Universidad de Caldas\",\"description\":\"\",\"publisher\":{\"@id\":\"https:\\\/\\\/www.ucaldas.edu.co\\\/portal\\\/#organization\"},\"alternateName\":\"U. de Caldas\",\"potentialAction\":[{\"@type\":\"SearchAction\",\"target\":{\"@type\":\"EntryPoint\",\"urlTemplate\":\"https:\\\/\\\/www.ucaldas.edu.co\\\/portal\\\/?s={search_term_string}\"},\"query-input\":{\"@type\":\"PropertyValueSpecification\",\"valueRequired\":true,\"valueName\":\"search_term_string\"}}],\"inLanguage\":\"es\"},{\"@type\":\"Organization\",\"@id\":\"https:\\\/\\\/www.ucaldas.edu.co\\\/portal\\\/#organization\",\"name\":\"Universidad de Caldas\",\"alternateName\":\"U. de Caldas\",\"url\":\"https:\\\/\\\/www.ucaldas.edu.co\\\/portal\\\/\",\"logo\":{\"@type\":\"ImageObject\",\"inLanguage\":\"es\",\"@id\":\"https:\\\/\\\/www.ucaldas.edu.co\\\/portal\\\/#\\\/schema\\\/logo\\\/image\\\/\",\"url\":\"https:\\\/\\\/www.ucaldas.edu.co\\\/portal\\\/wp-content\\\/uploads\\\/2023\\\/11\\\/Logo_horizontal_oscuroU-2023.png\",\"contentUrl\":\"https:\\\/\\\/www.ucaldas.edu.co\\\/portal\\\/wp-content\\\/uploads\\\/2023\\\/11\\\/Logo_horizontal_oscuroU-2023.png\",\"width\":263,\"height\":101,\"caption\":\"Universidad de Caldas\"},\"image\":{\"@id\":\"https:\\\/\\\/www.ucaldas.edu.co\\\/portal\\\/#\\\/schema\\\/logo\\\/image\\\/\"},\"sameAs\":[\"https:\\\/\\\/www.facebook.com\\\/udecaldas\",\"https:\\\/\\\/x.com\\\/udecaldas\",\"https:\\\/\\\/www.youtube.com\\\/universidadcaldas\",\"https:\\\/\\\/www.instagram.com\\\/udecaldas\\\/\"]},{\"@type\":\"Person\",\"@id\":\"https:\\\/\\\/www.ucaldas.edu.co\\\/portal\\\/#\\\/schema\\\/person\\\/a1b482e23449158b4bc319926c074fdf\",\"name\":\"ofiprensa\",\"image\":{\"@type\":\"ImageObject\",\"inLanguage\":\"es\",\"@id\":\"https:\\\/\\\/www.ucaldas.edu.co\\\/portal\\\/wp-content\\\/litespeed\\\/avatar\\\/09ea5085e600095a7a811142c6944527.jpg?ver=1776892805\",\"url\":\"https:\\\/\\\/www.ucaldas.edu.co\\\/portal\\\/wp-content\\\/litespeed\\\/avatar\\\/09ea5085e600095a7a811142c6944527.jpg?ver=1776892805\",\"contentUrl\":\"https:\\\/\\\/www.ucaldas.edu.co\\\/portal\\\/wp-content\\\/litespeed\\\/avatar\\\/09ea5085e600095a7a811142c6944527.jpg?ver=1776892805\",\"caption\":\"ofiprensa\"},\"url\":\"https:\\\/\\\/www.ucaldas.edu.co\\\/portal\\\/author\\\/ofiprensa\\\/\"}]}<\/script>\n<!-- \/ Yoast SEO plugin. -->","yoast_head_json":{"title":"Ni\u00f1os del Semillero de Rob\u00f3tica Educativa \u201cGrupo Tesla\u201d de la Universidad de Caldas se Preparan para la Olimpiada Mundial WRO 2025 .","robots":{"index":"index","follow":"follow","max-snippet":"max-snippet:-1","max-image-preview":"max-image-preview:large","max-video-preview":"max-video-preview:-1"},"canonical":"https:\/\/www.ucaldas.edu.co\/portal\/ninos-del-semillero-de-robotica-educativa-grupo-tesla-de-la-universidad-de-caldas-se-preparan-para-la-olimpiada-mundial-wro-2025\/","schema":{"@context":"https:\/\/schema.org","@graph":[{"@type":"Article","@id":"https:\/\/www.ucaldas.edu.co\/portal\/ninos-del-semillero-de-robotica-educativa-grupo-tesla-de-la-universidad-de-caldas-se-preparan-para-la-olimpiada-mundial-wro-2025\/#article","isPartOf":{"@id":"https:\/\/www.ucaldas.edu.co\/portal\/ninos-del-semillero-de-robotica-educativa-grupo-tesla-de-la-universidad-de-caldas-se-preparan-para-la-olimpiada-mundial-wro-2025\/"},"author":{"name":"ofiprensa","@id":"https:\/\/www.ucaldas.edu.co\/portal\/#\/schema\/person\/a1b482e23449158b4bc319926c074fdf"},"headline":"Ni\u00f1os del Semillero de Rob\u00f3tica Educativa \u201cGrupo Tesla\u201d de la Universidad de Caldas se Preparan para la Olimpiada Mundial WRO 2025","datePublished":"2025-05-27T22:53:47+00:00","dateModified":"2025-05-27T23:01:27+00:00","mainEntityOfPage":{"@id":"https:\/\/www.ucaldas.edu.co\/portal\/ninos-del-semillero-de-robotica-educativa-grupo-tesla-de-la-universidad-de-caldas-se-preparan-para-la-olimpiada-mundial-wro-2025\/"},"wordCount":628,"publisher":{"@id":"https:\/\/www.ucaldas.edu.co\/portal\/#organization"},"image":{"@id":"https:\/\/www.ucaldas.edu.co\/portal\/ninos-del-semillero-de-robotica-educativa-grupo-tesla-de-la-universidad-de-caldas-se-preparan-para-la-olimpiada-mundial-wro-2025\/#primaryimage"},"thumbnailUrl":"https:\/\/www.ucaldas.edu.co\/portal\/wp-content\/uploads\/2025\/05\/Portada-4-e1748386231669.jpeg","keywords":["semillero robotica","World Robot Olympiad (WRO)"],"articleSection":["UCaldas Virtual","Actualidad","Universidad al D\u00eda"],"inLanguage":"es"},{"@type":"WebPage","@id":"https:\/\/www.ucaldas.edu.co\/portal\/ninos-del-semillero-de-robotica-educativa-grupo-tesla-de-la-universidad-de-caldas-se-preparan-para-la-olimpiada-mundial-wro-2025\/","url":"https:\/\/www.ucaldas.edu.co\/portal\/ninos-del-semillero-de-robotica-educativa-grupo-tesla-de-la-universidad-de-caldas-se-preparan-para-la-olimpiada-mundial-wro-2025\/","name":"Ni\u00f1os del Semillero de Rob\u00f3tica Educativa \u201cGrupo Tesla\u201d de la Universidad de Caldas se Preparan para la Olimpiada Mundial WRO 2025 .","isPartOf":{"@id":"https:\/\/www.ucaldas.edu.co\/portal\/#website"},"primaryImageOfPage":{"@id":"https:\/\/www.ucaldas.edu.co\/portal\/ninos-del-semillero-de-robotica-educativa-grupo-tesla-de-la-universidad-de-caldas-se-preparan-para-la-olimpiada-mundial-wro-2025\/#primaryimage"},"image":{"@id":"https:\/\/www.ucaldas.edu.co\/portal\/ninos-del-semillero-de-robotica-educativa-grupo-tesla-de-la-universidad-de-caldas-se-preparan-para-la-olimpiada-mundial-wro-2025\/#primaryimage"},"thumbnailUrl":"https:\/\/www.ucaldas.edu.co\/portal\/wp-content\/uploads\/2025\/05\/Portada-4-e1748386231669.jpeg","datePublished":"2025-05-27T22:53:47+00:00","dateModified":"2025-05-27T23:01:27+00:00","breadcrumb":{"@id":"https:\/\/www.ucaldas.edu.co\/portal\/ninos-del-semillero-de-robotica-educativa-grupo-tesla-de-la-universidad-de-caldas-se-preparan-para-la-olimpiada-mundial-wro-2025\/#breadcrumb"},"inLanguage":"es","potentialAction":[{"@type":"ReadAction","target":["https:\/\/www.ucaldas.edu.co\/portal\/ninos-del-semillero-de-robotica-educativa-grupo-tesla-de-la-universidad-de-caldas-se-preparan-para-la-olimpiada-mundial-wro-2025\/"]}]},{"@type":"ImageObject","inLanguage":"es","@id":"https:\/\/www.ucaldas.edu.co\/portal\/ninos-del-semillero-de-robotica-educativa-grupo-tesla-de-la-universidad-de-caldas-se-preparan-para-la-olimpiada-mundial-wro-2025\/#primaryimage","url":"https:\/\/www.ucaldas.edu.co\/portal\/wp-content\/uploads\/2025\/05\/Portada-4-e1748386231669.jpeg","contentUrl":"https:\/\/www.ucaldas.edu.co\/portal\/wp-content\/uploads\/2025\/05\/Portada-4-e1748386231669.jpeg","width":900,"height":600,"caption":"Semillero de rob\u00f3tica"},{"@type":"BreadcrumbList","@id":"https:\/\/www.ucaldas.edu.co\/portal\/ninos-del-semillero-de-robotica-educativa-grupo-tesla-de-la-universidad-de-caldas-se-preparan-para-la-olimpiada-mundial-wro-2025\/#breadcrumb","itemListElement":[{"@type":"ListItem","position":1,"name":"Portada","item":"https:\/\/www.ucaldas.edu.co\/portal\/"},{"@type":"ListItem","position":2,"name":"Ni\u00f1os del Semillero de Rob\u00f3tica Educativa \u201cGrupo Tesla\u201d de la Universidad de Caldas se Preparan para la Olimpiada Mundial WRO 2025"}]},{"@type":"WebSite","@id":"https:\/\/www.ucaldas.edu.co\/portal\/#website","url":"https:\/\/www.ucaldas.edu.co\/portal\/","name":"Universidad de Caldas","description":"","publisher":{"@id":"https:\/\/www.ucaldas.edu.co\/portal\/#organization"},"alternateName":"U. de Caldas","potentialAction":[{"@type":"SearchAction","target":{"@type":"EntryPoint","urlTemplate":"https:\/\/www.ucaldas.edu.co\/portal\/?s={search_term_string}"},"query-input":{"@type":"PropertyValueSpecification","valueRequired":true,"valueName":"search_term_string"}}],"inLanguage":"es"},{"@type":"Organization","@id":"https:\/\/www.ucaldas.edu.co\/portal\/#organization","name":"Universidad de Caldas","alternateName":"U. de Caldas","url":"https:\/\/www.ucaldas.edu.co\/portal\/","logo":{"@type":"ImageObject","inLanguage":"es","@id":"https:\/\/www.ucaldas.edu.co\/portal\/#\/schema\/logo\/image\/","url":"https:\/\/www.ucaldas.edu.co\/portal\/wp-content\/uploads\/2023\/11\/Logo_horizontal_oscuroU-2023.png","contentUrl":"https:\/\/www.ucaldas.edu.co\/portal\/wp-content\/uploads\/2023\/11\/Logo_horizontal_oscuroU-2023.png","width":263,"height":101,"caption":"Universidad de Caldas"},"image":{"@id":"https:\/\/www.ucaldas.edu.co\/portal\/#\/schema\/logo\/image\/"},"sameAs":["https:\/\/www.facebook.com\/udecaldas","https:\/\/x.com\/udecaldas","https:\/\/www.youtube.com\/universidadcaldas","https:\/\/www.instagram.com\/udecaldas\/"]},{"@type":"Person","@id":"https:\/\/www.ucaldas.edu.co\/portal\/#\/schema\/person\/a1b482e23449158b4bc319926c074fdf","name":"ofiprensa","image":{"@type":"ImageObject","inLanguage":"es","@id":"https:\/\/www.ucaldas.edu.co\/portal\/wp-content\/litespeed\/avatar\/09ea5085e600095a7a811142c6944527.jpg?ver=1776892805","url":"https:\/\/www.ucaldas.edu.co\/portal\/wp-content\/litespeed\/avatar\/09ea5085e600095a7a811142c6944527.jpg?ver=1776892805","contentUrl":"https:\/\/www.ucaldas.edu.co\/portal\/wp-content\/litespeed\/avatar\/09ea5085e600095a7a811142c6944527.jpg?ver=1776892805","caption":"ofiprensa"},"url":"https:\/\/www.ucaldas.edu.co\/portal\/author\/ofiprensa\/"}]}},"_links":{"self":[{"href":"https:\/\/www.ucaldas.edu.co\/portal\/wp-json\/wp\/v2\/posts\/87881","targetHints":{"allow":["GET"]}}],"collection":[{"href":"https:\/\/www.ucaldas.edu.co\/portal\/wp-json\/wp\/v2\/posts"}],"about":[{"href":"https:\/\/www.ucaldas.edu.co\/portal\/wp-json\/wp\/v2\/types\/post"}],"author":[{"embeddable":true,"href":"https:\/\/www.ucaldas.edu.co\/portal\/wp-json\/wp\/v2\/users\/2"}],"replies":[{"embeddable":true,"href":"https:\/\/www.ucaldas.edu.co\/portal\/wp-json\/wp\/v2\/comments?post=87881"}],"version-history":[{"count":0,"href":"https:\/\/www.ucaldas.edu.co\/portal\/wp-json\/wp\/v2\/posts\/87881\/revisions"}],"wp:featuredmedia":[{"embeddable":true,"href":"https:\/\/www.ucaldas.edu.co\/portal\/wp-json\/wp\/v2\/media\/87882"}],"wp:attachment":[{"href":"https:\/\/www.ucaldas.edu.co\/portal\/wp-json\/wp\/v2\/media?parent=87881"}],"wp:term":[{"taxonomy":"category","embeddable":true,"href":"https:\/\/www.ucaldas.edu.co\/portal\/wp-json\/wp\/v2\/categories?post=87881"},{"taxonomy":"post_tag","embeddable":true,"href":"https:\/\/www.ucaldas.edu.co\/portal\/wp-json\/wp\/v2\/tags?post=87881"}],"curies":[{"name":"wp","href":"https:\/\/api.w.org\/{rel}","templated":true}]}}