{"id":87865,"date":"2025-05-27T17:15:59","date_gmt":"2025-05-27T22:15:59","guid":{"rendered":"https:\/\/www.ucaldas.edu.co\/portal\/?p=87865"},"modified":"2025-05-27T18:04:08","modified_gmt":"2025-05-27T23:04:08","slug":"expertos-resaltan-importancia-del-curso-de-posgrado-sobre-turismo-y-cambio-climatico-para-el-departamento","status":"publish","type":"post","link":"https:\/\/www.ucaldas.edu.co\/portal\/expertos-resaltan-importancia-del-curso-de-posgrado-sobre-turismo-y-cambio-climatico-para-el-departamento\/","title":{"rendered":"Expertos resaltan importancia del Curso de Posgrado sobre Turismo y Cambio Clim\u00e1tico para el Departamento"},"content":{"rendered":"<p><img loading=\"lazy\" decoding=\"async\" class=\"alignnone wp-image-87866 size-full\" src=\"https:\/\/www.ucaldas.edu.co\/portal\/wp-content\/uploads\/2025\/05\/Captura-de-pantalla-2025-05-27-154952.png\" alt=\"Climar\" width=\"746\" height=\"415\" srcset=\"https:\/\/www.ucaldas.edu.co\/portal\/wp-content\/uploads\/2025\/05\/Captura-de-pantalla-2025-05-27-154952.png 746w, https:\/\/www.ucaldas.edu.co\/portal\/wp-content\/uploads\/2025\/05\/Captura-de-pantalla-2025-05-27-154952-300x167.png 300w\" sizes=\"auto, (max-width: 746px) 100vw, 746px\" \/><\/p>\n<p style=\"text-align: justify;\">La Universidad de Caldas realiz\u00f3 recientemente la evaluaci\u00f3n del Curso de Posgrado sobre \u201cTurismo y Cambio Clim\u00e1tico\u201d del Proyecto CLIMAR, con la coordinaci\u00f3n de los profesores Bernardo Rivera y Marcela Pati\u00f1o, de la Facultad de Ciencias Agropecuarias.<!--more--><\/p>\n<p style=\"text-align: justify;\">El Proyecto CLIMAR, financiado por el Programa Erasmus+, tiene como prop\u00f3sito el fortalecimiento de la investigaci\u00f3n, la innovaci\u00f3n y la transferencia de conocimiento sobre Cambio Clim\u00e1tico y Turismo en las Instituciones de Educaci\u00f3n Superior de Am\u00e9rica Latina.<\/p>\n<p style=\"text-align: justify;\">De acuerdo con las percepciones de los expertos que participaron de este proceso de evaluaci\u00f3n, se resalta la importancia del curso para el departamento de Caldas y el pa\u00eds, en escenarios donde el agroturismo comienza a ser una funci\u00f3n objetivo adicional de los sistemas agropecuarios sostenibles y un sector tur\u00edstico en franco crecimiento y que requiere de profesionales que se apropien de conocimientos que aportan en la adaptaci\u00f3n y mitigaci\u00f3n del Cambio Clim\u00e1tico.<\/p>\n<p style=\"text-align: justify;\">Asimismo, se mencionaron como fortalezas, la diversidad de contenidos, la posibilidad de la inclusi\u00f3n de actores sociales, la participaci\u00f3n de acad\u00e9micos nacionales e internacionales, y la posibilidad de ofertar el curso a trav\u00e9s de la Alianza Suma Movilidad de la ciudad de Manizales.<\/p>\n<p style=\"text-align: justify;\">Para la evaluaci\u00f3n del curso sobre \u201cTurismo y Cambio Clim\u00e1tico\u201d se implement\u00f3 una metodolog\u00eda participativa, aplicada en dos fases. En la primera semana, se desarroll\u00f3 un testeo en modalidad virtual, que fue diligenciado por 20 expertos de la academia, el sector p\u00fablico y la sociedad civil.<\/p>\n<p style=\"text-align: justify;\">La segunda fase se realiz\u00f3 en modalidad hibrida, mediante un Grupo Focal de Expertos, en la Sala de Consejos de la Facultad de Ciencias Agropecuarias y de forma virtual. En el Grupo Focal participaron siete docentes- investigadores, funcionarios e integrantes de la Universidad Aut\u00f3noma de Manizales, la Universidad Cat\u00f3lica Luis Amigo, la Corporaci\u00f3n Aut\u00f3noma Regional de Risaralda -CARDER, la ONG Vivo Cuenca y el SENA. El \u00e9nfasis del debate en el Grupo Focal fue la participaci\u00f3n interinstitucional e interdisciplinaria en un curso de posgrado sobre sistemas agropecuarios sostenibles y agroturismo, como estrategia para adaptar los sistemas y mitigar el efecto del cambio clim\u00e1tico.<\/p>\n","protected":false},"excerpt":{"rendered":"<p>La Universidad de Caldas realiz\u00f3 recientemente la evaluaci\u00f3n del Curso de Posgrado sobre \u201cTurismo y Cambio Clim\u00e1tico\u201d del Proyecto CLIMAR, con la coordinaci\u00f3n de los profesores Bernardo Rivera y Marcela Pati\u00f1o, de la Facultad de Ciencias Agropecuarias.<\/p>\n","protected":false},"author":2,"featured_media":87866,"comment_status":"closed","ping_status":"open","sticky":false,"template":"","format":"standard","meta":{"footnotes":""},"categories":[48,53,756],"tags":[930,1632],"class_list":["post-87865","post","type-post","status-publish","format-standard","has-post-thumbnail","hentry","category-actualidad","category-universidad-al-dia","category-ucaldas-verde","tag-turismo","tag-cambio-climatico"],"yoast_head":"<!-- This site is optimized with the Yoast SEO plugin v27.4 - https:\/\/yoast.com\/product\/yoast-seo-wordpress\/ -->\n<title>Expertos resaltan importancia del Curso de Posgrado sobre Turismo y Cambio Clim\u00e1tico para el Departamento .<\/title>\n<meta name=\"robots\" content=\"index, follow, max-snippet:-1, max-image-preview:large, max-video-preview:-1\" \/>\n<link rel=\"canonical\" href=\"https:\/\/www.ucaldas.edu.co\/portal\/expertos-resaltan-importancia-del-curso-de-posgrado-sobre-turismo-y-cambio-climatico-para-el-departamento\/\" \/>\n<script type=\"application\/ld+json\" class=\"yoast-schema-graph\">{\"@context\":\"https:\\\/\\\/schema.org\",\"@graph\":[{\"@type\":\"Article\",\"@id\":\"https:\\\/\\\/www.ucaldas.edu.co\\\/portal\\\/expertos-resaltan-importancia-del-curso-de-posgrado-sobre-turismo-y-cambio-climatico-para-el-departamento\\\/#article\",\"isPartOf\":{\"@id\":\"https:\\\/\\\/www.ucaldas.edu.co\\\/portal\\\/expertos-resaltan-importancia-del-curso-de-posgrado-sobre-turismo-y-cambio-climatico-para-el-departamento\\\/\"},\"author\":{\"name\":\"ofiprensa\",\"@id\":\"https:\\\/\\\/www.ucaldas.edu.co\\\/portal\\\/#\\\/schema\\\/person\\\/a1b482e23449158b4bc319926c074fdf\"},\"headline\":\"Expertos resaltan importancia del Curso de Posgrado sobre Turismo y Cambio Clim\u00e1tico para el Departamento\",\"datePublished\":\"2025-05-27T22:15:59+00:00\",\"dateModified\":\"2025-05-27T23:04:08+00:00\",\"mainEntityOfPage\":{\"@id\":\"https:\\\/\\\/www.ucaldas.edu.co\\\/portal\\\/expertos-resaltan-importancia-del-curso-de-posgrado-sobre-turismo-y-cambio-climatico-para-el-departamento\\\/\"},\"wordCount\":385,\"publisher\":{\"@id\":\"https:\\\/\\\/www.ucaldas.edu.co\\\/portal\\\/#organization\"},\"image\":{\"@id\":\"https:\\\/\\\/www.ucaldas.edu.co\\\/portal\\\/expertos-resaltan-importancia-del-curso-de-posgrado-sobre-turismo-y-cambio-climatico-para-el-departamento\\\/#primaryimage\"},\"thumbnailUrl\":\"https:\\\/\\\/www.ucaldas.edu.co\\\/portal\\\/wp-content\\\/uploads\\\/2025\\\/05\\\/Captura-de-pantalla-2025-05-27-154952.png\",\"keywords\":[\"turismo\",\"Cambio Clim\u00e1tico\"],\"articleSection\":[\"Actualidad\",\"Universidad al D\u00eda\",\"UCaldas Verde\"],\"inLanguage\":\"es\"},{\"@type\":\"WebPage\",\"@id\":\"https:\\\/\\\/www.ucaldas.edu.co\\\/portal\\\/expertos-resaltan-importancia-del-curso-de-posgrado-sobre-turismo-y-cambio-climatico-para-el-departamento\\\/\",\"url\":\"https:\\\/\\\/www.ucaldas.edu.co\\\/portal\\\/expertos-resaltan-importancia-del-curso-de-posgrado-sobre-turismo-y-cambio-climatico-para-el-departamento\\\/\",\"name\":\"Expertos resaltan importancia del Curso de Posgrado sobre Turismo y Cambio Clim\u00e1tico para el Departamento .\",\"isPartOf\":{\"@id\":\"https:\\\/\\\/www.ucaldas.edu.co\\\/portal\\\/#website\"},\"primaryImageOfPage\":{\"@id\":\"https:\\\/\\\/www.ucaldas.edu.co\\\/portal\\\/expertos-resaltan-importancia-del-curso-de-posgrado-sobre-turismo-y-cambio-climatico-para-el-departamento\\\/#primaryimage\"},\"image\":{\"@id\":\"https:\\\/\\\/www.ucaldas.edu.co\\\/portal\\\/expertos-resaltan-importancia-del-curso-de-posgrado-sobre-turismo-y-cambio-climatico-para-el-departamento\\\/#primaryimage\"},\"thumbnailUrl\":\"https:\\\/\\\/www.ucaldas.edu.co\\\/portal\\\/wp-content\\\/uploads\\\/2025\\\/05\\\/Captura-de-pantalla-2025-05-27-154952.png\",\"datePublished\":\"2025-05-27T22:15:59+00:00\",\"dateModified\":\"2025-05-27T23:04:08+00:00\",\"breadcrumb\":{\"@id\":\"https:\\\/\\\/www.ucaldas.edu.co\\\/portal\\\/expertos-resaltan-importancia-del-curso-de-posgrado-sobre-turismo-y-cambio-climatico-para-el-departamento\\\/#breadcrumb\"},\"inLanguage\":\"es\",\"potentialAction\":[{\"@type\":\"ReadAction\",\"target\":[\"https:\\\/\\\/www.ucaldas.edu.co\\\/portal\\\/expertos-resaltan-importancia-del-curso-de-posgrado-sobre-turismo-y-cambio-climatico-para-el-departamento\\\/\"]}]},{\"@type\":\"ImageObject\",\"inLanguage\":\"es\",\"@id\":\"https:\\\/\\\/www.ucaldas.edu.co\\\/portal\\\/expertos-resaltan-importancia-del-curso-de-posgrado-sobre-turismo-y-cambio-climatico-para-el-departamento\\\/#primaryimage\",\"url\":\"https:\\\/\\\/www.ucaldas.edu.co\\\/portal\\\/wp-content\\\/uploads\\\/2025\\\/05\\\/Captura-de-pantalla-2025-05-27-154952.png\",\"contentUrl\":\"https:\\\/\\\/www.ucaldas.edu.co\\\/portal\\\/wp-content\\\/uploads\\\/2025\\\/05\\\/Captura-de-pantalla-2025-05-27-154952.png\",\"width\":746,\"height\":415,\"caption\":\"Climar\"},{\"@type\":\"BreadcrumbList\",\"@id\":\"https:\\\/\\\/www.ucaldas.edu.co\\\/portal\\\/expertos-resaltan-importancia-del-curso-de-posgrado-sobre-turismo-y-cambio-climatico-para-el-departamento\\\/#breadcrumb\",\"itemListElement\":[{\"@type\":\"ListItem\",\"position\":1,\"name\":\"Portada\",\"item\":\"https:\\\/\\\/www.ucaldas.edu.co\\\/portal\\\/\"},{\"@type\":\"ListItem\",\"position\":2,\"name\":\"Expertos resaltan importancia del Curso de Posgrado sobre Turismo y Cambio Clim\u00e1tico para el Departamento\"}]},{\"@type\":\"WebSite\",\"@id\":\"https:\\\/\\\/www.ucaldas.edu.co\\\/portal\\\/#website\",\"url\":\"https:\\\/\\\/www.ucaldas.edu.co\\\/portal\\\/\",\"name\":\"Universidad de Caldas\",\"description\":\"\",\"publisher\":{\"@id\":\"https:\\\/\\\/www.ucaldas.edu.co\\\/portal\\\/#organization\"},\"alternateName\":\"U. de Caldas\",\"potentialAction\":[{\"@type\":\"SearchAction\",\"target\":{\"@type\":\"EntryPoint\",\"urlTemplate\":\"https:\\\/\\\/www.ucaldas.edu.co\\\/portal\\\/?s={search_term_string}\"},\"query-input\":{\"@type\":\"PropertyValueSpecification\",\"valueRequired\":true,\"valueName\":\"search_term_string\"}}],\"inLanguage\":\"es\"},{\"@type\":\"Organization\",\"@id\":\"https:\\\/\\\/www.ucaldas.edu.co\\\/portal\\\/#organization\",\"name\":\"Universidad de Caldas\",\"alternateName\":\"U. de Caldas\",\"url\":\"https:\\\/\\\/www.ucaldas.edu.co\\\/portal\\\/\",\"logo\":{\"@type\":\"ImageObject\",\"inLanguage\":\"es\",\"@id\":\"https:\\\/\\\/www.ucaldas.edu.co\\\/portal\\\/#\\\/schema\\\/logo\\\/image\\\/\",\"url\":\"https:\\\/\\\/www.ucaldas.edu.co\\\/portal\\\/wp-content\\\/uploads\\\/2023\\\/11\\\/Logo_horizontal_oscuroU-2023.png\",\"contentUrl\":\"https:\\\/\\\/www.ucaldas.edu.co\\\/portal\\\/wp-content\\\/uploads\\\/2023\\\/11\\\/Logo_horizontal_oscuroU-2023.png\",\"width\":263,\"height\":101,\"caption\":\"Universidad de Caldas\"},\"image\":{\"@id\":\"https:\\\/\\\/www.ucaldas.edu.co\\\/portal\\\/#\\\/schema\\\/logo\\\/image\\\/\"},\"sameAs\":[\"https:\\\/\\\/www.facebook.com\\\/udecaldas\",\"https:\\\/\\\/x.com\\\/udecaldas\",\"https:\\\/\\\/www.youtube.com\\\/universidadcaldas\",\"https:\\\/\\\/www.instagram.com\\\/udecaldas\\\/\"]},{\"@type\":\"Person\",\"@id\":\"https:\\\/\\\/www.ucaldas.edu.co\\\/portal\\\/#\\\/schema\\\/person\\\/a1b482e23449158b4bc319926c074fdf\",\"name\":\"ofiprensa\",\"image\":{\"@type\":\"ImageObject\",\"inLanguage\":\"es\",\"@id\":\"https:\\\/\\\/www.ucaldas.edu.co\\\/portal\\\/wp-content\\\/litespeed\\\/avatar\\\/09ea5085e600095a7a811142c6944527.jpg?ver=1776892805\",\"url\":\"https:\\\/\\\/www.ucaldas.edu.co\\\/portal\\\/wp-content\\\/litespeed\\\/avatar\\\/09ea5085e600095a7a811142c6944527.jpg?ver=1776892805\",\"contentUrl\":\"https:\\\/\\\/www.ucaldas.edu.co\\\/portal\\\/wp-content\\\/litespeed\\\/avatar\\\/09ea5085e600095a7a811142c6944527.jpg?ver=1776892805\",\"caption\":\"ofiprensa\"},\"url\":\"https:\\\/\\\/www.ucaldas.edu.co\\\/portal\\\/author\\\/ofiprensa\\\/\"}]}<\/script>\n<!-- \/ Yoast SEO plugin. -->","yoast_head_json":{"title":"Expertos resaltan importancia del Curso de Posgrado sobre Turismo y Cambio Clim\u00e1tico para el Departamento .","robots":{"index":"index","follow":"follow","max-snippet":"max-snippet:-1","max-image-preview":"max-image-preview:large","max-video-preview":"max-video-preview:-1"},"canonical":"https:\/\/www.ucaldas.edu.co\/portal\/expertos-resaltan-importancia-del-curso-de-posgrado-sobre-turismo-y-cambio-climatico-para-el-departamento\/","schema":{"@context":"https:\/\/schema.org","@graph":[{"@type":"Article","@id":"https:\/\/www.ucaldas.edu.co\/portal\/expertos-resaltan-importancia-del-curso-de-posgrado-sobre-turismo-y-cambio-climatico-para-el-departamento\/#article","isPartOf":{"@id":"https:\/\/www.ucaldas.edu.co\/portal\/expertos-resaltan-importancia-del-curso-de-posgrado-sobre-turismo-y-cambio-climatico-para-el-departamento\/"},"author":{"name":"ofiprensa","@id":"https:\/\/www.ucaldas.edu.co\/portal\/#\/schema\/person\/a1b482e23449158b4bc319926c074fdf"},"headline":"Expertos resaltan importancia del Curso de Posgrado sobre Turismo y Cambio Clim\u00e1tico para el Departamento","datePublished":"2025-05-27T22:15:59+00:00","dateModified":"2025-05-27T23:04:08+00:00","mainEntityOfPage":{"@id":"https:\/\/www.ucaldas.edu.co\/portal\/expertos-resaltan-importancia-del-curso-de-posgrado-sobre-turismo-y-cambio-climatico-para-el-departamento\/"},"wordCount":385,"publisher":{"@id":"https:\/\/www.ucaldas.edu.co\/portal\/#organization"},"image":{"@id":"https:\/\/www.ucaldas.edu.co\/portal\/expertos-resaltan-importancia-del-curso-de-posgrado-sobre-turismo-y-cambio-climatico-para-el-departamento\/#primaryimage"},"thumbnailUrl":"https:\/\/www.ucaldas.edu.co\/portal\/wp-content\/uploads\/2025\/05\/Captura-de-pantalla-2025-05-27-154952.png","keywords":["turismo","Cambio Clim\u00e1tico"],"articleSection":["Actualidad","Universidad al D\u00eda","UCaldas Verde"],"inLanguage":"es"},{"@type":"WebPage","@id":"https:\/\/www.ucaldas.edu.co\/portal\/expertos-resaltan-importancia-del-curso-de-posgrado-sobre-turismo-y-cambio-climatico-para-el-departamento\/","url":"https:\/\/www.ucaldas.edu.co\/portal\/expertos-resaltan-importancia-del-curso-de-posgrado-sobre-turismo-y-cambio-climatico-para-el-departamento\/","name":"Expertos resaltan importancia del Curso de Posgrado sobre Turismo y Cambio Clim\u00e1tico para el Departamento .","isPartOf":{"@id":"https:\/\/www.ucaldas.edu.co\/portal\/#website"},"primaryImageOfPage":{"@id":"https:\/\/www.ucaldas.edu.co\/portal\/expertos-resaltan-importancia-del-curso-de-posgrado-sobre-turismo-y-cambio-climatico-para-el-departamento\/#primaryimage"},"image":{"@id":"https:\/\/www.ucaldas.edu.co\/portal\/expertos-resaltan-importancia-del-curso-de-posgrado-sobre-turismo-y-cambio-climatico-para-el-departamento\/#primaryimage"},"thumbnailUrl":"https:\/\/www.ucaldas.edu.co\/portal\/wp-content\/uploads\/2025\/05\/Captura-de-pantalla-2025-05-27-154952.png","datePublished":"2025-05-27T22:15:59+00:00","dateModified":"2025-05-27T23:04:08+00:00","breadcrumb":{"@id":"https:\/\/www.ucaldas.edu.co\/portal\/expertos-resaltan-importancia-del-curso-de-posgrado-sobre-turismo-y-cambio-climatico-para-el-departamento\/#breadcrumb"},"inLanguage":"es","potentialAction":[{"@type":"ReadAction","target":["https:\/\/www.ucaldas.edu.co\/portal\/expertos-resaltan-importancia-del-curso-de-posgrado-sobre-turismo-y-cambio-climatico-para-el-departamento\/"]}]},{"@type":"ImageObject","inLanguage":"es","@id":"https:\/\/www.ucaldas.edu.co\/portal\/expertos-resaltan-importancia-del-curso-de-posgrado-sobre-turismo-y-cambio-climatico-para-el-departamento\/#primaryimage","url":"https:\/\/www.ucaldas.edu.co\/portal\/wp-content\/uploads\/2025\/05\/Captura-de-pantalla-2025-05-27-154952.png","contentUrl":"https:\/\/www.ucaldas.edu.co\/portal\/wp-content\/uploads\/2025\/05\/Captura-de-pantalla-2025-05-27-154952.png","width":746,"height":415,"caption":"Climar"},{"@type":"BreadcrumbList","@id":"https:\/\/www.ucaldas.edu.co\/portal\/expertos-resaltan-importancia-del-curso-de-posgrado-sobre-turismo-y-cambio-climatico-para-el-departamento\/#breadcrumb","itemListElement":[{"@type":"ListItem","position":1,"name":"Portada","item":"https:\/\/www.ucaldas.edu.co\/portal\/"},{"@type":"ListItem","position":2,"name":"Expertos resaltan importancia del Curso de Posgrado sobre Turismo y Cambio Clim\u00e1tico para el Departamento"}]},{"@type":"WebSite","@id":"https:\/\/www.ucaldas.edu.co\/portal\/#website","url":"https:\/\/www.ucaldas.edu.co\/portal\/","name":"Universidad de Caldas","description":"","publisher":{"@id":"https:\/\/www.ucaldas.edu.co\/portal\/#organization"},"alternateName":"U. de Caldas","potentialAction":[{"@type":"SearchAction","target":{"@type":"EntryPoint","urlTemplate":"https:\/\/www.ucaldas.edu.co\/portal\/?s={search_term_string}"},"query-input":{"@type":"PropertyValueSpecification","valueRequired":true,"valueName":"search_term_string"}}],"inLanguage":"es"},{"@type":"Organization","@id":"https:\/\/www.ucaldas.edu.co\/portal\/#organization","name":"Universidad de Caldas","alternateName":"U. de Caldas","url":"https:\/\/www.ucaldas.edu.co\/portal\/","logo":{"@type":"ImageObject","inLanguage":"es","@id":"https:\/\/www.ucaldas.edu.co\/portal\/#\/schema\/logo\/image\/","url":"https:\/\/www.ucaldas.edu.co\/portal\/wp-content\/uploads\/2023\/11\/Logo_horizontal_oscuroU-2023.png","contentUrl":"https:\/\/www.ucaldas.edu.co\/portal\/wp-content\/uploads\/2023\/11\/Logo_horizontal_oscuroU-2023.png","width":263,"height":101,"caption":"Universidad de Caldas"},"image":{"@id":"https:\/\/www.ucaldas.edu.co\/portal\/#\/schema\/logo\/image\/"},"sameAs":["https:\/\/www.facebook.com\/udecaldas","https:\/\/x.com\/udecaldas","https:\/\/www.youtube.com\/universidadcaldas","https:\/\/www.instagram.com\/udecaldas\/"]},{"@type":"Person","@id":"https:\/\/www.ucaldas.edu.co\/portal\/#\/schema\/person\/a1b482e23449158b4bc319926c074fdf","name":"ofiprensa","image":{"@type":"ImageObject","inLanguage":"es","@id":"https:\/\/www.ucaldas.edu.co\/portal\/wp-content\/litespeed\/avatar\/09ea5085e600095a7a811142c6944527.jpg?ver=1776892805","url":"https:\/\/www.ucaldas.edu.co\/portal\/wp-content\/litespeed\/avatar\/09ea5085e600095a7a811142c6944527.jpg?ver=1776892805","contentUrl":"https:\/\/www.ucaldas.edu.co\/portal\/wp-content\/litespeed\/avatar\/09ea5085e600095a7a811142c6944527.jpg?ver=1776892805","caption":"ofiprensa"},"url":"https:\/\/www.ucaldas.edu.co\/portal\/author\/ofiprensa\/"}]}},"_links":{"self":[{"href":"https:\/\/www.ucaldas.edu.co\/portal\/wp-json\/wp\/v2\/posts\/87865","targetHints":{"allow":["GET"]}}],"collection":[{"href":"https:\/\/www.ucaldas.edu.co\/portal\/wp-json\/wp\/v2\/posts"}],"about":[{"href":"https:\/\/www.ucaldas.edu.co\/portal\/wp-json\/wp\/v2\/types\/post"}],"author":[{"embeddable":true,"href":"https:\/\/www.ucaldas.edu.co\/portal\/wp-json\/wp\/v2\/users\/2"}],"replies":[{"embeddable":true,"href":"https:\/\/www.ucaldas.edu.co\/portal\/wp-json\/wp\/v2\/comments?post=87865"}],"version-history":[{"count":0,"href":"https:\/\/www.ucaldas.edu.co\/portal\/wp-json\/wp\/v2\/posts\/87865\/revisions"}],"wp:featuredmedia":[{"embeddable":true,"href":"https:\/\/www.ucaldas.edu.co\/portal\/wp-json\/wp\/v2\/media\/87866"}],"wp:attachment":[{"href":"https:\/\/www.ucaldas.edu.co\/portal\/wp-json\/wp\/v2\/media?parent=87865"}],"wp:term":[{"taxonomy":"category","embeddable":true,"href":"https:\/\/www.ucaldas.edu.co\/portal\/wp-json\/wp\/v2\/categories?post=87865"},{"taxonomy":"post_tag","embeddable":true,"href":"https:\/\/www.ucaldas.edu.co\/portal\/wp-json\/wp\/v2\/tags?post=87865"}],"curies":[{"name":"wp","href":"https:\/\/api.w.org\/{rel}","templated":true}]}}