{"id":87793,"date":"2025-05-22T08:12:14","date_gmt":"2025-05-22T13:12:14","guid":{"rendered":"https:\/\/www.ucaldas.edu.co\/portal\/?p=87793"},"modified":"2025-05-22T08:12:14","modified_gmt":"2025-05-22T13:12:14","slug":"corresponsales-t2-episodio-09-clima-y-pasado-en-bolivar-investigacion-antropologica","status":"publish","type":"post","link":"https:\/\/www.ucaldas.edu.co\/portal\/corresponsales-t2-episodio-09-clima-y-pasado-en-bolivar-investigacion-antropologica\/","title":{"rendered":"Corresponsales T2 Episodio 09 &#8211; Clima y pasado en Bol\u00edvar: Investigaci\u00f3n Antropol\u00f3gica"},"content":{"rendered":"<p><img loading=\"lazy\" decoding=\"async\" class=\"alignnone wp-image-87794\" src=\"https:\/\/www.ucaldas.edu.co\/portal\/wp-content\/uploads\/2025\/05\/Corresponsales-033-300x182.jpg\" alt=\"Corresponsales T2 Episodio 9\" width=\"831\" height=\"504\" \/><\/p>\n<p><span style=\"font-weight: 400;\">Alejandro Echeverry Ospina, estudiante de Antropolog\u00eda, nos habla de su investigaci\u00f3n en el Semillero de Zooarqueolog\u00eda, un estudio sobre San Mart\u00edn de Loba en el departamento de Bol\u00edvar durante el Formativo tard\u00edo que busca entender cambios clim\u00e1ticos en esta zona del pa\u00eds a partir de reservorios de informaci\u00f3n arqueol\u00f3gica.\u00a0<\/span><\/p>\n<p><span style=\"font-weight: 400;\">Corresponsal realizado por:<\/span><\/p>\n<p><span style=\"font-weight: 400;\">\u2705<\/span><span style=\"font-weight: 400;\"> Ana Mar\u00eda Menjura<\/span><\/p>\n<p><span style=\"font-weight: 400;\">\u2705<\/span><span style=\"font-weight: 400;\"> Angie Vanesa Rodr\u00edguez<\/span><\/p>\n<p><span style=\"font-weight: 400;\">Estudiantes de Filosof\u00eda y Letras.<\/span><\/p>\n<p><iframe loading=\"lazy\" title=\"CorresponsalesT2 episodio09\" src=\"https:\/\/www.youtube.com\/embed\/K_0l5z3HEvg\" width=\"500\" height=\"700\" frameborder=\"0\" allowfullscreen=\"allowfullscreen\"><span data-mce-type=\"bookmark\" style=\"display: inline-block; width: 0px; overflow: hidden; line-height: 0;\" class=\"mce_SELRES_start\">\ufeff<\/span><\/iframe><\/p>\n","protected":false},"excerpt":{"rendered":"<p>Alejandro Echeverry Ospina, estudiante de Antropolog\u00eda, nos habla de su investigaci\u00f3n en el Semillero de Zooarqueolog\u00eda, un estudio sobre San Mart\u00edn de Loba en el departamento de Bol\u00edvar durante el Formativo tard\u00edo que busca entender cambios clim\u00e1ticos en esta zona del pa\u00eds a partir de reservorios de informaci\u00f3n arqueol\u00f3gica.\u00a0 Corresponsal realizado por: \u2705 Ana Mar\u00eda [&hellip;]<\/p>\n","protected":false},"author":2,"featured_media":87794,"comment_status":"closed","ping_status":"open","sticky":false,"template":"","format":"standard","meta":{"footnotes":""},"categories":[9796],"tags":[7060,9831],"class_list":["post-87793","post","type-post","status-publish","format-standard","has-post-thumbnail","hentry","category-corresponsales","tag-antropologia-y-arqueologia-geologica","tag-bolivar"],"yoast_head":"<!-- This site is optimized with the Yoast SEO plugin v27.4 - https:\/\/yoast.com\/product\/yoast-seo-wordpress\/ -->\n<title>Corresponsales T2 Episodio 09 - Clima y pasado en Bol\u00edvar: Investigaci\u00f3n Antropol\u00f3gica .<\/title>\n<meta name=\"robots\" content=\"index, follow, max-snippet:-1, max-image-preview:large, max-video-preview:-1\" \/>\n<link rel=\"canonical\" href=\"https:\/\/www.ucaldas.edu.co\/portal\/corresponsales-t2-episodio-09-clima-y-pasado-en-bolivar-investigacion-antropologica\/\" \/>\n<script type=\"application\/ld+json\" class=\"yoast-schema-graph\">{\"@context\":\"https:\\\/\\\/schema.org\",\"@graph\":[{\"@type\":\"Article\",\"@id\":\"https:\\\/\\\/www.ucaldas.edu.co\\\/portal\\\/corresponsales-t2-episodio-09-clima-y-pasado-en-bolivar-investigacion-antropologica\\\/#article\",\"isPartOf\":{\"@id\":\"https:\\\/\\\/www.ucaldas.edu.co\\\/portal\\\/corresponsales-t2-episodio-09-clima-y-pasado-en-bolivar-investigacion-antropologica\\\/\"},\"author\":{\"name\":\"ofiprensa\",\"@id\":\"https:\\\/\\\/www.ucaldas.edu.co\\\/portal\\\/#\\\/schema\\\/person\\\/a1b482e23449158b4bc319926c074fdf\"},\"headline\":\"Corresponsales T2 Episodio 09 &#8211; Clima y pasado en Bol\u00edvar: Investigaci\u00f3n Antropol\u00f3gica\",\"datePublished\":\"2025-05-22T13:12:14+00:00\",\"mainEntityOfPage\":{\"@id\":\"https:\\\/\\\/www.ucaldas.edu.co\\\/portal\\\/corresponsales-t2-episodio-09-clima-y-pasado-en-bolivar-investigacion-antropologica\\\/\"},\"wordCount\":90,\"publisher\":{\"@id\":\"https:\\\/\\\/www.ucaldas.edu.co\\\/portal\\\/#organization\"},\"image\":{\"@id\":\"https:\\\/\\\/www.ucaldas.edu.co\\\/portal\\\/corresponsales-t2-episodio-09-clima-y-pasado-en-bolivar-investigacion-antropologica\\\/#primaryimage\"},\"thumbnailUrl\":\"https:\\\/\\\/www.ucaldas.edu.co\\\/portal\\\/wp-content\\\/uploads\\\/2025\\\/05\\\/Corresponsales-033-e1747919286707.jpg\",\"keywords\":[\"antropolog\u00eda y arqueolog\u00eda geol\u00f3gica\",\"bolivar\"],\"articleSection\":[\"Corresponsales\"],\"inLanguage\":\"es\"},{\"@type\":\"WebPage\",\"@id\":\"https:\\\/\\\/www.ucaldas.edu.co\\\/portal\\\/corresponsales-t2-episodio-09-clima-y-pasado-en-bolivar-investigacion-antropologica\\\/\",\"url\":\"https:\\\/\\\/www.ucaldas.edu.co\\\/portal\\\/corresponsales-t2-episodio-09-clima-y-pasado-en-bolivar-investigacion-antropologica\\\/\",\"name\":\"Corresponsales T2 Episodio 09 - Clima y pasado en Bol\u00edvar: Investigaci\u00f3n Antropol\u00f3gica .\",\"isPartOf\":{\"@id\":\"https:\\\/\\\/www.ucaldas.edu.co\\\/portal\\\/#website\"},\"primaryImageOfPage\":{\"@id\":\"https:\\\/\\\/www.ucaldas.edu.co\\\/portal\\\/corresponsales-t2-episodio-09-clima-y-pasado-en-bolivar-investigacion-antropologica\\\/#primaryimage\"},\"image\":{\"@id\":\"https:\\\/\\\/www.ucaldas.edu.co\\\/portal\\\/corresponsales-t2-episodio-09-clima-y-pasado-en-bolivar-investigacion-antropologica\\\/#primaryimage\"},\"thumbnailUrl\":\"https:\\\/\\\/www.ucaldas.edu.co\\\/portal\\\/wp-content\\\/uploads\\\/2025\\\/05\\\/Corresponsales-033-e1747919286707.jpg\",\"datePublished\":\"2025-05-22T13:12:14+00:00\",\"breadcrumb\":{\"@id\":\"https:\\\/\\\/www.ucaldas.edu.co\\\/portal\\\/corresponsales-t2-episodio-09-clima-y-pasado-en-bolivar-investigacion-antropologica\\\/#breadcrumb\"},\"inLanguage\":\"es\",\"potentialAction\":[{\"@type\":\"ReadAction\",\"target\":[\"https:\\\/\\\/www.ucaldas.edu.co\\\/portal\\\/corresponsales-t2-episodio-09-clima-y-pasado-en-bolivar-investigacion-antropologica\\\/\"]}]},{\"@type\":\"ImageObject\",\"inLanguage\":\"es\",\"@id\":\"https:\\\/\\\/www.ucaldas.edu.co\\\/portal\\\/corresponsales-t2-episodio-09-clima-y-pasado-en-bolivar-investigacion-antropologica\\\/#primaryimage\",\"url\":\"https:\\\/\\\/www.ucaldas.edu.co\\\/portal\\\/wp-content\\\/uploads\\\/2025\\\/05\\\/Corresponsales-033-e1747919286707.jpg\",\"contentUrl\":\"https:\\\/\\\/www.ucaldas.edu.co\\\/portal\\\/wp-content\\\/uploads\\\/2025\\\/05\\\/Corresponsales-033-e1747919286707.jpg\",\"width\":900,\"height\":547,\"caption\":\"Corresponsales T2 Episodio 9\"},{\"@type\":\"BreadcrumbList\",\"@id\":\"https:\\\/\\\/www.ucaldas.edu.co\\\/portal\\\/corresponsales-t2-episodio-09-clima-y-pasado-en-bolivar-investigacion-antropologica\\\/#breadcrumb\",\"itemListElement\":[{\"@type\":\"ListItem\",\"position\":1,\"name\":\"Portada\",\"item\":\"https:\\\/\\\/www.ucaldas.edu.co\\\/portal\\\/\"},{\"@type\":\"ListItem\",\"position\":2,\"name\":\"Corresponsales T2 Episodio 09 &#8211; Clima y pasado en Bol\u00edvar: Investigaci\u00f3n Antropol\u00f3gica\"}]},{\"@type\":\"WebSite\",\"@id\":\"https:\\\/\\\/www.ucaldas.edu.co\\\/portal\\\/#website\",\"url\":\"https:\\\/\\\/www.ucaldas.edu.co\\\/portal\\\/\",\"name\":\"Universidad de Caldas\",\"description\":\"\",\"publisher\":{\"@id\":\"https:\\\/\\\/www.ucaldas.edu.co\\\/portal\\\/#organization\"},\"alternateName\":\"U. de Caldas\",\"potentialAction\":[{\"@type\":\"SearchAction\",\"target\":{\"@type\":\"EntryPoint\",\"urlTemplate\":\"https:\\\/\\\/www.ucaldas.edu.co\\\/portal\\\/?s={search_term_string}\"},\"query-input\":{\"@type\":\"PropertyValueSpecification\",\"valueRequired\":true,\"valueName\":\"search_term_string\"}}],\"inLanguage\":\"es\"},{\"@type\":\"Organization\",\"@id\":\"https:\\\/\\\/www.ucaldas.edu.co\\\/portal\\\/#organization\",\"name\":\"Universidad de Caldas\",\"alternateName\":\"U. de Caldas\",\"url\":\"https:\\\/\\\/www.ucaldas.edu.co\\\/portal\\\/\",\"logo\":{\"@type\":\"ImageObject\",\"inLanguage\":\"es\",\"@id\":\"https:\\\/\\\/www.ucaldas.edu.co\\\/portal\\\/#\\\/schema\\\/logo\\\/image\\\/\",\"url\":\"https:\\\/\\\/www.ucaldas.edu.co\\\/portal\\\/wp-content\\\/uploads\\\/2023\\\/11\\\/Logo_horizontal_oscuroU-2023.png\",\"contentUrl\":\"https:\\\/\\\/www.ucaldas.edu.co\\\/portal\\\/wp-content\\\/uploads\\\/2023\\\/11\\\/Logo_horizontal_oscuroU-2023.png\",\"width\":263,\"height\":101,\"caption\":\"Universidad de Caldas\"},\"image\":{\"@id\":\"https:\\\/\\\/www.ucaldas.edu.co\\\/portal\\\/#\\\/schema\\\/logo\\\/image\\\/\"},\"sameAs\":[\"https:\\\/\\\/www.facebook.com\\\/udecaldas\",\"https:\\\/\\\/x.com\\\/udecaldas\",\"https:\\\/\\\/www.youtube.com\\\/universidadcaldas\",\"https:\\\/\\\/www.instagram.com\\\/udecaldas\\\/\"]},{\"@type\":\"Person\",\"@id\":\"https:\\\/\\\/www.ucaldas.edu.co\\\/portal\\\/#\\\/schema\\\/person\\\/a1b482e23449158b4bc319926c074fdf\",\"name\":\"ofiprensa\",\"image\":{\"@type\":\"ImageObject\",\"inLanguage\":\"es\",\"@id\":\"https:\\\/\\\/www.ucaldas.edu.co\\\/portal\\\/wp-content\\\/litespeed\\\/avatar\\\/09ea5085e600095a7a811142c6944527.jpg?ver=1776892805\",\"url\":\"https:\\\/\\\/www.ucaldas.edu.co\\\/portal\\\/wp-content\\\/litespeed\\\/avatar\\\/09ea5085e600095a7a811142c6944527.jpg?ver=1776892805\",\"contentUrl\":\"https:\\\/\\\/www.ucaldas.edu.co\\\/portal\\\/wp-content\\\/litespeed\\\/avatar\\\/09ea5085e600095a7a811142c6944527.jpg?ver=1776892805\",\"caption\":\"ofiprensa\"},\"url\":\"https:\\\/\\\/www.ucaldas.edu.co\\\/portal\\\/author\\\/ofiprensa\\\/\"}]}<\/script>\n<!-- \/ Yoast SEO plugin. -->","yoast_head_json":{"title":"Corresponsales T2 Episodio 09 - Clima y pasado en Bol\u00edvar: Investigaci\u00f3n Antropol\u00f3gica .","robots":{"index":"index","follow":"follow","max-snippet":"max-snippet:-1","max-image-preview":"max-image-preview:large","max-video-preview":"max-video-preview:-1"},"canonical":"https:\/\/www.ucaldas.edu.co\/portal\/corresponsales-t2-episodio-09-clima-y-pasado-en-bolivar-investigacion-antropologica\/","schema":{"@context":"https:\/\/schema.org","@graph":[{"@type":"Article","@id":"https:\/\/www.ucaldas.edu.co\/portal\/corresponsales-t2-episodio-09-clima-y-pasado-en-bolivar-investigacion-antropologica\/#article","isPartOf":{"@id":"https:\/\/www.ucaldas.edu.co\/portal\/corresponsales-t2-episodio-09-clima-y-pasado-en-bolivar-investigacion-antropologica\/"},"author":{"name":"ofiprensa","@id":"https:\/\/www.ucaldas.edu.co\/portal\/#\/schema\/person\/a1b482e23449158b4bc319926c074fdf"},"headline":"Corresponsales T2 Episodio 09 &#8211; Clima y pasado en Bol\u00edvar: Investigaci\u00f3n Antropol\u00f3gica","datePublished":"2025-05-22T13:12:14+00:00","mainEntityOfPage":{"@id":"https:\/\/www.ucaldas.edu.co\/portal\/corresponsales-t2-episodio-09-clima-y-pasado-en-bolivar-investigacion-antropologica\/"},"wordCount":90,"publisher":{"@id":"https:\/\/www.ucaldas.edu.co\/portal\/#organization"},"image":{"@id":"https:\/\/www.ucaldas.edu.co\/portal\/corresponsales-t2-episodio-09-clima-y-pasado-en-bolivar-investigacion-antropologica\/#primaryimage"},"thumbnailUrl":"https:\/\/www.ucaldas.edu.co\/portal\/wp-content\/uploads\/2025\/05\/Corresponsales-033-e1747919286707.jpg","keywords":["antropolog\u00eda y arqueolog\u00eda geol\u00f3gica","bolivar"],"articleSection":["Corresponsales"],"inLanguage":"es"},{"@type":"WebPage","@id":"https:\/\/www.ucaldas.edu.co\/portal\/corresponsales-t2-episodio-09-clima-y-pasado-en-bolivar-investigacion-antropologica\/","url":"https:\/\/www.ucaldas.edu.co\/portal\/corresponsales-t2-episodio-09-clima-y-pasado-en-bolivar-investigacion-antropologica\/","name":"Corresponsales T2 Episodio 09 - Clima y pasado en Bol\u00edvar: Investigaci\u00f3n Antropol\u00f3gica .","isPartOf":{"@id":"https:\/\/www.ucaldas.edu.co\/portal\/#website"},"primaryImageOfPage":{"@id":"https:\/\/www.ucaldas.edu.co\/portal\/corresponsales-t2-episodio-09-clima-y-pasado-en-bolivar-investigacion-antropologica\/#primaryimage"},"image":{"@id":"https:\/\/www.ucaldas.edu.co\/portal\/corresponsales-t2-episodio-09-clima-y-pasado-en-bolivar-investigacion-antropologica\/#primaryimage"},"thumbnailUrl":"https:\/\/www.ucaldas.edu.co\/portal\/wp-content\/uploads\/2025\/05\/Corresponsales-033-e1747919286707.jpg","datePublished":"2025-05-22T13:12:14+00:00","breadcrumb":{"@id":"https:\/\/www.ucaldas.edu.co\/portal\/corresponsales-t2-episodio-09-clima-y-pasado-en-bolivar-investigacion-antropologica\/#breadcrumb"},"inLanguage":"es","potentialAction":[{"@type":"ReadAction","target":["https:\/\/www.ucaldas.edu.co\/portal\/corresponsales-t2-episodio-09-clima-y-pasado-en-bolivar-investigacion-antropologica\/"]}]},{"@type":"ImageObject","inLanguage":"es","@id":"https:\/\/www.ucaldas.edu.co\/portal\/corresponsales-t2-episodio-09-clima-y-pasado-en-bolivar-investigacion-antropologica\/#primaryimage","url":"https:\/\/www.ucaldas.edu.co\/portal\/wp-content\/uploads\/2025\/05\/Corresponsales-033-e1747919286707.jpg","contentUrl":"https:\/\/www.ucaldas.edu.co\/portal\/wp-content\/uploads\/2025\/05\/Corresponsales-033-e1747919286707.jpg","width":900,"height":547,"caption":"Corresponsales T2 Episodio 9"},{"@type":"BreadcrumbList","@id":"https:\/\/www.ucaldas.edu.co\/portal\/corresponsales-t2-episodio-09-clima-y-pasado-en-bolivar-investigacion-antropologica\/#breadcrumb","itemListElement":[{"@type":"ListItem","position":1,"name":"Portada","item":"https:\/\/www.ucaldas.edu.co\/portal\/"},{"@type":"ListItem","position":2,"name":"Corresponsales T2 Episodio 09 &#8211; Clima y pasado en Bol\u00edvar: Investigaci\u00f3n Antropol\u00f3gica"}]},{"@type":"WebSite","@id":"https:\/\/www.ucaldas.edu.co\/portal\/#website","url":"https:\/\/www.ucaldas.edu.co\/portal\/","name":"Universidad de Caldas","description":"","publisher":{"@id":"https:\/\/www.ucaldas.edu.co\/portal\/#organization"},"alternateName":"U. de Caldas","potentialAction":[{"@type":"SearchAction","target":{"@type":"EntryPoint","urlTemplate":"https:\/\/www.ucaldas.edu.co\/portal\/?s={search_term_string}"},"query-input":{"@type":"PropertyValueSpecification","valueRequired":true,"valueName":"search_term_string"}}],"inLanguage":"es"},{"@type":"Organization","@id":"https:\/\/www.ucaldas.edu.co\/portal\/#organization","name":"Universidad de Caldas","alternateName":"U. de Caldas","url":"https:\/\/www.ucaldas.edu.co\/portal\/","logo":{"@type":"ImageObject","inLanguage":"es","@id":"https:\/\/www.ucaldas.edu.co\/portal\/#\/schema\/logo\/image\/","url":"https:\/\/www.ucaldas.edu.co\/portal\/wp-content\/uploads\/2023\/11\/Logo_horizontal_oscuroU-2023.png","contentUrl":"https:\/\/www.ucaldas.edu.co\/portal\/wp-content\/uploads\/2023\/11\/Logo_horizontal_oscuroU-2023.png","width":263,"height":101,"caption":"Universidad de Caldas"},"image":{"@id":"https:\/\/www.ucaldas.edu.co\/portal\/#\/schema\/logo\/image\/"},"sameAs":["https:\/\/www.facebook.com\/udecaldas","https:\/\/x.com\/udecaldas","https:\/\/www.youtube.com\/universidadcaldas","https:\/\/www.instagram.com\/udecaldas\/"]},{"@type":"Person","@id":"https:\/\/www.ucaldas.edu.co\/portal\/#\/schema\/person\/a1b482e23449158b4bc319926c074fdf","name":"ofiprensa","image":{"@type":"ImageObject","inLanguage":"es","@id":"https:\/\/www.ucaldas.edu.co\/portal\/wp-content\/litespeed\/avatar\/09ea5085e600095a7a811142c6944527.jpg?ver=1776892805","url":"https:\/\/www.ucaldas.edu.co\/portal\/wp-content\/litespeed\/avatar\/09ea5085e600095a7a811142c6944527.jpg?ver=1776892805","contentUrl":"https:\/\/www.ucaldas.edu.co\/portal\/wp-content\/litespeed\/avatar\/09ea5085e600095a7a811142c6944527.jpg?ver=1776892805","caption":"ofiprensa"},"url":"https:\/\/www.ucaldas.edu.co\/portal\/author\/ofiprensa\/"}]}},"_links":{"self":[{"href":"https:\/\/www.ucaldas.edu.co\/portal\/wp-json\/wp\/v2\/posts\/87793","targetHints":{"allow":["GET"]}}],"collection":[{"href":"https:\/\/www.ucaldas.edu.co\/portal\/wp-json\/wp\/v2\/posts"}],"about":[{"href":"https:\/\/www.ucaldas.edu.co\/portal\/wp-json\/wp\/v2\/types\/post"}],"author":[{"embeddable":true,"href":"https:\/\/www.ucaldas.edu.co\/portal\/wp-json\/wp\/v2\/users\/2"}],"replies":[{"embeddable":true,"href":"https:\/\/www.ucaldas.edu.co\/portal\/wp-json\/wp\/v2\/comments?post=87793"}],"version-history":[{"count":0,"href":"https:\/\/www.ucaldas.edu.co\/portal\/wp-json\/wp\/v2\/posts\/87793\/revisions"}],"wp:featuredmedia":[{"embeddable":true,"href":"https:\/\/www.ucaldas.edu.co\/portal\/wp-json\/wp\/v2\/media\/87794"}],"wp:attachment":[{"href":"https:\/\/www.ucaldas.edu.co\/portal\/wp-json\/wp\/v2\/media?parent=87793"}],"wp:term":[{"taxonomy":"category","embeddable":true,"href":"https:\/\/www.ucaldas.edu.co\/portal\/wp-json\/wp\/v2\/categories?post=87793"},{"taxonomy":"post_tag","embeddable":true,"href":"https:\/\/www.ucaldas.edu.co\/portal\/wp-json\/wp\/v2\/tags?post=87793"}],"curies":[{"name":"wp","href":"https:\/\/api.w.org\/{rel}","templated":true}]}}