{"id":87768,"date":"2025-05-20T15:36:25","date_gmt":"2025-05-20T20:36:25","guid":{"rendered":"https:\/\/www.ucaldas.edu.co\/portal\/?p=87768"},"modified":"2025-07-24T10:54:09","modified_gmt":"2025-07-24T15:54:09","slug":"62-jovenes-de-zonas-rurales-de-san-jose-risaralda-y-anserma-recibieron-su-titulo-con-la-universidad-de-caldas","status":"publish","type":"post","link":"https:\/\/www.ucaldas.edu.co\/portal\/62-jovenes-de-zonas-rurales-de-san-jose-risaralda-y-anserma-recibieron-su-titulo-con-la-universidad-de-caldas\/","title":{"rendered":"62 j\u00f3venes de zonas rurales de San Jos\u00e9, Risaralda y Anserma recibieron su t\u00edtulo con la Universidad de Caldas"},"content":{"rendered":"<p><img loading=\"lazy\" decoding=\"async\" class=\"alignnone wp-image-87769\" src=\"https:\/\/www.ucaldas.edu.co\/portal\/wp-content\/uploads\/2025\/05\/498121266_18510550558038000_5019783623576163329_n-300x225.jpg\" alt=\"Grados Anserma y San Jos\u00e9\" width=\"827\" height=\"620\" \/><\/p>\n<p style=\"text-align: justify;\">La Universidad de Caldas celebra con orgullo la graduaci\u00f3n de 62 j\u00f3venes de zonas rurales de los municipios de San Jos\u00e9, Risaralda y Anserma como T\u00e9cnicos Profesionales en Saneamiento Ambiental y Producci\u00f3n Agr\u00edcola. Este importante logro es fruto de la estrategia \u201cUniversidad en el Campo\u201d, alianza entre la universidad y el Comit\u00e9 de Cafeteros, que busca llevar educaci\u00f3n superior de calidad a j\u00f3venes rurales del departamento de Caldas y de otros departamentos del pa\u00eds.<\/p>\n<p style=\"text-align: justify;\">Esta graduaci\u00f3n es un paso importante hacia la transformaci\u00f3n del campo y el desarrollo de las regiones. Los graduados ahora cuentan con las herramientas y conocimientos necesarios para enfrentar los desaf\u00edos del sector agr\u00edcola y ambiental, y para contribuir al crecimiento econ\u00f3mico y social de sus comunidades, as\u00ed lo destac\u00f3 el rector de la universidad de Caldas, Fabio Hernando Arias Orozco.<\/p>\n<p style=\"text-align: justify;\">Asimismo, directivos, padres de familia y estudiantes se mostraron muy entusiasmados, ya que, gracias a esta estrategia los j\u00f3venes pueden acceder a una formaci\u00f3n acad\u00e9mica que les permitir\u00e1 mejoramiento de la calidad de vida de sus habitantes.<\/p>\n<p style=\"text-align: justify;\">El pr\u00f3ximo viernes 30 de mayo continuar\u00e1n las graduaciones en Saman\u00e1 corregimientos de Florencia y San Diego, en el mes de junio en Hojas Anchas de Sup\u00eda, en zona rural de Aguadas y Palestina.<\/p>\n<p style=\"text-align: justify;\"><strong>\u00bfC\u00f3mo vamos en U en el campo? <\/strong><\/p>\n<p style=\"text-align: justify;\">La Universidad de Caldas por medio del Comit\u00e9 de Cafeteros alianza de educaci\u00f3n para la competitividad, cuenta en Caldas con ocho grupos activos de 200 estudiantes en los municipios de Norcasia, Saman\u00e1, Risaralda, Victoria, Sup\u00eda, La Merced y Anserma. Y en el departamento de Risaralda con 230 estudiantes activos en los municipios de Santa Cecilia, Mistrat\u00f3, Dosquebradas, Marsella y Quinch\u00eda.<\/p>\n<p style=\"text-align: justify;\"><strong>Anexo: <\/strong><\/p>\n<p style=\"text-align: justify;\"><a href=\"https:\/\/www.ucaldas.edu.co\/portal\/wp-content\/uploads\/2025\/05\/Fabio-Hernando-Arias-Orozco-rector-de-la-Universidad-de-Caldas.mp3\"><strong>-Audio Rector de la Universidad de Caldas, Fabio Hernando Arias Orozco.<\/strong><\/a><\/p>\n<audio class=\"wp-audio-shortcode\" id=\"audio-87768-1\" preload=\"none\" style=\"width: 100%;\" controls=\"controls\"><source type=\"audio\/mpeg\" src=\"https:\/\/www.ucaldas.edu.co\/portal\/wp-content\/uploads\/2025\/05\/Fabio-Hernando-Arias-Orozco-rector-de-la-Universidad-de-Caldas.mp3?_=1\" \/><a href=\"https:\/\/www.ucaldas.edu.co\/portal\/wp-content\/uploads\/2025\/05\/Fabio-Hernando-Arias-Orozco-rector-de-la-Universidad-de-Caldas.mp3\">https:\/\/www.ucaldas.edu.co\/portal\/wp-content\/uploads\/2025\/05\/Fabio-Hernando-Arias-Orozco-rector-de-la-Universidad-de-Caldas.mp3<\/a><\/audio>\n<p style=\"text-align: justify;\"><a href=\"https:\/\/www.ucaldas.edu.co\/portal\/wp-content\/uploads\/2025\/05\/Juan-Gabriel-Alzate-padrino-de-alianza-educacion-rural.mp3\"><strong>-Audio padrino de alianza educaci\u00f3n rural, Juan Gabriel \u00c1lzate.<\/strong><\/a><\/p>\n<audio class=\"wp-audio-shortcode\" id=\"audio-87768-2\" preload=\"none\" style=\"width: 100%;\" controls=\"controls\"><source type=\"audio\/mpeg\" src=\"https:\/\/www.ucaldas.edu.co\/portal\/wp-content\/uploads\/2025\/05\/Juan-Gabriel-Alzate-padrino-de-alianza-educacion-rural.mp3?_=2\" \/><a href=\"https:\/\/www.ucaldas.edu.co\/portal\/wp-content\/uploads\/2025\/05\/Juan-Gabriel-Alzate-padrino-de-alianza-educacion-rural.mp3\">https:\/\/www.ucaldas.edu.co\/portal\/wp-content\/uploads\/2025\/05\/Juan-Gabriel-Alzate-padrino-de-alianza-educacion-rural.mp3<\/a><\/audio>\n<p style=\"text-align: justify;\"><a href=\"https:\/\/www.ucaldas.edu.co\/portal\/wp-content\/uploads\/2025\/05\/Ricardo-Antonio-Patino-Aguirre-rector-IE-La-Libertad-municipio-San-Jose.mp3\"><strong>-Audio Rector IE La Libertad municipio San Jos\u00e9, Ricardo Antonio Pati\u00f1o Aguirre.<\/strong><\/a><\/p>\n<audio class=\"wp-audio-shortcode\" id=\"audio-87768-3\" preload=\"none\" style=\"width: 100%;\" controls=\"controls\"><source type=\"audio\/mpeg\" src=\"https:\/\/www.ucaldas.edu.co\/portal\/wp-content\/uploads\/2025\/05\/Ricardo-Antonio-Patino-Aguirre-rector-IE-La-Libertad-municipio-San-Jose.mp3?_=3\" \/><a href=\"https:\/\/www.ucaldas.edu.co\/portal\/wp-content\/uploads\/2025\/05\/Ricardo-Antonio-Patino-Aguirre-rector-IE-La-Libertad-municipio-San-Jose.mp3\">https:\/\/www.ucaldas.edu.co\/portal\/wp-content\/uploads\/2025\/05\/Ricardo-Antonio-Patino-Aguirre-rector-IE-La-Libertad-municipio-San-Jose.mp3<\/a><\/audio>\n<p style=\"text-align: justify;\"><a href=\"https:\/\/www.ucaldas.edu.co\/portal\/wp-content\/uploads\/2025\/05\/Jairo-de-Jesus-Carmona-Acebedo-padre-de-Familia.mp3\"><strong>-Audio Padre de Familia, Jairo de Jes\u00fas Carmona Acebedo.<\/strong><\/a><\/p>\n<audio class=\"wp-audio-shortcode\" id=\"audio-87768-4\" preload=\"none\" style=\"width: 100%;\" controls=\"controls\"><source type=\"audio\/mpeg\" src=\"https:\/\/www.ucaldas.edu.co\/portal\/wp-content\/uploads\/2025\/05\/Jairo-de-Jesus-Carmona-Acebedo-padre-de-Familia.mp3?_=4\" \/><a href=\"https:\/\/www.ucaldas.edu.co\/portal\/wp-content\/uploads\/2025\/05\/Jairo-de-Jesus-Carmona-Acebedo-padre-de-Familia.mp3\">https:\/\/www.ucaldas.edu.co\/portal\/wp-content\/uploads\/2025\/05\/Jairo-de-Jesus-Carmona-Acebedo-padre-de-Familia.mp3<\/a><\/audio>\n<p style=\"text-align: justify;\"><a href=\"https:\/\/www.ucaldas.edu.co\/portal\/wp-content\/uploads\/2025\/05\/Jonar-Maldonado-alzate-estudiante-TP-en-Saneamiento-Ambiental.mp3\"><strong>-Audio Egresado T\u00e9cnico Profesional en Saneamiento Ambiental, Jonar Maldonado \u00e1lzate.<\/strong><\/a><\/p>\n<audio class=\"wp-audio-shortcode\" id=\"audio-87768-5\" preload=\"none\" style=\"width: 100%;\" controls=\"controls\"><source type=\"audio\/mpeg\" src=\"https:\/\/www.ucaldas.edu.co\/portal\/wp-content\/uploads\/2025\/05\/Jonar-Maldonado-alzate-estudiante-TP-en-Saneamiento-Ambiental.mp3?_=5\" \/><a href=\"https:\/\/www.ucaldas.edu.co\/portal\/wp-content\/uploads\/2025\/05\/Jonar-Maldonado-alzate-estudiante-TP-en-Saneamiento-Ambiental.mp3\">https:\/\/www.ucaldas.edu.co\/portal\/wp-content\/uploads\/2025\/05\/Jonar-Maldonado-alzate-estudiante-TP-en-Saneamiento-Ambiental.mp3<\/a><\/audio>\n","protected":false},"excerpt":{"rendered":"<p>La Universidad de Caldas celebra con orgullo la graduaci\u00f3n de 62 j\u00f3venes de zonas rurales de los municipios de San Jos\u00e9, Risaralda y Anserma como T\u00e9cnicos Profesionales en Saneamiento Ambiental y Producci\u00f3n Agr\u00edcola. Este importante logro es fruto de la estrategia \u201cUniversidad en el Campo\u201d, alianza entre la universidad y el Comit\u00e9 de Cafeteros, que [&hellip;]<\/p>\n","protected":false},"author":2,"featured_media":87769,"comment_status":"closed","ping_status":"open","sticky":false,"template":"","format":"standard","meta":{"footnotes":""},"categories":[53,600,48],"tags":[9776,8211],"class_list":["post-87768","post","type-post","status-publish","format-standard","has-post-thumbnail","hentry","category-universidad-al-dia","category-ucaldas-regional","category-actualidad","tag-ucaldas-en-tu-pueblo","tag-grados-u-caldas"],"yoast_head":"<!-- This site is optimized with the Yoast SEO plugin v27.4 - https:\/\/yoast.com\/product\/yoast-seo-wordpress\/ -->\n<title>62 j\u00f3venes de zonas rurales de San Jos\u00e9, Risaralda y Anserma recibieron su t\u00edtulo con la Universidad de Caldas .<\/title>\n<meta name=\"robots\" content=\"index, follow, max-snippet:-1, max-image-preview:large, max-video-preview:-1\" \/>\n<link rel=\"canonical\" href=\"https:\/\/www.ucaldas.edu.co\/portal\/62-jovenes-de-zonas-rurales-de-san-jose-risaralda-y-anserma-recibieron-su-titulo-con-la-universidad-de-caldas\/\" \/>\n<script type=\"application\/ld+json\" class=\"yoast-schema-graph\">{\"@context\":\"https:\\\/\\\/schema.org\",\"@graph\":[{\"@type\":\"Article\",\"@id\":\"https:\\\/\\\/www.ucaldas.edu.co\\\/portal\\\/62-jovenes-de-zonas-rurales-de-san-jose-risaralda-y-anserma-recibieron-su-titulo-con-la-universidad-de-caldas\\\/#article\",\"isPartOf\":{\"@id\":\"https:\\\/\\\/www.ucaldas.edu.co\\\/portal\\\/62-jovenes-de-zonas-rurales-de-san-jose-risaralda-y-anserma-recibieron-su-titulo-con-la-universidad-de-caldas\\\/\"},\"author\":{\"name\":\"ofiprensa\",\"@id\":\"https:\\\/\\\/www.ucaldas.edu.co\\\/portal\\\/#\\\/schema\\\/person\\\/a1b482e23449158b4bc319926c074fdf\"},\"headline\":\"62 j\u00f3venes de zonas rurales de San Jos\u00e9, Risaralda y Anserma recibieron su t\u00edtulo con la Universidad de Caldas\",\"datePublished\":\"2025-05-20T20:36:25+00:00\",\"dateModified\":\"2025-07-24T15:54:09+00:00\",\"mainEntityOfPage\":{\"@id\":\"https:\\\/\\\/www.ucaldas.edu.co\\\/portal\\\/62-jovenes-de-zonas-rurales-de-san-jose-risaralda-y-anserma-recibieron-su-titulo-con-la-universidad-de-caldas\\\/\"},\"wordCount\":433,\"publisher\":{\"@id\":\"https:\\\/\\\/www.ucaldas.edu.co\\\/portal\\\/#organization\"},\"image\":{\"@id\":\"https:\\\/\\\/www.ucaldas.edu.co\\\/portal\\\/62-jovenes-de-zonas-rurales-de-san-jose-risaralda-y-anserma-recibieron-su-titulo-con-la-universidad-de-caldas\\\/#primaryimage\"},\"thumbnailUrl\":\"https:\\\/\\\/www.ucaldas.edu.co\\\/portal\\\/wp-content\\\/uploads\\\/2025\\\/05\\\/498121266_18510550558038000_5019783623576163329_n-e1747773135311.jpg\",\"keywords\":[\"ucaldas en tu pueblo\",\"grados u caldas\"],\"articleSection\":[\"Universidad al D\u00eda\",\"UCaldas Regional\",\"Actualidad\"],\"inLanguage\":\"es\"},{\"@type\":\"WebPage\",\"@id\":\"https:\\\/\\\/www.ucaldas.edu.co\\\/portal\\\/62-jovenes-de-zonas-rurales-de-san-jose-risaralda-y-anserma-recibieron-su-titulo-con-la-universidad-de-caldas\\\/\",\"url\":\"https:\\\/\\\/www.ucaldas.edu.co\\\/portal\\\/62-jovenes-de-zonas-rurales-de-san-jose-risaralda-y-anserma-recibieron-su-titulo-con-la-universidad-de-caldas\\\/\",\"name\":\"62 j\u00f3venes de zonas rurales de San Jos\u00e9, Risaralda y Anserma recibieron su t\u00edtulo con la Universidad de Caldas .\",\"isPartOf\":{\"@id\":\"https:\\\/\\\/www.ucaldas.edu.co\\\/portal\\\/#website\"},\"primaryImageOfPage\":{\"@id\":\"https:\\\/\\\/www.ucaldas.edu.co\\\/portal\\\/62-jovenes-de-zonas-rurales-de-san-jose-risaralda-y-anserma-recibieron-su-titulo-con-la-universidad-de-caldas\\\/#primaryimage\"},\"image\":{\"@id\":\"https:\\\/\\\/www.ucaldas.edu.co\\\/portal\\\/62-jovenes-de-zonas-rurales-de-san-jose-risaralda-y-anserma-recibieron-su-titulo-con-la-universidad-de-caldas\\\/#primaryimage\"},\"thumbnailUrl\":\"https:\\\/\\\/www.ucaldas.edu.co\\\/portal\\\/wp-content\\\/uploads\\\/2025\\\/05\\\/498121266_18510550558038000_5019783623576163329_n-e1747773135311.jpg\",\"datePublished\":\"2025-05-20T20:36:25+00:00\",\"dateModified\":\"2025-07-24T15:54:09+00:00\",\"breadcrumb\":{\"@id\":\"https:\\\/\\\/www.ucaldas.edu.co\\\/portal\\\/62-jovenes-de-zonas-rurales-de-san-jose-risaralda-y-anserma-recibieron-su-titulo-con-la-universidad-de-caldas\\\/#breadcrumb\"},\"inLanguage\":\"es\",\"potentialAction\":[{\"@type\":\"ReadAction\",\"target\":[\"https:\\\/\\\/www.ucaldas.edu.co\\\/portal\\\/62-jovenes-de-zonas-rurales-de-san-jose-risaralda-y-anserma-recibieron-su-titulo-con-la-universidad-de-caldas\\\/\"]}]},{\"@type\":\"ImageObject\",\"inLanguage\":\"es\",\"@id\":\"https:\\\/\\\/www.ucaldas.edu.co\\\/portal\\\/62-jovenes-de-zonas-rurales-de-san-jose-risaralda-y-anserma-recibieron-su-titulo-con-la-universidad-de-caldas\\\/#primaryimage\",\"url\":\"https:\\\/\\\/www.ucaldas.edu.co\\\/portal\\\/wp-content\\\/uploads\\\/2025\\\/05\\\/498121266_18510550558038000_5019783623576163329_n-e1747773135311.jpg\",\"contentUrl\":\"https:\\\/\\\/www.ucaldas.edu.co\\\/portal\\\/wp-content\\\/uploads\\\/2025\\\/05\\\/498121266_18510550558038000_5019783623576163329_n-e1747773135311.jpg\",\"width\":900,\"height\":675,\"caption\":\"Grados Anserma y San Jos\u00e9\"},{\"@type\":\"BreadcrumbList\",\"@id\":\"https:\\\/\\\/www.ucaldas.edu.co\\\/portal\\\/62-jovenes-de-zonas-rurales-de-san-jose-risaralda-y-anserma-recibieron-su-titulo-con-la-universidad-de-caldas\\\/#breadcrumb\",\"itemListElement\":[{\"@type\":\"ListItem\",\"position\":1,\"name\":\"Portada\",\"item\":\"https:\\\/\\\/www.ucaldas.edu.co\\\/portal\\\/\"},{\"@type\":\"ListItem\",\"position\":2,\"name\":\"62 j\u00f3venes de zonas rurales de San Jos\u00e9, Risaralda y Anserma recibieron su t\u00edtulo con la Universidad de Caldas\"}]},{\"@type\":\"WebSite\",\"@id\":\"https:\\\/\\\/www.ucaldas.edu.co\\\/portal\\\/#website\",\"url\":\"https:\\\/\\\/www.ucaldas.edu.co\\\/portal\\\/\",\"name\":\"Universidad de Caldas\",\"description\":\"\",\"publisher\":{\"@id\":\"https:\\\/\\\/www.ucaldas.edu.co\\\/portal\\\/#organization\"},\"alternateName\":\"U. de Caldas\",\"potentialAction\":[{\"@type\":\"SearchAction\",\"target\":{\"@type\":\"EntryPoint\",\"urlTemplate\":\"https:\\\/\\\/www.ucaldas.edu.co\\\/portal\\\/?s={search_term_string}\"},\"query-input\":{\"@type\":\"PropertyValueSpecification\",\"valueRequired\":true,\"valueName\":\"search_term_string\"}}],\"inLanguage\":\"es\"},{\"@type\":\"Organization\",\"@id\":\"https:\\\/\\\/www.ucaldas.edu.co\\\/portal\\\/#organization\",\"name\":\"Universidad de Caldas\",\"alternateName\":\"U. de Caldas\",\"url\":\"https:\\\/\\\/www.ucaldas.edu.co\\\/portal\\\/\",\"logo\":{\"@type\":\"ImageObject\",\"inLanguage\":\"es\",\"@id\":\"https:\\\/\\\/www.ucaldas.edu.co\\\/portal\\\/#\\\/schema\\\/logo\\\/image\\\/\",\"url\":\"https:\\\/\\\/www.ucaldas.edu.co\\\/portal\\\/wp-content\\\/uploads\\\/2023\\\/11\\\/Logo_horizontal_oscuroU-2023.png\",\"contentUrl\":\"https:\\\/\\\/www.ucaldas.edu.co\\\/portal\\\/wp-content\\\/uploads\\\/2023\\\/11\\\/Logo_horizontal_oscuroU-2023.png\",\"width\":263,\"height\":101,\"caption\":\"Universidad de Caldas\"},\"image\":{\"@id\":\"https:\\\/\\\/www.ucaldas.edu.co\\\/portal\\\/#\\\/schema\\\/logo\\\/image\\\/\"},\"sameAs\":[\"https:\\\/\\\/www.facebook.com\\\/udecaldas\",\"https:\\\/\\\/x.com\\\/udecaldas\",\"https:\\\/\\\/www.youtube.com\\\/universidadcaldas\",\"https:\\\/\\\/www.instagram.com\\\/udecaldas\\\/\"]},{\"@type\":\"Person\",\"@id\":\"https:\\\/\\\/www.ucaldas.edu.co\\\/portal\\\/#\\\/schema\\\/person\\\/a1b482e23449158b4bc319926c074fdf\",\"name\":\"ofiprensa\",\"image\":{\"@type\":\"ImageObject\",\"inLanguage\":\"es\",\"@id\":\"https:\\\/\\\/www.ucaldas.edu.co\\\/portal\\\/wp-content\\\/litespeed\\\/avatar\\\/09ea5085e600095a7a811142c6944527.jpg?ver=1776892805\",\"url\":\"https:\\\/\\\/www.ucaldas.edu.co\\\/portal\\\/wp-content\\\/litespeed\\\/avatar\\\/09ea5085e600095a7a811142c6944527.jpg?ver=1776892805\",\"contentUrl\":\"https:\\\/\\\/www.ucaldas.edu.co\\\/portal\\\/wp-content\\\/litespeed\\\/avatar\\\/09ea5085e600095a7a811142c6944527.jpg?ver=1776892805\",\"caption\":\"ofiprensa\"},\"url\":\"https:\\\/\\\/www.ucaldas.edu.co\\\/portal\\\/author\\\/ofiprensa\\\/\"}]}<\/script>\n<!-- \/ Yoast SEO plugin. -->","yoast_head_json":{"title":"62 j\u00f3venes de zonas rurales de San Jos\u00e9, Risaralda y Anserma recibieron su t\u00edtulo con la Universidad de Caldas .","robots":{"index":"index","follow":"follow","max-snippet":"max-snippet:-1","max-image-preview":"max-image-preview:large","max-video-preview":"max-video-preview:-1"},"canonical":"https:\/\/www.ucaldas.edu.co\/portal\/62-jovenes-de-zonas-rurales-de-san-jose-risaralda-y-anserma-recibieron-su-titulo-con-la-universidad-de-caldas\/","schema":{"@context":"https:\/\/schema.org","@graph":[{"@type":"Article","@id":"https:\/\/www.ucaldas.edu.co\/portal\/62-jovenes-de-zonas-rurales-de-san-jose-risaralda-y-anserma-recibieron-su-titulo-con-la-universidad-de-caldas\/#article","isPartOf":{"@id":"https:\/\/www.ucaldas.edu.co\/portal\/62-jovenes-de-zonas-rurales-de-san-jose-risaralda-y-anserma-recibieron-su-titulo-con-la-universidad-de-caldas\/"},"author":{"name":"ofiprensa","@id":"https:\/\/www.ucaldas.edu.co\/portal\/#\/schema\/person\/a1b482e23449158b4bc319926c074fdf"},"headline":"62 j\u00f3venes de zonas rurales de San Jos\u00e9, Risaralda y Anserma recibieron su t\u00edtulo con la Universidad de Caldas","datePublished":"2025-05-20T20:36:25+00:00","dateModified":"2025-07-24T15:54:09+00:00","mainEntityOfPage":{"@id":"https:\/\/www.ucaldas.edu.co\/portal\/62-jovenes-de-zonas-rurales-de-san-jose-risaralda-y-anserma-recibieron-su-titulo-con-la-universidad-de-caldas\/"},"wordCount":433,"publisher":{"@id":"https:\/\/www.ucaldas.edu.co\/portal\/#organization"},"image":{"@id":"https:\/\/www.ucaldas.edu.co\/portal\/62-jovenes-de-zonas-rurales-de-san-jose-risaralda-y-anserma-recibieron-su-titulo-con-la-universidad-de-caldas\/#primaryimage"},"thumbnailUrl":"https:\/\/www.ucaldas.edu.co\/portal\/wp-content\/uploads\/2025\/05\/498121266_18510550558038000_5019783623576163329_n-e1747773135311.jpg","keywords":["ucaldas en tu pueblo","grados u caldas"],"articleSection":["Universidad al D\u00eda","UCaldas Regional","Actualidad"],"inLanguage":"es"},{"@type":"WebPage","@id":"https:\/\/www.ucaldas.edu.co\/portal\/62-jovenes-de-zonas-rurales-de-san-jose-risaralda-y-anserma-recibieron-su-titulo-con-la-universidad-de-caldas\/","url":"https:\/\/www.ucaldas.edu.co\/portal\/62-jovenes-de-zonas-rurales-de-san-jose-risaralda-y-anserma-recibieron-su-titulo-con-la-universidad-de-caldas\/","name":"62 j\u00f3venes de zonas rurales de San Jos\u00e9, Risaralda y Anserma recibieron su t\u00edtulo con la Universidad de Caldas .","isPartOf":{"@id":"https:\/\/www.ucaldas.edu.co\/portal\/#website"},"primaryImageOfPage":{"@id":"https:\/\/www.ucaldas.edu.co\/portal\/62-jovenes-de-zonas-rurales-de-san-jose-risaralda-y-anserma-recibieron-su-titulo-con-la-universidad-de-caldas\/#primaryimage"},"image":{"@id":"https:\/\/www.ucaldas.edu.co\/portal\/62-jovenes-de-zonas-rurales-de-san-jose-risaralda-y-anserma-recibieron-su-titulo-con-la-universidad-de-caldas\/#primaryimage"},"thumbnailUrl":"https:\/\/www.ucaldas.edu.co\/portal\/wp-content\/uploads\/2025\/05\/498121266_18510550558038000_5019783623576163329_n-e1747773135311.jpg","datePublished":"2025-05-20T20:36:25+00:00","dateModified":"2025-07-24T15:54:09+00:00","breadcrumb":{"@id":"https:\/\/www.ucaldas.edu.co\/portal\/62-jovenes-de-zonas-rurales-de-san-jose-risaralda-y-anserma-recibieron-su-titulo-con-la-universidad-de-caldas\/#breadcrumb"},"inLanguage":"es","potentialAction":[{"@type":"ReadAction","target":["https:\/\/www.ucaldas.edu.co\/portal\/62-jovenes-de-zonas-rurales-de-san-jose-risaralda-y-anserma-recibieron-su-titulo-con-la-universidad-de-caldas\/"]}]},{"@type":"ImageObject","inLanguage":"es","@id":"https:\/\/www.ucaldas.edu.co\/portal\/62-jovenes-de-zonas-rurales-de-san-jose-risaralda-y-anserma-recibieron-su-titulo-con-la-universidad-de-caldas\/#primaryimage","url":"https:\/\/www.ucaldas.edu.co\/portal\/wp-content\/uploads\/2025\/05\/498121266_18510550558038000_5019783623576163329_n-e1747773135311.jpg","contentUrl":"https:\/\/www.ucaldas.edu.co\/portal\/wp-content\/uploads\/2025\/05\/498121266_18510550558038000_5019783623576163329_n-e1747773135311.jpg","width":900,"height":675,"caption":"Grados Anserma y San Jos\u00e9"},{"@type":"BreadcrumbList","@id":"https:\/\/www.ucaldas.edu.co\/portal\/62-jovenes-de-zonas-rurales-de-san-jose-risaralda-y-anserma-recibieron-su-titulo-con-la-universidad-de-caldas\/#breadcrumb","itemListElement":[{"@type":"ListItem","position":1,"name":"Portada","item":"https:\/\/www.ucaldas.edu.co\/portal\/"},{"@type":"ListItem","position":2,"name":"62 j\u00f3venes de zonas rurales de San Jos\u00e9, Risaralda y Anserma recibieron su t\u00edtulo con la Universidad de Caldas"}]},{"@type":"WebSite","@id":"https:\/\/www.ucaldas.edu.co\/portal\/#website","url":"https:\/\/www.ucaldas.edu.co\/portal\/","name":"Universidad de Caldas","description":"","publisher":{"@id":"https:\/\/www.ucaldas.edu.co\/portal\/#organization"},"alternateName":"U. de Caldas","potentialAction":[{"@type":"SearchAction","target":{"@type":"EntryPoint","urlTemplate":"https:\/\/www.ucaldas.edu.co\/portal\/?s={search_term_string}"},"query-input":{"@type":"PropertyValueSpecification","valueRequired":true,"valueName":"search_term_string"}}],"inLanguage":"es"},{"@type":"Organization","@id":"https:\/\/www.ucaldas.edu.co\/portal\/#organization","name":"Universidad de Caldas","alternateName":"U. de Caldas","url":"https:\/\/www.ucaldas.edu.co\/portal\/","logo":{"@type":"ImageObject","inLanguage":"es","@id":"https:\/\/www.ucaldas.edu.co\/portal\/#\/schema\/logo\/image\/","url":"https:\/\/www.ucaldas.edu.co\/portal\/wp-content\/uploads\/2023\/11\/Logo_horizontal_oscuroU-2023.png","contentUrl":"https:\/\/www.ucaldas.edu.co\/portal\/wp-content\/uploads\/2023\/11\/Logo_horizontal_oscuroU-2023.png","width":263,"height":101,"caption":"Universidad de Caldas"},"image":{"@id":"https:\/\/www.ucaldas.edu.co\/portal\/#\/schema\/logo\/image\/"},"sameAs":["https:\/\/www.facebook.com\/udecaldas","https:\/\/x.com\/udecaldas","https:\/\/www.youtube.com\/universidadcaldas","https:\/\/www.instagram.com\/udecaldas\/"]},{"@type":"Person","@id":"https:\/\/www.ucaldas.edu.co\/portal\/#\/schema\/person\/a1b482e23449158b4bc319926c074fdf","name":"ofiprensa","image":{"@type":"ImageObject","inLanguage":"es","@id":"https:\/\/www.ucaldas.edu.co\/portal\/wp-content\/litespeed\/avatar\/09ea5085e600095a7a811142c6944527.jpg?ver=1776892805","url":"https:\/\/www.ucaldas.edu.co\/portal\/wp-content\/litespeed\/avatar\/09ea5085e600095a7a811142c6944527.jpg?ver=1776892805","contentUrl":"https:\/\/www.ucaldas.edu.co\/portal\/wp-content\/litespeed\/avatar\/09ea5085e600095a7a811142c6944527.jpg?ver=1776892805","caption":"ofiprensa"},"url":"https:\/\/www.ucaldas.edu.co\/portal\/author\/ofiprensa\/"}]}},"_links":{"self":[{"href":"https:\/\/www.ucaldas.edu.co\/portal\/wp-json\/wp\/v2\/posts\/87768","targetHints":{"allow":["GET"]}}],"collection":[{"href":"https:\/\/www.ucaldas.edu.co\/portal\/wp-json\/wp\/v2\/posts"}],"about":[{"href":"https:\/\/www.ucaldas.edu.co\/portal\/wp-json\/wp\/v2\/types\/post"}],"author":[{"embeddable":true,"href":"https:\/\/www.ucaldas.edu.co\/portal\/wp-json\/wp\/v2\/users\/2"}],"replies":[{"embeddable":true,"href":"https:\/\/www.ucaldas.edu.co\/portal\/wp-json\/wp\/v2\/comments?post=87768"}],"version-history":[{"count":0,"href":"https:\/\/www.ucaldas.edu.co\/portal\/wp-json\/wp\/v2\/posts\/87768\/revisions"}],"wp:featuredmedia":[{"embeddable":true,"href":"https:\/\/www.ucaldas.edu.co\/portal\/wp-json\/wp\/v2\/media\/87769"}],"wp:attachment":[{"href":"https:\/\/www.ucaldas.edu.co\/portal\/wp-json\/wp\/v2\/media?parent=87768"}],"wp:term":[{"taxonomy":"category","embeddable":true,"href":"https:\/\/www.ucaldas.edu.co\/portal\/wp-json\/wp\/v2\/categories?post=87768"},{"taxonomy":"post_tag","embeddable":true,"href":"https:\/\/www.ucaldas.edu.co\/portal\/wp-json\/wp\/v2\/tags?post=87768"}],"curies":[{"name":"wp","href":"https:\/\/api.w.org\/{rel}","templated":true}]}}