{"id":87694,"date":"2025-05-15T15:20:00","date_gmt":"2025-05-15T20:20:00","guid":{"rendered":"https:\/\/www.ucaldas.edu.co\/portal\/?p=87694"},"modified":"2025-05-15T15:20:00","modified_gmt":"2025-05-15T20:20:00","slug":"la-universidad-de-caldas-participa-de-la-v-semana-de-los-museos-y-espacios-expositivos-de-manizales","status":"publish","type":"post","link":"https:\/\/www.ucaldas.edu.co\/portal\/la-universidad-de-caldas-participa-de-la-v-semana-de-los-museos-y-espacios-expositivos-de-manizales\/","title":{"rendered":"La Universidad de Caldas participa de la V Semana de los Museos y Espacios Expositivos de Manizales"},"content":{"rendered":"<p><img loading=\"lazy\" decoding=\"async\" class=\"alignnone  wp-image-87657\" src=\"https:\/\/www.ucaldas.edu.co\/portal\/wp-content\/uploads\/2025\/05\/1d74e276-1b34-4899-8586-2c68c52c71c2-239x300.jpg\" alt=\"Semana de museos\" width=\"826\" height=\"1037\" \/><\/p>\n<p style=\"text-align: justify;\">Del 18 al 22 de mayo, Manizales celebra la V Semana de los Museos y Espacios Expositivos, una programaci\u00f3n conjunta entre universidades, instituciones culturales, museos y colectivos. En esta edici\u00f3n, la Universidad de Caldas participa con una agenda propia que fortalece la oferta cultural y educativa del evento.<!--more--><\/p>\n<p style=\"text-align: justify;\">Desde el Centro de Museos la universidad articula diversas actividades que tendr\u00e1n lugar en el Centro Cultural Universitario Rogelio Salmona, uno de los espacios expositivos m\u00e1s activos de la ciudad, all\u00ed se presentar\u00e1n dos exposiciones: Exposici\u00f3n del Taller de Expresi\u00f3n 3 del programa de Artes Pl\u00e1sticas, que da visibilidad a los procesos pedag\u00f3gicos y creativos de los estudiantes y Museo Volcano, una muestra producida en el marco de una residencia art\u00edstica realizada junto al Centro Colombo Americano, que propone una nueva mirada sobre la colecci\u00f3n arqueol\u00f3gica y etnogr\u00e1fica del museo.<\/p>\n<p style=\"text-align: justify;\">Adem\u00e1s, la universidad promueve espacios de reflexi\u00f3n abiertos a la ciudadan\u00eda tales como: \u201c\u00bfD\u00f3nde est\u00e1 el museo?\u201d, un conversatorio en torno al presente y futuro del Museo de la Universidad e \u201cInter\u201d, un espacio para compartir perspectivas sobre la escena cultural actual de Manizales.<\/p>\n<p style=\"text-align: justify;\">Otro espacio de la Universidad que si vincula a la V Semana de los Museos y Espacios Expositivos es el campus Bellas Artes con 2 obras, una en La Pinacoteca llamada Homeostases de Kamila Loaiza y la otra en La Rotonda llamada Entra\u00f1arte de las autoras Mariaclara Carmona, Juanita Quintanilla y Alejandra Casta\u00f1eda, podr\u00e1s visitar estas obras de lunes a viernes desde las 7:00 a.m hasta las 8:00 p.m y el s\u00e1bado de 9:00 a.m a 1:00 p.m<\/p>\n<p style=\"text-align: justify;\">\u00a0\u201cLa Semana de los Museos es una oportunidad para que los museos salgan al encuentro de la ciudad. Desde la Universidad de Caldas aportamos contenidos, espacios y di\u00e1logo para seguir construyendo una cultura activa, cr\u00edtica y participativa\u201d, se\u00f1ala Laura Valeria Buritic\u00e1, directora del Centro de Museos de la Universidad de Caldas.<\/p>\n<p style=\"text-align: justify;\">La participaci\u00f3n inicia el domingo 18 de mayo, en la apertura de la Semana con una subasta en el Estudio Cebolla ubicado en el barrio Alta Suiza, y contin\u00faa durante la semana en distintas sedes, con una programaci\u00f3n que tambi\u00e9n incluye aliados como el Banco de la Rep\u00fablica, el Centro Colombo Americano, y otros museos e instituciones.<\/p>\n<p style=\"text-align: justify;\"><strong>Anexo: <\/strong><\/p>\n<p style=\"text-align: justify;\"><a href=\"https:\/\/www.ucaldas.edu.co\/portal\/wp-content\/uploads\/2025\/05\/Laura-Valeria-Buritica-directora-del-Centro-de-Museos-de-la-U-Caldas.mp3\"><strong>-Audio Directora del Centro de Museos de la Universidad de Caldas, Laura Valeria Buritic\u00e1<\/strong><\/a><\/p>\n<audio class=\"wp-audio-shortcode\" id=\"audio-87694-1\" preload=\"none\" style=\"width: 100%;\" controls=\"controls\"><source type=\"audio\/mpeg\" src=\"https:\/\/www.ucaldas.edu.co\/portal\/wp-content\/uploads\/2025\/05\/Laura-Valeria-Buritica-directora-del-Centro-de-Museos-de-la-U-Caldas.mp3?_=1\" \/><a href=\"https:\/\/www.ucaldas.edu.co\/portal\/wp-content\/uploads\/2025\/05\/Laura-Valeria-Buritica-directora-del-Centro-de-Museos-de-la-U-Caldas.mp3\">https:\/\/www.ucaldas.edu.co\/portal\/wp-content\/uploads\/2025\/05\/Laura-Valeria-Buritica-directora-del-Centro-de-Museos-de-la-U-Caldas.mp3<\/a><\/audio>\n<p style=\"text-align: justify;\"><a href=\"https:\/\/www.ucaldas.edu.co\/portal\/wp-content\/uploads\/2025\/05\/Alerjandra-Murcia-Museos.mp3\"><strong>-Audio Directora de Artes Pl\u00e1sticas, Alejandra Murcia<\/strong><\/a><\/p>\n<audio class=\"wp-audio-shortcode\" id=\"audio-87694-2\" preload=\"none\" style=\"width: 100%;\" controls=\"controls\"><source type=\"audio\/mpeg\" src=\"https:\/\/www.ucaldas.edu.co\/portal\/wp-content\/uploads\/2025\/05\/Alerjandra-Murcia-Museos.mp3?_=2\" \/><a href=\"https:\/\/www.ucaldas.edu.co\/portal\/wp-content\/uploads\/2025\/05\/Alerjandra-Murcia-Museos.mp3\">https:\/\/www.ucaldas.edu.co\/portal\/wp-content\/uploads\/2025\/05\/Alerjandra-Murcia-Museos.mp3<\/a><\/audio>\n","protected":false},"excerpt":{"rendered":"<p>Del 18 al 22 de mayo, Manizales celebra la V Semana de los Museos y Espacios Expositivos, una programaci\u00f3n conjunta entre universidades, instituciones culturales, museos y colectivos. En esta edici\u00f3n, la Universidad de Caldas participa con una agenda propia que fortalece la oferta cultural y educativa del evento.<\/p>\n","protected":false},"author":2,"featured_media":87657,"comment_status":"closed","ping_status":"open","sticky":false,"template":"","format":"standard","meta":{"footnotes":""},"categories":[48,53,664],"tags":[7171],"class_list":["post-87694","post","type-post","status-publish","format-standard","has-post-thumbnail","hentry","category-actualidad","category-universidad-al-dia","category-ucaldas-cultural","tag-exposicion-museos"],"yoast_head":"<!-- This site is optimized with the Yoast SEO plugin v27.4 - https:\/\/yoast.com\/product\/yoast-seo-wordpress\/ -->\n<title>La Universidad de Caldas participa de la V Semana de los Museos y Espacios Expositivos de Manizales .<\/title>\n<meta name=\"robots\" content=\"index, follow, max-snippet:-1, max-image-preview:large, max-video-preview:-1\" \/>\n<link rel=\"canonical\" href=\"https:\/\/www.ucaldas.edu.co\/portal\/la-universidad-de-caldas-participa-de-la-v-semana-de-los-museos-y-espacios-expositivos-de-manizales\/\" \/>\n<script type=\"application\/ld+json\" class=\"yoast-schema-graph\">{\"@context\":\"https:\\\/\\\/schema.org\",\"@graph\":[{\"@type\":\"Article\",\"@id\":\"https:\\\/\\\/www.ucaldas.edu.co\\\/portal\\\/la-universidad-de-caldas-participa-de-la-v-semana-de-los-museos-y-espacios-expositivos-de-manizales\\\/#article\",\"isPartOf\":{\"@id\":\"https:\\\/\\\/www.ucaldas.edu.co\\\/portal\\\/la-universidad-de-caldas-participa-de-la-v-semana-de-los-museos-y-espacios-expositivos-de-manizales\\\/\"},\"author\":{\"name\":\"ofiprensa\",\"@id\":\"https:\\\/\\\/www.ucaldas.edu.co\\\/portal\\\/#\\\/schema\\\/person\\\/a1b482e23449158b4bc319926c074fdf\"},\"headline\":\"La Universidad de Caldas participa de la V Semana de los Museos y Espacios Expositivos de Manizales\",\"datePublished\":\"2025-05-15T20:20:00+00:00\",\"mainEntityOfPage\":{\"@id\":\"https:\\\/\\\/www.ucaldas.edu.co\\\/portal\\\/la-universidad-de-caldas-participa-de-la-v-semana-de-los-museos-y-espacios-expositivos-de-manizales\\\/\"},\"wordCount\":458,\"publisher\":{\"@id\":\"https:\\\/\\\/www.ucaldas.edu.co\\\/portal\\\/#organization\"},\"image\":{\"@id\":\"https:\\\/\\\/www.ucaldas.edu.co\\\/portal\\\/la-universidad-de-caldas-participa-de-la-v-semana-de-los-museos-y-espacios-expositivos-de-manizales\\\/#primaryimage\"},\"thumbnailUrl\":\"https:\\\/\\\/www.ucaldas.edu.co\\\/portal\\\/wp-content\\\/uploads\\\/2025\\\/05\\\/1d74e276-1b34-4899-8586-2c68c52c71c2-e1747336854994.jpg\",\"keywords\":[\"exposici\u00f3n museos\"],\"articleSection\":[\"Actualidad\",\"Universidad al D\u00eda\",\"UCaldas Cultural\"],\"inLanguage\":\"es\"},{\"@type\":\"WebPage\",\"@id\":\"https:\\\/\\\/www.ucaldas.edu.co\\\/portal\\\/la-universidad-de-caldas-participa-de-la-v-semana-de-los-museos-y-espacios-expositivos-de-manizales\\\/\",\"url\":\"https:\\\/\\\/www.ucaldas.edu.co\\\/portal\\\/la-universidad-de-caldas-participa-de-la-v-semana-de-los-museos-y-espacios-expositivos-de-manizales\\\/\",\"name\":\"La Universidad de Caldas participa de la V Semana de los Museos y Espacios Expositivos de Manizales .\",\"isPartOf\":{\"@id\":\"https:\\\/\\\/www.ucaldas.edu.co\\\/portal\\\/#website\"},\"primaryImageOfPage\":{\"@id\":\"https:\\\/\\\/www.ucaldas.edu.co\\\/portal\\\/la-universidad-de-caldas-participa-de-la-v-semana-de-los-museos-y-espacios-expositivos-de-manizales\\\/#primaryimage\"},\"image\":{\"@id\":\"https:\\\/\\\/www.ucaldas.edu.co\\\/portal\\\/la-universidad-de-caldas-participa-de-la-v-semana-de-los-museos-y-espacios-expositivos-de-manizales\\\/#primaryimage\"},\"thumbnailUrl\":\"https:\\\/\\\/www.ucaldas.edu.co\\\/portal\\\/wp-content\\\/uploads\\\/2025\\\/05\\\/1d74e276-1b34-4899-8586-2c68c52c71c2-e1747336854994.jpg\",\"datePublished\":\"2025-05-15T20:20:00+00:00\",\"breadcrumb\":{\"@id\":\"https:\\\/\\\/www.ucaldas.edu.co\\\/portal\\\/la-universidad-de-caldas-participa-de-la-v-semana-de-los-museos-y-espacios-expositivos-de-manizales\\\/#breadcrumb\"},\"inLanguage\":\"es\",\"potentialAction\":[{\"@type\":\"ReadAction\",\"target\":[\"https:\\\/\\\/www.ucaldas.edu.co\\\/portal\\\/la-universidad-de-caldas-participa-de-la-v-semana-de-los-museos-y-espacios-expositivos-de-manizales\\\/\"]}]},{\"@type\":\"ImageObject\",\"inLanguage\":\"es\",\"@id\":\"https:\\\/\\\/www.ucaldas.edu.co\\\/portal\\\/la-universidad-de-caldas-participa-de-la-v-semana-de-los-museos-y-espacios-expositivos-de-manizales\\\/#primaryimage\",\"url\":\"https:\\\/\\\/www.ucaldas.edu.co\\\/portal\\\/wp-content\\\/uploads\\\/2025\\\/05\\\/1d74e276-1b34-4899-8586-2c68c52c71c2-e1747336854994.jpg\",\"contentUrl\":\"https:\\\/\\\/www.ucaldas.edu.co\\\/portal\\\/wp-content\\\/uploads\\\/2025\\\/05\\\/1d74e276-1b34-4899-8586-2c68c52c71c2-e1747336854994.jpg\",\"width\":900,\"height\":1129,\"caption\":\"Semana de museos\"},{\"@type\":\"BreadcrumbList\",\"@id\":\"https:\\\/\\\/www.ucaldas.edu.co\\\/portal\\\/la-universidad-de-caldas-participa-de-la-v-semana-de-los-museos-y-espacios-expositivos-de-manizales\\\/#breadcrumb\",\"itemListElement\":[{\"@type\":\"ListItem\",\"position\":1,\"name\":\"Portada\",\"item\":\"https:\\\/\\\/www.ucaldas.edu.co\\\/portal\\\/\"},{\"@type\":\"ListItem\",\"position\":2,\"name\":\"La Universidad de Caldas participa de la V Semana de los Museos y Espacios Expositivos de Manizales\"}]},{\"@type\":\"WebSite\",\"@id\":\"https:\\\/\\\/www.ucaldas.edu.co\\\/portal\\\/#website\",\"url\":\"https:\\\/\\\/www.ucaldas.edu.co\\\/portal\\\/\",\"name\":\"Universidad de Caldas\",\"description\":\"\",\"publisher\":{\"@id\":\"https:\\\/\\\/www.ucaldas.edu.co\\\/portal\\\/#organization\"},\"alternateName\":\"U. de Caldas\",\"potentialAction\":[{\"@type\":\"SearchAction\",\"target\":{\"@type\":\"EntryPoint\",\"urlTemplate\":\"https:\\\/\\\/www.ucaldas.edu.co\\\/portal\\\/?s={search_term_string}\"},\"query-input\":{\"@type\":\"PropertyValueSpecification\",\"valueRequired\":true,\"valueName\":\"search_term_string\"}}],\"inLanguage\":\"es\"},{\"@type\":\"Organization\",\"@id\":\"https:\\\/\\\/www.ucaldas.edu.co\\\/portal\\\/#organization\",\"name\":\"Universidad de Caldas\",\"alternateName\":\"U. de Caldas\",\"url\":\"https:\\\/\\\/www.ucaldas.edu.co\\\/portal\\\/\",\"logo\":{\"@type\":\"ImageObject\",\"inLanguage\":\"es\",\"@id\":\"https:\\\/\\\/www.ucaldas.edu.co\\\/portal\\\/#\\\/schema\\\/logo\\\/image\\\/\",\"url\":\"https:\\\/\\\/www.ucaldas.edu.co\\\/portal\\\/wp-content\\\/uploads\\\/2023\\\/11\\\/Logo_horizontal_oscuroU-2023.png\",\"contentUrl\":\"https:\\\/\\\/www.ucaldas.edu.co\\\/portal\\\/wp-content\\\/uploads\\\/2023\\\/11\\\/Logo_horizontal_oscuroU-2023.png\",\"width\":263,\"height\":101,\"caption\":\"Universidad de Caldas\"},\"image\":{\"@id\":\"https:\\\/\\\/www.ucaldas.edu.co\\\/portal\\\/#\\\/schema\\\/logo\\\/image\\\/\"},\"sameAs\":[\"https:\\\/\\\/www.facebook.com\\\/udecaldas\",\"https:\\\/\\\/x.com\\\/udecaldas\",\"https:\\\/\\\/www.youtube.com\\\/universidadcaldas\",\"https:\\\/\\\/www.instagram.com\\\/udecaldas\\\/\"]},{\"@type\":\"Person\",\"@id\":\"https:\\\/\\\/www.ucaldas.edu.co\\\/portal\\\/#\\\/schema\\\/person\\\/a1b482e23449158b4bc319926c074fdf\",\"name\":\"ofiprensa\",\"image\":{\"@type\":\"ImageObject\",\"inLanguage\":\"es\",\"@id\":\"https:\\\/\\\/www.ucaldas.edu.co\\\/portal\\\/wp-content\\\/litespeed\\\/avatar\\\/09ea5085e600095a7a811142c6944527.jpg?ver=1776892805\",\"url\":\"https:\\\/\\\/www.ucaldas.edu.co\\\/portal\\\/wp-content\\\/litespeed\\\/avatar\\\/09ea5085e600095a7a811142c6944527.jpg?ver=1776892805\",\"contentUrl\":\"https:\\\/\\\/www.ucaldas.edu.co\\\/portal\\\/wp-content\\\/litespeed\\\/avatar\\\/09ea5085e600095a7a811142c6944527.jpg?ver=1776892805\",\"caption\":\"ofiprensa\"},\"url\":\"https:\\\/\\\/www.ucaldas.edu.co\\\/portal\\\/author\\\/ofiprensa\\\/\"}]}<\/script>\n<!-- \/ Yoast SEO plugin. -->","yoast_head_json":{"title":"La Universidad de Caldas participa de la V Semana de los Museos y Espacios Expositivos de Manizales .","robots":{"index":"index","follow":"follow","max-snippet":"max-snippet:-1","max-image-preview":"max-image-preview:large","max-video-preview":"max-video-preview:-1"},"canonical":"https:\/\/www.ucaldas.edu.co\/portal\/la-universidad-de-caldas-participa-de-la-v-semana-de-los-museos-y-espacios-expositivos-de-manizales\/","schema":{"@context":"https:\/\/schema.org","@graph":[{"@type":"Article","@id":"https:\/\/www.ucaldas.edu.co\/portal\/la-universidad-de-caldas-participa-de-la-v-semana-de-los-museos-y-espacios-expositivos-de-manizales\/#article","isPartOf":{"@id":"https:\/\/www.ucaldas.edu.co\/portal\/la-universidad-de-caldas-participa-de-la-v-semana-de-los-museos-y-espacios-expositivos-de-manizales\/"},"author":{"name":"ofiprensa","@id":"https:\/\/www.ucaldas.edu.co\/portal\/#\/schema\/person\/a1b482e23449158b4bc319926c074fdf"},"headline":"La Universidad de Caldas participa de la V Semana de los Museos y Espacios Expositivos de Manizales","datePublished":"2025-05-15T20:20:00+00:00","mainEntityOfPage":{"@id":"https:\/\/www.ucaldas.edu.co\/portal\/la-universidad-de-caldas-participa-de-la-v-semana-de-los-museos-y-espacios-expositivos-de-manizales\/"},"wordCount":458,"publisher":{"@id":"https:\/\/www.ucaldas.edu.co\/portal\/#organization"},"image":{"@id":"https:\/\/www.ucaldas.edu.co\/portal\/la-universidad-de-caldas-participa-de-la-v-semana-de-los-museos-y-espacios-expositivos-de-manizales\/#primaryimage"},"thumbnailUrl":"https:\/\/www.ucaldas.edu.co\/portal\/wp-content\/uploads\/2025\/05\/1d74e276-1b34-4899-8586-2c68c52c71c2-e1747336854994.jpg","keywords":["exposici\u00f3n museos"],"articleSection":["Actualidad","Universidad al D\u00eda","UCaldas Cultural"],"inLanguage":"es"},{"@type":"WebPage","@id":"https:\/\/www.ucaldas.edu.co\/portal\/la-universidad-de-caldas-participa-de-la-v-semana-de-los-museos-y-espacios-expositivos-de-manizales\/","url":"https:\/\/www.ucaldas.edu.co\/portal\/la-universidad-de-caldas-participa-de-la-v-semana-de-los-museos-y-espacios-expositivos-de-manizales\/","name":"La Universidad de Caldas participa de la V Semana de los Museos y Espacios Expositivos de Manizales .","isPartOf":{"@id":"https:\/\/www.ucaldas.edu.co\/portal\/#website"},"primaryImageOfPage":{"@id":"https:\/\/www.ucaldas.edu.co\/portal\/la-universidad-de-caldas-participa-de-la-v-semana-de-los-museos-y-espacios-expositivos-de-manizales\/#primaryimage"},"image":{"@id":"https:\/\/www.ucaldas.edu.co\/portal\/la-universidad-de-caldas-participa-de-la-v-semana-de-los-museos-y-espacios-expositivos-de-manizales\/#primaryimage"},"thumbnailUrl":"https:\/\/www.ucaldas.edu.co\/portal\/wp-content\/uploads\/2025\/05\/1d74e276-1b34-4899-8586-2c68c52c71c2-e1747336854994.jpg","datePublished":"2025-05-15T20:20:00+00:00","breadcrumb":{"@id":"https:\/\/www.ucaldas.edu.co\/portal\/la-universidad-de-caldas-participa-de-la-v-semana-de-los-museos-y-espacios-expositivos-de-manizales\/#breadcrumb"},"inLanguage":"es","potentialAction":[{"@type":"ReadAction","target":["https:\/\/www.ucaldas.edu.co\/portal\/la-universidad-de-caldas-participa-de-la-v-semana-de-los-museos-y-espacios-expositivos-de-manizales\/"]}]},{"@type":"ImageObject","inLanguage":"es","@id":"https:\/\/www.ucaldas.edu.co\/portal\/la-universidad-de-caldas-participa-de-la-v-semana-de-los-museos-y-espacios-expositivos-de-manizales\/#primaryimage","url":"https:\/\/www.ucaldas.edu.co\/portal\/wp-content\/uploads\/2025\/05\/1d74e276-1b34-4899-8586-2c68c52c71c2-e1747336854994.jpg","contentUrl":"https:\/\/www.ucaldas.edu.co\/portal\/wp-content\/uploads\/2025\/05\/1d74e276-1b34-4899-8586-2c68c52c71c2-e1747336854994.jpg","width":900,"height":1129,"caption":"Semana de museos"},{"@type":"BreadcrumbList","@id":"https:\/\/www.ucaldas.edu.co\/portal\/la-universidad-de-caldas-participa-de-la-v-semana-de-los-museos-y-espacios-expositivos-de-manizales\/#breadcrumb","itemListElement":[{"@type":"ListItem","position":1,"name":"Portada","item":"https:\/\/www.ucaldas.edu.co\/portal\/"},{"@type":"ListItem","position":2,"name":"La Universidad de Caldas participa de la V Semana de los Museos y Espacios Expositivos de Manizales"}]},{"@type":"WebSite","@id":"https:\/\/www.ucaldas.edu.co\/portal\/#website","url":"https:\/\/www.ucaldas.edu.co\/portal\/","name":"Universidad de Caldas","description":"","publisher":{"@id":"https:\/\/www.ucaldas.edu.co\/portal\/#organization"},"alternateName":"U. de Caldas","potentialAction":[{"@type":"SearchAction","target":{"@type":"EntryPoint","urlTemplate":"https:\/\/www.ucaldas.edu.co\/portal\/?s={search_term_string}"},"query-input":{"@type":"PropertyValueSpecification","valueRequired":true,"valueName":"search_term_string"}}],"inLanguage":"es"},{"@type":"Organization","@id":"https:\/\/www.ucaldas.edu.co\/portal\/#organization","name":"Universidad de Caldas","alternateName":"U. de Caldas","url":"https:\/\/www.ucaldas.edu.co\/portal\/","logo":{"@type":"ImageObject","inLanguage":"es","@id":"https:\/\/www.ucaldas.edu.co\/portal\/#\/schema\/logo\/image\/","url":"https:\/\/www.ucaldas.edu.co\/portal\/wp-content\/uploads\/2023\/11\/Logo_horizontal_oscuroU-2023.png","contentUrl":"https:\/\/www.ucaldas.edu.co\/portal\/wp-content\/uploads\/2023\/11\/Logo_horizontal_oscuroU-2023.png","width":263,"height":101,"caption":"Universidad de Caldas"},"image":{"@id":"https:\/\/www.ucaldas.edu.co\/portal\/#\/schema\/logo\/image\/"},"sameAs":["https:\/\/www.facebook.com\/udecaldas","https:\/\/x.com\/udecaldas","https:\/\/www.youtube.com\/universidadcaldas","https:\/\/www.instagram.com\/udecaldas\/"]},{"@type":"Person","@id":"https:\/\/www.ucaldas.edu.co\/portal\/#\/schema\/person\/a1b482e23449158b4bc319926c074fdf","name":"ofiprensa","image":{"@type":"ImageObject","inLanguage":"es","@id":"https:\/\/www.ucaldas.edu.co\/portal\/wp-content\/litespeed\/avatar\/09ea5085e600095a7a811142c6944527.jpg?ver=1776892805","url":"https:\/\/www.ucaldas.edu.co\/portal\/wp-content\/litespeed\/avatar\/09ea5085e600095a7a811142c6944527.jpg?ver=1776892805","contentUrl":"https:\/\/www.ucaldas.edu.co\/portal\/wp-content\/litespeed\/avatar\/09ea5085e600095a7a811142c6944527.jpg?ver=1776892805","caption":"ofiprensa"},"url":"https:\/\/www.ucaldas.edu.co\/portal\/author\/ofiprensa\/"}]}},"_links":{"self":[{"href":"https:\/\/www.ucaldas.edu.co\/portal\/wp-json\/wp\/v2\/posts\/87694","targetHints":{"allow":["GET"]}}],"collection":[{"href":"https:\/\/www.ucaldas.edu.co\/portal\/wp-json\/wp\/v2\/posts"}],"about":[{"href":"https:\/\/www.ucaldas.edu.co\/portal\/wp-json\/wp\/v2\/types\/post"}],"author":[{"embeddable":true,"href":"https:\/\/www.ucaldas.edu.co\/portal\/wp-json\/wp\/v2\/users\/2"}],"replies":[{"embeddable":true,"href":"https:\/\/www.ucaldas.edu.co\/portal\/wp-json\/wp\/v2\/comments?post=87694"}],"version-history":[{"count":0,"href":"https:\/\/www.ucaldas.edu.co\/portal\/wp-json\/wp\/v2\/posts\/87694\/revisions"}],"wp:featuredmedia":[{"embeddable":true,"href":"https:\/\/www.ucaldas.edu.co\/portal\/wp-json\/wp\/v2\/media\/87657"}],"wp:attachment":[{"href":"https:\/\/www.ucaldas.edu.co\/portal\/wp-json\/wp\/v2\/media?parent=87694"}],"wp:term":[{"taxonomy":"category","embeddable":true,"href":"https:\/\/www.ucaldas.edu.co\/portal\/wp-json\/wp\/v2\/categories?post=87694"},{"taxonomy":"post_tag","embeddable":true,"href":"https:\/\/www.ucaldas.edu.co\/portal\/wp-json\/wp\/v2\/tags?post=87694"}],"curies":[{"name":"wp","href":"https:\/\/api.w.org\/{rel}","templated":true}]}}