{"id":87364,"date":"2025-04-29T14:35:35","date_gmt":"2025-04-29T19:35:35","guid":{"rendered":"https:\/\/www.ucaldas.edu.co\/portal\/?p=87364"},"modified":"2025-07-24T09:48:56","modified_gmt":"2025-07-24T14:48:56","slug":"la-universidad-de-caldas-fortalece-la-educacion-en-las-regiones-con-entrega-de-60-equipos-de-computo-123-nuevos-graduados","status":"publish","type":"post","link":"https:\/\/www.ucaldas.edu.co\/portal\/la-universidad-de-caldas-fortalece-la-educacion-en-las-regiones-con-entrega-de-60-equipos-de-computo-123-nuevos-graduados\/","title":{"rendered":"La Universidad de Caldas fortalece la educaci\u00f3n en las regiones con la entrega de 60 equipos de c\u00f3mputo y 123 nuevos graduados"},"content":{"rendered":"<p><img loading=\"lazy\" decoding=\"async\" class=\"alignnone wp-image-87366\" src=\"https:\/\/www.ucaldas.edu.co\/portal\/wp-content\/uploads\/2025\/04\/IMG_3788-225x300.jpg\" alt=\"Entrega PC y grados La Dorada\" width=\"827\" height=\"1103\" \/><\/p>\n<p style=\"text-align: justify;\">En un importante avance para el acceso a la educaci\u00f3n superior en el Magdalena Centro, la Universidad de Caldas entreg\u00f3 60 computadores port\u00e1tiles como parte del fortalecimiento de la estrategia \u201cUniversidad de Caldas en tu pueblo\u201d. Los equipos fueron distribuidos en la sede La Paz y en las instituciones educativas Alfonso L\u00f3pez y Nuestra Se\u00f1ora del Carmen, beneficiando a cerca de 1.000 estudiantes de esta regi\u00f3n.<!--more--><\/p>\n<p style=\"text-align: justify;\">Esta entrega busca garantizar mejores condiciones tecnol\u00f3gicas para los procesos de formaci\u00f3n acad\u00e9mica y fortalecer la permanencia estudiantil en zonas apartadas, consolidando el compromiso de la universidad con la descentralizaci\u00f3n de la educaci\u00f3n superior, as\u00ed lo aseguraron los rectores de las instituciones y los estudiantes beneficiados.<\/p>\n<p style=\"text-align: justify;\">Junto a esta dotaci\u00f3n, se celebr\u00f3 otro hito significativo para el desarrollo regional, 123 j\u00f3venes de La Dorada recibieron su t\u00edtulo como t\u00e9cnicos profesionales, tecn\u00f3logos y profesionales en \u00e1reas como Proyectos Agropecuarios, Saneamiento Ambiental, Operaciones Log\u00edsticas, Administraci\u00f3n Financiera y Seguridad y Salud en el Trabajo.<\/p>\n<p style=\"text-align: justify;\">De estos nuevos graduados, 107 hacen parte de la primera cohorte de la estrategia \u201cUniversidad de Caldas en tu pueblo\u201d, una iniciativa que ha permitido llevar programas acad\u00e9micos de calidad a municipios del departamento, acercando la universidad a las comunidades y brindando oportunidades de formaci\u00f3n y desarrollo.<\/p>\n<p style=\"text-align: justify;\">Como parte de esta estrategia, actualmente se benefician 387 estudiantes en el municipio de La Dorada gracias a procesos de articulaci\u00f3n con las instituciones educativas Ren\u00e1n Barco Alfonso L\u00f3pez, Guarinocito y Nuestra Se\u00f1ora del Carmen donde est\u00e1n conformados 14 grupos de t\u00e9cnicos profesionales en \u00e1reas como Seguridad y Salud en el Trabajo, Procesamiento Agroindustrial, Instalaci\u00f3n de Sistemas de Energ\u00edas Renovables y Marketing Digital.<\/p>\n<p style=\"text-align: justify;\">\u201cEstamos comprometidos, este oriente ha pasado una \u00e9poca de violencia y hoy tiene una esperanza en la universidad sacando profesionales con muy buena formaci\u00f3n\u201d. As\u00ed lo destac\u00f3 el rector de la Universidad de Caldas Fabio Arias Orozco.<\/p>\n<p style=\"text-align: justify;\">Este doble logro representa un paso firme hacia el cierre de brechas educativas y el fortalecimiento del talento humano en las regiones.<\/p>\n<p style=\"text-align: justify;\"><strong>Anexo <\/strong><\/p>\n<p style=\"text-align: justify;\"><a href=\"https:\/\/www.ucaldas.edu.co\/portal\/wp-content\/uploads\/2025\/04\/Fabio-Hernando-Arias-Rector-Universidad-de-Caldas-1.mp3\"><strong>Audio Fabio Arias Orozco, rector de la Universidad de Caldas<\/strong><\/a><\/p>\n<audio class=\"wp-audio-shortcode\" id=\"audio-87364-1\" preload=\"none\" style=\"width: 100%;\" controls=\"controls\"><source type=\"audio\/mpeg\" src=\"https:\/\/www.ucaldas.edu.co\/portal\/wp-content\/uploads\/2025\/04\/Fabio-Hernando-Arias-Rector-Universidad-de-Caldas-1.mp3?_=1\" \/><a href=\"https:\/\/www.ucaldas.edu.co\/portal\/wp-content\/uploads\/2025\/04\/Fabio-Hernando-Arias-Rector-Universidad-de-Caldas-1.mp3\">https:\/\/www.ucaldas.edu.co\/portal\/wp-content\/uploads\/2025\/04\/Fabio-Hernando-Arias-Rector-Universidad-de-Caldas-1.mp3<\/a><\/audio>\n<p style=\"text-align: justify;\"><a href=\"https:\/\/www.ucaldas.edu.co\/portal\/wp-content\/uploads\/2025\/04\/Luis-Herney-Vargas-Barrera-Secretario-de-Educacioin-Departamental-de-Caldas-.mp3\"><strong>Luis Herney Vargas Barrera &#8211; secretario de Educaci\u00f3n de Caldas<\/strong><\/a><\/p>\n<audio class=\"wp-audio-shortcode\" id=\"audio-87364-2\" preload=\"none\" style=\"width: 100%;\" controls=\"controls\"><source type=\"audio\/mpeg\" src=\"https:\/\/www.ucaldas.edu.co\/portal\/wp-content\/uploads\/2025\/04\/Luis-Herney-Vargas-Barrera-Secretario-de-Educacioin-Departamental-de-Caldas-.mp3?_=2\" \/><a href=\"https:\/\/www.ucaldas.edu.co\/portal\/wp-content\/uploads\/2025\/04\/Luis-Herney-Vargas-Barrera-Secretario-de-Educacioin-Departamental-de-Caldas-.mp3\">https:\/\/www.ucaldas.edu.co\/portal\/wp-content\/uploads\/2025\/04\/Luis-Herney-Vargas-Barrera-Secretario-de-Educacioin-Departamental-de-Caldas-.mp3<\/a><\/audio>\n<p style=\"text-align: justify;\"><a href=\"https:\/\/www.ucaldas.edu.co\/portal\/wp-content\/uploads\/2025\/04\/Ismael-Peerez-Suaerez-Rector-institucioen-educativa-Renan-Barco-La-Dorada.mp3\"><strong>Ismael P\u00e9rez Su\u00e1rez &#8211; rector IE Renan Barco La Dorada<\/strong><\/a><\/p>\n<audio class=\"wp-audio-shortcode\" id=\"audio-87364-3\" preload=\"none\" style=\"width: 100%;\" controls=\"controls\"><source type=\"audio\/mpeg\" src=\"https:\/\/www.ucaldas.edu.co\/portal\/wp-content\/uploads\/2025\/04\/Ismael-Peerez-Suaerez-Rector-institucioen-educativa-Renan-Barco-La-Dorada.mp3?_=3\" \/><a href=\"https:\/\/www.ucaldas.edu.co\/portal\/wp-content\/uploads\/2025\/04\/Ismael-Peerez-Suaerez-Rector-institucioen-educativa-Renan-Barco-La-Dorada.mp3\">https:\/\/www.ucaldas.edu.co\/portal\/wp-content\/uploads\/2025\/04\/Ismael-Peerez-Suaerez-Rector-institucioen-educativa-Renan-Barco-La-Dorada.mp3<\/a><\/audio>\n<p style=\"text-align: justify;\"><a href=\"https:\/\/www.ucaldas.edu.co\/portal\/wp-content\/uploads\/2025\/04\/Yanneth-Rociio-Plata-Chico-Rectora-de-la-I.-E.-Nuestra-SenTHora-del-Carmen.mp3\"><strong>Yanneth Roc\u00edo Plata Chico, rectora IE Nuestra Se\u00f1ora del Carmen<\/strong><\/a><\/p>\n<audio class=\"wp-audio-shortcode\" id=\"audio-87364-4\" preload=\"none\" style=\"width: 100%;\" controls=\"controls\"><source type=\"audio\/mpeg\" src=\"https:\/\/www.ucaldas.edu.co\/portal\/wp-content\/uploads\/2025\/04\/Yanneth-Rociio-Plata-Chico-Rectora-de-la-I.-E.-Nuestra-SenTHora-del-Carmen.mp3?_=4\" \/><a href=\"https:\/\/www.ucaldas.edu.co\/portal\/wp-content\/uploads\/2025\/04\/Yanneth-Rociio-Plata-Chico-Rectora-de-la-I.-E.-Nuestra-SenTHora-del-Carmen.mp3\">https:\/\/www.ucaldas.edu.co\/portal\/wp-content\/uploads\/2025\/04\/Yanneth-Rociio-Plata-Chico-Rectora-de-la-I.-E.-Nuestra-SenTHora-del-Carmen.mp3<\/a><\/audio>\n<p style=\"text-align: justify;\"><strong>Jhon Alexis Rivera Vega &#8211; estudiante t\u00e9cnico profesional en Energ\u00edas Renovables<\/strong><\/p>\n<audio class=\"wp-audio-shortcode\" id=\"audio-87364-5\" preload=\"none\" style=\"width: 100%;\" controls=\"controls\"><source type=\"audio\/mpeg\" src=\"https:\/\/www.ucaldas.edu.co\/portal\/wp-content\/uploads\/2025\/04\/Jhon-Alexis-Rivera-Vega-Estudiante-teicnico-en-energiias-renovables-Universidad-de-Caldas.mp3?_=5\" \/><a href=\"https:\/\/www.ucaldas.edu.co\/portal\/wp-content\/uploads\/2025\/04\/Jhon-Alexis-Rivera-Vega-Estudiante-teicnico-en-energiias-renovables-Universidad-de-Caldas.mp3\">https:\/\/www.ucaldas.edu.co\/portal\/wp-content\/uploads\/2025\/04\/Jhon-Alexis-Rivera-Vega-Estudiante-teicnico-en-energiias-renovables-Universidad-de-Caldas.mp3<\/a><\/audio>\n<p style=\"text-align: justify;\"><a href=\"https:\/\/www.ucaldas.edu.co\/portal\/wp-content\/uploads\/2025\/04\/Laura-Estefaniia-Herrera-Goimez-Graduando-Teicnico-profesional-operaciones-de-la-cadena-logiistica.mp3\"><strong>Laura Estefan\u00eda Herrera G\u00f3mez &#8211; graduando, t\u00e9cnico profesional Operaciones de la Cadena Log\u00edstica<\/strong><\/a><\/p>\n<audio class=\"wp-audio-shortcode\" id=\"audio-87364-6\" preload=\"none\" style=\"width: 100%;\" controls=\"controls\"><source type=\"audio\/mpeg\" src=\"https:\/\/www.ucaldas.edu.co\/portal\/wp-content\/uploads\/2025\/04\/Laura-Estefaniia-Herrera-Goimez-Graduando-Teicnico-profesional-operaciones-de-la-cadena-logiistica.mp3?_=6\" \/><a href=\"https:\/\/www.ucaldas.edu.co\/portal\/wp-content\/uploads\/2025\/04\/Laura-Estefaniia-Herrera-Goimez-Graduando-Teicnico-profesional-operaciones-de-la-cadena-logiistica.mp3\">https:\/\/www.ucaldas.edu.co\/portal\/wp-content\/uploads\/2025\/04\/Laura-Estefaniia-Herrera-Goimez-Graduando-Teicnico-profesional-operaciones-de-la-cadena-logiistica.mp3<\/a><\/audio>\n<p style=\"text-align: justify;\"><a href=\"https:\/\/www.ucaldas.edu.co\/portal\/wp-content\/uploads\/2025\/04\/Yonadis-Parejo-Negrete-Madre-de-familia-.mp3\"><strong>Yonadis Parejo Negrete &#8211; Madre de familia<\/strong><\/a><\/p>\n<audio class=\"wp-audio-shortcode\" id=\"audio-87364-7\" preload=\"none\" style=\"width: 100%;\" controls=\"controls\"><source type=\"audio\/mpeg\" src=\"https:\/\/www.ucaldas.edu.co\/portal\/wp-content\/uploads\/2025\/04\/Yonadis-Parejo-Negrete-Madre-de-familia-.mp3?_=7\" \/><a href=\"https:\/\/www.ucaldas.edu.co\/portal\/wp-content\/uploads\/2025\/04\/Yonadis-Parejo-Negrete-Madre-de-familia-.mp3\">https:\/\/www.ucaldas.edu.co\/portal\/wp-content\/uploads\/2025\/04\/Yonadis-Parejo-Negrete-Madre-de-familia-.mp3<\/a><\/audio>\n","protected":false},"excerpt":{"rendered":"<p>En un importante avance para el acceso a la educaci\u00f3n superior en el Magdalena Centro, la Universidad de Caldas entreg\u00f3 60 computadores port\u00e1tiles como parte del fortalecimiento de la estrategia \u201cUniversidad de Caldas en tu pueblo\u201d. Los equipos fueron distribuidos en la sede La Paz y en las instituciones educativas Alfonso L\u00f3pez y Nuestra Se\u00f1ora [&hellip;]<\/p>\n","protected":false},"author":2,"featured_media":87366,"comment_status":"closed","ping_status":"open","sticky":false,"template":"","format":"standard","meta":{"footnotes":"","_members_access_role":[],"_members_access_error":""},"categories":[48,53,600,9870],"tags":[486,9724],"class_list":["post-87364","post","type-post","status-publish","format-standard","has-post-thumbnail","hentry","category-actualidad","category-universidad-al-dia","category-ucaldas-regional","category-u-caldas-en-tu-pueblo","tag-la-dorada","tag-universidad-en-tu-pueblo"],"yoast_head":"<!-- This site is optimized with the Yoast SEO plugin v28.4 - https:\/\/yoast.com\/product\/yoast-seo-wordpress\/ -->\n<title>La Universidad de Caldas fortalece la educaci\u00f3n en las regiones con la entrega de 60 equipos de c\u00f3mputo y 123 nuevos graduados .<\/title>\n<meta name=\"robots\" content=\"index, follow, max-snippet:-1, max-image-preview:large, max-video-preview:-1\" \/>\n<link rel=\"canonical\" href=\"https:\/\/www.ucaldas.edu.co\/portal\/la-universidad-de-caldas-fortalece-la-educacion-en-las-regiones-con-entrega-de-60-equipos-de-computo-123-nuevos-graduados\/\" \/>\n<script type=\"application\/ld+json\" class=\"yoast-schema-graph\">{\"@context\":\"https:\\\/\\\/schema.org\",\"@graph\":[{\"@type\":\"Article\",\"@id\":\"https:\\\/\\\/www.ucaldas.edu.co\\\/portal\\\/la-universidad-de-caldas-fortalece-la-educacion-en-las-regiones-con-entrega-de-60-equipos-de-computo-123-nuevos-graduados\\\/#article\",\"isPartOf\":{\"@id\":\"https:\\\/\\\/www.ucaldas.edu.co\\\/portal\\\/la-universidad-de-caldas-fortalece-la-educacion-en-las-regiones-con-entrega-de-60-equipos-de-computo-123-nuevos-graduados\\\/\"},\"author\":{\"name\":\"ofiprensa\",\"@id\":\"https:\\\/\\\/www.ucaldas.edu.co\\\/portal\\\/#\\\/schema\\\/person\\\/a1b482e23449158b4bc319926c074fdf\"},\"headline\":\"La Universidad de Caldas fortalece la educaci\u00f3n en las regiones con la entrega de 60 equipos de c\u00f3mputo y 123 nuevos graduados\",\"datePublished\":\"2025-04-29T19:35:35+00:00\",\"dateModified\":\"2025-07-24T14:48:56+00:00\",\"mainEntityOfPage\":{\"@id\":\"https:\\\/\\\/www.ucaldas.edu.co\\\/portal\\\/la-universidad-de-caldas-fortalece-la-educacion-en-las-regiones-con-entrega-de-60-equipos-de-computo-123-nuevos-graduados\\\/\"},\"wordCount\":546,\"publisher\":{\"@id\":\"https:\\\/\\\/www.ucaldas.edu.co\\\/portal\\\/#organization\"},\"image\":{\"@id\":\"https:\\\/\\\/www.ucaldas.edu.co\\\/portal\\\/la-universidad-de-caldas-fortalece-la-educacion-en-las-regiones-con-entrega-de-60-equipos-de-computo-123-nuevos-graduados\\\/#primaryimage\"},\"thumbnailUrl\":\"https:\\\/\\\/www.ucaldas.edu.co\\\/portal\\\/wp-content\\\/uploads\\\/2025\\\/04\\\/IMG_3788-scaled-e1745954942579.jpg\",\"keywords\":[\"La Dorada\",\"universidad en tu pueblo\"],\"articleSection\":[\"Actualidad\",\"Universidad al D\u00eda\",\"UCaldas Regional\",\"U Caldas en tu Pueblo\"],\"inLanguage\":\"es\"},{\"@type\":\"WebPage\",\"@id\":\"https:\\\/\\\/www.ucaldas.edu.co\\\/portal\\\/la-universidad-de-caldas-fortalece-la-educacion-en-las-regiones-con-entrega-de-60-equipos-de-computo-123-nuevos-graduados\\\/\",\"url\":\"https:\\\/\\\/www.ucaldas.edu.co\\\/portal\\\/la-universidad-de-caldas-fortalece-la-educacion-en-las-regiones-con-entrega-de-60-equipos-de-computo-123-nuevos-graduados\\\/\",\"name\":\"La Universidad de Caldas fortalece la educaci\u00f3n en las regiones con la entrega de 60 equipos de c\u00f3mputo y 123 nuevos graduados .\",\"isPartOf\":{\"@id\":\"https:\\\/\\\/www.ucaldas.edu.co\\\/portal\\\/#website\"},\"primaryImageOfPage\":{\"@id\":\"https:\\\/\\\/www.ucaldas.edu.co\\\/portal\\\/la-universidad-de-caldas-fortalece-la-educacion-en-las-regiones-con-entrega-de-60-equipos-de-computo-123-nuevos-graduados\\\/#primaryimage\"},\"image\":{\"@id\":\"https:\\\/\\\/www.ucaldas.edu.co\\\/portal\\\/la-universidad-de-caldas-fortalece-la-educacion-en-las-regiones-con-entrega-de-60-equipos-de-computo-123-nuevos-graduados\\\/#primaryimage\"},\"thumbnailUrl\":\"https:\\\/\\\/www.ucaldas.edu.co\\\/portal\\\/wp-content\\\/uploads\\\/2025\\\/04\\\/IMG_3788-scaled-e1745954942579.jpg\",\"datePublished\":\"2025-04-29T19:35:35+00:00\",\"dateModified\":\"2025-07-24T14:48:56+00:00\",\"breadcrumb\":{\"@id\":\"https:\\\/\\\/www.ucaldas.edu.co\\\/portal\\\/la-universidad-de-caldas-fortalece-la-educacion-en-las-regiones-con-entrega-de-60-equipos-de-computo-123-nuevos-graduados\\\/#breadcrumb\"},\"inLanguage\":\"es\",\"potentialAction\":[{\"@type\":\"ReadAction\",\"target\":[\"https:\\\/\\\/www.ucaldas.edu.co\\\/portal\\\/la-universidad-de-caldas-fortalece-la-educacion-en-las-regiones-con-entrega-de-60-equipos-de-computo-123-nuevos-graduados\\\/\"]}]},{\"@type\":\"ImageObject\",\"inLanguage\":\"es\",\"@id\":\"https:\\\/\\\/www.ucaldas.edu.co\\\/portal\\\/la-universidad-de-caldas-fortalece-la-educacion-en-las-regiones-con-entrega-de-60-equipos-de-computo-123-nuevos-graduados\\\/#primaryimage\",\"url\":\"https:\\\/\\\/www.ucaldas.edu.co\\\/portal\\\/wp-content\\\/uploads\\\/2025\\\/04\\\/IMG_3788-scaled-e1745954942579.jpg\",\"contentUrl\":\"https:\\\/\\\/www.ucaldas.edu.co\\\/portal\\\/wp-content\\\/uploads\\\/2025\\\/04\\\/IMG_3788-scaled-e1745954942579.jpg\",\"width\":900,\"height\":1200,\"caption\":\"Entrega PC y grados La Dorada\"},{\"@type\":\"BreadcrumbList\",\"@id\":\"https:\\\/\\\/www.ucaldas.edu.co\\\/portal\\\/la-universidad-de-caldas-fortalece-la-educacion-en-las-regiones-con-entrega-de-60-equipos-de-computo-123-nuevos-graduados\\\/#breadcrumb\",\"itemListElement\":[{\"@type\":\"ListItem\",\"position\":1,\"name\":\"Portada\",\"item\":\"https:\\\/\\\/www.ucaldas.edu.co\\\/portal\\\/\"},{\"@type\":\"ListItem\",\"position\":2,\"name\":\"La Universidad de Caldas fortalece la educaci\u00f3n en las regiones con la entrega de 60 equipos de c\u00f3mputo y 123 nuevos graduados\"}]},{\"@type\":\"WebSite\",\"@id\":\"https:\\\/\\\/www.ucaldas.edu.co\\\/portal\\\/#website\",\"url\":\"https:\\\/\\\/www.ucaldas.edu.co\\\/portal\\\/\",\"name\":\"Universidad de Caldas\",\"description\":\"\",\"publisher\":{\"@id\":\"https:\\\/\\\/www.ucaldas.edu.co\\\/portal\\\/#organization\"},\"alternateName\":\"U. de Caldas\",\"potentialAction\":[{\"@type\":\"SearchAction\",\"target\":{\"@type\":\"EntryPoint\",\"urlTemplate\":\"https:\\\/\\\/www.ucaldas.edu.co\\\/portal\\\/?s={search_term_string}\"},\"query-input\":{\"@type\":\"PropertyValueSpecification\",\"valueRequired\":true,\"valueName\":\"search_term_string\"}}],\"inLanguage\":\"es\"},{\"@type\":\"Organization\",\"@id\":\"https:\\\/\\\/www.ucaldas.edu.co\\\/portal\\\/#organization\",\"name\":\"Universidad de Caldas\",\"alternateName\":\"U. de Caldas\",\"url\":\"https:\\\/\\\/www.ucaldas.edu.co\\\/portal\\\/\",\"logo\":{\"@type\":\"ImageObject\",\"inLanguage\":\"es\",\"@id\":\"https:\\\/\\\/www.ucaldas.edu.co\\\/portal\\\/#\\\/schema\\\/logo\\\/image\\\/\",\"url\":\"https:\\\/\\\/www.ucaldas.edu.co\\\/portal\\\/wp-content\\\/uploads\\\/2023\\\/11\\\/Logo_horizontal_oscuroU-2023.png\",\"contentUrl\":\"https:\\\/\\\/www.ucaldas.edu.co\\\/portal\\\/wp-content\\\/uploads\\\/2023\\\/11\\\/Logo_horizontal_oscuroU-2023.png\",\"width\":263,\"height\":101,\"caption\":\"Universidad de Caldas\"},\"image\":{\"@id\":\"https:\\\/\\\/www.ucaldas.edu.co\\\/portal\\\/#\\\/schema\\\/logo\\\/image\\\/\"},\"sameAs\":[\"https:\\\/\\\/www.facebook.com\\\/udecaldas\",\"https:\\\/\\\/x.com\\\/udecaldas\",\"https:\\\/\\\/www.youtube.com\\\/universidadcaldas\",\"https:\\\/\\\/www.instagram.com\\\/udecaldas\\\/\"]},{\"@type\":\"Person\",\"@id\":\"https:\\\/\\\/www.ucaldas.edu.co\\\/portal\\\/#\\\/schema\\\/person\\\/a1b482e23449158b4bc319926c074fdf\",\"name\":\"ofiprensa\",\"image\":{\"@type\":\"ImageObject\",\"inLanguage\":\"es\",\"@id\":\"https:\\\/\\\/www.ucaldas.edu.co\\\/portal\\\/wp-content\\\/litespeed\\\/avatar\\\/09ea5085e600095a7a811142c6944527.jpg?ver=1788384175\",\"url\":\"https:\\\/\\\/www.ucaldas.edu.co\\\/portal\\\/wp-content\\\/litespeed\\\/avatar\\\/09ea5085e600095a7a811142c6944527.jpg?ver=1788384175\",\"contentUrl\":\"https:\\\/\\\/www.ucaldas.edu.co\\\/portal\\\/wp-content\\\/litespeed\\\/avatar\\\/09ea5085e600095a7a811142c6944527.jpg?ver=1788384175\",\"caption\":\"ofiprensa\"},\"url\":\"https:\\\/\\\/www.ucaldas.edu.co\\\/portal\\\/author\\\/ofiprensa\\\/\"}]}<\/script>\n<!-- \/ Yoast SEO plugin. -->","yoast_head_json":{"title":"La Universidad de Caldas fortalece la educaci\u00f3n en las regiones con la entrega de 60 equipos de c\u00f3mputo y 123 nuevos graduados .","robots":{"index":"index","follow":"follow","max-snippet":"max-snippet:-1","max-image-preview":"max-image-preview:large","max-video-preview":"max-video-preview:-1"},"canonical":"https:\/\/www.ucaldas.edu.co\/portal\/la-universidad-de-caldas-fortalece-la-educacion-en-las-regiones-con-entrega-de-60-equipos-de-computo-123-nuevos-graduados\/","schema":{"@context":"https:\/\/schema.org","@graph":[{"@type":"Article","@id":"https:\/\/www.ucaldas.edu.co\/portal\/la-universidad-de-caldas-fortalece-la-educacion-en-las-regiones-con-entrega-de-60-equipos-de-computo-123-nuevos-graduados\/#article","isPartOf":{"@id":"https:\/\/www.ucaldas.edu.co\/portal\/la-universidad-de-caldas-fortalece-la-educacion-en-las-regiones-con-entrega-de-60-equipos-de-computo-123-nuevos-graduados\/"},"author":{"name":"ofiprensa","@id":"https:\/\/www.ucaldas.edu.co\/portal\/#\/schema\/person\/a1b482e23449158b4bc319926c074fdf"},"headline":"La Universidad de Caldas fortalece la educaci\u00f3n en las regiones con la entrega de 60 equipos de c\u00f3mputo y 123 nuevos graduados","datePublished":"2025-04-29T19:35:35+00:00","dateModified":"2025-07-24T14:48:56+00:00","mainEntityOfPage":{"@id":"https:\/\/www.ucaldas.edu.co\/portal\/la-universidad-de-caldas-fortalece-la-educacion-en-las-regiones-con-entrega-de-60-equipos-de-computo-123-nuevos-graduados\/"},"wordCount":546,"publisher":{"@id":"https:\/\/www.ucaldas.edu.co\/portal\/#organization"},"image":{"@id":"https:\/\/www.ucaldas.edu.co\/portal\/la-universidad-de-caldas-fortalece-la-educacion-en-las-regiones-con-entrega-de-60-equipos-de-computo-123-nuevos-graduados\/#primaryimage"},"thumbnailUrl":"https:\/\/www.ucaldas.edu.co\/portal\/wp-content\/uploads\/2025\/04\/IMG_3788-scaled-e1745954942579.jpg","keywords":["La Dorada","universidad en tu pueblo"],"articleSection":["Actualidad","Universidad al D\u00eda","UCaldas Regional","U Caldas en tu Pueblo"],"inLanguage":"es"},{"@type":"WebPage","@id":"https:\/\/www.ucaldas.edu.co\/portal\/la-universidad-de-caldas-fortalece-la-educacion-en-las-regiones-con-entrega-de-60-equipos-de-computo-123-nuevos-graduados\/","url":"https:\/\/www.ucaldas.edu.co\/portal\/la-universidad-de-caldas-fortalece-la-educacion-en-las-regiones-con-entrega-de-60-equipos-de-computo-123-nuevos-graduados\/","name":"La Universidad de Caldas fortalece la educaci\u00f3n en las regiones con la entrega de 60 equipos de c\u00f3mputo y 123 nuevos graduados .","isPartOf":{"@id":"https:\/\/www.ucaldas.edu.co\/portal\/#website"},"primaryImageOfPage":{"@id":"https:\/\/www.ucaldas.edu.co\/portal\/la-universidad-de-caldas-fortalece-la-educacion-en-las-regiones-con-entrega-de-60-equipos-de-computo-123-nuevos-graduados\/#primaryimage"},"image":{"@id":"https:\/\/www.ucaldas.edu.co\/portal\/la-universidad-de-caldas-fortalece-la-educacion-en-las-regiones-con-entrega-de-60-equipos-de-computo-123-nuevos-graduados\/#primaryimage"},"thumbnailUrl":"https:\/\/www.ucaldas.edu.co\/portal\/wp-content\/uploads\/2025\/04\/IMG_3788-scaled-e1745954942579.jpg","datePublished":"2025-04-29T19:35:35+00:00","dateModified":"2025-07-24T14:48:56+00:00","breadcrumb":{"@id":"https:\/\/www.ucaldas.edu.co\/portal\/la-universidad-de-caldas-fortalece-la-educacion-en-las-regiones-con-entrega-de-60-equipos-de-computo-123-nuevos-graduados\/#breadcrumb"},"inLanguage":"es","potentialAction":[{"@type":"ReadAction","target":["https:\/\/www.ucaldas.edu.co\/portal\/la-universidad-de-caldas-fortalece-la-educacion-en-las-regiones-con-entrega-de-60-equipos-de-computo-123-nuevos-graduados\/"]}]},{"@type":"ImageObject","inLanguage":"es","@id":"https:\/\/www.ucaldas.edu.co\/portal\/la-universidad-de-caldas-fortalece-la-educacion-en-las-regiones-con-entrega-de-60-equipos-de-computo-123-nuevos-graduados\/#primaryimage","url":"https:\/\/www.ucaldas.edu.co\/portal\/wp-content\/uploads\/2025\/04\/IMG_3788-scaled-e1745954942579.jpg","contentUrl":"https:\/\/www.ucaldas.edu.co\/portal\/wp-content\/uploads\/2025\/04\/IMG_3788-scaled-e1745954942579.jpg","width":900,"height":1200,"caption":"Entrega PC y grados La Dorada"},{"@type":"BreadcrumbList","@id":"https:\/\/www.ucaldas.edu.co\/portal\/la-universidad-de-caldas-fortalece-la-educacion-en-las-regiones-con-entrega-de-60-equipos-de-computo-123-nuevos-graduados\/#breadcrumb","itemListElement":[{"@type":"ListItem","position":1,"name":"Portada","item":"https:\/\/www.ucaldas.edu.co\/portal\/"},{"@type":"ListItem","position":2,"name":"La Universidad de Caldas fortalece la educaci\u00f3n en las regiones con la entrega de 60 equipos de c\u00f3mputo y 123 nuevos graduados"}]},{"@type":"WebSite","@id":"https:\/\/www.ucaldas.edu.co\/portal\/#website","url":"https:\/\/www.ucaldas.edu.co\/portal\/","name":"Universidad de Caldas","description":"","publisher":{"@id":"https:\/\/www.ucaldas.edu.co\/portal\/#organization"},"alternateName":"U. de Caldas","potentialAction":[{"@type":"SearchAction","target":{"@type":"EntryPoint","urlTemplate":"https:\/\/www.ucaldas.edu.co\/portal\/?s={search_term_string}"},"query-input":{"@type":"PropertyValueSpecification","valueRequired":true,"valueName":"search_term_string"}}],"inLanguage":"es"},{"@type":"Organization","@id":"https:\/\/www.ucaldas.edu.co\/portal\/#organization","name":"Universidad de Caldas","alternateName":"U. de Caldas","url":"https:\/\/www.ucaldas.edu.co\/portal\/","logo":{"@type":"ImageObject","inLanguage":"es","@id":"https:\/\/www.ucaldas.edu.co\/portal\/#\/schema\/logo\/image\/","url":"https:\/\/www.ucaldas.edu.co\/portal\/wp-content\/uploads\/2023\/11\/Logo_horizontal_oscuroU-2023.png","contentUrl":"https:\/\/www.ucaldas.edu.co\/portal\/wp-content\/uploads\/2023\/11\/Logo_horizontal_oscuroU-2023.png","width":263,"height":101,"caption":"Universidad de Caldas"},"image":{"@id":"https:\/\/www.ucaldas.edu.co\/portal\/#\/schema\/logo\/image\/"},"sameAs":["https:\/\/www.facebook.com\/udecaldas","https:\/\/x.com\/udecaldas","https:\/\/www.youtube.com\/universidadcaldas","https:\/\/www.instagram.com\/udecaldas\/"]},{"@type":"Person","@id":"https:\/\/www.ucaldas.edu.co\/portal\/#\/schema\/person\/a1b482e23449158b4bc319926c074fdf","name":"ofiprensa","image":{"@type":"ImageObject","inLanguage":"es","@id":"https:\/\/www.ucaldas.edu.co\/portal\/wp-content\/litespeed\/avatar\/09ea5085e600095a7a811142c6944527.jpg?ver=1788384175","url":"https:\/\/www.ucaldas.edu.co\/portal\/wp-content\/litespeed\/avatar\/09ea5085e600095a7a811142c6944527.jpg?ver=1788384175","contentUrl":"https:\/\/www.ucaldas.edu.co\/portal\/wp-content\/litespeed\/avatar\/09ea5085e600095a7a811142c6944527.jpg?ver=1788384175","caption":"ofiprensa"},"url":"https:\/\/www.ucaldas.edu.co\/portal\/author\/ofiprensa\/"}]}},"_links":{"self":[{"href":"https:\/\/www.ucaldas.edu.co\/portal\/wp-json\/wp\/v2\/posts\/87364","targetHints":{"allow":["GET"]}}],"collection":[{"href":"https:\/\/www.ucaldas.edu.co\/portal\/wp-json\/wp\/v2\/posts"}],"about":[{"href":"https:\/\/www.ucaldas.edu.co\/portal\/wp-json\/wp\/v2\/types\/post"}],"author":[{"embeddable":true,"href":"https:\/\/www.ucaldas.edu.co\/portal\/wp-json\/wp\/v2\/users\/2"}],"replies":[{"embeddable":true,"href":"https:\/\/www.ucaldas.edu.co\/portal\/wp-json\/wp\/v2\/comments?post=87364"}],"version-history":[{"count":0,"href":"https:\/\/www.ucaldas.edu.co\/portal\/wp-json\/wp\/v2\/posts\/87364\/revisions"}],"wp:featuredmedia":[{"embeddable":true,"href":"https:\/\/www.ucaldas.edu.co\/portal\/wp-json\/wp\/v2\/media\/87366"}],"wp:attachment":[{"href":"https:\/\/www.ucaldas.edu.co\/portal\/wp-json\/wp\/v2\/media?parent=87364"}],"wp:term":[{"taxonomy":"category","embeddable":true,"href":"https:\/\/www.ucaldas.edu.co\/portal\/wp-json\/wp\/v2\/categories?post=87364"},{"taxonomy":"post_tag","embeddable":true,"href":"https:\/\/www.ucaldas.edu.co\/portal\/wp-json\/wp\/v2\/tags?post=87364"}],"curies":[{"name":"wp","href":"https:\/\/api.w.org\/{rel}","templated":true}]}}