{"id":87290,"date":"2025-04-24T16:13:25","date_gmt":"2025-04-24T21:13:25","guid":{"rendered":"https:\/\/www.ucaldas.edu.co\/portal\/?p=87290"},"modified":"2025-04-24T16:13:25","modified_gmt":"2025-04-24T21:13:25","slug":"la-orquesta-sinfonica-de-caldas-y-la-big-band-de-la-universidad-de-caldas-se-unen-para-realizar-el-tercer-concierto-de-la-temporada-2025-jazz-sinfonico","status":"publish","type":"post","link":"https:\/\/www.ucaldas.edu.co\/portal\/la-orquesta-sinfonica-de-caldas-y-la-big-band-de-la-universidad-de-caldas-se-unen-para-realizar-el-tercer-concierto-de-la-temporada-2025-jazz-sinfonico\/","title":{"rendered":"La Orquesta Sinf\u00f3nica de Caldas y la Big Band de la Universidad de Caldas se unen para realizar el Tercer Concierto de la temporada 2025: Jazz Sinf\u00f3nico"},"content":{"rendered":"<p><img loading=\"lazy\" decoding=\"async\" class=\"alignnone  wp-image-87291\" src=\"https:\/\/www.ucaldas.edu.co\/portal\/wp-content\/uploads\/2025\/04\/Jazz-Sinfonico1-240x300.jpg\" alt=\"Concierto Jazz Sinf\u00f3nico\" width=\"830\" height=\"1038\" \/><\/p>\n<p style=\"text-align: justify;\">Abril es reconocido a nivel mundial como el Mes de la Apreciaci\u00f3n del Jazz, y para celebrarlo, Manizales vivir\u00e1 un gran cierre musical con un concierto de Jazz Sinf\u00f3nico que promete cautivar a los amantes del g\u00e9nero. Este evento especial unir\u00e1 el talento de la Orquesta Sinf\u00f3nica y la reconocida Big Band de la Universidad de Caldas, en una experiencia sonora \u00fanica que fusiona la elegancia de la m\u00fasica cl\u00e1sica con la libertad y la improvisaci\u00f3n del jazz.<!--more--><\/p>\n<p style=\"text-align: justify;\">El concierto se llevar\u00e1 a cabo este viernes 25 de abril a las 7:00 p.m. en el \u00d3culo del Centro Cultural Universitario Rogelio Salmona, uno de los escenarios culturales m\u00e1s importantes de la ciudad. La entrada ser\u00e1 libre, lo que permitir\u00e1 el acceso a toda la comunidad para disfrutar de esta noche llena de ritmo, armon\u00eda y celebraci\u00f3n musical.<\/p>\n<p style=\"text-align: justify;\">Como invitado especial estar\u00e1 Deyvis Betancourth, quien asumir\u00e1 la direcci\u00f3n de la Orquesta Sinf\u00f3nica para esta presentaci\u00f3n, aportando su experiencia y sensibilidad art\u00edstica al repertorio. A su lado, Javier Esteban Mu\u00f1oz dirigir\u00e1 la Big Band, agrupaci\u00f3n que ha sido clave en la formaci\u00f3n y proyecci\u00f3n del jazz en el \u00e1mbito universitario y regional.<\/p>\n<p style=\"text-align: justify;\">\u201cEste es un concierto muy especial, es el Tercer Concierto de Temporada de la Orquesta Sinf\u00f3nica de Caldas que se vincula con el mes de la Apreciaci\u00f3n del Jazz. Realizaremos un recorrido hist\u00f3rico sobre todo el desarrollo que ha tenido el jazz de la transici\u00f3n de lo popular del Jazz hacia una est\u00e9tica m\u00e1s sinf\u00f3nica con un compositor muy importante como lo es George Gershwin\u201d Afirm\u00f3 el director invitado Deyvis Betancourth<\/p>\n<p style=\"text-align: justify;\">Esta fusi\u00f3n no solo rinde homenaje al jazz como patrimonio cultural de la humanidad, sino que tambi\u00e9n fortalece los lazos entre la academia y la comunidad art\u00edstica de la regi\u00f3n, promoviendo espacios de encuentro y disfrute para todo tipo de p\u00fablicos.<\/p>\n<p style=\"text-align: justify;\">La Universidad de Caldas extiende la invitaci\u00f3n a estudiantes, docentes, mel\u00f3manos y p\u00fablico en general para que se sumen a esta celebraci\u00f3n y vivan una noche inolvidable donde el jazz ser\u00e1 el protagonista de una gran fiesta musical.<\/p>\n<p style=\"text-align: justify;\"><strong>Anexo:<\/strong><\/p>\n<p style=\"text-align: justify;\"><a href=\"https:\/\/www.ucaldas.edu.co\/portal\/wp-content\/uploads\/2025\/04\/Davis-Betancur-Pulido-Director-Orquesta-sinfo\u0301nica-de-Caldas.mp3\"><strong>Audio Director Invitado, Deyvis Betancourth<\/strong><\/a><\/p>\n<audio class=\"wp-audio-shortcode\" id=\"audio-87290-1\" preload=\"none\" style=\"width: 100%;\" controls=\"controls\"><source type=\"audio\/mpeg\" src=\"https:\/\/www.ucaldas.edu.co\/portal\/wp-content\/uploads\/2025\/04\/Davis-Betancur-Pulido-Director-Orquesta-sinfo\u0301nica-de-Caldas.mp3?_=1\" \/><a href=\"https:\/\/www.ucaldas.edu.co\/portal\/wp-content\/uploads\/2025\/04\/Davis-Betancur-Pulido-Director-Orquesta-sinfo\u0301nica-de-Caldas.mp3\">https:\/\/www.ucaldas.edu.co\/portal\/wp-content\/uploads\/2025\/04\/Davis-Betancur-Pulido-Director-Orquesta-sinfo\u0301nica-de-Caldas.mp3<\/a><\/audio>\n<p style=\"text-align: justify;\"><a href=\"https:\/\/www.ucaldas.edu.co\/portal\/wp-content\/uploads\/2025\/04\/Javier-Esteban-Mun\u0303oz-Enri\u0301quez.-\u2013-Director-Big-Band.mp3\"><strong>Audio Director Big Band, Javier Esteban Mu\u00f1oz<\/strong><\/a><\/p>\n<audio class=\"wp-audio-shortcode\" id=\"audio-87290-2\" preload=\"none\" style=\"width: 100%;\" controls=\"controls\"><source type=\"audio\/mpeg\" src=\"https:\/\/www.ucaldas.edu.co\/portal\/wp-content\/uploads\/2025\/04\/Javier-Esteban-Mun\u0303oz-Enri\u0301quez.-\u2013-Director-Big-Band.mp3?_=2\" \/><a href=\"https:\/\/www.ucaldas.edu.co\/portal\/wp-content\/uploads\/2025\/04\/Javier-Esteban-Mun\u0303oz-Enri\u0301quez.-\u2013-Director-Big-Band.mp3\">https:\/\/www.ucaldas.edu.co\/portal\/wp-content\/uploads\/2025\/04\/Javier-Esteban-Mun\u0303oz-Enri\u0301quez.-\u2013-Director-Big-Band.mp3<\/a><\/audio>\n","protected":false},"excerpt":{"rendered":"<p>Abril es reconocido a nivel mundial como el Mes de la Apreciaci\u00f3n del Jazz, y para celebrarlo, Manizales vivir\u00e1 un gran cierre musical con un concierto de Jazz Sinf\u00f3nico que promete cautivar a los amantes del g\u00e9nero. Este evento especial unir\u00e1 el talento de la Orquesta Sinf\u00f3nica y la reconocida Big Band de la Universidad [&hellip;]<\/p>\n","protected":false},"author":2,"featured_media":87291,"comment_status":"closed","ping_status":"open","sticky":false,"template":"","format":"standard","meta":{"footnotes":""},"categories":[48,53,664],"tags":[489,7649],"class_list":["post-87290","post","type-post","status-publish","format-standard","has-post-thumbnail","hentry","category-actualidad","category-universidad-al-dia","category-ucaldas-cultural","tag-orquesta-sinfonica-de-caldas","tag-big-band-u-caldas"],"yoast_head":"<!-- This site is optimized with the Yoast SEO plugin v27.5 - https:\/\/yoast.com\/product\/yoast-seo-wordpress\/ -->\n<title>La Orquesta Sinf\u00f3nica de Caldas y la Big Band de la Universidad de Caldas se unen para realizar el Tercer Concierto de la temporada 2025: Jazz Sinf\u00f3nico .<\/title>\n<meta name=\"robots\" content=\"index, follow, max-snippet:-1, max-image-preview:large, max-video-preview:-1\" \/>\n<link rel=\"canonical\" href=\"https:\/\/www.ucaldas.edu.co\/portal\/la-orquesta-sinfonica-de-caldas-y-la-big-band-de-la-universidad-de-caldas-se-unen-para-realizar-el-tercer-concierto-de-la-temporada-2025-jazz-sinfonico\/\" \/>\n<script type=\"application\/ld+json\" class=\"yoast-schema-graph\">{\"@context\":\"https:\\\/\\\/schema.org\",\"@graph\":[{\"@type\":\"Article\",\"@id\":\"https:\\\/\\\/www.ucaldas.edu.co\\\/portal\\\/la-orquesta-sinfonica-de-caldas-y-la-big-band-de-la-universidad-de-caldas-se-unen-para-realizar-el-tercer-concierto-de-la-temporada-2025-jazz-sinfonico\\\/#article\",\"isPartOf\":{\"@id\":\"https:\\\/\\\/www.ucaldas.edu.co\\\/portal\\\/la-orquesta-sinfonica-de-caldas-y-la-big-band-de-la-universidad-de-caldas-se-unen-para-realizar-el-tercer-concierto-de-la-temporada-2025-jazz-sinfonico\\\/\"},\"author\":{\"name\":\"ofiprensa\",\"@id\":\"https:\\\/\\\/www.ucaldas.edu.co\\\/portal\\\/#\\\/schema\\\/person\\\/a1b482e23449158b4bc319926c074fdf\"},\"headline\":\"La Orquesta Sinf\u00f3nica de Caldas y la Big Band de la Universidad de Caldas se unen para realizar el Tercer Concierto de la temporada 2025: Jazz Sinf\u00f3nico\",\"datePublished\":\"2025-04-24T21:13:25+00:00\",\"mainEntityOfPage\":{\"@id\":\"https:\\\/\\\/www.ucaldas.edu.co\\\/portal\\\/la-orquesta-sinfonica-de-caldas-y-la-big-band-de-la-universidad-de-caldas-se-unen-para-realizar-el-tercer-concierto-de-la-temporada-2025-jazz-sinfonico\\\/\"},\"wordCount\":446,\"publisher\":{\"@id\":\"https:\\\/\\\/www.ucaldas.edu.co\\\/portal\\\/#organization\"},\"image\":{\"@id\":\"https:\\\/\\\/www.ucaldas.edu.co\\\/portal\\\/la-orquesta-sinfonica-de-caldas-y-la-big-band-de-la-universidad-de-caldas-se-unen-para-realizar-el-tercer-concierto-de-la-temporada-2025-jazz-sinfonico\\\/#primaryimage\"},\"thumbnailUrl\":\"https:\\\/\\\/www.ucaldas.edu.co\\\/portal\\\/wp-content\\\/uploads\\\/2025\\\/04\\\/Jazz-Sinfonico1-e1745529010556.jpg\",\"keywords\":[\"Orquesta Sinf\u00f3nica de Caldas\",\"big band u caldas\"],\"articleSection\":[\"Actualidad\",\"Universidad al D\u00eda\",\"UCaldas Cultural\"],\"inLanguage\":\"es\"},{\"@type\":\"WebPage\",\"@id\":\"https:\\\/\\\/www.ucaldas.edu.co\\\/portal\\\/la-orquesta-sinfonica-de-caldas-y-la-big-band-de-la-universidad-de-caldas-se-unen-para-realizar-el-tercer-concierto-de-la-temporada-2025-jazz-sinfonico\\\/\",\"url\":\"https:\\\/\\\/www.ucaldas.edu.co\\\/portal\\\/la-orquesta-sinfonica-de-caldas-y-la-big-band-de-la-universidad-de-caldas-se-unen-para-realizar-el-tercer-concierto-de-la-temporada-2025-jazz-sinfonico\\\/\",\"name\":\"La Orquesta Sinf\u00f3nica de Caldas y la Big Band de la Universidad de Caldas se unen para realizar el Tercer Concierto de la temporada 2025: Jazz Sinf\u00f3nico .\",\"isPartOf\":{\"@id\":\"https:\\\/\\\/www.ucaldas.edu.co\\\/portal\\\/#website\"},\"primaryImageOfPage\":{\"@id\":\"https:\\\/\\\/www.ucaldas.edu.co\\\/portal\\\/la-orquesta-sinfonica-de-caldas-y-la-big-band-de-la-universidad-de-caldas-se-unen-para-realizar-el-tercer-concierto-de-la-temporada-2025-jazz-sinfonico\\\/#primaryimage\"},\"image\":{\"@id\":\"https:\\\/\\\/www.ucaldas.edu.co\\\/portal\\\/la-orquesta-sinfonica-de-caldas-y-la-big-band-de-la-universidad-de-caldas-se-unen-para-realizar-el-tercer-concierto-de-la-temporada-2025-jazz-sinfonico\\\/#primaryimage\"},\"thumbnailUrl\":\"https:\\\/\\\/www.ucaldas.edu.co\\\/portal\\\/wp-content\\\/uploads\\\/2025\\\/04\\\/Jazz-Sinfonico1-e1745529010556.jpg\",\"datePublished\":\"2025-04-24T21:13:25+00:00\",\"breadcrumb\":{\"@id\":\"https:\\\/\\\/www.ucaldas.edu.co\\\/portal\\\/la-orquesta-sinfonica-de-caldas-y-la-big-band-de-la-universidad-de-caldas-se-unen-para-realizar-el-tercer-concierto-de-la-temporada-2025-jazz-sinfonico\\\/#breadcrumb\"},\"inLanguage\":\"es\",\"potentialAction\":[{\"@type\":\"ReadAction\",\"target\":[\"https:\\\/\\\/www.ucaldas.edu.co\\\/portal\\\/la-orquesta-sinfonica-de-caldas-y-la-big-band-de-la-universidad-de-caldas-se-unen-para-realizar-el-tercer-concierto-de-la-temporada-2025-jazz-sinfonico\\\/\"]}]},{\"@type\":\"ImageObject\",\"inLanguage\":\"es\",\"@id\":\"https:\\\/\\\/www.ucaldas.edu.co\\\/portal\\\/la-orquesta-sinfonica-de-caldas-y-la-big-band-de-la-universidad-de-caldas-se-unen-para-realizar-el-tercer-concierto-de-la-temporada-2025-jazz-sinfonico\\\/#primaryimage\",\"url\":\"https:\\\/\\\/www.ucaldas.edu.co\\\/portal\\\/wp-content\\\/uploads\\\/2025\\\/04\\\/Jazz-Sinfonico1-e1745529010556.jpg\",\"contentUrl\":\"https:\\\/\\\/www.ucaldas.edu.co\\\/portal\\\/wp-content\\\/uploads\\\/2025\\\/04\\\/Jazz-Sinfonico1-e1745529010556.jpg\",\"width\":900,\"height\":1125,\"caption\":\"Concierto Jazz Sinf\u00f3nico\"},{\"@type\":\"BreadcrumbList\",\"@id\":\"https:\\\/\\\/www.ucaldas.edu.co\\\/portal\\\/la-orquesta-sinfonica-de-caldas-y-la-big-band-de-la-universidad-de-caldas-se-unen-para-realizar-el-tercer-concierto-de-la-temporada-2025-jazz-sinfonico\\\/#breadcrumb\",\"itemListElement\":[{\"@type\":\"ListItem\",\"position\":1,\"name\":\"Portada\",\"item\":\"https:\\\/\\\/www.ucaldas.edu.co\\\/portal\\\/\"},{\"@type\":\"ListItem\",\"position\":2,\"name\":\"La Orquesta Sinf\u00f3nica de Caldas y la Big Band de la Universidad de Caldas se unen para realizar el Tercer Concierto de la temporada 2025: Jazz Sinf\u00f3nico\"}]},{\"@type\":\"WebSite\",\"@id\":\"https:\\\/\\\/www.ucaldas.edu.co\\\/portal\\\/#website\",\"url\":\"https:\\\/\\\/www.ucaldas.edu.co\\\/portal\\\/\",\"name\":\"Universidad de Caldas\",\"description\":\"\",\"publisher\":{\"@id\":\"https:\\\/\\\/www.ucaldas.edu.co\\\/portal\\\/#organization\"},\"alternateName\":\"U. de Caldas\",\"potentialAction\":[{\"@type\":\"SearchAction\",\"target\":{\"@type\":\"EntryPoint\",\"urlTemplate\":\"https:\\\/\\\/www.ucaldas.edu.co\\\/portal\\\/?s={search_term_string}\"},\"query-input\":{\"@type\":\"PropertyValueSpecification\",\"valueRequired\":true,\"valueName\":\"search_term_string\"}}],\"inLanguage\":\"es\"},{\"@type\":\"Organization\",\"@id\":\"https:\\\/\\\/www.ucaldas.edu.co\\\/portal\\\/#organization\",\"name\":\"Universidad de Caldas\",\"alternateName\":\"U. de Caldas\",\"url\":\"https:\\\/\\\/www.ucaldas.edu.co\\\/portal\\\/\",\"logo\":{\"@type\":\"ImageObject\",\"inLanguage\":\"es\",\"@id\":\"https:\\\/\\\/www.ucaldas.edu.co\\\/portal\\\/#\\\/schema\\\/logo\\\/image\\\/\",\"url\":\"https:\\\/\\\/www.ucaldas.edu.co\\\/portal\\\/wp-content\\\/uploads\\\/2023\\\/11\\\/Logo_horizontal_oscuroU-2023.png\",\"contentUrl\":\"https:\\\/\\\/www.ucaldas.edu.co\\\/portal\\\/wp-content\\\/uploads\\\/2023\\\/11\\\/Logo_horizontal_oscuroU-2023.png\",\"width\":263,\"height\":101,\"caption\":\"Universidad de Caldas\"},\"image\":{\"@id\":\"https:\\\/\\\/www.ucaldas.edu.co\\\/portal\\\/#\\\/schema\\\/logo\\\/image\\\/\"},\"sameAs\":[\"https:\\\/\\\/www.facebook.com\\\/udecaldas\",\"https:\\\/\\\/x.com\\\/udecaldas\",\"https:\\\/\\\/www.youtube.com\\\/universidadcaldas\",\"https:\\\/\\\/www.instagram.com\\\/udecaldas\\\/\"]},{\"@type\":\"Person\",\"@id\":\"https:\\\/\\\/www.ucaldas.edu.co\\\/portal\\\/#\\\/schema\\\/person\\\/a1b482e23449158b4bc319926c074fdf\",\"name\":\"ofiprensa\",\"image\":{\"@type\":\"ImageObject\",\"inLanguage\":\"es\",\"@id\":\"https:\\\/\\\/www.ucaldas.edu.co\\\/portal\\\/wp-content\\\/litespeed\\\/avatar\\\/09ea5085e600095a7a811142c6944527.jpg?ver=1777497608\",\"url\":\"https:\\\/\\\/www.ucaldas.edu.co\\\/portal\\\/wp-content\\\/litespeed\\\/avatar\\\/09ea5085e600095a7a811142c6944527.jpg?ver=1777497608\",\"contentUrl\":\"https:\\\/\\\/www.ucaldas.edu.co\\\/portal\\\/wp-content\\\/litespeed\\\/avatar\\\/09ea5085e600095a7a811142c6944527.jpg?ver=1777497608\",\"caption\":\"ofiprensa\"},\"url\":\"https:\\\/\\\/www.ucaldas.edu.co\\\/portal\\\/author\\\/ofiprensa\\\/\"}]}<\/script>\n<!-- \/ Yoast SEO plugin. -->","yoast_head_json":{"title":"La Orquesta Sinf\u00f3nica de Caldas y la Big Band de la Universidad de Caldas se unen para realizar el Tercer Concierto de la temporada 2025: Jazz Sinf\u00f3nico .","robots":{"index":"index","follow":"follow","max-snippet":"max-snippet:-1","max-image-preview":"max-image-preview:large","max-video-preview":"max-video-preview:-1"},"canonical":"https:\/\/www.ucaldas.edu.co\/portal\/la-orquesta-sinfonica-de-caldas-y-la-big-band-de-la-universidad-de-caldas-se-unen-para-realizar-el-tercer-concierto-de-la-temporada-2025-jazz-sinfonico\/","schema":{"@context":"https:\/\/schema.org","@graph":[{"@type":"Article","@id":"https:\/\/www.ucaldas.edu.co\/portal\/la-orquesta-sinfonica-de-caldas-y-la-big-band-de-la-universidad-de-caldas-se-unen-para-realizar-el-tercer-concierto-de-la-temporada-2025-jazz-sinfonico\/#article","isPartOf":{"@id":"https:\/\/www.ucaldas.edu.co\/portal\/la-orquesta-sinfonica-de-caldas-y-la-big-band-de-la-universidad-de-caldas-se-unen-para-realizar-el-tercer-concierto-de-la-temporada-2025-jazz-sinfonico\/"},"author":{"name":"ofiprensa","@id":"https:\/\/www.ucaldas.edu.co\/portal\/#\/schema\/person\/a1b482e23449158b4bc319926c074fdf"},"headline":"La Orquesta Sinf\u00f3nica de Caldas y la Big Band de la Universidad de Caldas se unen para realizar el Tercer Concierto de la temporada 2025: Jazz Sinf\u00f3nico","datePublished":"2025-04-24T21:13:25+00:00","mainEntityOfPage":{"@id":"https:\/\/www.ucaldas.edu.co\/portal\/la-orquesta-sinfonica-de-caldas-y-la-big-band-de-la-universidad-de-caldas-se-unen-para-realizar-el-tercer-concierto-de-la-temporada-2025-jazz-sinfonico\/"},"wordCount":446,"publisher":{"@id":"https:\/\/www.ucaldas.edu.co\/portal\/#organization"},"image":{"@id":"https:\/\/www.ucaldas.edu.co\/portal\/la-orquesta-sinfonica-de-caldas-y-la-big-band-de-la-universidad-de-caldas-se-unen-para-realizar-el-tercer-concierto-de-la-temporada-2025-jazz-sinfonico\/#primaryimage"},"thumbnailUrl":"https:\/\/www.ucaldas.edu.co\/portal\/wp-content\/uploads\/2025\/04\/Jazz-Sinfonico1-e1745529010556.jpg","keywords":["Orquesta Sinf\u00f3nica de Caldas","big band u caldas"],"articleSection":["Actualidad","Universidad al D\u00eda","UCaldas Cultural"],"inLanguage":"es"},{"@type":"WebPage","@id":"https:\/\/www.ucaldas.edu.co\/portal\/la-orquesta-sinfonica-de-caldas-y-la-big-band-de-la-universidad-de-caldas-se-unen-para-realizar-el-tercer-concierto-de-la-temporada-2025-jazz-sinfonico\/","url":"https:\/\/www.ucaldas.edu.co\/portal\/la-orquesta-sinfonica-de-caldas-y-la-big-band-de-la-universidad-de-caldas-se-unen-para-realizar-el-tercer-concierto-de-la-temporada-2025-jazz-sinfonico\/","name":"La Orquesta Sinf\u00f3nica de Caldas y la Big Band de la Universidad de Caldas se unen para realizar el Tercer Concierto de la temporada 2025: Jazz Sinf\u00f3nico .","isPartOf":{"@id":"https:\/\/www.ucaldas.edu.co\/portal\/#website"},"primaryImageOfPage":{"@id":"https:\/\/www.ucaldas.edu.co\/portal\/la-orquesta-sinfonica-de-caldas-y-la-big-band-de-la-universidad-de-caldas-se-unen-para-realizar-el-tercer-concierto-de-la-temporada-2025-jazz-sinfonico\/#primaryimage"},"image":{"@id":"https:\/\/www.ucaldas.edu.co\/portal\/la-orquesta-sinfonica-de-caldas-y-la-big-band-de-la-universidad-de-caldas-se-unen-para-realizar-el-tercer-concierto-de-la-temporada-2025-jazz-sinfonico\/#primaryimage"},"thumbnailUrl":"https:\/\/www.ucaldas.edu.co\/portal\/wp-content\/uploads\/2025\/04\/Jazz-Sinfonico1-e1745529010556.jpg","datePublished":"2025-04-24T21:13:25+00:00","breadcrumb":{"@id":"https:\/\/www.ucaldas.edu.co\/portal\/la-orquesta-sinfonica-de-caldas-y-la-big-band-de-la-universidad-de-caldas-se-unen-para-realizar-el-tercer-concierto-de-la-temporada-2025-jazz-sinfonico\/#breadcrumb"},"inLanguage":"es","potentialAction":[{"@type":"ReadAction","target":["https:\/\/www.ucaldas.edu.co\/portal\/la-orquesta-sinfonica-de-caldas-y-la-big-band-de-la-universidad-de-caldas-se-unen-para-realizar-el-tercer-concierto-de-la-temporada-2025-jazz-sinfonico\/"]}]},{"@type":"ImageObject","inLanguage":"es","@id":"https:\/\/www.ucaldas.edu.co\/portal\/la-orquesta-sinfonica-de-caldas-y-la-big-band-de-la-universidad-de-caldas-se-unen-para-realizar-el-tercer-concierto-de-la-temporada-2025-jazz-sinfonico\/#primaryimage","url":"https:\/\/www.ucaldas.edu.co\/portal\/wp-content\/uploads\/2025\/04\/Jazz-Sinfonico1-e1745529010556.jpg","contentUrl":"https:\/\/www.ucaldas.edu.co\/portal\/wp-content\/uploads\/2025\/04\/Jazz-Sinfonico1-e1745529010556.jpg","width":900,"height":1125,"caption":"Concierto Jazz Sinf\u00f3nico"},{"@type":"BreadcrumbList","@id":"https:\/\/www.ucaldas.edu.co\/portal\/la-orquesta-sinfonica-de-caldas-y-la-big-band-de-la-universidad-de-caldas-se-unen-para-realizar-el-tercer-concierto-de-la-temporada-2025-jazz-sinfonico\/#breadcrumb","itemListElement":[{"@type":"ListItem","position":1,"name":"Portada","item":"https:\/\/www.ucaldas.edu.co\/portal\/"},{"@type":"ListItem","position":2,"name":"La Orquesta Sinf\u00f3nica de Caldas y la Big Band de la Universidad de Caldas se unen para realizar el Tercer Concierto de la temporada 2025: Jazz Sinf\u00f3nico"}]},{"@type":"WebSite","@id":"https:\/\/www.ucaldas.edu.co\/portal\/#website","url":"https:\/\/www.ucaldas.edu.co\/portal\/","name":"Universidad de Caldas","description":"","publisher":{"@id":"https:\/\/www.ucaldas.edu.co\/portal\/#organization"},"alternateName":"U. de Caldas","potentialAction":[{"@type":"SearchAction","target":{"@type":"EntryPoint","urlTemplate":"https:\/\/www.ucaldas.edu.co\/portal\/?s={search_term_string}"},"query-input":{"@type":"PropertyValueSpecification","valueRequired":true,"valueName":"search_term_string"}}],"inLanguage":"es"},{"@type":"Organization","@id":"https:\/\/www.ucaldas.edu.co\/portal\/#organization","name":"Universidad de Caldas","alternateName":"U. de Caldas","url":"https:\/\/www.ucaldas.edu.co\/portal\/","logo":{"@type":"ImageObject","inLanguage":"es","@id":"https:\/\/www.ucaldas.edu.co\/portal\/#\/schema\/logo\/image\/","url":"https:\/\/www.ucaldas.edu.co\/portal\/wp-content\/uploads\/2023\/11\/Logo_horizontal_oscuroU-2023.png","contentUrl":"https:\/\/www.ucaldas.edu.co\/portal\/wp-content\/uploads\/2023\/11\/Logo_horizontal_oscuroU-2023.png","width":263,"height":101,"caption":"Universidad de Caldas"},"image":{"@id":"https:\/\/www.ucaldas.edu.co\/portal\/#\/schema\/logo\/image\/"},"sameAs":["https:\/\/www.facebook.com\/udecaldas","https:\/\/x.com\/udecaldas","https:\/\/www.youtube.com\/universidadcaldas","https:\/\/www.instagram.com\/udecaldas\/"]},{"@type":"Person","@id":"https:\/\/www.ucaldas.edu.co\/portal\/#\/schema\/person\/a1b482e23449158b4bc319926c074fdf","name":"ofiprensa","image":{"@type":"ImageObject","inLanguage":"es","@id":"https:\/\/www.ucaldas.edu.co\/portal\/wp-content\/litespeed\/avatar\/09ea5085e600095a7a811142c6944527.jpg?ver=1777497608","url":"https:\/\/www.ucaldas.edu.co\/portal\/wp-content\/litespeed\/avatar\/09ea5085e600095a7a811142c6944527.jpg?ver=1777497608","contentUrl":"https:\/\/www.ucaldas.edu.co\/portal\/wp-content\/litespeed\/avatar\/09ea5085e600095a7a811142c6944527.jpg?ver=1777497608","caption":"ofiprensa"},"url":"https:\/\/www.ucaldas.edu.co\/portal\/author\/ofiprensa\/"}]}},"_links":{"self":[{"href":"https:\/\/www.ucaldas.edu.co\/portal\/wp-json\/wp\/v2\/posts\/87290","targetHints":{"allow":["GET"]}}],"collection":[{"href":"https:\/\/www.ucaldas.edu.co\/portal\/wp-json\/wp\/v2\/posts"}],"about":[{"href":"https:\/\/www.ucaldas.edu.co\/portal\/wp-json\/wp\/v2\/types\/post"}],"author":[{"embeddable":true,"href":"https:\/\/www.ucaldas.edu.co\/portal\/wp-json\/wp\/v2\/users\/2"}],"replies":[{"embeddable":true,"href":"https:\/\/www.ucaldas.edu.co\/portal\/wp-json\/wp\/v2\/comments?post=87290"}],"version-history":[{"count":0,"href":"https:\/\/www.ucaldas.edu.co\/portal\/wp-json\/wp\/v2\/posts\/87290\/revisions"}],"wp:featuredmedia":[{"embeddable":true,"href":"https:\/\/www.ucaldas.edu.co\/portal\/wp-json\/wp\/v2\/media\/87291"}],"wp:attachment":[{"href":"https:\/\/www.ucaldas.edu.co\/portal\/wp-json\/wp\/v2\/media?parent=87290"}],"wp:term":[{"taxonomy":"category","embeddable":true,"href":"https:\/\/www.ucaldas.edu.co\/portal\/wp-json\/wp\/v2\/categories?post=87290"},{"taxonomy":"post_tag","embeddable":true,"href":"https:\/\/www.ucaldas.edu.co\/portal\/wp-json\/wp\/v2\/tags?post=87290"}],"curies":[{"name":"wp","href":"https:\/\/api.w.org\/{rel}","templated":true}]}}