{"id":8719,"date":"2011-05-17T15:48:20","date_gmt":"2011-05-17T20:48:20","guid":{"rendered":"https:\/\/www.ucaldas.edu.co\/portal\/?p=8719"},"modified":"2011-05-17T15:48:20","modified_gmt":"2011-05-17T20:48:20","slug":"u-de-caldas-lidero-celebracion-del-dia-mundial-contra-la-homofobia","status":"publish","type":"post","link":"https:\/\/www.ucaldas.edu.co\/portal\/u-de-caldas-lidero-celebracion-del-dia-mundial-contra-la-homofobia\/","title":{"rendered":"U. de Caldas lider\u00f3 celebraci\u00f3n del D\u00eda Mundial contra la Homofobia"},"content":{"rendered":"<p>En la instituci\u00f3n se realiz\u00f3 campa\u00f1a contra la homofobia, este martes 17 de mayo<\/p>\n<hr \/>\n<p align=\"center\">\n<p align=\"right\"><b>17\/05\/2011<\/b><\/p>\n<p>&nbsp;<\/p>\n<table border=\"0\">\n<tbody>\n<tr>\n<td>\u00a0<img loading=\"lazy\" decoding=\"async\" style=\"border: 0px\" alt=\"Homofobia\" src=\"http:\/\/www.ucaldas.edu.co\/images\/tmp\/Celebracion_Dia_Mundial_Homofobia.JPG\" width=\"240\" height=\"150\" border=\"0\" \/><\/td>\n<td>La <b>Oficina de Bienestar Universitario<\/b> y el <b>Departamento de Estudios de Familia<\/b> de la <b>Universidad de<\/b> <b>Caldas<\/b> se <b>unieron <\/b>a la <b>jornada mundial<\/b> promovida por las <b>Naciones Unidas<\/b> en la celebraci\u00f3n del <b>D\u00eda Mundial contra la Homofobia<\/b>, este <b>martes 17<\/b> de <b>mayo <\/b>del 2011.<\/p>\n<p>&nbsp;<\/p>\n<p>En todas las sedes de la Instituci\u00f3n se distribuyeron afiches y separadores de libros con informaci\u00f3n sobre la jornada.<\/td>\n<\/tr>\n<\/tbody>\n<\/table>\n<p>&nbsp;<\/p>\n<p>&nbsp;<\/p>\n<p>\u201cEsta es la primera vez que la U. de Caldas realiza un evento de estos, el cu\u00e1l se fortalecer\u00e1. Es un llamado a la reflexi\u00f3n para que las personas piensen sobre qu\u00e9 tan homof\u00f3bicos son y poder generar conductas de cambio, que no son f\u00e1ciles de lograr, pero llevar\u00e1n a una sociedad m\u00e1s respetuosa, incluyente y plural\u201d, coment\u00f3 Gabriel Gallego Montes, docente del Departamento Estudios de Familia de la Instituci\u00f3n.<\/p>\n<p>&nbsp;<\/p>\n<p>La homofobia es la aversi\u00f3n, rechazo o apat\u00eda hacia la poblaci\u00f3n LGBT (lesbianas, gays, bisexuales y transgener\u00edstas) y que tiene manifestaciones de chiste, burla, se\u00f1alamiento, violencia f\u00edsica y cr\u00edmenes de odio.<\/p>\n<p>&nbsp;<\/p>\n<p>\u201cLa academia debe abrir espacios de debate y reflexi\u00f3n, adem\u00e1s de contribuir con investigaciones que muestren: primero, en qu\u00e9 porcentajes y de qu\u00e9 dimensiones es la homofobia, y segundo, generar espacios de di\u00e1logo en t\u00e9rminos civilizados, para aceptar las diferencias y construir a una sociedad democr\u00e1tica\u201d, explic\u00f3 Gallego Montes.<\/p>\n<p>&nbsp;<\/p>\n<p><b>Informes: <\/b>en el Departamento Estudios de Familia. Tel\u00e9fono: 878 15 00, extensi\u00f3n 13 386.<\/p>\n","protected":false},"excerpt":{"rendered":"<p>En la instituci\u00f3n se realiz\u00f3 campa\u00f1a contra la homofobia, este martes 17 de mayo 17\/05\/2011 &nbsp; \u00a0 La Oficina de Bienestar Universitario y el Departamento de Estudios de Familia de la Universidad de Caldas se unieron a la jornada mundial promovida por las Naciones Unidas en la celebraci\u00f3n del D\u00eda Mundial contra la Homofobia, este [&hellip;]<\/p>\n","protected":false},"author":2,"featured_media":0,"comment_status":"closed","ping_status":"closed","sticky":false,"template":"","format":"standard","meta":{"footnotes":""},"categories":[48,53],"tags":[],"class_list":["post-8719","post","type-post","status-publish","format-standard","hentry","category-actualidad","category-universidad-al-dia"],"yoast_head":"<!-- This site is optimized with the Yoast SEO plugin v27.5 - https:\/\/yoast.com\/product\/yoast-seo-wordpress\/ -->\n<title>U. de Caldas lider\u00f3 celebraci\u00f3n del D\u00eda Mundial contra la Homofobia .<\/title>\n<meta name=\"robots\" content=\"index, follow, max-snippet:-1, max-image-preview:large, max-video-preview:-1\" \/>\n<link rel=\"canonical\" href=\"https:\/\/www.ucaldas.edu.co\/portal\/u-de-caldas-lidero-celebracion-del-dia-mundial-contra-la-homofobia\/\" \/>\n<script type=\"application\/ld+json\" class=\"yoast-schema-graph\">{\"@context\":\"https:\\\/\\\/schema.org\",\"@graph\":[{\"@type\":\"Article\",\"@id\":\"https:\\\/\\\/www.ucaldas.edu.co\\\/portal\\\/u-de-caldas-lidero-celebracion-del-dia-mundial-contra-la-homofobia\\\/#article\",\"isPartOf\":{\"@id\":\"https:\\\/\\\/www.ucaldas.edu.co\\\/portal\\\/u-de-caldas-lidero-celebracion-del-dia-mundial-contra-la-homofobia\\\/\"},\"author\":{\"name\":\"ofiprensa\",\"@id\":\"https:\\\/\\\/www.ucaldas.edu.co\\\/portal\\\/#\\\/schema\\\/person\\\/a1b482e23449158b4bc319926c074fdf\"},\"headline\":\"U. de Caldas lider\u00f3 celebraci\u00f3n del D\u00eda Mundial contra la Homofobia\",\"datePublished\":\"2011-05-17T20:48:20+00:00\",\"mainEntityOfPage\":{\"@id\":\"https:\\\/\\\/www.ucaldas.edu.co\\\/portal\\\/u-de-caldas-lidero-celebracion-del-dia-mundial-contra-la-homofobia\\\/\"},\"wordCount\":280,\"publisher\":{\"@id\":\"https:\\\/\\\/www.ucaldas.edu.co\\\/portal\\\/#organization\"},\"image\":{\"@id\":\"https:\\\/\\\/www.ucaldas.edu.co\\\/portal\\\/u-de-caldas-lidero-celebracion-del-dia-mundial-contra-la-homofobia\\\/#primaryimage\"},\"thumbnailUrl\":\"http:\\\/\\\/www.ucaldas.edu.co\\\/images\\\/tmp\\\/Celebracion_Dia_Mundial_Homofobia.JPG\",\"articleSection\":[\"Actualidad\",\"Universidad al D\u00eda\"],\"inLanguage\":\"es\"},{\"@type\":\"WebPage\",\"@id\":\"https:\\\/\\\/www.ucaldas.edu.co\\\/portal\\\/u-de-caldas-lidero-celebracion-del-dia-mundial-contra-la-homofobia\\\/\",\"url\":\"https:\\\/\\\/www.ucaldas.edu.co\\\/portal\\\/u-de-caldas-lidero-celebracion-del-dia-mundial-contra-la-homofobia\\\/\",\"name\":\"U. de Caldas lider\u00f3 celebraci\u00f3n del D\u00eda Mundial contra la Homofobia .\",\"isPartOf\":{\"@id\":\"https:\\\/\\\/www.ucaldas.edu.co\\\/portal\\\/#website\"},\"primaryImageOfPage\":{\"@id\":\"https:\\\/\\\/www.ucaldas.edu.co\\\/portal\\\/u-de-caldas-lidero-celebracion-del-dia-mundial-contra-la-homofobia\\\/#primaryimage\"},\"image\":{\"@id\":\"https:\\\/\\\/www.ucaldas.edu.co\\\/portal\\\/u-de-caldas-lidero-celebracion-del-dia-mundial-contra-la-homofobia\\\/#primaryimage\"},\"thumbnailUrl\":\"http:\\\/\\\/www.ucaldas.edu.co\\\/images\\\/tmp\\\/Celebracion_Dia_Mundial_Homofobia.JPG\",\"datePublished\":\"2011-05-17T20:48:20+00:00\",\"breadcrumb\":{\"@id\":\"https:\\\/\\\/www.ucaldas.edu.co\\\/portal\\\/u-de-caldas-lidero-celebracion-del-dia-mundial-contra-la-homofobia\\\/#breadcrumb\"},\"inLanguage\":\"es\",\"potentialAction\":[{\"@type\":\"ReadAction\",\"target\":[\"https:\\\/\\\/www.ucaldas.edu.co\\\/portal\\\/u-de-caldas-lidero-celebracion-del-dia-mundial-contra-la-homofobia\\\/\"]}]},{\"@type\":\"ImageObject\",\"inLanguage\":\"es\",\"@id\":\"https:\\\/\\\/www.ucaldas.edu.co\\\/portal\\\/u-de-caldas-lidero-celebracion-del-dia-mundial-contra-la-homofobia\\\/#primaryimage\",\"url\":\"http:\\\/\\\/www.ucaldas.edu.co\\\/images\\\/tmp\\\/Celebracion_Dia_Mundial_Homofobia.JPG\",\"contentUrl\":\"http:\\\/\\\/www.ucaldas.edu.co\\\/images\\\/tmp\\\/Celebracion_Dia_Mundial_Homofobia.JPG\"},{\"@type\":\"BreadcrumbList\",\"@id\":\"https:\\\/\\\/www.ucaldas.edu.co\\\/portal\\\/u-de-caldas-lidero-celebracion-del-dia-mundial-contra-la-homofobia\\\/#breadcrumb\",\"itemListElement\":[{\"@type\":\"ListItem\",\"position\":1,\"name\":\"Portada\",\"item\":\"https:\\\/\\\/www.ucaldas.edu.co\\\/portal\\\/\"},{\"@type\":\"ListItem\",\"position\":2,\"name\":\"U. de Caldas lider\u00f3 celebraci\u00f3n del D\u00eda Mundial contra la Homofobia\"}]},{\"@type\":\"WebSite\",\"@id\":\"https:\\\/\\\/www.ucaldas.edu.co\\\/portal\\\/#website\",\"url\":\"https:\\\/\\\/www.ucaldas.edu.co\\\/portal\\\/\",\"name\":\"Universidad de Caldas\",\"description\":\"\",\"publisher\":{\"@id\":\"https:\\\/\\\/www.ucaldas.edu.co\\\/portal\\\/#organization\"},\"alternateName\":\"U. de Caldas\",\"potentialAction\":[{\"@type\":\"SearchAction\",\"target\":{\"@type\":\"EntryPoint\",\"urlTemplate\":\"https:\\\/\\\/www.ucaldas.edu.co\\\/portal\\\/?s={search_term_string}\"},\"query-input\":{\"@type\":\"PropertyValueSpecification\",\"valueRequired\":true,\"valueName\":\"search_term_string\"}}],\"inLanguage\":\"es\"},{\"@type\":\"Organization\",\"@id\":\"https:\\\/\\\/www.ucaldas.edu.co\\\/portal\\\/#organization\",\"name\":\"Universidad de Caldas\",\"alternateName\":\"U. de Caldas\",\"url\":\"https:\\\/\\\/www.ucaldas.edu.co\\\/portal\\\/\",\"logo\":{\"@type\":\"ImageObject\",\"inLanguage\":\"es\",\"@id\":\"https:\\\/\\\/www.ucaldas.edu.co\\\/portal\\\/#\\\/schema\\\/logo\\\/image\\\/\",\"url\":\"https:\\\/\\\/www.ucaldas.edu.co\\\/portal\\\/wp-content\\\/uploads\\\/2023\\\/11\\\/Logo_horizontal_oscuroU-2023.png\",\"contentUrl\":\"https:\\\/\\\/www.ucaldas.edu.co\\\/portal\\\/wp-content\\\/uploads\\\/2023\\\/11\\\/Logo_horizontal_oscuroU-2023.png\",\"width\":263,\"height\":101,\"caption\":\"Universidad de Caldas\"},\"image\":{\"@id\":\"https:\\\/\\\/www.ucaldas.edu.co\\\/portal\\\/#\\\/schema\\\/logo\\\/image\\\/\"},\"sameAs\":[\"https:\\\/\\\/www.facebook.com\\\/udecaldas\",\"https:\\\/\\\/x.com\\\/udecaldas\",\"https:\\\/\\\/www.youtube.com\\\/universidadcaldas\",\"https:\\\/\\\/www.instagram.com\\\/udecaldas\\\/\"]},{\"@type\":\"Person\",\"@id\":\"https:\\\/\\\/www.ucaldas.edu.co\\\/portal\\\/#\\\/schema\\\/person\\\/a1b482e23449158b4bc319926c074fdf\",\"name\":\"ofiprensa\",\"image\":{\"@type\":\"ImageObject\",\"inLanguage\":\"es\",\"@id\":\"https:\\\/\\\/www.ucaldas.edu.co\\\/portal\\\/wp-content\\\/litespeed\\\/avatar\\\/09ea5085e600095a7a811142c6944527.jpg?ver=1777497608\",\"url\":\"https:\\\/\\\/www.ucaldas.edu.co\\\/portal\\\/wp-content\\\/litespeed\\\/avatar\\\/09ea5085e600095a7a811142c6944527.jpg?ver=1777497608\",\"contentUrl\":\"https:\\\/\\\/www.ucaldas.edu.co\\\/portal\\\/wp-content\\\/litespeed\\\/avatar\\\/09ea5085e600095a7a811142c6944527.jpg?ver=1777497608\",\"caption\":\"ofiprensa\"},\"url\":\"https:\\\/\\\/www.ucaldas.edu.co\\\/portal\\\/author\\\/ofiprensa\\\/\"}]}<\/script>\n<!-- \/ Yoast SEO plugin. -->","yoast_head_json":{"title":"U. de Caldas lider\u00f3 celebraci\u00f3n del D\u00eda Mundial contra la Homofobia .","robots":{"index":"index","follow":"follow","max-snippet":"max-snippet:-1","max-image-preview":"max-image-preview:large","max-video-preview":"max-video-preview:-1"},"canonical":"https:\/\/www.ucaldas.edu.co\/portal\/u-de-caldas-lidero-celebracion-del-dia-mundial-contra-la-homofobia\/","schema":{"@context":"https:\/\/schema.org","@graph":[{"@type":"Article","@id":"https:\/\/www.ucaldas.edu.co\/portal\/u-de-caldas-lidero-celebracion-del-dia-mundial-contra-la-homofobia\/#article","isPartOf":{"@id":"https:\/\/www.ucaldas.edu.co\/portal\/u-de-caldas-lidero-celebracion-del-dia-mundial-contra-la-homofobia\/"},"author":{"name":"ofiprensa","@id":"https:\/\/www.ucaldas.edu.co\/portal\/#\/schema\/person\/a1b482e23449158b4bc319926c074fdf"},"headline":"U. de Caldas lider\u00f3 celebraci\u00f3n del D\u00eda Mundial contra la Homofobia","datePublished":"2011-05-17T20:48:20+00:00","mainEntityOfPage":{"@id":"https:\/\/www.ucaldas.edu.co\/portal\/u-de-caldas-lidero-celebracion-del-dia-mundial-contra-la-homofobia\/"},"wordCount":280,"publisher":{"@id":"https:\/\/www.ucaldas.edu.co\/portal\/#organization"},"image":{"@id":"https:\/\/www.ucaldas.edu.co\/portal\/u-de-caldas-lidero-celebracion-del-dia-mundial-contra-la-homofobia\/#primaryimage"},"thumbnailUrl":"http:\/\/www.ucaldas.edu.co\/images\/tmp\/Celebracion_Dia_Mundial_Homofobia.JPG","articleSection":["Actualidad","Universidad al D\u00eda"],"inLanguage":"es"},{"@type":"WebPage","@id":"https:\/\/www.ucaldas.edu.co\/portal\/u-de-caldas-lidero-celebracion-del-dia-mundial-contra-la-homofobia\/","url":"https:\/\/www.ucaldas.edu.co\/portal\/u-de-caldas-lidero-celebracion-del-dia-mundial-contra-la-homofobia\/","name":"U. de Caldas lider\u00f3 celebraci\u00f3n del D\u00eda Mundial contra la Homofobia .","isPartOf":{"@id":"https:\/\/www.ucaldas.edu.co\/portal\/#website"},"primaryImageOfPage":{"@id":"https:\/\/www.ucaldas.edu.co\/portal\/u-de-caldas-lidero-celebracion-del-dia-mundial-contra-la-homofobia\/#primaryimage"},"image":{"@id":"https:\/\/www.ucaldas.edu.co\/portal\/u-de-caldas-lidero-celebracion-del-dia-mundial-contra-la-homofobia\/#primaryimage"},"thumbnailUrl":"http:\/\/www.ucaldas.edu.co\/images\/tmp\/Celebracion_Dia_Mundial_Homofobia.JPG","datePublished":"2011-05-17T20:48:20+00:00","breadcrumb":{"@id":"https:\/\/www.ucaldas.edu.co\/portal\/u-de-caldas-lidero-celebracion-del-dia-mundial-contra-la-homofobia\/#breadcrumb"},"inLanguage":"es","potentialAction":[{"@type":"ReadAction","target":["https:\/\/www.ucaldas.edu.co\/portal\/u-de-caldas-lidero-celebracion-del-dia-mundial-contra-la-homofobia\/"]}]},{"@type":"ImageObject","inLanguage":"es","@id":"https:\/\/www.ucaldas.edu.co\/portal\/u-de-caldas-lidero-celebracion-del-dia-mundial-contra-la-homofobia\/#primaryimage","url":"http:\/\/www.ucaldas.edu.co\/images\/tmp\/Celebracion_Dia_Mundial_Homofobia.JPG","contentUrl":"http:\/\/www.ucaldas.edu.co\/images\/tmp\/Celebracion_Dia_Mundial_Homofobia.JPG"},{"@type":"BreadcrumbList","@id":"https:\/\/www.ucaldas.edu.co\/portal\/u-de-caldas-lidero-celebracion-del-dia-mundial-contra-la-homofobia\/#breadcrumb","itemListElement":[{"@type":"ListItem","position":1,"name":"Portada","item":"https:\/\/www.ucaldas.edu.co\/portal\/"},{"@type":"ListItem","position":2,"name":"U. de Caldas lider\u00f3 celebraci\u00f3n del D\u00eda Mundial contra la Homofobia"}]},{"@type":"WebSite","@id":"https:\/\/www.ucaldas.edu.co\/portal\/#website","url":"https:\/\/www.ucaldas.edu.co\/portal\/","name":"Universidad de Caldas","description":"","publisher":{"@id":"https:\/\/www.ucaldas.edu.co\/portal\/#organization"},"alternateName":"U. de Caldas","potentialAction":[{"@type":"SearchAction","target":{"@type":"EntryPoint","urlTemplate":"https:\/\/www.ucaldas.edu.co\/portal\/?s={search_term_string}"},"query-input":{"@type":"PropertyValueSpecification","valueRequired":true,"valueName":"search_term_string"}}],"inLanguage":"es"},{"@type":"Organization","@id":"https:\/\/www.ucaldas.edu.co\/portal\/#organization","name":"Universidad de Caldas","alternateName":"U. de Caldas","url":"https:\/\/www.ucaldas.edu.co\/portal\/","logo":{"@type":"ImageObject","inLanguage":"es","@id":"https:\/\/www.ucaldas.edu.co\/portal\/#\/schema\/logo\/image\/","url":"https:\/\/www.ucaldas.edu.co\/portal\/wp-content\/uploads\/2023\/11\/Logo_horizontal_oscuroU-2023.png","contentUrl":"https:\/\/www.ucaldas.edu.co\/portal\/wp-content\/uploads\/2023\/11\/Logo_horizontal_oscuroU-2023.png","width":263,"height":101,"caption":"Universidad de Caldas"},"image":{"@id":"https:\/\/www.ucaldas.edu.co\/portal\/#\/schema\/logo\/image\/"},"sameAs":["https:\/\/www.facebook.com\/udecaldas","https:\/\/x.com\/udecaldas","https:\/\/www.youtube.com\/universidadcaldas","https:\/\/www.instagram.com\/udecaldas\/"]},{"@type":"Person","@id":"https:\/\/www.ucaldas.edu.co\/portal\/#\/schema\/person\/a1b482e23449158b4bc319926c074fdf","name":"ofiprensa","image":{"@type":"ImageObject","inLanguage":"es","@id":"https:\/\/www.ucaldas.edu.co\/portal\/wp-content\/litespeed\/avatar\/09ea5085e600095a7a811142c6944527.jpg?ver=1777497608","url":"https:\/\/www.ucaldas.edu.co\/portal\/wp-content\/litespeed\/avatar\/09ea5085e600095a7a811142c6944527.jpg?ver=1777497608","contentUrl":"https:\/\/www.ucaldas.edu.co\/portal\/wp-content\/litespeed\/avatar\/09ea5085e600095a7a811142c6944527.jpg?ver=1777497608","caption":"ofiprensa"},"url":"https:\/\/www.ucaldas.edu.co\/portal\/author\/ofiprensa\/"}]}},"_links":{"self":[{"href":"https:\/\/www.ucaldas.edu.co\/portal\/wp-json\/wp\/v2\/posts\/8719","targetHints":{"allow":["GET"]}}],"collection":[{"href":"https:\/\/www.ucaldas.edu.co\/portal\/wp-json\/wp\/v2\/posts"}],"about":[{"href":"https:\/\/www.ucaldas.edu.co\/portal\/wp-json\/wp\/v2\/types\/post"}],"author":[{"embeddable":true,"href":"https:\/\/www.ucaldas.edu.co\/portal\/wp-json\/wp\/v2\/users\/2"}],"replies":[{"embeddable":true,"href":"https:\/\/www.ucaldas.edu.co\/portal\/wp-json\/wp\/v2\/comments?post=8719"}],"version-history":[{"count":0,"href":"https:\/\/www.ucaldas.edu.co\/portal\/wp-json\/wp\/v2\/posts\/8719\/revisions"}],"wp:attachment":[{"href":"https:\/\/www.ucaldas.edu.co\/portal\/wp-json\/wp\/v2\/media?parent=8719"}],"wp:term":[{"taxonomy":"category","embeddable":true,"href":"https:\/\/www.ucaldas.edu.co\/portal\/wp-json\/wp\/v2\/categories?post=8719"},{"taxonomy":"post_tag","embeddable":true,"href":"https:\/\/www.ucaldas.edu.co\/portal\/wp-json\/wp\/v2\/tags?post=8719"}],"curies":[{"name":"wp","href":"https:\/\/api.w.org\/{rel}","templated":true}]}}