{"id":87,"date":"2014-02-14T02:05:19","date_gmt":"2014-02-14T02:05:19","guid":{"rendered":"https:\/\/www.ucaldas.edu.co\/portal\/?p=87"},"modified":"2014-02-14T02:05:19","modified_gmt":"2014-02-14T02:05:19","slug":"convalidacion-de-datos-para-egresados","status":"publish","type":"post","link":"https:\/\/www.ucaldas.edu.co\/portal\/convalidacion-de-datos-para-egresados\/","title":{"rendered":"Convalidaci\u00f3n de datos para egresados"},"content":{"rendered":"<table border=\"0\">\n<tbody>\n<tr>\n<td><img loading=\"lazy\" decoding=\"async\" style=\"border: 0px;\" alt=\"http:\/\/www.ucaldas.edu.co\/images\/tmp\/egresados.jpg\" src=\"http:\/\/www.ucaldas.edu.co\/images\/tmp\/egresados.jpg\" width=\"240\" height=\"150\" border=\"0\" \/><\/td>\n<td>La Oficina de Egresados de la Universidad de Caldas busca fortalecer los lazos con usted y todos nuestros graduados, para ofrecerles mejores servicios en educaci\u00f3n continuada, becas, contactos, diversi\u00f3n, encuentros y oportunidades laborales.<\/td>\n<\/tr>\n<\/tbody>\n<\/table>\n<p align=\"left\"><b>Entre nuestros beneficios est\u00e1n:<\/b><br \/>\n&#8211; 10% de descuento en especializaci\u00f3n, maestr\u00eda y doctorados, as\u00ed como en educaci\u00f3n no formal, diplomados, seminarios y cursos.<br \/>\n&#8211; 25% de descuento en la Librer\u00eda U. de Caldas para publicaciones de nuestro sello editorial.<br \/>\n&#8211; Servicio de biblioteca.<br \/>\n&#8211; Descuento para aprender franc\u00e9s, acceso a bibliotecas virtuales y BiblioVox, y asesor\u00eda para plan de estudios y de vida en Francia, a trav\u00e9s de la Alianza Francesa.<br \/>\n&#8211; Asesor\u00eda virtual o presencial.<br \/>\n&#8211; Posibilidad de ser representante de los egresados ante los consejos de facultad, Acad\u00e9mico o Superior.<br \/>\n&#8211; Poder elegir y ser elegido en cargos de direcci\u00f3n universitaria.<\/p>\n<p align=\"left\">Lo \u00fanico que necesita para disfrutar de estos beneficios es <strong>diligenciar el siguiente formulario<\/strong>. La informaci\u00f3n que suministre es estrictamente personal y confidencial.<\/p>\n<h3 style=\"text-align: center;\" align=\"left\"><strong><a href=\"http:\/\/desarrollo.ucaldas.edu.co\/formularios\/index.php?sid=25126&amp;lang=es\" target=\"_blank\"> Haga clic aqu\u00ed para empezar<\/a><\/strong><\/h3>\n<h3 align=\"left\"><\/h3>\n<h3 align=\"left\"><span style=\"color: #3366ff;\"><strong>Recuerde<\/strong><\/span><\/h3>\n<p align=\"left\">La \u00fanica forma de participar en la <strong>consulta virtual previa a la designaci\u00f3n de Rector U. de Caldas 2014-2018<\/strong> es convalidando sus datos aqu\u00ed. El plazo vence este 27 de marzo del 2014. <a title=\"Convocatoria Rector 2014-2018\" href=\"https:\/\/www.ucaldas.edu.co\/portal\/convocatoria-para-designar-rector-u-de-caldas-periodo-2014-2017\/\" target=\"_blank\">M\u00e1s informaci\u00f3n aqu\u00ed<\/a><\/p>\n<p align=\"left\">Si tiene inconvenientes cont\u00e1ctese al correo\u00a0<a href=\"mailto:egresados@ucaldas.edu.co\">egresados@ucaldas.edu.co<\/a><\/p>\n<p>&nbsp;<\/p>\n","protected":false},"excerpt":{"rendered":"<p>La Oficina de Egresados de la Universidad de Caldas busca fortalecer los lazos con usted y todos nuestros graduados, para ofrecerles mejores servicios en educaci\u00f3n continuada, becas, contactos, diversi\u00f3n, encuentros y oportunidades laborales. Entre nuestros beneficios est\u00e1n: &#8211; 10% de descuento en especializaci\u00f3n, maestr\u00eda y doctorados, as\u00ed como en educaci\u00f3n no formal, diplomados, seminarios y [&hellip;]<\/p>\n","protected":false},"author":2,"featured_media":0,"comment_status":"closed","ping_status":"open","sticky":false,"template":"","format":"standard","meta":{"footnotes":""},"categories":[53,62],"tags":[],"class_list":["post-87","post","type-post","status-publish","format-standard","hentry","category-universidad-al-dia","category-eventos"],"yoast_head":"<!-- This site is optimized with the Yoast SEO plugin v27.5 - https:\/\/yoast.com\/product\/yoast-seo-wordpress\/ -->\n<title>Convalidaci\u00f3n de datos para egresados .<\/title>\n<meta name=\"robots\" content=\"index, follow, max-snippet:-1, max-image-preview:large, max-video-preview:-1\" \/>\n<link rel=\"canonical\" href=\"https:\/\/www.ucaldas.edu.co\/portal\/convalidacion-de-datos-para-egresados\/\" \/>\n<script type=\"application\/ld+json\" class=\"yoast-schema-graph\">{\"@context\":\"https:\\\/\\\/schema.org\",\"@graph\":[{\"@type\":\"Article\",\"@id\":\"https:\\\/\\\/www.ucaldas.edu.co\\\/portal\\\/convalidacion-de-datos-para-egresados\\\/#article\",\"isPartOf\":{\"@id\":\"https:\\\/\\\/www.ucaldas.edu.co\\\/portal\\\/convalidacion-de-datos-para-egresados\\\/\"},\"author\":{\"name\":\"ofiprensa\",\"@id\":\"https:\\\/\\\/www.ucaldas.edu.co\\\/portal\\\/#\\\/schema\\\/person\\\/a1b482e23449158b4bc319926c074fdf\"},\"headline\":\"Convalidaci\u00f3n de datos para egresados\",\"datePublished\":\"2014-02-14T02:05:19+00:00\",\"mainEntityOfPage\":{\"@id\":\"https:\\\/\\\/www.ucaldas.edu.co\\\/portal\\\/convalidacion-de-datos-para-egresados\\\/\"},\"wordCount\":232,\"publisher\":{\"@id\":\"https:\\\/\\\/www.ucaldas.edu.co\\\/portal\\\/#organization\"},\"image\":{\"@id\":\"https:\\\/\\\/www.ucaldas.edu.co\\\/portal\\\/convalidacion-de-datos-para-egresados\\\/#primaryimage\"},\"thumbnailUrl\":\"http:\\\/\\\/www.ucaldas.edu.co\\\/images\\\/tmp\\\/egresados.jpg\",\"articleSection\":[\"Universidad al D\u00eda\",\"Eventos\"],\"inLanguage\":\"es\"},{\"@type\":\"WebPage\",\"@id\":\"https:\\\/\\\/www.ucaldas.edu.co\\\/portal\\\/convalidacion-de-datos-para-egresados\\\/\",\"url\":\"https:\\\/\\\/www.ucaldas.edu.co\\\/portal\\\/convalidacion-de-datos-para-egresados\\\/\",\"name\":\"Convalidaci\u00f3n de datos para egresados .\",\"isPartOf\":{\"@id\":\"https:\\\/\\\/www.ucaldas.edu.co\\\/portal\\\/#website\"},\"primaryImageOfPage\":{\"@id\":\"https:\\\/\\\/www.ucaldas.edu.co\\\/portal\\\/convalidacion-de-datos-para-egresados\\\/#primaryimage\"},\"image\":{\"@id\":\"https:\\\/\\\/www.ucaldas.edu.co\\\/portal\\\/convalidacion-de-datos-para-egresados\\\/#primaryimage\"},\"thumbnailUrl\":\"http:\\\/\\\/www.ucaldas.edu.co\\\/images\\\/tmp\\\/egresados.jpg\",\"datePublished\":\"2014-02-14T02:05:19+00:00\",\"breadcrumb\":{\"@id\":\"https:\\\/\\\/www.ucaldas.edu.co\\\/portal\\\/convalidacion-de-datos-para-egresados\\\/#breadcrumb\"},\"inLanguage\":\"es\",\"potentialAction\":[{\"@type\":\"ReadAction\",\"target\":[\"https:\\\/\\\/www.ucaldas.edu.co\\\/portal\\\/convalidacion-de-datos-para-egresados\\\/\"]}]},{\"@type\":\"ImageObject\",\"inLanguage\":\"es\",\"@id\":\"https:\\\/\\\/www.ucaldas.edu.co\\\/portal\\\/convalidacion-de-datos-para-egresados\\\/#primaryimage\",\"url\":\"http:\\\/\\\/www.ucaldas.edu.co\\\/images\\\/tmp\\\/egresados.jpg\",\"contentUrl\":\"http:\\\/\\\/www.ucaldas.edu.co\\\/images\\\/tmp\\\/egresados.jpg\"},{\"@type\":\"BreadcrumbList\",\"@id\":\"https:\\\/\\\/www.ucaldas.edu.co\\\/portal\\\/convalidacion-de-datos-para-egresados\\\/#breadcrumb\",\"itemListElement\":[{\"@type\":\"ListItem\",\"position\":1,\"name\":\"Portada\",\"item\":\"https:\\\/\\\/www.ucaldas.edu.co\\\/portal\\\/\"},{\"@type\":\"ListItem\",\"position\":2,\"name\":\"Convalidaci\u00f3n de datos para egresados\"}]},{\"@type\":\"WebSite\",\"@id\":\"https:\\\/\\\/www.ucaldas.edu.co\\\/portal\\\/#website\",\"url\":\"https:\\\/\\\/www.ucaldas.edu.co\\\/portal\\\/\",\"name\":\"Universidad de Caldas\",\"description\":\"\",\"publisher\":{\"@id\":\"https:\\\/\\\/www.ucaldas.edu.co\\\/portal\\\/#organization\"},\"alternateName\":\"U. de Caldas\",\"potentialAction\":[{\"@type\":\"SearchAction\",\"target\":{\"@type\":\"EntryPoint\",\"urlTemplate\":\"https:\\\/\\\/www.ucaldas.edu.co\\\/portal\\\/?s={search_term_string}\"},\"query-input\":{\"@type\":\"PropertyValueSpecification\",\"valueRequired\":true,\"valueName\":\"search_term_string\"}}],\"inLanguage\":\"es\"},{\"@type\":\"Organization\",\"@id\":\"https:\\\/\\\/www.ucaldas.edu.co\\\/portal\\\/#organization\",\"name\":\"Universidad de Caldas\",\"alternateName\":\"U. de Caldas\",\"url\":\"https:\\\/\\\/www.ucaldas.edu.co\\\/portal\\\/\",\"logo\":{\"@type\":\"ImageObject\",\"inLanguage\":\"es\",\"@id\":\"https:\\\/\\\/www.ucaldas.edu.co\\\/portal\\\/#\\\/schema\\\/logo\\\/image\\\/\",\"url\":\"https:\\\/\\\/www.ucaldas.edu.co\\\/portal\\\/wp-content\\\/uploads\\\/2023\\\/11\\\/Logo_horizontal_oscuroU-2023.png\",\"contentUrl\":\"https:\\\/\\\/www.ucaldas.edu.co\\\/portal\\\/wp-content\\\/uploads\\\/2023\\\/11\\\/Logo_horizontal_oscuroU-2023.png\",\"width\":263,\"height\":101,\"caption\":\"Universidad de Caldas\"},\"image\":{\"@id\":\"https:\\\/\\\/www.ucaldas.edu.co\\\/portal\\\/#\\\/schema\\\/logo\\\/image\\\/\"},\"sameAs\":[\"https:\\\/\\\/www.facebook.com\\\/udecaldas\",\"https:\\\/\\\/x.com\\\/udecaldas\",\"https:\\\/\\\/www.youtube.com\\\/universidadcaldas\",\"https:\\\/\\\/www.instagram.com\\\/udecaldas\\\/\"]},{\"@type\":\"Person\",\"@id\":\"https:\\\/\\\/www.ucaldas.edu.co\\\/portal\\\/#\\\/schema\\\/person\\\/a1b482e23449158b4bc319926c074fdf\",\"name\":\"ofiprensa\",\"image\":{\"@type\":\"ImageObject\",\"inLanguage\":\"es\",\"@id\":\"https:\\\/\\\/www.ucaldas.edu.co\\\/portal\\\/wp-content\\\/litespeed\\\/avatar\\\/09ea5085e600095a7a811142c6944527.jpg?ver=1777497608\",\"url\":\"https:\\\/\\\/www.ucaldas.edu.co\\\/portal\\\/wp-content\\\/litespeed\\\/avatar\\\/09ea5085e600095a7a811142c6944527.jpg?ver=1777497608\",\"contentUrl\":\"https:\\\/\\\/www.ucaldas.edu.co\\\/portal\\\/wp-content\\\/litespeed\\\/avatar\\\/09ea5085e600095a7a811142c6944527.jpg?ver=1777497608\",\"caption\":\"ofiprensa\"},\"url\":\"https:\\\/\\\/www.ucaldas.edu.co\\\/portal\\\/author\\\/ofiprensa\\\/\"}]}<\/script>\n<!-- \/ Yoast SEO plugin. -->","yoast_head_json":{"title":"Convalidaci\u00f3n de datos para egresados .","robots":{"index":"index","follow":"follow","max-snippet":"max-snippet:-1","max-image-preview":"max-image-preview:large","max-video-preview":"max-video-preview:-1"},"canonical":"https:\/\/www.ucaldas.edu.co\/portal\/convalidacion-de-datos-para-egresados\/","schema":{"@context":"https:\/\/schema.org","@graph":[{"@type":"Article","@id":"https:\/\/www.ucaldas.edu.co\/portal\/convalidacion-de-datos-para-egresados\/#article","isPartOf":{"@id":"https:\/\/www.ucaldas.edu.co\/portal\/convalidacion-de-datos-para-egresados\/"},"author":{"name":"ofiprensa","@id":"https:\/\/www.ucaldas.edu.co\/portal\/#\/schema\/person\/a1b482e23449158b4bc319926c074fdf"},"headline":"Convalidaci\u00f3n de datos para egresados","datePublished":"2014-02-14T02:05:19+00:00","mainEntityOfPage":{"@id":"https:\/\/www.ucaldas.edu.co\/portal\/convalidacion-de-datos-para-egresados\/"},"wordCount":232,"publisher":{"@id":"https:\/\/www.ucaldas.edu.co\/portal\/#organization"},"image":{"@id":"https:\/\/www.ucaldas.edu.co\/portal\/convalidacion-de-datos-para-egresados\/#primaryimage"},"thumbnailUrl":"http:\/\/www.ucaldas.edu.co\/images\/tmp\/egresados.jpg","articleSection":["Universidad al D\u00eda","Eventos"],"inLanguage":"es"},{"@type":"WebPage","@id":"https:\/\/www.ucaldas.edu.co\/portal\/convalidacion-de-datos-para-egresados\/","url":"https:\/\/www.ucaldas.edu.co\/portal\/convalidacion-de-datos-para-egresados\/","name":"Convalidaci\u00f3n de datos para egresados .","isPartOf":{"@id":"https:\/\/www.ucaldas.edu.co\/portal\/#website"},"primaryImageOfPage":{"@id":"https:\/\/www.ucaldas.edu.co\/portal\/convalidacion-de-datos-para-egresados\/#primaryimage"},"image":{"@id":"https:\/\/www.ucaldas.edu.co\/portal\/convalidacion-de-datos-para-egresados\/#primaryimage"},"thumbnailUrl":"http:\/\/www.ucaldas.edu.co\/images\/tmp\/egresados.jpg","datePublished":"2014-02-14T02:05:19+00:00","breadcrumb":{"@id":"https:\/\/www.ucaldas.edu.co\/portal\/convalidacion-de-datos-para-egresados\/#breadcrumb"},"inLanguage":"es","potentialAction":[{"@type":"ReadAction","target":["https:\/\/www.ucaldas.edu.co\/portal\/convalidacion-de-datos-para-egresados\/"]}]},{"@type":"ImageObject","inLanguage":"es","@id":"https:\/\/www.ucaldas.edu.co\/portal\/convalidacion-de-datos-para-egresados\/#primaryimage","url":"http:\/\/www.ucaldas.edu.co\/images\/tmp\/egresados.jpg","contentUrl":"http:\/\/www.ucaldas.edu.co\/images\/tmp\/egresados.jpg"},{"@type":"BreadcrumbList","@id":"https:\/\/www.ucaldas.edu.co\/portal\/convalidacion-de-datos-para-egresados\/#breadcrumb","itemListElement":[{"@type":"ListItem","position":1,"name":"Portada","item":"https:\/\/www.ucaldas.edu.co\/portal\/"},{"@type":"ListItem","position":2,"name":"Convalidaci\u00f3n de datos para egresados"}]},{"@type":"WebSite","@id":"https:\/\/www.ucaldas.edu.co\/portal\/#website","url":"https:\/\/www.ucaldas.edu.co\/portal\/","name":"Universidad de Caldas","description":"","publisher":{"@id":"https:\/\/www.ucaldas.edu.co\/portal\/#organization"},"alternateName":"U. de Caldas","potentialAction":[{"@type":"SearchAction","target":{"@type":"EntryPoint","urlTemplate":"https:\/\/www.ucaldas.edu.co\/portal\/?s={search_term_string}"},"query-input":{"@type":"PropertyValueSpecification","valueRequired":true,"valueName":"search_term_string"}}],"inLanguage":"es"},{"@type":"Organization","@id":"https:\/\/www.ucaldas.edu.co\/portal\/#organization","name":"Universidad de Caldas","alternateName":"U. de Caldas","url":"https:\/\/www.ucaldas.edu.co\/portal\/","logo":{"@type":"ImageObject","inLanguage":"es","@id":"https:\/\/www.ucaldas.edu.co\/portal\/#\/schema\/logo\/image\/","url":"https:\/\/www.ucaldas.edu.co\/portal\/wp-content\/uploads\/2023\/11\/Logo_horizontal_oscuroU-2023.png","contentUrl":"https:\/\/www.ucaldas.edu.co\/portal\/wp-content\/uploads\/2023\/11\/Logo_horizontal_oscuroU-2023.png","width":263,"height":101,"caption":"Universidad de Caldas"},"image":{"@id":"https:\/\/www.ucaldas.edu.co\/portal\/#\/schema\/logo\/image\/"},"sameAs":["https:\/\/www.facebook.com\/udecaldas","https:\/\/x.com\/udecaldas","https:\/\/www.youtube.com\/universidadcaldas","https:\/\/www.instagram.com\/udecaldas\/"]},{"@type":"Person","@id":"https:\/\/www.ucaldas.edu.co\/portal\/#\/schema\/person\/a1b482e23449158b4bc319926c074fdf","name":"ofiprensa","image":{"@type":"ImageObject","inLanguage":"es","@id":"https:\/\/www.ucaldas.edu.co\/portal\/wp-content\/litespeed\/avatar\/09ea5085e600095a7a811142c6944527.jpg?ver=1777497608","url":"https:\/\/www.ucaldas.edu.co\/portal\/wp-content\/litespeed\/avatar\/09ea5085e600095a7a811142c6944527.jpg?ver=1777497608","contentUrl":"https:\/\/www.ucaldas.edu.co\/portal\/wp-content\/litespeed\/avatar\/09ea5085e600095a7a811142c6944527.jpg?ver=1777497608","caption":"ofiprensa"},"url":"https:\/\/www.ucaldas.edu.co\/portal\/author\/ofiprensa\/"}]}},"_links":{"self":[{"href":"https:\/\/www.ucaldas.edu.co\/portal\/wp-json\/wp\/v2\/posts\/87","targetHints":{"allow":["GET"]}}],"collection":[{"href":"https:\/\/www.ucaldas.edu.co\/portal\/wp-json\/wp\/v2\/posts"}],"about":[{"href":"https:\/\/www.ucaldas.edu.co\/portal\/wp-json\/wp\/v2\/types\/post"}],"author":[{"embeddable":true,"href":"https:\/\/www.ucaldas.edu.co\/portal\/wp-json\/wp\/v2\/users\/2"}],"replies":[{"embeddable":true,"href":"https:\/\/www.ucaldas.edu.co\/portal\/wp-json\/wp\/v2\/comments?post=87"}],"version-history":[{"count":0,"href":"https:\/\/www.ucaldas.edu.co\/portal\/wp-json\/wp\/v2\/posts\/87\/revisions"}],"wp:attachment":[{"href":"https:\/\/www.ucaldas.edu.co\/portal\/wp-json\/wp\/v2\/media?parent=87"}],"wp:term":[{"taxonomy":"category","embeddable":true,"href":"https:\/\/www.ucaldas.edu.co\/portal\/wp-json\/wp\/v2\/categories?post=87"},{"taxonomy":"post_tag","embeddable":true,"href":"https:\/\/www.ucaldas.edu.co\/portal\/wp-json\/wp\/v2\/tags?post=87"}],"curies":[{"name":"wp","href":"https:\/\/api.w.org\/{rel}","templated":true}]}}