{"id":8666,"date":"2011-05-12T15:23:17","date_gmt":"2011-05-12T20:23:17","guid":{"rendered":"https:\/\/www.ucaldas.edu.co\/portal\/?p=8666"},"modified":"2011-05-12T15:23:17","modified_gmt":"2011-05-12T20:23:17","slug":"rector-de-la-u-de-caldas-lidero-taller-sobre-ley-30-ante-delegados-de-7-universidades","status":"publish","type":"post","link":"https:\/\/www.ucaldas.edu.co\/portal\/rector-de-la-u-de-caldas-lidero-taller-sobre-ley-30-ante-delegados-de-7-universidades\/","title":{"rendered":"Rector de la U. de Caldas lider\u00f3 taller sobre Ley 30, ante delegados de 7 universidades"},"content":{"rendered":"<p>Se analizaron principios de la educaci\u00f3n superior y equidad<\/p>\n<hr \/>\n<p align=\"center\">\n<p align=\"right\">\u00a0\u00a0\u00a0\u00a0\u00a0\u00a0\u00a0\u00a0\u00a0\u00a0\u00a0\u00a0\u00a0\u00a0\u00a0\u00a0\u00a0\u00a0\u00a0\u00a0\u00a0\u00a0\u00a0\u00a0\u00a0\u00a0\u00a0\u00a0\u00a0\u00a0\u00a0\u00a0\u00a0\u00a0\u00a0\u00a0 <b>12\/05\/2011<\/b><\/p>\n<table border=\"0\">\n<tbody>\n<tr>\n<td>\u00a0<img loading=\"lazy\" decoding=\"async\" style=\"border: 0px\" alt=\"Rector\" src=\"http:\/\/www.ucaldas.edu.co\/images\/tmp\/rector_7delegados.jpg\" width=\"240\" height=\"150\" border=\"0\" \/><\/td>\n<td><b>Delegados de siete universidades colombianas<\/b> se reunieron para elaborar una <b>propuesta sobre principios de la educaci\u00f3n superior y equidad<\/b>, en torno al <b>proyecto de reforma a la Ley 30 de 1992<\/b>, que se discute actualmente en el pa\u00eds.<\/p>\n<p>&nbsp;<\/p>\n<p>La cita <b>fue en la Universidad de Caldas<\/b>, el pasado <b>mi\u00e9rcoles 11 de mayo<\/b> del 2011, donde asistieron delegados de la U. del Atl\u00e1ntico, U. de Pamplona, U. Tecnol\u00f3gica de Pereira, U. Nacional Abierta y a Distancia (UNAD), U. de Manizales, U. Nacional sede Manizales y U. de Caldas.<\/td>\n<\/tr>\n<\/tbody>\n<\/table>\n<p>&nbsp;<\/p>\n<p>El Rector de la Universidad de Caldas, Ricardo G\u00f3mez Giraldo, lider\u00f3 all\u00ed un taller de cuatro horas, en el que los participantes examinaron dichos temas en el proyecto de reforma, a partir de una propuesta que se prepar\u00f3 la semana anterior, en un taller interno efectuado en la U. de Caldas.<\/p>\n<p>&nbsp;<\/p>\n<p>La primera versi\u00f3n del documento que contiene la propuesta se dar\u00e1 a conocer este viernes 13 de mayo a los delegados de las siete universidades, los cuales participan en una <b>comisi\u00f3n sobre principios de la educaci\u00f3n superior y equidad<\/b>, acordada por los <b>rectores del Sistema Universitario Estatal (SUE)<\/b>, en Medell\u00edn, el pasado 16 de abril.<\/p>\n<p>&nbsp;<\/p>\n<p>La versi\u00f3n definitiva se construir\u00e1 mediante reuniones virtuales, que se llevar\u00e1n a cabo durante los pr\u00f3ximos d\u00edas.<\/p>\n<p>&nbsp;<\/p>\n<p>Esto se suma a varios mecanismos de participaci\u00f3n alrededor de la reforma a la Ley 30\/92, que ha puesto en funcionamiento la U. de Caldas, tales como el blog <b><a href=\"http:\/\/www.universidadcaldas.wordpress.com\/\" target=\"_blank\">www.universidadcaldas.wordpress.com<\/a><\/b>, donde se encuentra una categor\u00eda dedicada a este tema.<\/p>\n<p>&nbsp;<\/p>\n<p><b>Informes:<\/b> Oficina de Prensa de la U. de Caldas, tel\u00e9fono 878 15 00 extensi\u00f3n 12 167.<\/p>\n","protected":false},"excerpt":{"rendered":"<p>Se analizaron principios de la educaci\u00f3n superior y equidad \u00a0\u00a0\u00a0\u00a0\u00a0\u00a0\u00a0\u00a0\u00a0\u00a0\u00a0\u00a0\u00a0\u00a0\u00a0\u00a0\u00a0\u00a0\u00a0\u00a0\u00a0\u00a0\u00a0\u00a0\u00a0\u00a0\u00a0\u00a0\u00a0\u00a0\u00a0\u00a0\u00a0\u00a0\u00a0\u00a0 12\/05\/2011 \u00a0 Delegados de siete universidades colombianas se reunieron para elaborar una propuesta sobre principios de la educaci\u00f3n superior y equidad, en torno al proyecto de reforma a la Ley 30 de 1992, que se discute actualmente en el pa\u00eds. &nbsp; La cita fue en [&hellip;]<\/p>\n","protected":false},"author":2,"featured_media":0,"comment_status":"closed","ping_status":"closed","sticky":false,"template":"","format":"standard","meta":{"footnotes":""},"categories":[48,53],"tags":[],"class_list":["post-8666","post","type-post","status-publish","format-standard","hentry","category-actualidad","category-universidad-al-dia"],"yoast_head":"<!-- This site is optimized with the Yoast SEO plugin v27.5 - https:\/\/yoast.com\/product\/yoast-seo-wordpress\/ -->\n<title>Rector de la U. de Caldas lider\u00f3 taller sobre Ley 30, ante delegados de 7 universidades .<\/title>\n<meta name=\"robots\" content=\"index, follow, max-snippet:-1, max-image-preview:large, max-video-preview:-1\" \/>\n<link rel=\"canonical\" href=\"https:\/\/www.ucaldas.edu.co\/portal\/rector-de-la-u-de-caldas-lidero-taller-sobre-ley-30-ante-delegados-de-7-universidades\/\" \/>\n<script type=\"application\/ld+json\" class=\"yoast-schema-graph\">{\"@context\":\"https:\\\/\\\/schema.org\",\"@graph\":[{\"@type\":\"Article\",\"@id\":\"https:\\\/\\\/www.ucaldas.edu.co\\\/portal\\\/rector-de-la-u-de-caldas-lidero-taller-sobre-ley-30-ante-delegados-de-7-universidades\\\/#article\",\"isPartOf\":{\"@id\":\"https:\\\/\\\/www.ucaldas.edu.co\\\/portal\\\/rector-de-la-u-de-caldas-lidero-taller-sobre-ley-30-ante-delegados-de-7-universidades\\\/\"},\"author\":{\"name\":\"ofiprensa\",\"@id\":\"https:\\\/\\\/www.ucaldas.edu.co\\\/portal\\\/#\\\/schema\\\/person\\\/a1b482e23449158b4bc319926c074fdf\"},\"headline\":\"Rector de la U. de Caldas lider\u00f3 taller sobre Ley 30, ante delegados de 7 universidades\",\"datePublished\":\"2011-05-12T20:23:17+00:00\",\"mainEntityOfPage\":{\"@id\":\"https:\\\/\\\/www.ucaldas.edu.co\\\/portal\\\/rector-de-la-u-de-caldas-lidero-taller-sobre-ley-30-ante-delegados-de-7-universidades\\\/\"},\"wordCount\":304,\"publisher\":{\"@id\":\"https:\\\/\\\/www.ucaldas.edu.co\\\/portal\\\/#organization\"},\"image\":{\"@id\":\"https:\\\/\\\/www.ucaldas.edu.co\\\/portal\\\/rector-de-la-u-de-caldas-lidero-taller-sobre-ley-30-ante-delegados-de-7-universidades\\\/#primaryimage\"},\"thumbnailUrl\":\"http:\\\/\\\/www.ucaldas.edu.co\\\/images\\\/tmp\\\/rector_7delegados.jpg\",\"articleSection\":[\"Actualidad\",\"Universidad al D\u00eda\"],\"inLanguage\":\"es\"},{\"@type\":\"WebPage\",\"@id\":\"https:\\\/\\\/www.ucaldas.edu.co\\\/portal\\\/rector-de-la-u-de-caldas-lidero-taller-sobre-ley-30-ante-delegados-de-7-universidades\\\/\",\"url\":\"https:\\\/\\\/www.ucaldas.edu.co\\\/portal\\\/rector-de-la-u-de-caldas-lidero-taller-sobre-ley-30-ante-delegados-de-7-universidades\\\/\",\"name\":\"Rector de la U. de Caldas lider\u00f3 taller sobre Ley 30, ante delegados de 7 universidades .\",\"isPartOf\":{\"@id\":\"https:\\\/\\\/www.ucaldas.edu.co\\\/portal\\\/#website\"},\"primaryImageOfPage\":{\"@id\":\"https:\\\/\\\/www.ucaldas.edu.co\\\/portal\\\/rector-de-la-u-de-caldas-lidero-taller-sobre-ley-30-ante-delegados-de-7-universidades\\\/#primaryimage\"},\"image\":{\"@id\":\"https:\\\/\\\/www.ucaldas.edu.co\\\/portal\\\/rector-de-la-u-de-caldas-lidero-taller-sobre-ley-30-ante-delegados-de-7-universidades\\\/#primaryimage\"},\"thumbnailUrl\":\"http:\\\/\\\/www.ucaldas.edu.co\\\/images\\\/tmp\\\/rector_7delegados.jpg\",\"datePublished\":\"2011-05-12T20:23:17+00:00\",\"breadcrumb\":{\"@id\":\"https:\\\/\\\/www.ucaldas.edu.co\\\/portal\\\/rector-de-la-u-de-caldas-lidero-taller-sobre-ley-30-ante-delegados-de-7-universidades\\\/#breadcrumb\"},\"inLanguage\":\"es\",\"potentialAction\":[{\"@type\":\"ReadAction\",\"target\":[\"https:\\\/\\\/www.ucaldas.edu.co\\\/portal\\\/rector-de-la-u-de-caldas-lidero-taller-sobre-ley-30-ante-delegados-de-7-universidades\\\/\"]}]},{\"@type\":\"ImageObject\",\"inLanguage\":\"es\",\"@id\":\"https:\\\/\\\/www.ucaldas.edu.co\\\/portal\\\/rector-de-la-u-de-caldas-lidero-taller-sobre-ley-30-ante-delegados-de-7-universidades\\\/#primaryimage\",\"url\":\"http:\\\/\\\/www.ucaldas.edu.co\\\/images\\\/tmp\\\/rector_7delegados.jpg\",\"contentUrl\":\"http:\\\/\\\/www.ucaldas.edu.co\\\/images\\\/tmp\\\/rector_7delegados.jpg\"},{\"@type\":\"BreadcrumbList\",\"@id\":\"https:\\\/\\\/www.ucaldas.edu.co\\\/portal\\\/rector-de-la-u-de-caldas-lidero-taller-sobre-ley-30-ante-delegados-de-7-universidades\\\/#breadcrumb\",\"itemListElement\":[{\"@type\":\"ListItem\",\"position\":1,\"name\":\"Portada\",\"item\":\"https:\\\/\\\/www.ucaldas.edu.co\\\/portal\\\/\"},{\"@type\":\"ListItem\",\"position\":2,\"name\":\"Rector de la U. de Caldas lider\u00f3 taller sobre Ley 30, ante delegados de 7 universidades\"}]},{\"@type\":\"WebSite\",\"@id\":\"https:\\\/\\\/www.ucaldas.edu.co\\\/portal\\\/#website\",\"url\":\"https:\\\/\\\/www.ucaldas.edu.co\\\/portal\\\/\",\"name\":\"Universidad de Caldas\",\"description\":\"\",\"publisher\":{\"@id\":\"https:\\\/\\\/www.ucaldas.edu.co\\\/portal\\\/#organization\"},\"alternateName\":\"U. de Caldas\",\"potentialAction\":[{\"@type\":\"SearchAction\",\"target\":{\"@type\":\"EntryPoint\",\"urlTemplate\":\"https:\\\/\\\/www.ucaldas.edu.co\\\/portal\\\/?s={search_term_string}\"},\"query-input\":{\"@type\":\"PropertyValueSpecification\",\"valueRequired\":true,\"valueName\":\"search_term_string\"}}],\"inLanguage\":\"es\"},{\"@type\":\"Organization\",\"@id\":\"https:\\\/\\\/www.ucaldas.edu.co\\\/portal\\\/#organization\",\"name\":\"Universidad de Caldas\",\"alternateName\":\"U. de Caldas\",\"url\":\"https:\\\/\\\/www.ucaldas.edu.co\\\/portal\\\/\",\"logo\":{\"@type\":\"ImageObject\",\"inLanguage\":\"es\",\"@id\":\"https:\\\/\\\/www.ucaldas.edu.co\\\/portal\\\/#\\\/schema\\\/logo\\\/image\\\/\",\"url\":\"https:\\\/\\\/www.ucaldas.edu.co\\\/portal\\\/wp-content\\\/uploads\\\/2023\\\/11\\\/Logo_horizontal_oscuroU-2023.png\",\"contentUrl\":\"https:\\\/\\\/www.ucaldas.edu.co\\\/portal\\\/wp-content\\\/uploads\\\/2023\\\/11\\\/Logo_horizontal_oscuroU-2023.png\",\"width\":263,\"height\":101,\"caption\":\"Universidad de Caldas\"},\"image\":{\"@id\":\"https:\\\/\\\/www.ucaldas.edu.co\\\/portal\\\/#\\\/schema\\\/logo\\\/image\\\/\"},\"sameAs\":[\"https:\\\/\\\/www.facebook.com\\\/udecaldas\",\"https:\\\/\\\/x.com\\\/udecaldas\",\"https:\\\/\\\/www.youtube.com\\\/universidadcaldas\",\"https:\\\/\\\/www.instagram.com\\\/udecaldas\\\/\"]},{\"@type\":\"Person\",\"@id\":\"https:\\\/\\\/www.ucaldas.edu.co\\\/portal\\\/#\\\/schema\\\/person\\\/a1b482e23449158b4bc319926c074fdf\",\"name\":\"ofiprensa\",\"image\":{\"@type\":\"ImageObject\",\"inLanguage\":\"es\",\"@id\":\"https:\\\/\\\/www.ucaldas.edu.co\\\/portal\\\/wp-content\\\/litespeed\\\/avatar\\\/09ea5085e600095a7a811142c6944527.jpg?ver=1777497608\",\"url\":\"https:\\\/\\\/www.ucaldas.edu.co\\\/portal\\\/wp-content\\\/litespeed\\\/avatar\\\/09ea5085e600095a7a811142c6944527.jpg?ver=1777497608\",\"contentUrl\":\"https:\\\/\\\/www.ucaldas.edu.co\\\/portal\\\/wp-content\\\/litespeed\\\/avatar\\\/09ea5085e600095a7a811142c6944527.jpg?ver=1777497608\",\"caption\":\"ofiprensa\"},\"url\":\"https:\\\/\\\/www.ucaldas.edu.co\\\/portal\\\/author\\\/ofiprensa\\\/\"}]}<\/script>\n<!-- \/ Yoast SEO plugin. -->","yoast_head_json":{"title":"Rector de la U. de Caldas lider\u00f3 taller sobre Ley 30, ante delegados de 7 universidades .","robots":{"index":"index","follow":"follow","max-snippet":"max-snippet:-1","max-image-preview":"max-image-preview:large","max-video-preview":"max-video-preview:-1"},"canonical":"https:\/\/www.ucaldas.edu.co\/portal\/rector-de-la-u-de-caldas-lidero-taller-sobre-ley-30-ante-delegados-de-7-universidades\/","schema":{"@context":"https:\/\/schema.org","@graph":[{"@type":"Article","@id":"https:\/\/www.ucaldas.edu.co\/portal\/rector-de-la-u-de-caldas-lidero-taller-sobre-ley-30-ante-delegados-de-7-universidades\/#article","isPartOf":{"@id":"https:\/\/www.ucaldas.edu.co\/portal\/rector-de-la-u-de-caldas-lidero-taller-sobre-ley-30-ante-delegados-de-7-universidades\/"},"author":{"name":"ofiprensa","@id":"https:\/\/www.ucaldas.edu.co\/portal\/#\/schema\/person\/a1b482e23449158b4bc319926c074fdf"},"headline":"Rector de la U. de Caldas lider\u00f3 taller sobre Ley 30, ante delegados de 7 universidades","datePublished":"2011-05-12T20:23:17+00:00","mainEntityOfPage":{"@id":"https:\/\/www.ucaldas.edu.co\/portal\/rector-de-la-u-de-caldas-lidero-taller-sobre-ley-30-ante-delegados-de-7-universidades\/"},"wordCount":304,"publisher":{"@id":"https:\/\/www.ucaldas.edu.co\/portal\/#organization"},"image":{"@id":"https:\/\/www.ucaldas.edu.co\/portal\/rector-de-la-u-de-caldas-lidero-taller-sobre-ley-30-ante-delegados-de-7-universidades\/#primaryimage"},"thumbnailUrl":"http:\/\/www.ucaldas.edu.co\/images\/tmp\/rector_7delegados.jpg","articleSection":["Actualidad","Universidad al D\u00eda"],"inLanguage":"es"},{"@type":"WebPage","@id":"https:\/\/www.ucaldas.edu.co\/portal\/rector-de-la-u-de-caldas-lidero-taller-sobre-ley-30-ante-delegados-de-7-universidades\/","url":"https:\/\/www.ucaldas.edu.co\/portal\/rector-de-la-u-de-caldas-lidero-taller-sobre-ley-30-ante-delegados-de-7-universidades\/","name":"Rector de la U. de Caldas lider\u00f3 taller sobre Ley 30, ante delegados de 7 universidades .","isPartOf":{"@id":"https:\/\/www.ucaldas.edu.co\/portal\/#website"},"primaryImageOfPage":{"@id":"https:\/\/www.ucaldas.edu.co\/portal\/rector-de-la-u-de-caldas-lidero-taller-sobre-ley-30-ante-delegados-de-7-universidades\/#primaryimage"},"image":{"@id":"https:\/\/www.ucaldas.edu.co\/portal\/rector-de-la-u-de-caldas-lidero-taller-sobre-ley-30-ante-delegados-de-7-universidades\/#primaryimage"},"thumbnailUrl":"http:\/\/www.ucaldas.edu.co\/images\/tmp\/rector_7delegados.jpg","datePublished":"2011-05-12T20:23:17+00:00","breadcrumb":{"@id":"https:\/\/www.ucaldas.edu.co\/portal\/rector-de-la-u-de-caldas-lidero-taller-sobre-ley-30-ante-delegados-de-7-universidades\/#breadcrumb"},"inLanguage":"es","potentialAction":[{"@type":"ReadAction","target":["https:\/\/www.ucaldas.edu.co\/portal\/rector-de-la-u-de-caldas-lidero-taller-sobre-ley-30-ante-delegados-de-7-universidades\/"]}]},{"@type":"ImageObject","inLanguage":"es","@id":"https:\/\/www.ucaldas.edu.co\/portal\/rector-de-la-u-de-caldas-lidero-taller-sobre-ley-30-ante-delegados-de-7-universidades\/#primaryimage","url":"http:\/\/www.ucaldas.edu.co\/images\/tmp\/rector_7delegados.jpg","contentUrl":"http:\/\/www.ucaldas.edu.co\/images\/tmp\/rector_7delegados.jpg"},{"@type":"BreadcrumbList","@id":"https:\/\/www.ucaldas.edu.co\/portal\/rector-de-la-u-de-caldas-lidero-taller-sobre-ley-30-ante-delegados-de-7-universidades\/#breadcrumb","itemListElement":[{"@type":"ListItem","position":1,"name":"Portada","item":"https:\/\/www.ucaldas.edu.co\/portal\/"},{"@type":"ListItem","position":2,"name":"Rector de la U. de Caldas lider\u00f3 taller sobre Ley 30, ante delegados de 7 universidades"}]},{"@type":"WebSite","@id":"https:\/\/www.ucaldas.edu.co\/portal\/#website","url":"https:\/\/www.ucaldas.edu.co\/portal\/","name":"Universidad de Caldas","description":"","publisher":{"@id":"https:\/\/www.ucaldas.edu.co\/portal\/#organization"},"alternateName":"U. de Caldas","potentialAction":[{"@type":"SearchAction","target":{"@type":"EntryPoint","urlTemplate":"https:\/\/www.ucaldas.edu.co\/portal\/?s={search_term_string}"},"query-input":{"@type":"PropertyValueSpecification","valueRequired":true,"valueName":"search_term_string"}}],"inLanguage":"es"},{"@type":"Organization","@id":"https:\/\/www.ucaldas.edu.co\/portal\/#organization","name":"Universidad de Caldas","alternateName":"U. de Caldas","url":"https:\/\/www.ucaldas.edu.co\/portal\/","logo":{"@type":"ImageObject","inLanguage":"es","@id":"https:\/\/www.ucaldas.edu.co\/portal\/#\/schema\/logo\/image\/","url":"https:\/\/www.ucaldas.edu.co\/portal\/wp-content\/uploads\/2023\/11\/Logo_horizontal_oscuroU-2023.png","contentUrl":"https:\/\/www.ucaldas.edu.co\/portal\/wp-content\/uploads\/2023\/11\/Logo_horizontal_oscuroU-2023.png","width":263,"height":101,"caption":"Universidad de Caldas"},"image":{"@id":"https:\/\/www.ucaldas.edu.co\/portal\/#\/schema\/logo\/image\/"},"sameAs":["https:\/\/www.facebook.com\/udecaldas","https:\/\/x.com\/udecaldas","https:\/\/www.youtube.com\/universidadcaldas","https:\/\/www.instagram.com\/udecaldas\/"]},{"@type":"Person","@id":"https:\/\/www.ucaldas.edu.co\/portal\/#\/schema\/person\/a1b482e23449158b4bc319926c074fdf","name":"ofiprensa","image":{"@type":"ImageObject","inLanguage":"es","@id":"https:\/\/www.ucaldas.edu.co\/portal\/wp-content\/litespeed\/avatar\/09ea5085e600095a7a811142c6944527.jpg?ver=1777497608","url":"https:\/\/www.ucaldas.edu.co\/portal\/wp-content\/litespeed\/avatar\/09ea5085e600095a7a811142c6944527.jpg?ver=1777497608","contentUrl":"https:\/\/www.ucaldas.edu.co\/portal\/wp-content\/litespeed\/avatar\/09ea5085e600095a7a811142c6944527.jpg?ver=1777497608","caption":"ofiprensa"},"url":"https:\/\/www.ucaldas.edu.co\/portal\/author\/ofiprensa\/"}]}},"_links":{"self":[{"href":"https:\/\/www.ucaldas.edu.co\/portal\/wp-json\/wp\/v2\/posts\/8666","targetHints":{"allow":["GET"]}}],"collection":[{"href":"https:\/\/www.ucaldas.edu.co\/portal\/wp-json\/wp\/v2\/posts"}],"about":[{"href":"https:\/\/www.ucaldas.edu.co\/portal\/wp-json\/wp\/v2\/types\/post"}],"author":[{"embeddable":true,"href":"https:\/\/www.ucaldas.edu.co\/portal\/wp-json\/wp\/v2\/users\/2"}],"replies":[{"embeddable":true,"href":"https:\/\/www.ucaldas.edu.co\/portal\/wp-json\/wp\/v2\/comments?post=8666"}],"version-history":[{"count":0,"href":"https:\/\/www.ucaldas.edu.co\/portal\/wp-json\/wp\/v2\/posts\/8666\/revisions"}],"wp:attachment":[{"href":"https:\/\/www.ucaldas.edu.co\/portal\/wp-json\/wp\/v2\/media?parent=8666"}],"wp:term":[{"taxonomy":"category","embeddable":true,"href":"https:\/\/www.ucaldas.edu.co\/portal\/wp-json\/wp\/v2\/categories?post=8666"},{"taxonomy":"post_tag","embeddable":true,"href":"https:\/\/www.ucaldas.edu.co\/portal\/wp-json\/wp\/v2\/tags?post=8666"}],"curies":[{"name":"wp","href":"https:\/\/api.w.org\/{rel}","templated":true}]}}