{"id":8664,"date":"2011-05-12T15:22:31","date_gmt":"2011-05-12T20:22:31","guid":{"rendered":"https:\/\/www.ucaldas.edu.co\/portal\/?p=8664"},"modified":"2011-05-12T15:22:31","modified_gmt":"2011-05-12T20:22:31","slug":"8664-2","status":"publish","type":"post","link":"https:\/\/www.ucaldas.edu.co\/portal\/8664-2\/","title":{"rendered":""},"content":{"rendered":"<p>Se trata de la mezzosoprano Mar\u00eda Clara Chavarriaga Rey<\/p>\n<hr \/>\n<p>&nbsp;<\/p>\n<p align=\"center\">\n<p align=\"right\"><b>12\/05\/2011<\/b><\/p>\n<p align=\"right\"><b>\u00a0<\/b><\/p>\n<table border=\"0\">\n<tbody>\n<tr>\n<td>\u00a0<img loading=\"lazy\" decoding=\"async\" style=\"border: 0px\" alt=\"Maria\" src=\"http:\/\/www.ucaldas.edu.co\/images\/tmp\/Maria_Clara_Chavarriaga_docente_Conservatorio_Musica_UCaldas.JPG\" width=\"240\" height=\"150\" border=\"0\" \/><\/td>\n<td>La <b>mezzosoprano Mar\u00eda Clara Chavarriaga Rey<\/b>, <b>docente<\/b> del <b>Conservatorio de M\u00fasica<\/b> de la <b>Universidad<\/b><b> de Caldas<\/b>, es <b>una <\/b>de las<b> colombianas<\/b> invitadas a la <b>Jornada Internacional<\/b><b> de Integraci\u00f3n<\/b> <b>de Profesionales de la Voz Cantada,<\/b> que se realizar\u00e1 este <b>viernes 13<\/b> y el <b>s\u00e1bado 14<\/b> de <b>mayo<\/b> en <b>C\u00f3rdoba <\/b>(Argentina).<\/td>\n<\/tr>\n<\/tbody>\n<\/table>\n<p>All\u00ed dictar\u00e1 la conferencia <i>El rol y cuidados del cantante l\u00edrico<\/i><i>. <\/i>Fue invitada por la Fundaci\u00f3n Iberoamericana de Voz Cantada y Hablada (FIVCH). En este evento participar\u00e1n conferencistas de Argentina, Chile y Brasil.<\/p>\n<p>&nbsp;<\/p>\n<p>El lema del evento es <i>La integraci\u00f3n de conocimientos<\/i>. Se realizar\u00e1n mesas de discusi\u00f3n, conferencias, seminarios, talleres, trabajos libres e investigaciones en voz cantada.<\/p>\n<p>&nbsp;<\/p>\n<p>Adem\u00e1s, Chavarriaga Rey cerrar\u00e1 el evento con un concierto en el que interpretar\u00e1 temas como <i>La Habanera<\/i>, de Carmen de Bizet; Stride La Vampa, de Giuseppe Verdi; Ombra Mai Fu, de Haendel, entre otros.<\/p>\n<p>&nbsp;<\/p>\n<p>La otra colombiana invitada al evento es Adriana Moreno M\u00e9ndez, Fonoaudi\u00f3loga de la Universidad Manuela Beltr\u00e1n, m\u00fasico y pianista del Conservatorio de m\u00fasica del Tolima y Universidad Nacional de Colombia.<\/p>\n<p>&nbsp;<\/p>\n<p>Por otra parte, Chavarriaga Rey lidera la Red Colombiana de Voz Hablada y Cantada. Para conocerla haga clic <a href=\"http:\/\/www.facebook.com\/home.php?sk=group_173831542662776\" target=\"_blank\">aqu\u00ed. <\/a><\/p>\n<p>&nbsp;<\/p>\n<p><b>Hoja de vida de Chavarriaga Rey<\/b><\/p>\n<p>Vivi\u00f3 en Italia 11 a\u00f1os, all\u00ed estudi\u00f3 repertorio y t\u00e9cnica vocal. Cant\u00f3 con la Opera de Colombia desde el 1977 hasta 1984. Ha desarrollado una intensa actividad concertista en pa\u00edses como Suiza, Italia, Estados Unidos, M\u00e9xico y Costa Rica.<\/p>\n<p>&nbsp;<\/p>\n<p>En 1990 estren\u00f3 la obra Planctus Mariae de Maurizio Costioli y Mario Pagliarani para la televisi\u00f3n suiza. Fue solista desde 1987 a 1992 en la Orquesta Antonio Vivaldi en Lugano (Suiza), adem\u00e1s fue Directora Art\u00edstica de la Asociaci\u00f3n Sui Sentieri della Musica, en Italia.<\/p>\n<p>&nbsp;<\/p>\n<p>Desde el a\u00f1o 2000 ense\u00f1a en la Universidad de Caldas canto, t\u00e9cnica vocal y foniatr\u00eda. En el 2010 volvi\u00f3 a Italia donde cant\u00f3 al lado del famoso bar\u00edtono Pier Paolo Cappucc.<\/p>\n<p><b>\u00a0<\/b><\/p>\n<p><b>Informes: <\/b>en la Oficina de Prensa de la U. de Caldas. Tel\u00e9fono: 878 15 00, extensi\u00f3n 12 167.<\/p>\n","protected":false},"excerpt":{"rendered":"<p>Se trata de la mezzosoprano Mar\u00eda Clara Chavarriaga Rey &nbsp; 12\/05\/2011 \u00a0 \u00a0 La mezzosoprano Mar\u00eda Clara Chavarriaga Rey, docente del Conservatorio de M\u00fasica de la Universidad de Caldas, es una de las colombianas invitadas a la Jornada Internacional de Integraci\u00f3n de Profesionales de la Voz Cantada, que se realizar\u00e1 este viernes 13 y el [&hellip;]<\/p>\n","protected":false},"author":2,"featured_media":0,"comment_status":"closed","ping_status":"closed","sticky":false,"template":"","format":"standard","meta":{"footnotes":""},"categories":[48,53],"tags":[],"class_list":["post-8664","post","type-post","status-publish","format-standard","hentry","category-actualidad","category-universidad-al-dia"],"yoast_head":"<!-- This site is optimized with the Yoast SEO plugin v27.5 - https:\/\/yoast.com\/product\/yoast-seo-wordpress\/ -->\n<title>.<\/title>\n<meta name=\"robots\" content=\"index, follow, max-snippet:-1, max-image-preview:large, max-video-preview:-1\" \/>\n<link rel=\"canonical\" href=\"https:\/\/www.ucaldas.edu.co\/portal\/8664-2\/\" \/>\n<script type=\"application\/ld+json\" class=\"yoast-schema-graph\">{\"@context\":\"https:\\\/\\\/schema.org\",\"@graph\":[{\"@type\":\"Article\",\"@id\":\"https:\\\/\\\/www.ucaldas.edu.co\\\/portal\\\/8664-2\\\/#article\",\"isPartOf\":{\"@id\":\"https:\\\/\\\/www.ucaldas.edu.co\\\/portal\\\/8664-2\\\/\"},\"author\":{\"name\":\"ofiprensa\",\"@id\":\"https:\\\/\\\/www.ucaldas.edu.co\\\/portal\\\/#\\\/schema\\\/person\\\/a1b482e23449158b4bc319926c074fdf\"},\"headline\":\"Sin t\u00edtulo\",\"datePublished\":\"2011-05-12T20:22:31+00:00\",\"mainEntityOfPage\":{\"@id\":\"https:\\\/\\\/www.ucaldas.edu.co\\\/portal\\\/8664-2\\\/\"},\"wordCount\":362,\"publisher\":{\"@id\":\"https:\\\/\\\/www.ucaldas.edu.co\\\/portal\\\/#organization\"},\"image\":{\"@id\":\"https:\\\/\\\/www.ucaldas.edu.co\\\/portal\\\/8664-2\\\/#primaryimage\"},\"thumbnailUrl\":\"http:\\\/\\\/www.ucaldas.edu.co\\\/images\\\/tmp\\\/Maria_Clara_Chavarriaga_docente_Conservatorio_Musica_UCaldas.JPG\",\"articleSection\":[\"Actualidad\",\"Universidad al D\u00eda\"],\"inLanguage\":\"es\"},{\"@type\":\"WebPage\",\"@id\":\"https:\\\/\\\/www.ucaldas.edu.co\\\/portal\\\/8664-2\\\/\",\"url\":\"https:\\\/\\\/www.ucaldas.edu.co\\\/portal\\\/8664-2\\\/\",\"name\":\".\",\"isPartOf\":{\"@id\":\"https:\\\/\\\/www.ucaldas.edu.co\\\/portal\\\/#website\"},\"primaryImageOfPage\":{\"@id\":\"https:\\\/\\\/www.ucaldas.edu.co\\\/portal\\\/8664-2\\\/#primaryimage\"},\"image\":{\"@id\":\"https:\\\/\\\/www.ucaldas.edu.co\\\/portal\\\/8664-2\\\/#primaryimage\"},\"thumbnailUrl\":\"http:\\\/\\\/www.ucaldas.edu.co\\\/images\\\/tmp\\\/Maria_Clara_Chavarriaga_docente_Conservatorio_Musica_UCaldas.JPG\",\"datePublished\":\"2011-05-12T20:22:31+00:00\",\"inLanguage\":\"es\",\"potentialAction\":[{\"@type\":\"ReadAction\",\"target\":[\"https:\\\/\\\/www.ucaldas.edu.co\\\/portal\\\/8664-2\\\/\"]}]},{\"@type\":\"ImageObject\",\"inLanguage\":\"es\",\"@id\":\"https:\\\/\\\/www.ucaldas.edu.co\\\/portal\\\/8664-2\\\/#primaryimage\",\"url\":\"http:\\\/\\\/www.ucaldas.edu.co\\\/images\\\/tmp\\\/Maria_Clara_Chavarriaga_docente_Conservatorio_Musica_UCaldas.JPG\",\"contentUrl\":\"http:\\\/\\\/www.ucaldas.edu.co\\\/images\\\/tmp\\\/Maria_Clara_Chavarriaga_docente_Conservatorio_Musica_UCaldas.JPG\"},{\"@type\":\"WebSite\",\"@id\":\"https:\\\/\\\/www.ucaldas.edu.co\\\/portal\\\/#website\",\"url\":\"https:\\\/\\\/www.ucaldas.edu.co\\\/portal\\\/\",\"name\":\"Universidad de Caldas\",\"description\":\"\",\"publisher\":{\"@id\":\"https:\\\/\\\/www.ucaldas.edu.co\\\/portal\\\/#organization\"},\"alternateName\":\"U. de Caldas\",\"potentialAction\":[{\"@type\":\"SearchAction\",\"target\":{\"@type\":\"EntryPoint\",\"urlTemplate\":\"https:\\\/\\\/www.ucaldas.edu.co\\\/portal\\\/?s={search_term_string}\"},\"query-input\":{\"@type\":\"PropertyValueSpecification\",\"valueRequired\":true,\"valueName\":\"search_term_string\"}}],\"inLanguage\":\"es\"},{\"@type\":\"Organization\",\"@id\":\"https:\\\/\\\/www.ucaldas.edu.co\\\/portal\\\/#organization\",\"name\":\"Universidad de Caldas\",\"alternateName\":\"U. de Caldas\",\"url\":\"https:\\\/\\\/www.ucaldas.edu.co\\\/portal\\\/\",\"logo\":{\"@type\":\"ImageObject\",\"inLanguage\":\"es\",\"@id\":\"https:\\\/\\\/www.ucaldas.edu.co\\\/portal\\\/#\\\/schema\\\/logo\\\/image\\\/\",\"url\":\"https:\\\/\\\/www.ucaldas.edu.co\\\/portal\\\/wp-content\\\/uploads\\\/2023\\\/11\\\/Logo_horizontal_oscuroU-2023.png\",\"contentUrl\":\"https:\\\/\\\/www.ucaldas.edu.co\\\/portal\\\/wp-content\\\/uploads\\\/2023\\\/11\\\/Logo_horizontal_oscuroU-2023.png\",\"width\":263,\"height\":101,\"caption\":\"Universidad de Caldas\"},\"image\":{\"@id\":\"https:\\\/\\\/www.ucaldas.edu.co\\\/portal\\\/#\\\/schema\\\/logo\\\/image\\\/\"},\"sameAs\":[\"https:\\\/\\\/www.facebook.com\\\/udecaldas\",\"https:\\\/\\\/x.com\\\/udecaldas\",\"https:\\\/\\\/www.youtube.com\\\/universidadcaldas\",\"https:\\\/\\\/www.instagram.com\\\/udecaldas\\\/\"]},{\"@type\":\"Person\",\"@id\":\"https:\\\/\\\/www.ucaldas.edu.co\\\/portal\\\/#\\\/schema\\\/person\\\/a1b482e23449158b4bc319926c074fdf\",\"name\":\"ofiprensa\",\"image\":{\"@type\":\"ImageObject\",\"inLanguage\":\"es\",\"@id\":\"https:\\\/\\\/www.ucaldas.edu.co\\\/portal\\\/wp-content\\\/litespeed\\\/avatar\\\/09ea5085e600095a7a811142c6944527.jpg?ver=1777497608\",\"url\":\"https:\\\/\\\/www.ucaldas.edu.co\\\/portal\\\/wp-content\\\/litespeed\\\/avatar\\\/09ea5085e600095a7a811142c6944527.jpg?ver=1777497608\",\"contentUrl\":\"https:\\\/\\\/www.ucaldas.edu.co\\\/portal\\\/wp-content\\\/litespeed\\\/avatar\\\/09ea5085e600095a7a811142c6944527.jpg?ver=1777497608\",\"caption\":\"ofiprensa\"},\"url\":\"https:\\\/\\\/www.ucaldas.edu.co\\\/portal\\\/author\\\/ofiprensa\\\/\"}]}<\/script>\n<!-- \/ Yoast SEO plugin. -->","yoast_head_json":{"title":".","robots":{"index":"index","follow":"follow","max-snippet":"max-snippet:-1","max-image-preview":"max-image-preview:large","max-video-preview":"max-video-preview:-1"},"canonical":"https:\/\/www.ucaldas.edu.co\/portal\/8664-2\/","schema":{"@context":"https:\/\/schema.org","@graph":[{"@type":"Article","@id":"https:\/\/www.ucaldas.edu.co\/portal\/8664-2\/#article","isPartOf":{"@id":"https:\/\/www.ucaldas.edu.co\/portal\/8664-2\/"},"author":{"name":"ofiprensa","@id":"https:\/\/www.ucaldas.edu.co\/portal\/#\/schema\/person\/a1b482e23449158b4bc319926c074fdf"},"headline":"Sin t\u00edtulo","datePublished":"2011-05-12T20:22:31+00:00","mainEntityOfPage":{"@id":"https:\/\/www.ucaldas.edu.co\/portal\/8664-2\/"},"wordCount":362,"publisher":{"@id":"https:\/\/www.ucaldas.edu.co\/portal\/#organization"},"image":{"@id":"https:\/\/www.ucaldas.edu.co\/portal\/8664-2\/#primaryimage"},"thumbnailUrl":"http:\/\/www.ucaldas.edu.co\/images\/tmp\/Maria_Clara_Chavarriaga_docente_Conservatorio_Musica_UCaldas.JPG","articleSection":["Actualidad","Universidad al D\u00eda"],"inLanguage":"es"},{"@type":"WebPage","@id":"https:\/\/www.ucaldas.edu.co\/portal\/8664-2\/","url":"https:\/\/www.ucaldas.edu.co\/portal\/8664-2\/","name":".","isPartOf":{"@id":"https:\/\/www.ucaldas.edu.co\/portal\/#website"},"primaryImageOfPage":{"@id":"https:\/\/www.ucaldas.edu.co\/portal\/8664-2\/#primaryimage"},"image":{"@id":"https:\/\/www.ucaldas.edu.co\/portal\/8664-2\/#primaryimage"},"thumbnailUrl":"http:\/\/www.ucaldas.edu.co\/images\/tmp\/Maria_Clara_Chavarriaga_docente_Conservatorio_Musica_UCaldas.JPG","datePublished":"2011-05-12T20:22:31+00:00","inLanguage":"es","potentialAction":[{"@type":"ReadAction","target":["https:\/\/www.ucaldas.edu.co\/portal\/8664-2\/"]}]},{"@type":"ImageObject","inLanguage":"es","@id":"https:\/\/www.ucaldas.edu.co\/portal\/8664-2\/#primaryimage","url":"http:\/\/www.ucaldas.edu.co\/images\/tmp\/Maria_Clara_Chavarriaga_docente_Conservatorio_Musica_UCaldas.JPG","contentUrl":"http:\/\/www.ucaldas.edu.co\/images\/tmp\/Maria_Clara_Chavarriaga_docente_Conservatorio_Musica_UCaldas.JPG"},{"@type":"WebSite","@id":"https:\/\/www.ucaldas.edu.co\/portal\/#website","url":"https:\/\/www.ucaldas.edu.co\/portal\/","name":"Universidad de Caldas","description":"","publisher":{"@id":"https:\/\/www.ucaldas.edu.co\/portal\/#organization"},"alternateName":"U. de Caldas","potentialAction":[{"@type":"SearchAction","target":{"@type":"EntryPoint","urlTemplate":"https:\/\/www.ucaldas.edu.co\/portal\/?s={search_term_string}"},"query-input":{"@type":"PropertyValueSpecification","valueRequired":true,"valueName":"search_term_string"}}],"inLanguage":"es"},{"@type":"Organization","@id":"https:\/\/www.ucaldas.edu.co\/portal\/#organization","name":"Universidad de Caldas","alternateName":"U. de Caldas","url":"https:\/\/www.ucaldas.edu.co\/portal\/","logo":{"@type":"ImageObject","inLanguage":"es","@id":"https:\/\/www.ucaldas.edu.co\/portal\/#\/schema\/logo\/image\/","url":"https:\/\/www.ucaldas.edu.co\/portal\/wp-content\/uploads\/2023\/11\/Logo_horizontal_oscuroU-2023.png","contentUrl":"https:\/\/www.ucaldas.edu.co\/portal\/wp-content\/uploads\/2023\/11\/Logo_horizontal_oscuroU-2023.png","width":263,"height":101,"caption":"Universidad de Caldas"},"image":{"@id":"https:\/\/www.ucaldas.edu.co\/portal\/#\/schema\/logo\/image\/"},"sameAs":["https:\/\/www.facebook.com\/udecaldas","https:\/\/x.com\/udecaldas","https:\/\/www.youtube.com\/universidadcaldas","https:\/\/www.instagram.com\/udecaldas\/"]},{"@type":"Person","@id":"https:\/\/www.ucaldas.edu.co\/portal\/#\/schema\/person\/a1b482e23449158b4bc319926c074fdf","name":"ofiprensa","image":{"@type":"ImageObject","inLanguage":"es","@id":"https:\/\/www.ucaldas.edu.co\/portal\/wp-content\/litespeed\/avatar\/09ea5085e600095a7a811142c6944527.jpg?ver=1777497608","url":"https:\/\/www.ucaldas.edu.co\/portal\/wp-content\/litespeed\/avatar\/09ea5085e600095a7a811142c6944527.jpg?ver=1777497608","contentUrl":"https:\/\/www.ucaldas.edu.co\/portal\/wp-content\/litespeed\/avatar\/09ea5085e600095a7a811142c6944527.jpg?ver=1777497608","caption":"ofiprensa"},"url":"https:\/\/www.ucaldas.edu.co\/portal\/author\/ofiprensa\/"}]}},"_links":{"self":[{"href":"https:\/\/www.ucaldas.edu.co\/portal\/wp-json\/wp\/v2\/posts\/8664","targetHints":{"allow":["GET"]}}],"collection":[{"href":"https:\/\/www.ucaldas.edu.co\/portal\/wp-json\/wp\/v2\/posts"}],"about":[{"href":"https:\/\/www.ucaldas.edu.co\/portal\/wp-json\/wp\/v2\/types\/post"}],"author":[{"embeddable":true,"href":"https:\/\/www.ucaldas.edu.co\/portal\/wp-json\/wp\/v2\/users\/2"}],"replies":[{"embeddable":true,"href":"https:\/\/www.ucaldas.edu.co\/portal\/wp-json\/wp\/v2\/comments?post=8664"}],"version-history":[{"count":0,"href":"https:\/\/www.ucaldas.edu.co\/portal\/wp-json\/wp\/v2\/posts\/8664\/revisions"}],"wp:attachment":[{"href":"https:\/\/www.ucaldas.edu.co\/portal\/wp-json\/wp\/v2\/media?parent=8664"}],"wp:term":[{"taxonomy":"category","embeddable":true,"href":"https:\/\/www.ucaldas.edu.co\/portal\/wp-json\/wp\/v2\/categories?post=8664"},{"taxonomy":"post_tag","embeddable":true,"href":"https:\/\/www.ucaldas.edu.co\/portal\/wp-json\/wp\/v2\/tags?post=8664"}],"curies":[{"name":"wp","href":"https:\/\/api.w.org\/{rel}","templated":true}]}}