{"id":86634,"date":"2025-03-14T10:53:06","date_gmt":"2025-03-14T15:53:06","guid":{"rendered":"https:\/\/www.ucaldas.edu.co\/portal\/?p=86634"},"modified":"2025-03-14T10:53:06","modified_gmt":"2025-03-14T15:53:06","slug":"investigadora-del-tec-de-monterrey-visita-la-universidad-de-caldas-para-dialogar-sobre-el-futuro-de-la-educacion","status":"publish","type":"post","link":"https:\/\/www.ucaldas.edu.co\/portal\/investigadora-del-tec-de-monterrey-visita-la-universidad-de-caldas-para-dialogar-sobre-el-futuro-de-la-educacion\/","title":{"rendered":"Investigadora del Tec de Monterrey visita la Universidad de Caldas para dialogar sobre el futuro de la educaci\u00f3n"},"content":{"rendered":"<p><img loading=\"lazy\" decoding=\"async\" class=\"alignnone  wp-image-86635\" src=\"https:\/\/www.ucaldas.edu.co\/portal\/wp-content\/uploads\/2025\/03\/Tec-Monterrey-300x200.jpg\" alt=\"\" width=\"825\" height=\"550\" \/><\/p>\n<p style=\"text-align: justify;\">Durante la presente semana, la Universidad de Caldas fue el escenario de una serie de actividades acad\u00e9micas enfocadas en la investigaci\u00f3n y la educaci\u00f3n, con la presencia especial de la Dra. Valentina Rueda Castro, Doctora en Neurociencia e Investigadora y representante del Tecnol\u00f3gico de Monterrey, M\u00e9xico. Su visita busc\u00f3 fortalecer el di\u00e1logo sobre las tendencias del futuro y explorar posibles alianzas con la prestigiosa instituci\u00f3n mexicana.<!--more--><\/p>\n<p style=\"text-align: justify;\">Uno de los eventos centrales fue la charla o conferencia sobre la presentaci\u00f3n del Tecnol\u00f3gico de Monterrey y el Instituto para el Futuro de la Educaci\u00f3n (IFE), en esta charla, la Dra. Rueda Castro dio a conocer el trabajo que realiza el IFE y las oportunidades de colaboraci\u00f3n con la Universidad de Caldas en materia de investigaci\u00f3n educativa.<\/p>\n<p style=\"text-align: justify;\">Asimismo, se llev\u00f3 a cabo la conferencia: \u201cFuture Skills: Habilidades esenciales para el futuro de la educaci\u00f3n\u201d, donde se discuti\u00f3 las competencias clave que estudiantes\u00a0y docentes deber\u00e1n desarrollar para afrontar los desaf\u00edos de un mundo en constante cambio. Este espacio busc\u00f3 generar reflexiones sobre la importancia de la innovaci\u00f3n en la ense\u00f1anza y el aprendizaje.<\/p>\n<p style=\"text-align: justify;\"><em>\u201cQuienes asistieron a estas conferencias pudieron aprender acerca del Instituto para el Futuro de la Educaci\u00f3n, qu\u00e9 investigaci\u00f3n se realiza all\u00ed y qu\u00e9 se podr\u00eda replicar, que alianzas se podr\u00edan desarrollar, con el Tecnol\u00f3gico de Monterrey y los proyectos en general de investigaci\u00f3n que tenemos. Adem\u00e1s, hablamos de por qu\u00e9 son importantes las habilidades para el futuro tanto para profesores como para estudiantes\u201d<\/em> afirmo la Dra., Valentina Rueda Castro.<\/p>\n<p style=\"text-align: justify;\">A la actividad asistieron docentes, investigadores y estudiantes de la Universidad de Caldas que deseen ampliar sus conocimientos sobre innovaci\u00f3n educativa y conectarse con una de las instituciones l\u00edderes en educaci\u00f3n en Am\u00e9rica Latina. Estos encuentros prometen ser una valiosa oportunidad para el desarrollo acad\u00e9mico y profesional.<\/p>\n<p style=\"text-align: justify;\">\n<p style=\"text-align: justify;\"><strong>Anexo:<\/strong><\/p>\n<ul style=\"text-align: justify;\">\n<li><a href=\"https:\/\/www.ucaldas.edu.co\/portal\/wp-content\/uploads\/2025\/03\/Full-Tec-Monterrey-Valeria-Investigadora-Monterrey.mp3\"><strong>Investigadora del Tecnol\u00f3gico de Monterrey, Valentina Rueda Castro.<\/strong><\/a><\/li>\n<\/ul>\n<ul style=\"text-align: justify;\">\n<li><audio class=\"wp-audio-shortcode\" id=\"audio-86634-1\" preload=\"none\" style=\"width: 100%;\" controls=\"controls\"><source type=\"audio\/mpeg\" src=\"https:\/\/www.ucaldas.edu.co\/portal\/wp-content\/uploads\/2025\/03\/Full-Tec-Monterrey-Valeria-Investigadora-Monterrey.mp3?_=1\" \/><a href=\"https:\/\/www.ucaldas.edu.co\/portal\/wp-content\/uploads\/2025\/03\/Full-Tec-Monterrey-Valeria-Investigadora-Monterrey.mp3\">https:\/\/www.ucaldas.edu.co\/portal\/wp-content\/uploads\/2025\/03\/Full-Tec-Monterrey-Valeria-Investigadora-Monterrey.mp3<\/a><\/audio>\n<p><a href=\"https:\/\/www.ucaldas.edu.co\/portal\/wp-content\/uploads\/2025\/03\/Full-Tec-Monterrey-Profe-Margarita.mp3\"><strong>Jefe Oficina Internacionalizaci\u00f3n, Margarita Mar\u00eda L\u00f3pez Pinz\u00f3n<\/strong><\/a><\/li>\n<\/ul>\n<audio class=\"wp-audio-shortcode\" id=\"audio-86634-2\" preload=\"none\" style=\"width: 100%;\" controls=\"controls\"><source type=\"audio\/mpeg\" src=\"https:\/\/www.ucaldas.edu.co\/portal\/wp-content\/uploads\/2025\/03\/Full-Tec-Monterrey-Profe-Margarita.mp3?_=2\" \/><a href=\"https:\/\/www.ucaldas.edu.co\/portal\/wp-content\/uploads\/2025\/03\/Full-Tec-Monterrey-Profe-Margarita.mp3\">https:\/\/www.ucaldas.edu.co\/portal\/wp-content\/uploads\/2025\/03\/Full-Tec-Monterrey-Profe-Margarita.mp3<\/a><\/audio>\n","protected":false},"excerpt":{"rendered":"<p>Durante la presente semana, la Universidad de Caldas fue el escenario de una serie de actividades acad\u00e9micas enfocadas en la investigaci\u00f3n y la educaci\u00f3n, con la presencia especial de la Dra. Valentina Rueda Castro, Doctora en Neurociencia e Investigadora y representante del Tecnol\u00f3gico de Monterrey, M\u00e9xico. Su visita busc\u00f3 fortalecer el di\u00e1logo sobre las tendencias [&hellip;]<\/p>\n","protected":false},"author":2,"featured_media":86635,"comment_status":"closed","ping_status":"open","sticky":false,"template":"","format":"standard","meta":{"footnotes":""},"categories":[48,53,614],"tags":[270,8902,9425],"class_list":["post-86634","post","type-post","status-publish","format-standard","has-post-thumbnail","hentry","category-actualidad","category-universidad-al-dia","category-ucaldas-internacional","tag-internacionalizacion","tag-actualidad-educacion","tag-academia-e-investigacion"],"yoast_head":"<!-- This site is optimized with the Yoast SEO plugin v27.5 - https:\/\/yoast.com\/product\/yoast-seo-wordpress\/ -->\n<title>Investigadora del Tec de Monterrey visita la Universidad de Caldas para dialogar sobre el futuro de la educaci\u00f3n .<\/title>\n<meta name=\"robots\" content=\"index, follow, max-snippet:-1, max-image-preview:large, max-video-preview:-1\" \/>\n<link rel=\"canonical\" href=\"https:\/\/www.ucaldas.edu.co\/portal\/investigadora-del-tec-de-monterrey-visita-la-universidad-de-caldas-para-dialogar-sobre-el-futuro-de-la-educacion\/\" \/>\n<script type=\"application\/ld+json\" class=\"yoast-schema-graph\">{\"@context\":\"https:\\\/\\\/schema.org\",\"@graph\":[{\"@type\":\"Article\",\"@id\":\"https:\\\/\\\/www.ucaldas.edu.co\\\/portal\\\/investigadora-del-tec-de-monterrey-visita-la-universidad-de-caldas-para-dialogar-sobre-el-futuro-de-la-educacion\\\/#article\",\"isPartOf\":{\"@id\":\"https:\\\/\\\/www.ucaldas.edu.co\\\/portal\\\/investigadora-del-tec-de-monterrey-visita-la-universidad-de-caldas-para-dialogar-sobre-el-futuro-de-la-educacion\\\/\"},\"author\":{\"name\":\"ofiprensa\",\"@id\":\"https:\\\/\\\/www.ucaldas.edu.co\\\/portal\\\/#\\\/schema\\\/person\\\/a1b482e23449158b4bc319926c074fdf\"},\"headline\":\"Investigadora del Tec de Monterrey visita la Universidad de Caldas para dialogar sobre el futuro de la educaci\u00f3n\",\"datePublished\":\"2025-03-14T15:53:06+00:00\",\"mainEntityOfPage\":{\"@id\":\"https:\\\/\\\/www.ucaldas.edu.co\\\/portal\\\/investigadora-del-tec-de-monterrey-visita-la-universidad-de-caldas-para-dialogar-sobre-el-futuro-de-la-educacion\\\/\"},\"wordCount\":391,\"publisher\":{\"@id\":\"https:\\\/\\\/www.ucaldas.edu.co\\\/portal\\\/#organization\"},\"image\":{\"@id\":\"https:\\\/\\\/www.ucaldas.edu.co\\\/portal\\\/investigadora-del-tec-de-monterrey-visita-la-universidad-de-caldas-para-dialogar-sobre-el-futuro-de-la-educacion\\\/#primaryimage\"},\"thumbnailUrl\":\"https:\\\/\\\/www.ucaldas.edu.co\\\/portal\\\/wp-content\\\/uploads\\\/2025\\\/03\\\/Tec-Monterrey-e1741967524934.jpg\",\"keywords\":[\"Internacionalizaci\u00f3n\",\"actualidad educaci\u00f3n\",\"academia e investigaci\u00f3n\"],\"articleSection\":[\"Actualidad\",\"Universidad al D\u00eda\",\"Ucaldas Internacional\"],\"inLanguage\":\"es\"},{\"@type\":\"WebPage\",\"@id\":\"https:\\\/\\\/www.ucaldas.edu.co\\\/portal\\\/investigadora-del-tec-de-monterrey-visita-la-universidad-de-caldas-para-dialogar-sobre-el-futuro-de-la-educacion\\\/\",\"url\":\"https:\\\/\\\/www.ucaldas.edu.co\\\/portal\\\/investigadora-del-tec-de-monterrey-visita-la-universidad-de-caldas-para-dialogar-sobre-el-futuro-de-la-educacion\\\/\",\"name\":\"Investigadora del Tec de Monterrey visita la Universidad de Caldas para dialogar sobre el futuro de la educaci\u00f3n .\",\"isPartOf\":{\"@id\":\"https:\\\/\\\/www.ucaldas.edu.co\\\/portal\\\/#website\"},\"primaryImageOfPage\":{\"@id\":\"https:\\\/\\\/www.ucaldas.edu.co\\\/portal\\\/investigadora-del-tec-de-monterrey-visita-la-universidad-de-caldas-para-dialogar-sobre-el-futuro-de-la-educacion\\\/#primaryimage\"},\"image\":{\"@id\":\"https:\\\/\\\/www.ucaldas.edu.co\\\/portal\\\/investigadora-del-tec-de-monterrey-visita-la-universidad-de-caldas-para-dialogar-sobre-el-futuro-de-la-educacion\\\/#primaryimage\"},\"thumbnailUrl\":\"https:\\\/\\\/www.ucaldas.edu.co\\\/portal\\\/wp-content\\\/uploads\\\/2025\\\/03\\\/Tec-Monterrey-e1741967524934.jpg\",\"datePublished\":\"2025-03-14T15:53:06+00:00\",\"breadcrumb\":{\"@id\":\"https:\\\/\\\/www.ucaldas.edu.co\\\/portal\\\/investigadora-del-tec-de-monterrey-visita-la-universidad-de-caldas-para-dialogar-sobre-el-futuro-de-la-educacion\\\/#breadcrumb\"},\"inLanguage\":\"es\",\"potentialAction\":[{\"@type\":\"ReadAction\",\"target\":[\"https:\\\/\\\/www.ucaldas.edu.co\\\/portal\\\/investigadora-del-tec-de-monterrey-visita-la-universidad-de-caldas-para-dialogar-sobre-el-futuro-de-la-educacion\\\/\"]}]},{\"@type\":\"ImageObject\",\"inLanguage\":\"es\",\"@id\":\"https:\\\/\\\/www.ucaldas.edu.co\\\/portal\\\/investigadora-del-tec-de-monterrey-visita-la-universidad-de-caldas-para-dialogar-sobre-el-futuro-de-la-educacion\\\/#primaryimage\",\"url\":\"https:\\\/\\\/www.ucaldas.edu.co\\\/portal\\\/wp-content\\\/uploads\\\/2025\\\/03\\\/Tec-Monterrey-e1741967524934.jpg\",\"contentUrl\":\"https:\\\/\\\/www.ucaldas.edu.co\\\/portal\\\/wp-content\\\/uploads\\\/2025\\\/03\\\/Tec-Monterrey-e1741967524934.jpg\",\"width\":900,\"height\":600},{\"@type\":\"BreadcrumbList\",\"@id\":\"https:\\\/\\\/www.ucaldas.edu.co\\\/portal\\\/investigadora-del-tec-de-monterrey-visita-la-universidad-de-caldas-para-dialogar-sobre-el-futuro-de-la-educacion\\\/#breadcrumb\",\"itemListElement\":[{\"@type\":\"ListItem\",\"position\":1,\"name\":\"Portada\",\"item\":\"https:\\\/\\\/www.ucaldas.edu.co\\\/portal\\\/\"},{\"@type\":\"ListItem\",\"position\":2,\"name\":\"Investigadora del Tec de Monterrey visita la Universidad de Caldas para dialogar sobre el futuro de la educaci\u00f3n\"}]},{\"@type\":\"WebSite\",\"@id\":\"https:\\\/\\\/www.ucaldas.edu.co\\\/portal\\\/#website\",\"url\":\"https:\\\/\\\/www.ucaldas.edu.co\\\/portal\\\/\",\"name\":\"Universidad de Caldas\",\"description\":\"\",\"publisher\":{\"@id\":\"https:\\\/\\\/www.ucaldas.edu.co\\\/portal\\\/#organization\"},\"alternateName\":\"U. de Caldas\",\"potentialAction\":[{\"@type\":\"SearchAction\",\"target\":{\"@type\":\"EntryPoint\",\"urlTemplate\":\"https:\\\/\\\/www.ucaldas.edu.co\\\/portal\\\/?s={search_term_string}\"},\"query-input\":{\"@type\":\"PropertyValueSpecification\",\"valueRequired\":true,\"valueName\":\"search_term_string\"}}],\"inLanguage\":\"es\"},{\"@type\":\"Organization\",\"@id\":\"https:\\\/\\\/www.ucaldas.edu.co\\\/portal\\\/#organization\",\"name\":\"Universidad de Caldas\",\"alternateName\":\"U. de Caldas\",\"url\":\"https:\\\/\\\/www.ucaldas.edu.co\\\/portal\\\/\",\"logo\":{\"@type\":\"ImageObject\",\"inLanguage\":\"es\",\"@id\":\"https:\\\/\\\/www.ucaldas.edu.co\\\/portal\\\/#\\\/schema\\\/logo\\\/image\\\/\",\"url\":\"https:\\\/\\\/www.ucaldas.edu.co\\\/portal\\\/wp-content\\\/uploads\\\/2023\\\/11\\\/Logo_horizontal_oscuroU-2023.png\",\"contentUrl\":\"https:\\\/\\\/www.ucaldas.edu.co\\\/portal\\\/wp-content\\\/uploads\\\/2023\\\/11\\\/Logo_horizontal_oscuroU-2023.png\",\"width\":263,\"height\":101,\"caption\":\"Universidad de Caldas\"},\"image\":{\"@id\":\"https:\\\/\\\/www.ucaldas.edu.co\\\/portal\\\/#\\\/schema\\\/logo\\\/image\\\/\"},\"sameAs\":[\"https:\\\/\\\/www.facebook.com\\\/udecaldas\",\"https:\\\/\\\/x.com\\\/udecaldas\",\"https:\\\/\\\/www.youtube.com\\\/universidadcaldas\",\"https:\\\/\\\/www.instagram.com\\\/udecaldas\\\/\"]},{\"@type\":\"Person\",\"@id\":\"https:\\\/\\\/www.ucaldas.edu.co\\\/portal\\\/#\\\/schema\\\/person\\\/a1b482e23449158b4bc319926c074fdf\",\"name\":\"ofiprensa\",\"image\":{\"@type\":\"ImageObject\",\"inLanguage\":\"es\",\"@id\":\"https:\\\/\\\/www.ucaldas.edu.co\\\/portal\\\/wp-content\\\/litespeed\\\/avatar\\\/09ea5085e600095a7a811142c6944527.jpg?ver=1777497608\",\"url\":\"https:\\\/\\\/www.ucaldas.edu.co\\\/portal\\\/wp-content\\\/litespeed\\\/avatar\\\/09ea5085e600095a7a811142c6944527.jpg?ver=1777497608\",\"contentUrl\":\"https:\\\/\\\/www.ucaldas.edu.co\\\/portal\\\/wp-content\\\/litespeed\\\/avatar\\\/09ea5085e600095a7a811142c6944527.jpg?ver=1777497608\",\"caption\":\"ofiprensa\"},\"url\":\"https:\\\/\\\/www.ucaldas.edu.co\\\/portal\\\/author\\\/ofiprensa\\\/\"}]}<\/script>\n<!-- \/ Yoast SEO plugin. -->","yoast_head_json":{"title":"Investigadora del Tec de Monterrey visita la Universidad de Caldas para dialogar sobre el futuro de la educaci\u00f3n .","robots":{"index":"index","follow":"follow","max-snippet":"max-snippet:-1","max-image-preview":"max-image-preview:large","max-video-preview":"max-video-preview:-1"},"canonical":"https:\/\/www.ucaldas.edu.co\/portal\/investigadora-del-tec-de-monterrey-visita-la-universidad-de-caldas-para-dialogar-sobre-el-futuro-de-la-educacion\/","schema":{"@context":"https:\/\/schema.org","@graph":[{"@type":"Article","@id":"https:\/\/www.ucaldas.edu.co\/portal\/investigadora-del-tec-de-monterrey-visita-la-universidad-de-caldas-para-dialogar-sobre-el-futuro-de-la-educacion\/#article","isPartOf":{"@id":"https:\/\/www.ucaldas.edu.co\/portal\/investigadora-del-tec-de-monterrey-visita-la-universidad-de-caldas-para-dialogar-sobre-el-futuro-de-la-educacion\/"},"author":{"name":"ofiprensa","@id":"https:\/\/www.ucaldas.edu.co\/portal\/#\/schema\/person\/a1b482e23449158b4bc319926c074fdf"},"headline":"Investigadora del Tec de Monterrey visita la Universidad de Caldas para dialogar sobre el futuro de la educaci\u00f3n","datePublished":"2025-03-14T15:53:06+00:00","mainEntityOfPage":{"@id":"https:\/\/www.ucaldas.edu.co\/portal\/investigadora-del-tec-de-monterrey-visita-la-universidad-de-caldas-para-dialogar-sobre-el-futuro-de-la-educacion\/"},"wordCount":391,"publisher":{"@id":"https:\/\/www.ucaldas.edu.co\/portal\/#organization"},"image":{"@id":"https:\/\/www.ucaldas.edu.co\/portal\/investigadora-del-tec-de-monterrey-visita-la-universidad-de-caldas-para-dialogar-sobre-el-futuro-de-la-educacion\/#primaryimage"},"thumbnailUrl":"https:\/\/www.ucaldas.edu.co\/portal\/wp-content\/uploads\/2025\/03\/Tec-Monterrey-e1741967524934.jpg","keywords":["Internacionalizaci\u00f3n","actualidad educaci\u00f3n","academia e investigaci\u00f3n"],"articleSection":["Actualidad","Universidad al D\u00eda","Ucaldas Internacional"],"inLanguage":"es"},{"@type":"WebPage","@id":"https:\/\/www.ucaldas.edu.co\/portal\/investigadora-del-tec-de-monterrey-visita-la-universidad-de-caldas-para-dialogar-sobre-el-futuro-de-la-educacion\/","url":"https:\/\/www.ucaldas.edu.co\/portal\/investigadora-del-tec-de-monterrey-visita-la-universidad-de-caldas-para-dialogar-sobre-el-futuro-de-la-educacion\/","name":"Investigadora del Tec de Monterrey visita la Universidad de Caldas para dialogar sobre el futuro de la educaci\u00f3n .","isPartOf":{"@id":"https:\/\/www.ucaldas.edu.co\/portal\/#website"},"primaryImageOfPage":{"@id":"https:\/\/www.ucaldas.edu.co\/portal\/investigadora-del-tec-de-monterrey-visita-la-universidad-de-caldas-para-dialogar-sobre-el-futuro-de-la-educacion\/#primaryimage"},"image":{"@id":"https:\/\/www.ucaldas.edu.co\/portal\/investigadora-del-tec-de-monterrey-visita-la-universidad-de-caldas-para-dialogar-sobre-el-futuro-de-la-educacion\/#primaryimage"},"thumbnailUrl":"https:\/\/www.ucaldas.edu.co\/portal\/wp-content\/uploads\/2025\/03\/Tec-Monterrey-e1741967524934.jpg","datePublished":"2025-03-14T15:53:06+00:00","breadcrumb":{"@id":"https:\/\/www.ucaldas.edu.co\/portal\/investigadora-del-tec-de-monterrey-visita-la-universidad-de-caldas-para-dialogar-sobre-el-futuro-de-la-educacion\/#breadcrumb"},"inLanguage":"es","potentialAction":[{"@type":"ReadAction","target":["https:\/\/www.ucaldas.edu.co\/portal\/investigadora-del-tec-de-monterrey-visita-la-universidad-de-caldas-para-dialogar-sobre-el-futuro-de-la-educacion\/"]}]},{"@type":"ImageObject","inLanguage":"es","@id":"https:\/\/www.ucaldas.edu.co\/portal\/investigadora-del-tec-de-monterrey-visita-la-universidad-de-caldas-para-dialogar-sobre-el-futuro-de-la-educacion\/#primaryimage","url":"https:\/\/www.ucaldas.edu.co\/portal\/wp-content\/uploads\/2025\/03\/Tec-Monterrey-e1741967524934.jpg","contentUrl":"https:\/\/www.ucaldas.edu.co\/portal\/wp-content\/uploads\/2025\/03\/Tec-Monterrey-e1741967524934.jpg","width":900,"height":600},{"@type":"BreadcrumbList","@id":"https:\/\/www.ucaldas.edu.co\/portal\/investigadora-del-tec-de-monterrey-visita-la-universidad-de-caldas-para-dialogar-sobre-el-futuro-de-la-educacion\/#breadcrumb","itemListElement":[{"@type":"ListItem","position":1,"name":"Portada","item":"https:\/\/www.ucaldas.edu.co\/portal\/"},{"@type":"ListItem","position":2,"name":"Investigadora del Tec de Monterrey visita la Universidad de Caldas para dialogar sobre el futuro de la educaci\u00f3n"}]},{"@type":"WebSite","@id":"https:\/\/www.ucaldas.edu.co\/portal\/#website","url":"https:\/\/www.ucaldas.edu.co\/portal\/","name":"Universidad de Caldas","description":"","publisher":{"@id":"https:\/\/www.ucaldas.edu.co\/portal\/#organization"},"alternateName":"U. de Caldas","potentialAction":[{"@type":"SearchAction","target":{"@type":"EntryPoint","urlTemplate":"https:\/\/www.ucaldas.edu.co\/portal\/?s={search_term_string}"},"query-input":{"@type":"PropertyValueSpecification","valueRequired":true,"valueName":"search_term_string"}}],"inLanguage":"es"},{"@type":"Organization","@id":"https:\/\/www.ucaldas.edu.co\/portal\/#organization","name":"Universidad de Caldas","alternateName":"U. de Caldas","url":"https:\/\/www.ucaldas.edu.co\/portal\/","logo":{"@type":"ImageObject","inLanguage":"es","@id":"https:\/\/www.ucaldas.edu.co\/portal\/#\/schema\/logo\/image\/","url":"https:\/\/www.ucaldas.edu.co\/portal\/wp-content\/uploads\/2023\/11\/Logo_horizontal_oscuroU-2023.png","contentUrl":"https:\/\/www.ucaldas.edu.co\/portal\/wp-content\/uploads\/2023\/11\/Logo_horizontal_oscuroU-2023.png","width":263,"height":101,"caption":"Universidad de Caldas"},"image":{"@id":"https:\/\/www.ucaldas.edu.co\/portal\/#\/schema\/logo\/image\/"},"sameAs":["https:\/\/www.facebook.com\/udecaldas","https:\/\/x.com\/udecaldas","https:\/\/www.youtube.com\/universidadcaldas","https:\/\/www.instagram.com\/udecaldas\/"]},{"@type":"Person","@id":"https:\/\/www.ucaldas.edu.co\/portal\/#\/schema\/person\/a1b482e23449158b4bc319926c074fdf","name":"ofiprensa","image":{"@type":"ImageObject","inLanguage":"es","@id":"https:\/\/www.ucaldas.edu.co\/portal\/wp-content\/litespeed\/avatar\/09ea5085e600095a7a811142c6944527.jpg?ver=1777497608","url":"https:\/\/www.ucaldas.edu.co\/portal\/wp-content\/litespeed\/avatar\/09ea5085e600095a7a811142c6944527.jpg?ver=1777497608","contentUrl":"https:\/\/www.ucaldas.edu.co\/portal\/wp-content\/litespeed\/avatar\/09ea5085e600095a7a811142c6944527.jpg?ver=1777497608","caption":"ofiprensa"},"url":"https:\/\/www.ucaldas.edu.co\/portal\/author\/ofiprensa\/"}]}},"_links":{"self":[{"href":"https:\/\/www.ucaldas.edu.co\/portal\/wp-json\/wp\/v2\/posts\/86634","targetHints":{"allow":["GET"]}}],"collection":[{"href":"https:\/\/www.ucaldas.edu.co\/portal\/wp-json\/wp\/v2\/posts"}],"about":[{"href":"https:\/\/www.ucaldas.edu.co\/portal\/wp-json\/wp\/v2\/types\/post"}],"author":[{"embeddable":true,"href":"https:\/\/www.ucaldas.edu.co\/portal\/wp-json\/wp\/v2\/users\/2"}],"replies":[{"embeddable":true,"href":"https:\/\/www.ucaldas.edu.co\/portal\/wp-json\/wp\/v2\/comments?post=86634"}],"version-history":[{"count":0,"href":"https:\/\/www.ucaldas.edu.co\/portal\/wp-json\/wp\/v2\/posts\/86634\/revisions"}],"wp:featuredmedia":[{"embeddable":true,"href":"https:\/\/www.ucaldas.edu.co\/portal\/wp-json\/wp\/v2\/media\/86635"}],"wp:attachment":[{"href":"https:\/\/www.ucaldas.edu.co\/portal\/wp-json\/wp\/v2\/media?parent=86634"}],"wp:term":[{"taxonomy":"category","embeddable":true,"href":"https:\/\/www.ucaldas.edu.co\/portal\/wp-json\/wp\/v2\/categories?post=86634"},{"taxonomy":"post_tag","embeddable":true,"href":"https:\/\/www.ucaldas.edu.co\/portal\/wp-json\/wp\/v2\/tags?post=86634"}],"curies":[{"name":"wp","href":"https:\/\/api.w.org\/{rel}","templated":true}]}}