{"id":8660,"date":"2011-05-12T15:20:31","date_gmt":"2011-05-12T20:20:31","guid":{"rendered":"https:\/\/www.ucaldas.edu.co\/portal\/?p=8660"},"modified":"2011-05-12T15:20:31","modified_gmt":"2011-05-12T20:20:31","slug":"programa-de-ingenieria-agronomica-de-la-u-de-caldas-renovo-su-registro-calificado","status":"publish","type":"post","link":"https:\/\/www.ucaldas.edu.co\/portal\/programa-de-ingenieria-agronomica-de-la-u-de-caldas-renovo-su-registro-calificado\/","title":{"rendered":"Programa de Ingenier\u00eda Agron\u00f3mica, de la U. de Caldas, renov\u00f3 su Registro Calificado"},"content":{"rendered":"<p>El registro lo otorg\u00f3 el MEN y ser\u00e1 por siete a\u00f1os m\u00e1s<\/p>\n<hr \/>\n<p align=\"center\">\n<p align=\"right\"><b>12\/05\/2011<\/b><\/p>\n<p><b>\u00a0<\/b><\/p>\n<table border=\"0\">\n<tbody>\n<tr>\n<td><img loading=\"lazy\" decoding=\"async\" style=\"border: 0px\" alt=\"Ingenieria\" src=\"http:\/\/www.ucaldas.edu.co\/images\/tmp\/ingenieria_agronomica.jpg\" width=\"160\" height=\"100\" border=\"0\" \/><\/td>\n<td>El <b>Ministerio de Educaci\u00f3n Nacional<\/b> (MEN) <b>otorg\u00f3 <\/b>el <b>Registro Calificado<\/b> por <b>7 a\u00f1os<\/b> al <b>Programa<\/b> de <b>Ingenier\u00eda Agron\u00f3mica<\/b> de la <b>Universidad<\/b><b> de Caldas<\/b>, el pasado 6 de abril del 2011.<\/p>\n<p>&nbsp;<\/p>\n<p>\u201cEsta es una de las estrategias del MEN en su pol\u00edtica de aseguramiento de la calidad de la educaci\u00f3n superior. Lo que hace es permitir que los programas demuestren que tiene condiciones apropiadas de funcionamiento\u201d, explic\u00f3 Jos\u00e9 Fernando Kogson Quintero, Decano de la Facultad de Ciencias Agropecuarias de la U. de Caldas.<\/td>\n<\/tr>\n<\/tbody>\n<\/table>\n<p>&nbsp;<\/p>\n<p>&nbsp;<\/p>\n<p>Adem\u00e1s, Kogson Quintero dijo: \u201cel hecho de que todos los programas de la Instituci\u00f3n tengan Registro Calificado del MEN es un reconocimiento a la Universidad en t\u00e9rminos de tener dispuestos los mecanismos para ofrecer programas de calidad\u201d.<\/p>\n<p>&nbsp;<\/p>\n<p>Es uno de los programas m\u00e1s antiguos de la U. de Caldas, pues funciona desde 1950.<\/p>\n<p>&nbsp;<\/p>\n<p><b>Informes: <\/b>en la Facultad de Ciencias Agropecuarias. Tel\u00e9fono: 878 15 00, extensi\u00f3n 15 236.<\/p>\n","protected":false},"excerpt":{"rendered":"<p>El registro lo otorg\u00f3 el MEN y ser\u00e1 por siete a\u00f1os m\u00e1s 12\/05\/2011 \u00a0 El Ministerio de Educaci\u00f3n Nacional (MEN) otorg\u00f3 el Registro Calificado por 7 a\u00f1os al Programa de Ingenier\u00eda Agron\u00f3mica de la Universidad de Caldas, el pasado 6 de abril del 2011. &nbsp; \u201cEsta es una de las estrategias del MEN en su [&hellip;]<\/p>\n","protected":false},"author":2,"featured_media":0,"comment_status":"closed","ping_status":"closed","sticky":false,"template":"","format":"standard","meta":{"footnotes":""},"categories":[48,53],"tags":[],"class_list":["post-8660","post","type-post","status-publish","format-standard","hentry","category-actualidad","category-universidad-al-dia"],"yoast_head":"<!-- This site is optimized with the Yoast SEO plugin v27.5 - https:\/\/yoast.com\/product\/yoast-seo-wordpress\/ -->\n<title>Programa de Ingenier\u00eda Agron\u00f3mica, de la U. de Caldas, renov\u00f3 su Registro Calificado .<\/title>\n<meta name=\"robots\" content=\"index, follow, max-snippet:-1, max-image-preview:large, max-video-preview:-1\" \/>\n<link rel=\"canonical\" href=\"https:\/\/www.ucaldas.edu.co\/portal\/programa-de-ingenieria-agronomica-de-la-u-de-caldas-renovo-su-registro-calificado\/\" \/>\n<script type=\"application\/ld+json\" class=\"yoast-schema-graph\">{\"@context\":\"https:\\\/\\\/schema.org\",\"@graph\":[{\"@type\":\"Article\",\"@id\":\"https:\\\/\\\/www.ucaldas.edu.co\\\/portal\\\/programa-de-ingenieria-agronomica-de-la-u-de-caldas-renovo-su-registro-calificado\\\/#article\",\"isPartOf\":{\"@id\":\"https:\\\/\\\/www.ucaldas.edu.co\\\/portal\\\/programa-de-ingenieria-agronomica-de-la-u-de-caldas-renovo-su-registro-calificado\\\/\"},\"author\":{\"name\":\"ofiprensa\",\"@id\":\"https:\\\/\\\/www.ucaldas.edu.co\\\/portal\\\/#\\\/schema\\\/person\\\/a1b482e23449158b4bc319926c074fdf\"},\"headline\":\"Programa de Ingenier\u00eda Agron\u00f3mica, de la U. de Caldas, renov\u00f3 su Registro Calificado\",\"datePublished\":\"2011-05-12T20:20:31+00:00\",\"mainEntityOfPage\":{\"@id\":\"https:\\\/\\\/www.ucaldas.edu.co\\\/portal\\\/programa-de-ingenieria-agronomica-de-la-u-de-caldas-renovo-su-registro-calificado\\\/\"},\"wordCount\":186,\"publisher\":{\"@id\":\"https:\\\/\\\/www.ucaldas.edu.co\\\/portal\\\/#organization\"},\"image\":{\"@id\":\"https:\\\/\\\/www.ucaldas.edu.co\\\/portal\\\/programa-de-ingenieria-agronomica-de-la-u-de-caldas-renovo-su-registro-calificado\\\/#primaryimage\"},\"thumbnailUrl\":\"http:\\\/\\\/www.ucaldas.edu.co\\\/images\\\/tmp\\\/ingenieria_agronomica.jpg\",\"articleSection\":[\"Actualidad\",\"Universidad al D\u00eda\"],\"inLanguage\":\"es\"},{\"@type\":\"WebPage\",\"@id\":\"https:\\\/\\\/www.ucaldas.edu.co\\\/portal\\\/programa-de-ingenieria-agronomica-de-la-u-de-caldas-renovo-su-registro-calificado\\\/\",\"url\":\"https:\\\/\\\/www.ucaldas.edu.co\\\/portal\\\/programa-de-ingenieria-agronomica-de-la-u-de-caldas-renovo-su-registro-calificado\\\/\",\"name\":\"Programa de Ingenier\u00eda Agron\u00f3mica, de la U. de Caldas, renov\u00f3 su Registro Calificado .\",\"isPartOf\":{\"@id\":\"https:\\\/\\\/www.ucaldas.edu.co\\\/portal\\\/#website\"},\"primaryImageOfPage\":{\"@id\":\"https:\\\/\\\/www.ucaldas.edu.co\\\/portal\\\/programa-de-ingenieria-agronomica-de-la-u-de-caldas-renovo-su-registro-calificado\\\/#primaryimage\"},\"image\":{\"@id\":\"https:\\\/\\\/www.ucaldas.edu.co\\\/portal\\\/programa-de-ingenieria-agronomica-de-la-u-de-caldas-renovo-su-registro-calificado\\\/#primaryimage\"},\"thumbnailUrl\":\"http:\\\/\\\/www.ucaldas.edu.co\\\/images\\\/tmp\\\/ingenieria_agronomica.jpg\",\"datePublished\":\"2011-05-12T20:20:31+00:00\",\"breadcrumb\":{\"@id\":\"https:\\\/\\\/www.ucaldas.edu.co\\\/portal\\\/programa-de-ingenieria-agronomica-de-la-u-de-caldas-renovo-su-registro-calificado\\\/#breadcrumb\"},\"inLanguage\":\"es\",\"potentialAction\":[{\"@type\":\"ReadAction\",\"target\":[\"https:\\\/\\\/www.ucaldas.edu.co\\\/portal\\\/programa-de-ingenieria-agronomica-de-la-u-de-caldas-renovo-su-registro-calificado\\\/\"]}]},{\"@type\":\"ImageObject\",\"inLanguage\":\"es\",\"@id\":\"https:\\\/\\\/www.ucaldas.edu.co\\\/portal\\\/programa-de-ingenieria-agronomica-de-la-u-de-caldas-renovo-su-registro-calificado\\\/#primaryimage\",\"url\":\"http:\\\/\\\/www.ucaldas.edu.co\\\/images\\\/tmp\\\/ingenieria_agronomica.jpg\",\"contentUrl\":\"http:\\\/\\\/www.ucaldas.edu.co\\\/images\\\/tmp\\\/ingenieria_agronomica.jpg\"},{\"@type\":\"BreadcrumbList\",\"@id\":\"https:\\\/\\\/www.ucaldas.edu.co\\\/portal\\\/programa-de-ingenieria-agronomica-de-la-u-de-caldas-renovo-su-registro-calificado\\\/#breadcrumb\",\"itemListElement\":[{\"@type\":\"ListItem\",\"position\":1,\"name\":\"Portada\",\"item\":\"https:\\\/\\\/www.ucaldas.edu.co\\\/portal\\\/\"},{\"@type\":\"ListItem\",\"position\":2,\"name\":\"Programa de Ingenier\u00eda Agron\u00f3mica, de la U. de Caldas, renov\u00f3 su Registro Calificado\"}]},{\"@type\":\"WebSite\",\"@id\":\"https:\\\/\\\/www.ucaldas.edu.co\\\/portal\\\/#website\",\"url\":\"https:\\\/\\\/www.ucaldas.edu.co\\\/portal\\\/\",\"name\":\"Universidad de Caldas\",\"description\":\"\",\"publisher\":{\"@id\":\"https:\\\/\\\/www.ucaldas.edu.co\\\/portal\\\/#organization\"},\"alternateName\":\"U. de Caldas\",\"potentialAction\":[{\"@type\":\"SearchAction\",\"target\":{\"@type\":\"EntryPoint\",\"urlTemplate\":\"https:\\\/\\\/www.ucaldas.edu.co\\\/portal\\\/?s={search_term_string}\"},\"query-input\":{\"@type\":\"PropertyValueSpecification\",\"valueRequired\":true,\"valueName\":\"search_term_string\"}}],\"inLanguage\":\"es\"},{\"@type\":\"Organization\",\"@id\":\"https:\\\/\\\/www.ucaldas.edu.co\\\/portal\\\/#organization\",\"name\":\"Universidad de Caldas\",\"alternateName\":\"U. de Caldas\",\"url\":\"https:\\\/\\\/www.ucaldas.edu.co\\\/portal\\\/\",\"logo\":{\"@type\":\"ImageObject\",\"inLanguage\":\"es\",\"@id\":\"https:\\\/\\\/www.ucaldas.edu.co\\\/portal\\\/#\\\/schema\\\/logo\\\/image\\\/\",\"url\":\"https:\\\/\\\/www.ucaldas.edu.co\\\/portal\\\/wp-content\\\/uploads\\\/2023\\\/11\\\/Logo_horizontal_oscuroU-2023.png\",\"contentUrl\":\"https:\\\/\\\/www.ucaldas.edu.co\\\/portal\\\/wp-content\\\/uploads\\\/2023\\\/11\\\/Logo_horizontal_oscuroU-2023.png\",\"width\":263,\"height\":101,\"caption\":\"Universidad de Caldas\"},\"image\":{\"@id\":\"https:\\\/\\\/www.ucaldas.edu.co\\\/portal\\\/#\\\/schema\\\/logo\\\/image\\\/\"},\"sameAs\":[\"https:\\\/\\\/www.facebook.com\\\/udecaldas\",\"https:\\\/\\\/x.com\\\/udecaldas\",\"https:\\\/\\\/www.youtube.com\\\/universidadcaldas\",\"https:\\\/\\\/www.instagram.com\\\/udecaldas\\\/\"]},{\"@type\":\"Person\",\"@id\":\"https:\\\/\\\/www.ucaldas.edu.co\\\/portal\\\/#\\\/schema\\\/person\\\/a1b482e23449158b4bc319926c074fdf\",\"name\":\"ofiprensa\",\"image\":{\"@type\":\"ImageObject\",\"inLanguage\":\"es\",\"@id\":\"https:\\\/\\\/www.ucaldas.edu.co\\\/portal\\\/wp-content\\\/litespeed\\\/avatar\\\/09ea5085e600095a7a811142c6944527.jpg?ver=1777497608\",\"url\":\"https:\\\/\\\/www.ucaldas.edu.co\\\/portal\\\/wp-content\\\/litespeed\\\/avatar\\\/09ea5085e600095a7a811142c6944527.jpg?ver=1777497608\",\"contentUrl\":\"https:\\\/\\\/www.ucaldas.edu.co\\\/portal\\\/wp-content\\\/litespeed\\\/avatar\\\/09ea5085e600095a7a811142c6944527.jpg?ver=1777497608\",\"caption\":\"ofiprensa\"},\"url\":\"https:\\\/\\\/www.ucaldas.edu.co\\\/portal\\\/author\\\/ofiprensa\\\/\"}]}<\/script>\n<!-- \/ Yoast SEO plugin. -->","yoast_head_json":{"title":"Programa de Ingenier\u00eda Agron\u00f3mica, de la U. de Caldas, renov\u00f3 su Registro Calificado .","robots":{"index":"index","follow":"follow","max-snippet":"max-snippet:-1","max-image-preview":"max-image-preview:large","max-video-preview":"max-video-preview:-1"},"canonical":"https:\/\/www.ucaldas.edu.co\/portal\/programa-de-ingenieria-agronomica-de-la-u-de-caldas-renovo-su-registro-calificado\/","schema":{"@context":"https:\/\/schema.org","@graph":[{"@type":"Article","@id":"https:\/\/www.ucaldas.edu.co\/portal\/programa-de-ingenieria-agronomica-de-la-u-de-caldas-renovo-su-registro-calificado\/#article","isPartOf":{"@id":"https:\/\/www.ucaldas.edu.co\/portal\/programa-de-ingenieria-agronomica-de-la-u-de-caldas-renovo-su-registro-calificado\/"},"author":{"name":"ofiprensa","@id":"https:\/\/www.ucaldas.edu.co\/portal\/#\/schema\/person\/a1b482e23449158b4bc319926c074fdf"},"headline":"Programa de Ingenier\u00eda Agron\u00f3mica, de la U. de Caldas, renov\u00f3 su Registro Calificado","datePublished":"2011-05-12T20:20:31+00:00","mainEntityOfPage":{"@id":"https:\/\/www.ucaldas.edu.co\/portal\/programa-de-ingenieria-agronomica-de-la-u-de-caldas-renovo-su-registro-calificado\/"},"wordCount":186,"publisher":{"@id":"https:\/\/www.ucaldas.edu.co\/portal\/#organization"},"image":{"@id":"https:\/\/www.ucaldas.edu.co\/portal\/programa-de-ingenieria-agronomica-de-la-u-de-caldas-renovo-su-registro-calificado\/#primaryimage"},"thumbnailUrl":"http:\/\/www.ucaldas.edu.co\/images\/tmp\/ingenieria_agronomica.jpg","articleSection":["Actualidad","Universidad al D\u00eda"],"inLanguage":"es"},{"@type":"WebPage","@id":"https:\/\/www.ucaldas.edu.co\/portal\/programa-de-ingenieria-agronomica-de-la-u-de-caldas-renovo-su-registro-calificado\/","url":"https:\/\/www.ucaldas.edu.co\/portal\/programa-de-ingenieria-agronomica-de-la-u-de-caldas-renovo-su-registro-calificado\/","name":"Programa de Ingenier\u00eda Agron\u00f3mica, de la U. de Caldas, renov\u00f3 su Registro Calificado .","isPartOf":{"@id":"https:\/\/www.ucaldas.edu.co\/portal\/#website"},"primaryImageOfPage":{"@id":"https:\/\/www.ucaldas.edu.co\/portal\/programa-de-ingenieria-agronomica-de-la-u-de-caldas-renovo-su-registro-calificado\/#primaryimage"},"image":{"@id":"https:\/\/www.ucaldas.edu.co\/portal\/programa-de-ingenieria-agronomica-de-la-u-de-caldas-renovo-su-registro-calificado\/#primaryimage"},"thumbnailUrl":"http:\/\/www.ucaldas.edu.co\/images\/tmp\/ingenieria_agronomica.jpg","datePublished":"2011-05-12T20:20:31+00:00","breadcrumb":{"@id":"https:\/\/www.ucaldas.edu.co\/portal\/programa-de-ingenieria-agronomica-de-la-u-de-caldas-renovo-su-registro-calificado\/#breadcrumb"},"inLanguage":"es","potentialAction":[{"@type":"ReadAction","target":["https:\/\/www.ucaldas.edu.co\/portal\/programa-de-ingenieria-agronomica-de-la-u-de-caldas-renovo-su-registro-calificado\/"]}]},{"@type":"ImageObject","inLanguage":"es","@id":"https:\/\/www.ucaldas.edu.co\/portal\/programa-de-ingenieria-agronomica-de-la-u-de-caldas-renovo-su-registro-calificado\/#primaryimage","url":"http:\/\/www.ucaldas.edu.co\/images\/tmp\/ingenieria_agronomica.jpg","contentUrl":"http:\/\/www.ucaldas.edu.co\/images\/tmp\/ingenieria_agronomica.jpg"},{"@type":"BreadcrumbList","@id":"https:\/\/www.ucaldas.edu.co\/portal\/programa-de-ingenieria-agronomica-de-la-u-de-caldas-renovo-su-registro-calificado\/#breadcrumb","itemListElement":[{"@type":"ListItem","position":1,"name":"Portada","item":"https:\/\/www.ucaldas.edu.co\/portal\/"},{"@type":"ListItem","position":2,"name":"Programa de Ingenier\u00eda Agron\u00f3mica, de la U. de Caldas, renov\u00f3 su Registro Calificado"}]},{"@type":"WebSite","@id":"https:\/\/www.ucaldas.edu.co\/portal\/#website","url":"https:\/\/www.ucaldas.edu.co\/portal\/","name":"Universidad de Caldas","description":"","publisher":{"@id":"https:\/\/www.ucaldas.edu.co\/portal\/#organization"},"alternateName":"U. de Caldas","potentialAction":[{"@type":"SearchAction","target":{"@type":"EntryPoint","urlTemplate":"https:\/\/www.ucaldas.edu.co\/portal\/?s={search_term_string}"},"query-input":{"@type":"PropertyValueSpecification","valueRequired":true,"valueName":"search_term_string"}}],"inLanguage":"es"},{"@type":"Organization","@id":"https:\/\/www.ucaldas.edu.co\/portal\/#organization","name":"Universidad de Caldas","alternateName":"U. de Caldas","url":"https:\/\/www.ucaldas.edu.co\/portal\/","logo":{"@type":"ImageObject","inLanguage":"es","@id":"https:\/\/www.ucaldas.edu.co\/portal\/#\/schema\/logo\/image\/","url":"https:\/\/www.ucaldas.edu.co\/portal\/wp-content\/uploads\/2023\/11\/Logo_horizontal_oscuroU-2023.png","contentUrl":"https:\/\/www.ucaldas.edu.co\/portal\/wp-content\/uploads\/2023\/11\/Logo_horizontal_oscuroU-2023.png","width":263,"height":101,"caption":"Universidad de Caldas"},"image":{"@id":"https:\/\/www.ucaldas.edu.co\/portal\/#\/schema\/logo\/image\/"},"sameAs":["https:\/\/www.facebook.com\/udecaldas","https:\/\/x.com\/udecaldas","https:\/\/www.youtube.com\/universidadcaldas","https:\/\/www.instagram.com\/udecaldas\/"]},{"@type":"Person","@id":"https:\/\/www.ucaldas.edu.co\/portal\/#\/schema\/person\/a1b482e23449158b4bc319926c074fdf","name":"ofiprensa","image":{"@type":"ImageObject","inLanguage":"es","@id":"https:\/\/www.ucaldas.edu.co\/portal\/wp-content\/litespeed\/avatar\/09ea5085e600095a7a811142c6944527.jpg?ver=1777497608","url":"https:\/\/www.ucaldas.edu.co\/portal\/wp-content\/litespeed\/avatar\/09ea5085e600095a7a811142c6944527.jpg?ver=1777497608","contentUrl":"https:\/\/www.ucaldas.edu.co\/portal\/wp-content\/litespeed\/avatar\/09ea5085e600095a7a811142c6944527.jpg?ver=1777497608","caption":"ofiprensa"},"url":"https:\/\/www.ucaldas.edu.co\/portal\/author\/ofiprensa\/"}]}},"_links":{"self":[{"href":"https:\/\/www.ucaldas.edu.co\/portal\/wp-json\/wp\/v2\/posts\/8660","targetHints":{"allow":["GET"]}}],"collection":[{"href":"https:\/\/www.ucaldas.edu.co\/portal\/wp-json\/wp\/v2\/posts"}],"about":[{"href":"https:\/\/www.ucaldas.edu.co\/portal\/wp-json\/wp\/v2\/types\/post"}],"author":[{"embeddable":true,"href":"https:\/\/www.ucaldas.edu.co\/portal\/wp-json\/wp\/v2\/users\/2"}],"replies":[{"embeddable":true,"href":"https:\/\/www.ucaldas.edu.co\/portal\/wp-json\/wp\/v2\/comments?post=8660"}],"version-history":[{"count":0,"href":"https:\/\/www.ucaldas.edu.co\/portal\/wp-json\/wp\/v2\/posts\/8660\/revisions"}],"wp:attachment":[{"href":"https:\/\/www.ucaldas.edu.co\/portal\/wp-json\/wp\/v2\/media?parent=8660"}],"wp:term":[{"taxonomy":"category","embeddable":true,"href":"https:\/\/www.ucaldas.edu.co\/portal\/wp-json\/wp\/v2\/categories?post=8660"},{"taxonomy":"post_tag","embeddable":true,"href":"https:\/\/www.ucaldas.edu.co\/portal\/wp-json\/wp\/v2\/tags?post=8660"}],"curies":[{"name":"wp","href":"https:\/\/api.w.org\/{rel}","templated":true}]}}