{"id":8658,"date":"2011-05-12T15:18:10","date_gmt":"2011-05-12T20:18:10","guid":{"rendered":"https:\/\/www.ucaldas.edu.co\/portal\/?p=8658"},"modified":"2011-05-12T15:18:10","modified_gmt":"2011-05-12T20:18:10","slug":"sede-central-de-la-u-de-caldas-tuvo-sus-jornadas-saludables","status":"publish","type":"post","link":"https:\/\/www.ucaldas.edu.co\/portal\/sede-central-de-la-u-de-caldas-tuvo-sus-jornadas-saludables\/","title":{"rendered":"Sede Central de la U. de Caldas tuvo sus Jornadas Saludables"},"content":{"rendered":"<p>Este jueves 12 de mayo del 2011<\/p>\n<hr \/>\n<p align=\"center\">\n<p align=\"right\"><b>12\/05\/2011<\/b><\/p>\n<p>&nbsp;<\/p>\n<table border=\"0\">\n<tbody>\n<tr>\n<td>\u00a0<img loading=\"lazy\" decoding=\"async\" style=\"border: 0px\" alt=\"Jornadas Saludables\" src=\"http:\/\/www.ucaldas.edu.co\/images\/tmp\/Jornadas_Saludables_2011.JPG\" width=\"240\" height=\"150\" border=\"0\" \/><\/td>\n<td><b>150 personas<\/b> de la <b>comunidad universitaria<\/b> de la <b>Universidad<\/b><b> de Caldas<\/b> <b>participaron <\/b>este <b>jueves 12 <\/b>de <b>mayo <\/b>del 2011 en el encuentro denominado <b><i>Jornadas Saludables.<\/i><\/b><\/p>\n<p><i>\u00a0<\/i><\/p>\n<p>Este fue el tercer encuentro organizado por el Servicio de Salud Estudiantil de la Instituci\u00f3n, con el fin de brindar un servicio de salud con calidad, oportunidad y accesibilidad a los estudiantes de la Universidad.<\/td>\n<\/tr>\n<\/tbody>\n<\/table>\n<p>&nbsp;<\/p>\n<p>&nbsp;<\/p>\n<p>\u201cPsicolog\u00eda, medicina general y trabajo social fueron los temas de la jornada. La comunidad recibi\u00f3 informaci\u00f3n sobre el autoexamen de test\u00edculo, uso del preservativo y planificaci\u00f3n familiar. Tambi\u00e9n se trataron temas como la depresi\u00f3n y adicciones\u201d, coment\u00f3 Juliana Meza Escobar, Jefe de la IPS Universitaria.<\/p>\n<p>&nbsp;<\/p>\n<p>Adem\u00e1s, se ofrecieron los servicios de laboratorio m\u00e9dico y citolog\u00eda.<\/p>\n<p>&nbsp;<\/p>\n<p>La pr\u00f3xima jornada ser\u00e1 el 31 de mayo del 2011 en las Residencias femeninas de la U. de Caldas, ubicadas en el barrio F\u00e1tima. Ser\u00e1n de 11:00 a.m. a 3:00 p.m.<\/p>\n<p>&nbsp;<\/p>\n<p>Conozca la programaci\u00f3n completa en la p\u00e1gina web <a href=\"http:\/\/desarrollo.ucaldas.edu.co\/\" target=\"_blank\">www.ucaldas.edu.co<\/a> secci\u00f3n <b>Eventos.<\/b><\/p>\n<p>&nbsp;<\/p>\n<p><b>Informes: <\/b>con Juliana Meza Escobar, Jefe de la IPS Universitaria. Celular: 314 834 3489.<\/p>\n","protected":false},"excerpt":{"rendered":"<p>Este jueves 12 de mayo del 2011 12\/05\/2011 &nbsp; \u00a0 150 personas de la comunidad universitaria de la Universidad de Caldas participaron este jueves 12 de mayo del 2011 en el encuentro denominado Jornadas Saludables. \u00a0 Este fue el tercer encuentro organizado por el Servicio de Salud Estudiantil de la Instituci\u00f3n, con el fin de [&hellip;]<\/p>\n","protected":false},"author":2,"featured_media":0,"comment_status":"closed","ping_status":"closed","sticky":false,"template":"","format":"standard","meta":{"footnotes":""},"categories":[48,53],"tags":[],"class_list":["post-8658","post","type-post","status-publish","format-standard","hentry","category-actualidad","category-universidad-al-dia"],"yoast_head":"<!-- This site is optimized with the Yoast SEO plugin v27.5 - https:\/\/yoast.com\/product\/yoast-seo-wordpress\/ -->\n<title>Sede Central de la U. de Caldas tuvo sus Jornadas Saludables .<\/title>\n<meta name=\"robots\" content=\"index, follow, max-snippet:-1, max-image-preview:large, max-video-preview:-1\" \/>\n<link rel=\"canonical\" href=\"https:\/\/www.ucaldas.edu.co\/portal\/sede-central-de-la-u-de-caldas-tuvo-sus-jornadas-saludables\/\" \/>\n<script type=\"application\/ld+json\" class=\"yoast-schema-graph\">{\"@context\":\"https:\\\/\\\/schema.org\",\"@graph\":[{\"@type\":\"Article\",\"@id\":\"https:\\\/\\\/www.ucaldas.edu.co\\\/portal\\\/sede-central-de-la-u-de-caldas-tuvo-sus-jornadas-saludables\\\/#article\",\"isPartOf\":{\"@id\":\"https:\\\/\\\/www.ucaldas.edu.co\\\/portal\\\/sede-central-de-la-u-de-caldas-tuvo-sus-jornadas-saludables\\\/\"},\"author\":{\"name\":\"ofiprensa\",\"@id\":\"https:\\\/\\\/www.ucaldas.edu.co\\\/portal\\\/#\\\/schema\\\/person\\\/a1b482e23449158b4bc319926c074fdf\"},\"headline\":\"Sede Central de la U. de Caldas tuvo sus Jornadas Saludables\",\"datePublished\":\"2011-05-12T20:18:10+00:00\",\"mainEntityOfPage\":{\"@id\":\"https:\\\/\\\/www.ucaldas.edu.co\\\/portal\\\/sede-central-de-la-u-de-caldas-tuvo-sus-jornadas-saludables\\\/\"},\"wordCount\":205,\"publisher\":{\"@id\":\"https:\\\/\\\/www.ucaldas.edu.co\\\/portal\\\/#organization\"},\"image\":{\"@id\":\"https:\\\/\\\/www.ucaldas.edu.co\\\/portal\\\/sede-central-de-la-u-de-caldas-tuvo-sus-jornadas-saludables\\\/#primaryimage\"},\"thumbnailUrl\":\"http:\\\/\\\/www.ucaldas.edu.co\\\/images\\\/tmp\\\/Jornadas_Saludables_2011.JPG\",\"articleSection\":[\"Actualidad\",\"Universidad al D\u00eda\"],\"inLanguage\":\"es\"},{\"@type\":\"WebPage\",\"@id\":\"https:\\\/\\\/www.ucaldas.edu.co\\\/portal\\\/sede-central-de-la-u-de-caldas-tuvo-sus-jornadas-saludables\\\/\",\"url\":\"https:\\\/\\\/www.ucaldas.edu.co\\\/portal\\\/sede-central-de-la-u-de-caldas-tuvo-sus-jornadas-saludables\\\/\",\"name\":\"Sede Central de la U. de Caldas tuvo sus Jornadas Saludables .\",\"isPartOf\":{\"@id\":\"https:\\\/\\\/www.ucaldas.edu.co\\\/portal\\\/#website\"},\"primaryImageOfPage\":{\"@id\":\"https:\\\/\\\/www.ucaldas.edu.co\\\/portal\\\/sede-central-de-la-u-de-caldas-tuvo-sus-jornadas-saludables\\\/#primaryimage\"},\"image\":{\"@id\":\"https:\\\/\\\/www.ucaldas.edu.co\\\/portal\\\/sede-central-de-la-u-de-caldas-tuvo-sus-jornadas-saludables\\\/#primaryimage\"},\"thumbnailUrl\":\"http:\\\/\\\/www.ucaldas.edu.co\\\/images\\\/tmp\\\/Jornadas_Saludables_2011.JPG\",\"datePublished\":\"2011-05-12T20:18:10+00:00\",\"breadcrumb\":{\"@id\":\"https:\\\/\\\/www.ucaldas.edu.co\\\/portal\\\/sede-central-de-la-u-de-caldas-tuvo-sus-jornadas-saludables\\\/#breadcrumb\"},\"inLanguage\":\"es\",\"potentialAction\":[{\"@type\":\"ReadAction\",\"target\":[\"https:\\\/\\\/www.ucaldas.edu.co\\\/portal\\\/sede-central-de-la-u-de-caldas-tuvo-sus-jornadas-saludables\\\/\"]}]},{\"@type\":\"ImageObject\",\"inLanguage\":\"es\",\"@id\":\"https:\\\/\\\/www.ucaldas.edu.co\\\/portal\\\/sede-central-de-la-u-de-caldas-tuvo-sus-jornadas-saludables\\\/#primaryimage\",\"url\":\"http:\\\/\\\/www.ucaldas.edu.co\\\/images\\\/tmp\\\/Jornadas_Saludables_2011.JPG\",\"contentUrl\":\"http:\\\/\\\/www.ucaldas.edu.co\\\/images\\\/tmp\\\/Jornadas_Saludables_2011.JPG\"},{\"@type\":\"BreadcrumbList\",\"@id\":\"https:\\\/\\\/www.ucaldas.edu.co\\\/portal\\\/sede-central-de-la-u-de-caldas-tuvo-sus-jornadas-saludables\\\/#breadcrumb\",\"itemListElement\":[{\"@type\":\"ListItem\",\"position\":1,\"name\":\"Portada\",\"item\":\"https:\\\/\\\/www.ucaldas.edu.co\\\/portal\\\/\"},{\"@type\":\"ListItem\",\"position\":2,\"name\":\"Sede Central de la U. de Caldas tuvo sus Jornadas Saludables\"}]},{\"@type\":\"WebSite\",\"@id\":\"https:\\\/\\\/www.ucaldas.edu.co\\\/portal\\\/#website\",\"url\":\"https:\\\/\\\/www.ucaldas.edu.co\\\/portal\\\/\",\"name\":\"Universidad de Caldas\",\"description\":\"\",\"publisher\":{\"@id\":\"https:\\\/\\\/www.ucaldas.edu.co\\\/portal\\\/#organization\"},\"alternateName\":\"U. de Caldas\",\"potentialAction\":[{\"@type\":\"SearchAction\",\"target\":{\"@type\":\"EntryPoint\",\"urlTemplate\":\"https:\\\/\\\/www.ucaldas.edu.co\\\/portal\\\/?s={search_term_string}\"},\"query-input\":{\"@type\":\"PropertyValueSpecification\",\"valueRequired\":true,\"valueName\":\"search_term_string\"}}],\"inLanguage\":\"es\"},{\"@type\":\"Organization\",\"@id\":\"https:\\\/\\\/www.ucaldas.edu.co\\\/portal\\\/#organization\",\"name\":\"Universidad de Caldas\",\"alternateName\":\"U. de Caldas\",\"url\":\"https:\\\/\\\/www.ucaldas.edu.co\\\/portal\\\/\",\"logo\":{\"@type\":\"ImageObject\",\"inLanguage\":\"es\",\"@id\":\"https:\\\/\\\/www.ucaldas.edu.co\\\/portal\\\/#\\\/schema\\\/logo\\\/image\\\/\",\"url\":\"https:\\\/\\\/www.ucaldas.edu.co\\\/portal\\\/wp-content\\\/uploads\\\/2023\\\/11\\\/Logo_horizontal_oscuroU-2023.png\",\"contentUrl\":\"https:\\\/\\\/www.ucaldas.edu.co\\\/portal\\\/wp-content\\\/uploads\\\/2023\\\/11\\\/Logo_horizontal_oscuroU-2023.png\",\"width\":263,\"height\":101,\"caption\":\"Universidad de Caldas\"},\"image\":{\"@id\":\"https:\\\/\\\/www.ucaldas.edu.co\\\/portal\\\/#\\\/schema\\\/logo\\\/image\\\/\"},\"sameAs\":[\"https:\\\/\\\/www.facebook.com\\\/udecaldas\",\"https:\\\/\\\/x.com\\\/udecaldas\",\"https:\\\/\\\/www.youtube.com\\\/universidadcaldas\",\"https:\\\/\\\/www.instagram.com\\\/udecaldas\\\/\"]},{\"@type\":\"Person\",\"@id\":\"https:\\\/\\\/www.ucaldas.edu.co\\\/portal\\\/#\\\/schema\\\/person\\\/a1b482e23449158b4bc319926c074fdf\",\"name\":\"ofiprensa\",\"image\":{\"@type\":\"ImageObject\",\"inLanguage\":\"es\",\"@id\":\"https:\\\/\\\/www.ucaldas.edu.co\\\/portal\\\/wp-content\\\/litespeed\\\/avatar\\\/09ea5085e600095a7a811142c6944527.jpg?ver=1777497608\",\"url\":\"https:\\\/\\\/www.ucaldas.edu.co\\\/portal\\\/wp-content\\\/litespeed\\\/avatar\\\/09ea5085e600095a7a811142c6944527.jpg?ver=1777497608\",\"contentUrl\":\"https:\\\/\\\/www.ucaldas.edu.co\\\/portal\\\/wp-content\\\/litespeed\\\/avatar\\\/09ea5085e600095a7a811142c6944527.jpg?ver=1777497608\",\"caption\":\"ofiprensa\"},\"url\":\"https:\\\/\\\/www.ucaldas.edu.co\\\/portal\\\/author\\\/ofiprensa\\\/\"}]}<\/script>\n<!-- \/ Yoast SEO plugin. -->","yoast_head_json":{"title":"Sede Central de la U. de Caldas tuvo sus Jornadas Saludables .","robots":{"index":"index","follow":"follow","max-snippet":"max-snippet:-1","max-image-preview":"max-image-preview:large","max-video-preview":"max-video-preview:-1"},"canonical":"https:\/\/www.ucaldas.edu.co\/portal\/sede-central-de-la-u-de-caldas-tuvo-sus-jornadas-saludables\/","schema":{"@context":"https:\/\/schema.org","@graph":[{"@type":"Article","@id":"https:\/\/www.ucaldas.edu.co\/portal\/sede-central-de-la-u-de-caldas-tuvo-sus-jornadas-saludables\/#article","isPartOf":{"@id":"https:\/\/www.ucaldas.edu.co\/portal\/sede-central-de-la-u-de-caldas-tuvo-sus-jornadas-saludables\/"},"author":{"name":"ofiprensa","@id":"https:\/\/www.ucaldas.edu.co\/portal\/#\/schema\/person\/a1b482e23449158b4bc319926c074fdf"},"headline":"Sede Central de la U. de Caldas tuvo sus Jornadas Saludables","datePublished":"2011-05-12T20:18:10+00:00","mainEntityOfPage":{"@id":"https:\/\/www.ucaldas.edu.co\/portal\/sede-central-de-la-u-de-caldas-tuvo-sus-jornadas-saludables\/"},"wordCount":205,"publisher":{"@id":"https:\/\/www.ucaldas.edu.co\/portal\/#organization"},"image":{"@id":"https:\/\/www.ucaldas.edu.co\/portal\/sede-central-de-la-u-de-caldas-tuvo-sus-jornadas-saludables\/#primaryimage"},"thumbnailUrl":"http:\/\/www.ucaldas.edu.co\/images\/tmp\/Jornadas_Saludables_2011.JPG","articleSection":["Actualidad","Universidad al D\u00eda"],"inLanguage":"es"},{"@type":"WebPage","@id":"https:\/\/www.ucaldas.edu.co\/portal\/sede-central-de-la-u-de-caldas-tuvo-sus-jornadas-saludables\/","url":"https:\/\/www.ucaldas.edu.co\/portal\/sede-central-de-la-u-de-caldas-tuvo-sus-jornadas-saludables\/","name":"Sede Central de la U. de Caldas tuvo sus Jornadas Saludables .","isPartOf":{"@id":"https:\/\/www.ucaldas.edu.co\/portal\/#website"},"primaryImageOfPage":{"@id":"https:\/\/www.ucaldas.edu.co\/portal\/sede-central-de-la-u-de-caldas-tuvo-sus-jornadas-saludables\/#primaryimage"},"image":{"@id":"https:\/\/www.ucaldas.edu.co\/portal\/sede-central-de-la-u-de-caldas-tuvo-sus-jornadas-saludables\/#primaryimage"},"thumbnailUrl":"http:\/\/www.ucaldas.edu.co\/images\/tmp\/Jornadas_Saludables_2011.JPG","datePublished":"2011-05-12T20:18:10+00:00","breadcrumb":{"@id":"https:\/\/www.ucaldas.edu.co\/portal\/sede-central-de-la-u-de-caldas-tuvo-sus-jornadas-saludables\/#breadcrumb"},"inLanguage":"es","potentialAction":[{"@type":"ReadAction","target":["https:\/\/www.ucaldas.edu.co\/portal\/sede-central-de-la-u-de-caldas-tuvo-sus-jornadas-saludables\/"]}]},{"@type":"ImageObject","inLanguage":"es","@id":"https:\/\/www.ucaldas.edu.co\/portal\/sede-central-de-la-u-de-caldas-tuvo-sus-jornadas-saludables\/#primaryimage","url":"http:\/\/www.ucaldas.edu.co\/images\/tmp\/Jornadas_Saludables_2011.JPG","contentUrl":"http:\/\/www.ucaldas.edu.co\/images\/tmp\/Jornadas_Saludables_2011.JPG"},{"@type":"BreadcrumbList","@id":"https:\/\/www.ucaldas.edu.co\/portal\/sede-central-de-la-u-de-caldas-tuvo-sus-jornadas-saludables\/#breadcrumb","itemListElement":[{"@type":"ListItem","position":1,"name":"Portada","item":"https:\/\/www.ucaldas.edu.co\/portal\/"},{"@type":"ListItem","position":2,"name":"Sede Central de la U. de Caldas tuvo sus Jornadas Saludables"}]},{"@type":"WebSite","@id":"https:\/\/www.ucaldas.edu.co\/portal\/#website","url":"https:\/\/www.ucaldas.edu.co\/portal\/","name":"Universidad de Caldas","description":"","publisher":{"@id":"https:\/\/www.ucaldas.edu.co\/portal\/#organization"},"alternateName":"U. de Caldas","potentialAction":[{"@type":"SearchAction","target":{"@type":"EntryPoint","urlTemplate":"https:\/\/www.ucaldas.edu.co\/portal\/?s={search_term_string}"},"query-input":{"@type":"PropertyValueSpecification","valueRequired":true,"valueName":"search_term_string"}}],"inLanguage":"es"},{"@type":"Organization","@id":"https:\/\/www.ucaldas.edu.co\/portal\/#organization","name":"Universidad de Caldas","alternateName":"U. de Caldas","url":"https:\/\/www.ucaldas.edu.co\/portal\/","logo":{"@type":"ImageObject","inLanguage":"es","@id":"https:\/\/www.ucaldas.edu.co\/portal\/#\/schema\/logo\/image\/","url":"https:\/\/www.ucaldas.edu.co\/portal\/wp-content\/uploads\/2023\/11\/Logo_horizontal_oscuroU-2023.png","contentUrl":"https:\/\/www.ucaldas.edu.co\/portal\/wp-content\/uploads\/2023\/11\/Logo_horizontal_oscuroU-2023.png","width":263,"height":101,"caption":"Universidad de Caldas"},"image":{"@id":"https:\/\/www.ucaldas.edu.co\/portal\/#\/schema\/logo\/image\/"},"sameAs":["https:\/\/www.facebook.com\/udecaldas","https:\/\/x.com\/udecaldas","https:\/\/www.youtube.com\/universidadcaldas","https:\/\/www.instagram.com\/udecaldas\/"]},{"@type":"Person","@id":"https:\/\/www.ucaldas.edu.co\/portal\/#\/schema\/person\/a1b482e23449158b4bc319926c074fdf","name":"ofiprensa","image":{"@type":"ImageObject","inLanguage":"es","@id":"https:\/\/www.ucaldas.edu.co\/portal\/wp-content\/litespeed\/avatar\/09ea5085e600095a7a811142c6944527.jpg?ver=1777497608","url":"https:\/\/www.ucaldas.edu.co\/portal\/wp-content\/litespeed\/avatar\/09ea5085e600095a7a811142c6944527.jpg?ver=1777497608","contentUrl":"https:\/\/www.ucaldas.edu.co\/portal\/wp-content\/litespeed\/avatar\/09ea5085e600095a7a811142c6944527.jpg?ver=1777497608","caption":"ofiprensa"},"url":"https:\/\/www.ucaldas.edu.co\/portal\/author\/ofiprensa\/"}]}},"_links":{"self":[{"href":"https:\/\/www.ucaldas.edu.co\/portal\/wp-json\/wp\/v2\/posts\/8658","targetHints":{"allow":["GET"]}}],"collection":[{"href":"https:\/\/www.ucaldas.edu.co\/portal\/wp-json\/wp\/v2\/posts"}],"about":[{"href":"https:\/\/www.ucaldas.edu.co\/portal\/wp-json\/wp\/v2\/types\/post"}],"author":[{"embeddable":true,"href":"https:\/\/www.ucaldas.edu.co\/portal\/wp-json\/wp\/v2\/users\/2"}],"replies":[{"embeddable":true,"href":"https:\/\/www.ucaldas.edu.co\/portal\/wp-json\/wp\/v2\/comments?post=8658"}],"version-history":[{"count":0,"href":"https:\/\/www.ucaldas.edu.co\/portal\/wp-json\/wp\/v2\/posts\/8658\/revisions"}],"wp:attachment":[{"href":"https:\/\/www.ucaldas.edu.co\/portal\/wp-json\/wp\/v2\/media?parent=8658"}],"wp:term":[{"taxonomy":"category","embeddable":true,"href":"https:\/\/www.ucaldas.edu.co\/portal\/wp-json\/wp\/v2\/categories?post=8658"},{"taxonomy":"post_tag","embeddable":true,"href":"https:\/\/www.ucaldas.edu.co\/portal\/wp-json\/wp\/v2\/tags?post=8658"}],"curies":[{"name":"wp","href":"https:\/\/api.w.org\/{rel}","templated":true}]}}