{"id":8652,"date":"2011-05-12T15:14:32","date_gmt":"2011-05-12T20:14:32","guid":{"rendered":"https:\/\/www.ucaldas.edu.co\/portal\/?p=8652"},"modified":"2011-05-12T15:14:32","modified_gmt":"2011-05-12T20:14:32","slug":"conferencia-y-conversatorio-sobre-oportunidades-para-manizales-en-asia-pacifico","status":"publish","type":"post","link":"https:\/\/www.ucaldas.edu.co\/portal\/conferencia-y-conversatorio-sobre-oportunidades-para-manizales-en-asia-pacifico\/","title":{"rendered":"Conferencia y conversatorio sobre oportunidades para Manizales en Asia Pac\u00edfico"},"content":{"rendered":"<p><b>M<\/b><b>ayo 13<\/b><\/p>\n<hr \/>\n<p>&nbsp;<\/p>\n<table border=\"0\">\n<tbody>\n<tr>\n<td><img loading=\"lazy\" decoding=\"async\" style=\"border: 0px\" alt=\"Conferencia\" src=\"http:\/\/www.ucaldas.edu.co\/images\/tmp\/internacionalizacion.jpg\" width=\"240\" height=\"150\" border=\"0\" \/><\/td>\n<td><b>Descripci\u00f3n: <\/b>encuentro organizado por la Oficina de Internacionalizaci\u00f3n de la U. de Caldas<\/p>\n<p><b>Tema: <\/b>Situaci\u00f3n econ\u00f3mica, mercado y proyecci\u00f3n de China, Jap\u00f3n y Corea del Sur hacia el mundo<\/td>\n<\/tr>\n<\/tbody>\n<\/table>\n<p>&nbsp;<\/p>\n<p><b>Conferencistas:<\/b><\/p>\n<p>&#8211; Arturo G\u00e1lvez Valega, Coordinador Acad\u00e9mico de la C\u00e1tedra Asia Pac\u00edfico. U. del Norte<\/p>\n<p>&#8211; Juan Carlos Mondrag\u00f3n, Presidente de la C\u00e1mara Colombo Japonesa<\/p>\n<p>&#8211; Francisco Espinosa Iragorri, Secretario General de la C\u00e1mara Colombo Coreana<\/p>\n<p><b>Apertura: <\/b><\/p>\n<p>&#8211; Gabriel M\u00e9ndez Hincapi\u00e9, docente de Ciencias Pol\u00edticas, docente de la Facultad de Ciencias Jur\u00eddicas y Sociales de la U. de Caldas<\/p>\n<p><b>Lugar: <\/b>Sala Carlos N\u00e1der N\u00e1der, de la Sede Central de la U. de Caldas<\/p>\n<p><b>Horario: <\/b>este viernes 13 de mayo del 2011, a las 9:30 a.m.<\/p>\n<p><b>Informes: <\/b>en la Oficina de Internacionalizaci\u00f3n. Tel\u00e9fono: 878 15 00, extensi\u00f3n 12 169.<\/p>\n","protected":false},"excerpt":{"rendered":"<p>Mayo 13 &nbsp; Descripci\u00f3n: encuentro organizado por la Oficina de Internacionalizaci\u00f3n de la U. de Caldas Tema: Situaci\u00f3n econ\u00f3mica, mercado y proyecci\u00f3n de China, Jap\u00f3n y Corea del Sur hacia el mundo &nbsp; Conferencistas: &#8211; Arturo G\u00e1lvez Valega, Coordinador Acad\u00e9mico de la C\u00e1tedra Asia Pac\u00edfico. U. del Norte &#8211; Juan Carlos Mondrag\u00f3n, Presidente de la [&hellip;]<\/p>\n","protected":false},"author":2,"featured_media":0,"comment_status":"closed","ping_status":"closed","sticky":false,"template":"","format":"standard","meta":{"footnotes":""},"categories":[48,53],"tags":[],"class_list":["post-8652","post","type-post","status-publish","format-standard","hentry","category-actualidad","category-universidad-al-dia"],"yoast_head":"<!-- This site is optimized with the Yoast SEO plugin v27.5 - https:\/\/yoast.com\/product\/yoast-seo-wordpress\/ -->\n<title>Conferencia y conversatorio sobre oportunidades para Manizales en Asia Pac\u00edfico .<\/title>\n<meta name=\"robots\" content=\"index, follow, max-snippet:-1, max-image-preview:large, max-video-preview:-1\" \/>\n<link rel=\"canonical\" href=\"https:\/\/www.ucaldas.edu.co\/portal\/conferencia-y-conversatorio-sobre-oportunidades-para-manizales-en-asia-pacifico\/\" \/>\n<script type=\"application\/ld+json\" class=\"yoast-schema-graph\">{\"@context\":\"https:\\\/\\\/schema.org\",\"@graph\":[{\"@type\":\"Article\",\"@id\":\"https:\\\/\\\/www.ucaldas.edu.co\\\/portal\\\/conferencia-y-conversatorio-sobre-oportunidades-para-manizales-en-asia-pacifico\\\/#article\",\"isPartOf\":{\"@id\":\"https:\\\/\\\/www.ucaldas.edu.co\\\/portal\\\/conferencia-y-conversatorio-sobre-oportunidades-para-manizales-en-asia-pacifico\\\/\"},\"author\":{\"name\":\"ofiprensa\",\"@id\":\"https:\\\/\\\/www.ucaldas.edu.co\\\/portal\\\/#\\\/schema\\\/person\\\/a1b482e23449158b4bc319926c074fdf\"},\"headline\":\"Conferencia y conversatorio sobre oportunidades para Manizales en Asia Pac\u00edfico\",\"datePublished\":\"2011-05-12T20:14:32+00:00\",\"mainEntityOfPage\":{\"@id\":\"https:\\\/\\\/www.ucaldas.edu.co\\\/portal\\\/conferencia-y-conversatorio-sobre-oportunidades-para-manizales-en-asia-pacifico\\\/\"},\"wordCount\":156,\"publisher\":{\"@id\":\"https:\\\/\\\/www.ucaldas.edu.co\\\/portal\\\/#organization\"},\"image\":{\"@id\":\"https:\\\/\\\/www.ucaldas.edu.co\\\/portal\\\/conferencia-y-conversatorio-sobre-oportunidades-para-manizales-en-asia-pacifico\\\/#primaryimage\"},\"thumbnailUrl\":\"http:\\\/\\\/www.ucaldas.edu.co\\\/images\\\/tmp\\\/internacionalizacion.jpg\",\"articleSection\":[\"Actualidad\",\"Universidad al D\u00eda\"],\"inLanguage\":\"es\"},{\"@type\":\"WebPage\",\"@id\":\"https:\\\/\\\/www.ucaldas.edu.co\\\/portal\\\/conferencia-y-conversatorio-sobre-oportunidades-para-manizales-en-asia-pacifico\\\/\",\"url\":\"https:\\\/\\\/www.ucaldas.edu.co\\\/portal\\\/conferencia-y-conversatorio-sobre-oportunidades-para-manizales-en-asia-pacifico\\\/\",\"name\":\"Conferencia y conversatorio sobre oportunidades para Manizales en Asia Pac\u00edfico .\",\"isPartOf\":{\"@id\":\"https:\\\/\\\/www.ucaldas.edu.co\\\/portal\\\/#website\"},\"primaryImageOfPage\":{\"@id\":\"https:\\\/\\\/www.ucaldas.edu.co\\\/portal\\\/conferencia-y-conversatorio-sobre-oportunidades-para-manizales-en-asia-pacifico\\\/#primaryimage\"},\"image\":{\"@id\":\"https:\\\/\\\/www.ucaldas.edu.co\\\/portal\\\/conferencia-y-conversatorio-sobre-oportunidades-para-manizales-en-asia-pacifico\\\/#primaryimage\"},\"thumbnailUrl\":\"http:\\\/\\\/www.ucaldas.edu.co\\\/images\\\/tmp\\\/internacionalizacion.jpg\",\"datePublished\":\"2011-05-12T20:14:32+00:00\",\"breadcrumb\":{\"@id\":\"https:\\\/\\\/www.ucaldas.edu.co\\\/portal\\\/conferencia-y-conversatorio-sobre-oportunidades-para-manizales-en-asia-pacifico\\\/#breadcrumb\"},\"inLanguage\":\"es\",\"potentialAction\":[{\"@type\":\"ReadAction\",\"target\":[\"https:\\\/\\\/www.ucaldas.edu.co\\\/portal\\\/conferencia-y-conversatorio-sobre-oportunidades-para-manizales-en-asia-pacifico\\\/\"]}]},{\"@type\":\"ImageObject\",\"inLanguage\":\"es\",\"@id\":\"https:\\\/\\\/www.ucaldas.edu.co\\\/portal\\\/conferencia-y-conversatorio-sobre-oportunidades-para-manizales-en-asia-pacifico\\\/#primaryimage\",\"url\":\"http:\\\/\\\/www.ucaldas.edu.co\\\/images\\\/tmp\\\/internacionalizacion.jpg\",\"contentUrl\":\"http:\\\/\\\/www.ucaldas.edu.co\\\/images\\\/tmp\\\/internacionalizacion.jpg\"},{\"@type\":\"BreadcrumbList\",\"@id\":\"https:\\\/\\\/www.ucaldas.edu.co\\\/portal\\\/conferencia-y-conversatorio-sobre-oportunidades-para-manizales-en-asia-pacifico\\\/#breadcrumb\",\"itemListElement\":[{\"@type\":\"ListItem\",\"position\":1,\"name\":\"Portada\",\"item\":\"https:\\\/\\\/www.ucaldas.edu.co\\\/portal\\\/\"},{\"@type\":\"ListItem\",\"position\":2,\"name\":\"Conferencia y conversatorio sobre oportunidades para Manizales en Asia Pac\u00edfico\"}]},{\"@type\":\"WebSite\",\"@id\":\"https:\\\/\\\/www.ucaldas.edu.co\\\/portal\\\/#website\",\"url\":\"https:\\\/\\\/www.ucaldas.edu.co\\\/portal\\\/\",\"name\":\"Universidad de Caldas\",\"description\":\"\",\"publisher\":{\"@id\":\"https:\\\/\\\/www.ucaldas.edu.co\\\/portal\\\/#organization\"},\"alternateName\":\"U. de Caldas\",\"potentialAction\":[{\"@type\":\"SearchAction\",\"target\":{\"@type\":\"EntryPoint\",\"urlTemplate\":\"https:\\\/\\\/www.ucaldas.edu.co\\\/portal\\\/?s={search_term_string}\"},\"query-input\":{\"@type\":\"PropertyValueSpecification\",\"valueRequired\":true,\"valueName\":\"search_term_string\"}}],\"inLanguage\":\"es\"},{\"@type\":\"Organization\",\"@id\":\"https:\\\/\\\/www.ucaldas.edu.co\\\/portal\\\/#organization\",\"name\":\"Universidad de Caldas\",\"alternateName\":\"U. de Caldas\",\"url\":\"https:\\\/\\\/www.ucaldas.edu.co\\\/portal\\\/\",\"logo\":{\"@type\":\"ImageObject\",\"inLanguage\":\"es\",\"@id\":\"https:\\\/\\\/www.ucaldas.edu.co\\\/portal\\\/#\\\/schema\\\/logo\\\/image\\\/\",\"url\":\"https:\\\/\\\/www.ucaldas.edu.co\\\/portal\\\/wp-content\\\/uploads\\\/2023\\\/11\\\/Logo_horizontal_oscuroU-2023.png\",\"contentUrl\":\"https:\\\/\\\/www.ucaldas.edu.co\\\/portal\\\/wp-content\\\/uploads\\\/2023\\\/11\\\/Logo_horizontal_oscuroU-2023.png\",\"width\":263,\"height\":101,\"caption\":\"Universidad de Caldas\"},\"image\":{\"@id\":\"https:\\\/\\\/www.ucaldas.edu.co\\\/portal\\\/#\\\/schema\\\/logo\\\/image\\\/\"},\"sameAs\":[\"https:\\\/\\\/www.facebook.com\\\/udecaldas\",\"https:\\\/\\\/x.com\\\/udecaldas\",\"https:\\\/\\\/www.youtube.com\\\/universidadcaldas\",\"https:\\\/\\\/www.instagram.com\\\/udecaldas\\\/\"]},{\"@type\":\"Person\",\"@id\":\"https:\\\/\\\/www.ucaldas.edu.co\\\/portal\\\/#\\\/schema\\\/person\\\/a1b482e23449158b4bc319926c074fdf\",\"name\":\"ofiprensa\",\"image\":{\"@type\":\"ImageObject\",\"inLanguage\":\"es\",\"@id\":\"https:\\\/\\\/www.ucaldas.edu.co\\\/portal\\\/wp-content\\\/litespeed\\\/avatar\\\/09ea5085e600095a7a811142c6944527.jpg?ver=1777497608\",\"url\":\"https:\\\/\\\/www.ucaldas.edu.co\\\/portal\\\/wp-content\\\/litespeed\\\/avatar\\\/09ea5085e600095a7a811142c6944527.jpg?ver=1777497608\",\"contentUrl\":\"https:\\\/\\\/www.ucaldas.edu.co\\\/portal\\\/wp-content\\\/litespeed\\\/avatar\\\/09ea5085e600095a7a811142c6944527.jpg?ver=1777497608\",\"caption\":\"ofiprensa\"},\"url\":\"https:\\\/\\\/www.ucaldas.edu.co\\\/portal\\\/author\\\/ofiprensa\\\/\"}]}<\/script>\n<!-- \/ Yoast SEO plugin. -->","yoast_head_json":{"title":"Conferencia y conversatorio sobre oportunidades para Manizales en Asia Pac\u00edfico .","robots":{"index":"index","follow":"follow","max-snippet":"max-snippet:-1","max-image-preview":"max-image-preview:large","max-video-preview":"max-video-preview:-1"},"canonical":"https:\/\/www.ucaldas.edu.co\/portal\/conferencia-y-conversatorio-sobre-oportunidades-para-manizales-en-asia-pacifico\/","schema":{"@context":"https:\/\/schema.org","@graph":[{"@type":"Article","@id":"https:\/\/www.ucaldas.edu.co\/portal\/conferencia-y-conversatorio-sobre-oportunidades-para-manizales-en-asia-pacifico\/#article","isPartOf":{"@id":"https:\/\/www.ucaldas.edu.co\/portal\/conferencia-y-conversatorio-sobre-oportunidades-para-manizales-en-asia-pacifico\/"},"author":{"name":"ofiprensa","@id":"https:\/\/www.ucaldas.edu.co\/portal\/#\/schema\/person\/a1b482e23449158b4bc319926c074fdf"},"headline":"Conferencia y conversatorio sobre oportunidades para Manizales en Asia Pac\u00edfico","datePublished":"2011-05-12T20:14:32+00:00","mainEntityOfPage":{"@id":"https:\/\/www.ucaldas.edu.co\/portal\/conferencia-y-conversatorio-sobre-oportunidades-para-manizales-en-asia-pacifico\/"},"wordCount":156,"publisher":{"@id":"https:\/\/www.ucaldas.edu.co\/portal\/#organization"},"image":{"@id":"https:\/\/www.ucaldas.edu.co\/portal\/conferencia-y-conversatorio-sobre-oportunidades-para-manizales-en-asia-pacifico\/#primaryimage"},"thumbnailUrl":"http:\/\/www.ucaldas.edu.co\/images\/tmp\/internacionalizacion.jpg","articleSection":["Actualidad","Universidad al D\u00eda"],"inLanguage":"es"},{"@type":"WebPage","@id":"https:\/\/www.ucaldas.edu.co\/portal\/conferencia-y-conversatorio-sobre-oportunidades-para-manizales-en-asia-pacifico\/","url":"https:\/\/www.ucaldas.edu.co\/portal\/conferencia-y-conversatorio-sobre-oportunidades-para-manizales-en-asia-pacifico\/","name":"Conferencia y conversatorio sobre oportunidades para Manizales en Asia Pac\u00edfico .","isPartOf":{"@id":"https:\/\/www.ucaldas.edu.co\/portal\/#website"},"primaryImageOfPage":{"@id":"https:\/\/www.ucaldas.edu.co\/portal\/conferencia-y-conversatorio-sobre-oportunidades-para-manizales-en-asia-pacifico\/#primaryimage"},"image":{"@id":"https:\/\/www.ucaldas.edu.co\/portal\/conferencia-y-conversatorio-sobre-oportunidades-para-manizales-en-asia-pacifico\/#primaryimage"},"thumbnailUrl":"http:\/\/www.ucaldas.edu.co\/images\/tmp\/internacionalizacion.jpg","datePublished":"2011-05-12T20:14:32+00:00","breadcrumb":{"@id":"https:\/\/www.ucaldas.edu.co\/portal\/conferencia-y-conversatorio-sobre-oportunidades-para-manizales-en-asia-pacifico\/#breadcrumb"},"inLanguage":"es","potentialAction":[{"@type":"ReadAction","target":["https:\/\/www.ucaldas.edu.co\/portal\/conferencia-y-conversatorio-sobre-oportunidades-para-manizales-en-asia-pacifico\/"]}]},{"@type":"ImageObject","inLanguage":"es","@id":"https:\/\/www.ucaldas.edu.co\/portal\/conferencia-y-conversatorio-sobre-oportunidades-para-manizales-en-asia-pacifico\/#primaryimage","url":"http:\/\/www.ucaldas.edu.co\/images\/tmp\/internacionalizacion.jpg","contentUrl":"http:\/\/www.ucaldas.edu.co\/images\/tmp\/internacionalizacion.jpg"},{"@type":"BreadcrumbList","@id":"https:\/\/www.ucaldas.edu.co\/portal\/conferencia-y-conversatorio-sobre-oportunidades-para-manizales-en-asia-pacifico\/#breadcrumb","itemListElement":[{"@type":"ListItem","position":1,"name":"Portada","item":"https:\/\/www.ucaldas.edu.co\/portal\/"},{"@type":"ListItem","position":2,"name":"Conferencia y conversatorio sobre oportunidades para Manizales en Asia Pac\u00edfico"}]},{"@type":"WebSite","@id":"https:\/\/www.ucaldas.edu.co\/portal\/#website","url":"https:\/\/www.ucaldas.edu.co\/portal\/","name":"Universidad de Caldas","description":"","publisher":{"@id":"https:\/\/www.ucaldas.edu.co\/portal\/#organization"},"alternateName":"U. de Caldas","potentialAction":[{"@type":"SearchAction","target":{"@type":"EntryPoint","urlTemplate":"https:\/\/www.ucaldas.edu.co\/portal\/?s={search_term_string}"},"query-input":{"@type":"PropertyValueSpecification","valueRequired":true,"valueName":"search_term_string"}}],"inLanguage":"es"},{"@type":"Organization","@id":"https:\/\/www.ucaldas.edu.co\/portal\/#organization","name":"Universidad de Caldas","alternateName":"U. de Caldas","url":"https:\/\/www.ucaldas.edu.co\/portal\/","logo":{"@type":"ImageObject","inLanguage":"es","@id":"https:\/\/www.ucaldas.edu.co\/portal\/#\/schema\/logo\/image\/","url":"https:\/\/www.ucaldas.edu.co\/portal\/wp-content\/uploads\/2023\/11\/Logo_horizontal_oscuroU-2023.png","contentUrl":"https:\/\/www.ucaldas.edu.co\/portal\/wp-content\/uploads\/2023\/11\/Logo_horizontal_oscuroU-2023.png","width":263,"height":101,"caption":"Universidad de Caldas"},"image":{"@id":"https:\/\/www.ucaldas.edu.co\/portal\/#\/schema\/logo\/image\/"},"sameAs":["https:\/\/www.facebook.com\/udecaldas","https:\/\/x.com\/udecaldas","https:\/\/www.youtube.com\/universidadcaldas","https:\/\/www.instagram.com\/udecaldas\/"]},{"@type":"Person","@id":"https:\/\/www.ucaldas.edu.co\/portal\/#\/schema\/person\/a1b482e23449158b4bc319926c074fdf","name":"ofiprensa","image":{"@type":"ImageObject","inLanguage":"es","@id":"https:\/\/www.ucaldas.edu.co\/portal\/wp-content\/litespeed\/avatar\/09ea5085e600095a7a811142c6944527.jpg?ver=1777497608","url":"https:\/\/www.ucaldas.edu.co\/portal\/wp-content\/litespeed\/avatar\/09ea5085e600095a7a811142c6944527.jpg?ver=1777497608","contentUrl":"https:\/\/www.ucaldas.edu.co\/portal\/wp-content\/litespeed\/avatar\/09ea5085e600095a7a811142c6944527.jpg?ver=1777497608","caption":"ofiprensa"},"url":"https:\/\/www.ucaldas.edu.co\/portal\/author\/ofiprensa\/"}]}},"_links":{"self":[{"href":"https:\/\/www.ucaldas.edu.co\/portal\/wp-json\/wp\/v2\/posts\/8652","targetHints":{"allow":["GET"]}}],"collection":[{"href":"https:\/\/www.ucaldas.edu.co\/portal\/wp-json\/wp\/v2\/posts"}],"about":[{"href":"https:\/\/www.ucaldas.edu.co\/portal\/wp-json\/wp\/v2\/types\/post"}],"author":[{"embeddable":true,"href":"https:\/\/www.ucaldas.edu.co\/portal\/wp-json\/wp\/v2\/users\/2"}],"replies":[{"embeddable":true,"href":"https:\/\/www.ucaldas.edu.co\/portal\/wp-json\/wp\/v2\/comments?post=8652"}],"version-history":[{"count":0,"href":"https:\/\/www.ucaldas.edu.co\/portal\/wp-json\/wp\/v2\/posts\/8652\/revisions"}],"wp:attachment":[{"href":"https:\/\/www.ucaldas.edu.co\/portal\/wp-json\/wp\/v2\/media?parent=8652"}],"wp:term":[{"taxonomy":"category","embeddable":true,"href":"https:\/\/www.ucaldas.edu.co\/portal\/wp-json\/wp\/v2\/categories?post=8652"},{"taxonomy":"post_tag","embeddable":true,"href":"https:\/\/www.ucaldas.edu.co\/portal\/wp-json\/wp\/v2\/tags?post=8652"}],"curies":[{"name":"wp","href":"https:\/\/api.w.org\/{rel}","templated":true}]}}