{"id":86516,"date":"2025-03-10T14:35:44","date_gmt":"2025-03-10T19:35:44","guid":{"rendered":"https:\/\/www.ucaldas.edu.co\/portal\/?p=86516"},"modified":"2025-03-10T14:35:44","modified_gmt":"2025-03-10T19:35:44","slug":"la-influencia-de-la-musica-de-carrilera-en-las-dinamicas-y-problemas-sociales-de-la-manizales","status":"publish","type":"post","link":"https:\/\/www.ucaldas.edu.co\/portal\/la-influencia-de-la-musica-de-carrilera-en-las-dinamicas-y-problemas-sociales-de-la-manizales\/","title":{"rendered":"La influencia de la m\u00fasica de carrilera en las din\u00e1micas y problemas sociales de la Manizales"},"content":{"rendered":"<p><img loading=\"lazy\" decoding=\"async\" class=\"alignnone  wp-image-86522\" src=\"https:\/\/www.ucaldas.edu.co\/portal\/wp-content\/uploads\/2025\/03\/Corresponsales-03-1-300x182.png\" alt=\"\" width=\"832\" height=\"505\" \/><\/p>\n<p style=\"text-align: justify;\">El estudiante Joan Sebasti\u00e1n Henao, estudiante de los programas de Historia y geograf\u00eda y Filosof\u00eda y letras nos habla sobre el proyecto que busca comprender la influencia de la m\u00fasica de carrilera en las din\u00e1micas y problemas sociales de la Manizales de las d\u00e9cadas de los\u2019 40, \u201950 y \u201960 del siglo XX. Este es un proyecto del semillero de investigaci\u00f3n Poblamiento, cultura y poder.<\/p>\n<p style=\"text-align: justify;\">Nota realizada por los corresponsales, alianza con Semillero de investigaci\u00f3n El ornitorrinco<\/p>\n<p>Angie Vanesa Rodr\u00edguez<br \/>\nAna Mar\u00eda Menjura<br \/>\nEstudiantes de Filosof\u00eda y letras<\/p>\n<p>M\u00e1s detalles en la entrevista.<\/p>\n<p><iframe loading=\"lazy\" title=\"La influencia de la m\u00fasica de carrilera en las din\u00e1micas y problemas sociales de la Manizales\" src=\"https:\/\/www.youtube.com\/embed\/xlj1IfB8ItA\" width=\"100%\" height=\"383\" frameborder=\"0\" allowfullscreen=\"allowfullscreen\"><span data-mce-type=\"bookmark\" style=\"display: inline-block; width: 0px; overflow: hidden; line-height: 0;\" class=\"mce_SELRES_start\">\ufeff<\/span><\/iframe><\/p>\n<p>&nbsp;<\/p>\n<p>&nbsp;<\/p>\n<p>&nbsp;<\/p>\n","protected":false},"excerpt":{"rendered":"<p>El estudiante Joan Sebasti\u00e1n Henao, estudiante de los programas de Historia y geograf\u00eda y Filosof\u00eda y letras nos habla sobre el proyecto que busca comprender la influencia de la m\u00fasica de carrilera en las din\u00e1micas y problemas sociales de la Manizales de las d\u00e9cadas de los\u2019 40, \u201950 y \u201960 del siglo XX. Este es [&hellip;]<\/p>\n","protected":false},"author":2,"featured_media":86522,"comment_status":"closed","ping_status":"open","sticky":false,"template":"","format":"standard","meta":{"footnotes":"","_members_access_role":[],"_members_access_error":""},"categories":[9796],"tags":[2452,8590],"class_list":["post-86516","post","type-post","status-publish","format-standard","has-post-thumbnail","hentry","category-corresponsales","tag-exploracion-musical","tag-centro-de-investigacion"],"yoast_head":"<!-- This site is optimized with the Yoast SEO plugin v28.3 - https:\/\/yoast.com\/product\/yoast-seo-wordpress\/ -->\n<title>La influencia de la m\u00fasica de carrilera en las din\u00e1micas y problemas sociales de la Manizales .<\/title>\n<meta name=\"robots\" content=\"index, follow, max-snippet:-1, max-image-preview:large, max-video-preview:-1\" \/>\n<link rel=\"canonical\" href=\"https:\/\/www.ucaldas.edu.co\/portal\/la-influencia-de-la-musica-de-carrilera-en-las-dinamicas-y-problemas-sociales-de-la-manizales\/\" \/>\n<script type=\"application\/ld+json\" class=\"yoast-schema-graph\">{\"@context\":\"https:\\\/\\\/schema.org\",\"@graph\":[{\"@type\":\"Article\",\"@id\":\"https:\\\/\\\/www.ucaldas.edu.co\\\/portal\\\/la-influencia-de-la-musica-de-carrilera-en-las-dinamicas-y-problemas-sociales-de-la-manizales\\\/#article\",\"isPartOf\":{\"@id\":\"https:\\\/\\\/www.ucaldas.edu.co\\\/portal\\\/la-influencia-de-la-musica-de-carrilera-en-las-dinamicas-y-problemas-sociales-de-la-manizales\\\/\"},\"author\":{\"name\":\"ofiprensa\",\"@id\":\"https:\\\/\\\/www.ucaldas.edu.co\\\/portal\\\/#\\\/schema\\\/person\\\/a1b482e23449158b4bc319926c074fdf\"},\"headline\":\"La influencia de la m\u00fasica de carrilera en las din\u00e1micas y problemas sociales de la Manizales\",\"datePublished\":\"2025-03-10T19:35:44+00:00\",\"mainEntityOfPage\":{\"@id\":\"https:\\\/\\\/www.ucaldas.edu.co\\\/portal\\\/la-influencia-de-la-musica-de-carrilera-en-las-dinamicas-y-problemas-sociales-de-la-manizales\\\/\"},\"wordCount\":123,\"publisher\":{\"@id\":\"https:\\\/\\\/www.ucaldas.edu.co\\\/portal\\\/#organization\"},\"image\":{\"@id\":\"https:\\\/\\\/www.ucaldas.edu.co\\\/portal\\\/la-influencia-de-la-musica-de-carrilera-en-las-dinamicas-y-problemas-sociales-de-la-manizales\\\/#primaryimage\"},\"thumbnailUrl\":\"https:\\\/\\\/www.ucaldas.edu.co\\\/portal\\\/wp-content\\\/uploads\\\/2025\\\/03\\\/Corresponsales-03-1-e1741635211813.png\",\"keywords\":[\"exploraci\u00f3n musical\",\"centro de investigaci\u00f3n\"],\"articleSection\":[\"Corresponsales\"],\"inLanguage\":\"es\"},{\"@type\":\"WebPage\",\"@id\":\"https:\\\/\\\/www.ucaldas.edu.co\\\/portal\\\/la-influencia-de-la-musica-de-carrilera-en-las-dinamicas-y-problemas-sociales-de-la-manizales\\\/\",\"url\":\"https:\\\/\\\/www.ucaldas.edu.co\\\/portal\\\/la-influencia-de-la-musica-de-carrilera-en-las-dinamicas-y-problemas-sociales-de-la-manizales\\\/\",\"name\":\"La influencia de la m\u00fasica de carrilera en las din\u00e1micas y problemas sociales de la Manizales .\",\"isPartOf\":{\"@id\":\"https:\\\/\\\/www.ucaldas.edu.co\\\/portal\\\/#website\"},\"primaryImageOfPage\":{\"@id\":\"https:\\\/\\\/www.ucaldas.edu.co\\\/portal\\\/la-influencia-de-la-musica-de-carrilera-en-las-dinamicas-y-problemas-sociales-de-la-manizales\\\/#primaryimage\"},\"image\":{\"@id\":\"https:\\\/\\\/www.ucaldas.edu.co\\\/portal\\\/la-influencia-de-la-musica-de-carrilera-en-las-dinamicas-y-problemas-sociales-de-la-manizales\\\/#primaryimage\"},\"thumbnailUrl\":\"https:\\\/\\\/www.ucaldas.edu.co\\\/portal\\\/wp-content\\\/uploads\\\/2025\\\/03\\\/Corresponsales-03-1-e1741635211813.png\",\"datePublished\":\"2025-03-10T19:35:44+00:00\",\"breadcrumb\":{\"@id\":\"https:\\\/\\\/www.ucaldas.edu.co\\\/portal\\\/la-influencia-de-la-musica-de-carrilera-en-las-dinamicas-y-problemas-sociales-de-la-manizales\\\/#breadcrumb\"},\"inLanguage\":\"es\",\"potentialAction\":[{\"@type\":\"ReadAction\",\"target\":[\"https:\\\/\\\/www.ucaldas.edu.co\\\/portal\\\/la-influencia-de-la-musica-de-carrilera-en-las-dinamicas-y-problemas-sociales-de-la-manizales\\\/\"]}]},{\"@type\":\"ImageObject\",\"inLanguage\":\"es\",\"@id\":\"https:\\\/\\\/www.ucaldas.edu.co\\\/portal\\\/la-influencia-de-la-musica-de-carrilera-en-las-dinamicas-y-problemas-sociales-de-la-manizales\\\/#primaryimage\",\"url\":\"https:\\\/\\\/www.ucaldas.edu.co\\\/portal\\\/wp-content\\\/uploads\\\/2025\\\/03\\\/Corresponsales-03-1-e1741635211813.png\",\"contentUrl\":\"https:\\\/\\\/www.ucaldas.edu.co\\\/portal\\\/wp-content\\\/uploads\\\/2025\\\/03\\\/Corresponsales-03-1-e1741635211813.png\",\"width\":900,\"height\":547},{\"@type\":\"BreadcrumbList\",\"@id\":\"https:\\\/\\\/www.ucaldas.edu.co\\\/portal\\\/la-influencia-de-la-musica-de-carrilera-en-las-dinamicas-y-problemas-sociales-de-la-manizales\\\/#breadcrumb\",\"itemListElement\":[{\"@type\":\"ListItem\",\"position\":1,\"name\":\"Portada\",\"item\":\"https:\\\/\\\/www.ucaldas.edu.co\\\/portal\\\/\"},{\"@type\":\"ListItem\",\"position\":2,\"name\":\"La influencia de la m\u00fasica de carrilera en las din\u00e1micas y problemas sociales de la Manizales\"}]},{\"@type\":\"WebSite\",\"@id\":\"https:\\\/\\\/www.ucaldas.edu.co\\\/portal\\\/#website\",\"url\":\"https:\\\/\\\/www.ucaldas.edu.co\\\/portal\\\/\",\"name\":\"Universidad de Caldas\",\"description\":\"\",\"publisher\":{\"@id\":\"https:\\\/\\\/www.ucaldas.edu.co\\\/portal\\\/#organization\"},\"alternateName\":\"U. de Caldas\",\"potentialAction\":[{\"@type\":\"SearchAction\",\"target\":{\"@type\":\"EntryPoint\",\"urlTemplate\":\"https:\\\/\\\/www.ucaldas.edu.co\\\/portal\\\/?s={search_term_string}\"},\"query-input\":{\"@type\":\"PropertyValueSpecification\",\"valueRequired\":true,\"valueName\":\"search_term_string\"}}],\"inLanguage\":\"es\"},{\"@type\":\"Organization\",\"@id\":\"https:\\\/\\\/www.ucaldas.edu.co\\\/portal\\\/#organization\",\"name\":\"Universidad de Caldas\",\"alternateName\":\"U. de Caldas\",\"url\":\"https:\\\/\\\/www.ucaldas.edu.co\\\/portal\\\/\",\"logo\":{\"@type\":\"ImageObject\",\"inLanguage\":\"es\",\"@id\":\"https:\\\/\\\/www.ucaldas.edu.co\\\/portal\\\/#\\\/schema\\\/logo\\\/image\\\/\",\"url\":\"https:\\\/\\\/www.ucaldas.edu.co\\\/portal\\\/wp-content\\\/uploads\\\/2023\\\/11\\\/Logo_horizontal_oscuroU-2023.png\",\"contentUrl\":\"https:\\\/\\\/www.ucaldas.edu.co\\\/portal\\\/wp-content\\\/uploads\\\/2023\\\/11\\\/Logo_horizontal_oscuroU-2023.png\",\"width\":263,\"height\":101,\"caption\":\"Universidad de Caldas\"},\"image\":{\"@id\":\"https:\\\/\\\/www.ucaldas.edu.co\\\/portal\\\/#\\\/schema\\\/logo\\\/image\\\/\"},\"sameAs\":[\"https:\\\/\\\/www.facebook.com\\\/udecaldas\",\"https:\\\/\\\/x.com\\\/udecaldas\",\"https:\\\/\\\/www.youtube.com\\\/universidadcaldas\",\"https:\\\/\\\/www.instagram.com\\\/udecaldas\\\/\"]},{\"@type\":\"Person\",\"@id\":\"https:\\\/\\\/www.ucaldas.edu.co\\\/portal\\\/#\\\/schema\\\/person\\\/a1b482e23449158b4bc319926c074fdf\",\"name\":\"ofiprensa\",\"image\":{\"@type\":\"ImageObject\",\"inLanguage\":\"es\",\"@id\":\"https:\\\/\\\/www.ucaldas.edu.co\\\/portal\\\/wp-content\\\/litespeed\\\/avatar\\\/09ea5085e600095a7a811142c6944527.jpg?ver=1787779368\",\"url\":\"https:\\\/\\\/www.ucaldas.edu.co\\\/portal\\\/wp-content\\\/litespeed\\\/avatar\\\/09ea5085e600095a7a811142c6944527.jpg?ver=1787779368\",\"contentUrl\":\"https:\\\/\\\/www.ucaldas.edu.co\\\/portal\\\/wp-content\\\/litespeed\\\/avatar\\\/09ea5085e600095a7a811142c6944527.jpg?ver=1787779368\",\"caption\":\"ofiprensa\"},\"url\":\"https:\\\/\\\/www.ucaldas.edu.co\\\/portal\\\/author\\\/ofiprensa\\\/\"}]}<\/script>\n<!-- \/ Yoast SEO plugin. -->","yoast_head_json":{"title":"La influencia de la m\u00fasica de carrilera en las din\u00e1micas y problemas sociales de la Manizales .","robots":{"index":"index","follow":"follow","max-snippet":"max-snippet:-1","max-image-preview":"max-image-preview:large","max-video-preview":"max-video-preview:-1"},"canonical":"https:\/\/www.ucaldas.edu.co\/portal\/la-influencia-de-la-musica-de-carrilera-en-las-dinamicas-y-problemas-sociales-de-la-manizales\/","schema":{"@context":"https:\/\/schema.org","@graph":[{"@type":"Article","@id":"https:\/\/www.ucaldas.edu.co\/portal\/la-influencia-de-la-musica-de-carrilera-en-las-dinamicas-y-problemas-sociales-de-la-manizales\/#article","isPartOf":{"@id":"https:\/\/www.ucaldas.edu.co\/portal\/la-influencia-de-la-musica-de-carrilera-en-las-dinamicas-y-problemas-sociales-de-la-manizales\/"},"author":{"name":"ofiprensa","@id":"https:\/\/www.ucaldas.edu.co\/portal\/#\/schema\/person\/a1b482e23449158b4bc319926c074fdf"},"headline":"La influencia de la m\u00fasica de carrilera en las din\u00e1micas y problemas sociales de la Manizales","datePublished":"2025-03-10T19:35:44+00:00","mainEntityOfPage":{"@id":"https:\/\/www.ucaldas.edu.co\/portal\/la-influencia-de-la-musica-de-carrilera-en-las-dinamicas-y-problemas-sociales-de-la-manizales\/"},"wordCount":123,"publisher":{"@id":"https:\/\/www.ucaldas.edu.co\/portal\/#organization"},"image":{"@id":"https:\/\/www.ucaldas.edu.co\/portal\/la-influencia-de-la-musica-de-carrilera-en-las-dinamicas-y-problemas-sociales-de-la-manizales\/#primaryimage"},"thumbnailUrl":"https:\/\/www.ucaldas.edu.co\/portal\/wp-content\/uploads\/2025\/03\/Corresponsales-03-1-e1741635211813.png","keywords":["exploraci\u00f3n musical","centro de investigaci\u00f3n"],"articleSection":["Corresponsales"],"inLanguage":"es"},{"@type":"WebPage","@id":"https:\/\/www.ucaldas.edu.co\/portal\/la-influencia-de-la-musica-de-carrilera-en-las-dinamicas-y-problemas-sociales-de-la-manizales\/","url":"https:\/\/www.ucaldas.edu.co\/portal\/la-influencia-de-la-musica-de-carrilera-en-las-dinamicas-y-problemas-sociales-de-la-manizales\/","name":"La influencia de la m\u00fasica de carrilera en las din\u00e1micas y problemas sociales de la Manizales .","isPartOf":{"@id":"https:\/\/www.ucaldas.edu.co\/portal\/#website"},"primaryImageOfPage":{"@id":"https:\/\/www.ucaldas.edu.co\/portal\/la-influencia-de-la-musica-de-carrilera-en-las-dinamicas-y-problemas-sociales-de-la-manizales\/#primaryimage"},"image":{"@id":"https:\/\/www.ucaldas.edu.co\/portal\/la-influencia-de-la-musica-de-carrilera-en-las-dinamicas-y-problemas-sociales-de-la-manizales\/#primaryimage"},"thumbnailUrl":"https:\/\/www.ucaldas.edu.co\/portal\/wp-content\/uploads\/2025\/03\/Corresponsales-03-1-e1741635211813.png","datePublished":"2025-03-10T19:35:44+00:00","breadcrumb":{"@id":"https:\/\/www.ucaldas.edu.co\/portal\/la-influencia-de-la-musica-de-carrilera-en-las-dinamicas-y-problemas-sociales-de-la-manizales\/#breadcrumb"},"inLanguage":"es","potentialAction":[{"@type":"ReadAction","target":["https:\/\/www.ucaldas.edu.co\/portal\/la-influencia-de-la-musica-de-carrilera-en-las-dinamicas-y-problemas-sociales-de-la-manizales\/"]}]},{"@type":"ImageObject","inLanguage":"es","@id":"https:\/\/www.ucaldas.edu.co\/portal\/la-influencia-de-la-musica-de-carrilera-en-las-dinamicas-y-problemas-sociales-de-la-manizales\/#primaryimage","url":"https:\/\/www.ucaldas.edu.co\/portal\/wp-content\/uploads\/2025\/03\/Corresponsales-03-1-e1741635211813.png","contentUrl":"https:\/\/www.ucaldas.edu.co\/portal\/wp-content\/uploads\/2025\/03\/Corresponsales-03-1-e1741635211813.png","width":900,"height":547},{"@type":"BreadcrumbList","@id":"https:\/\/www.ucaldas.edu.co\/portal\/la-influencia-de-la-musica-de-carrilera-en-las-dinamicas-y-problemas-sociales-de-la-manizales\/#breadcrumb","itemListElement":[{"@type":"ListItem","position":1,"name":"Portada","item":"https:\/\/www.ucaldas.edu.co\/portal\/"},{"@type":"ListItem","position":2,"name":"La influencia de la m\u00fasica de carrilera en las din\u00e1micas y problemas sociales de la Manizales"}]},{"@type":"WebSite","@id":"https:\/\/www.ucaldas.edu.co\/portal\/#website","url":"https:\/\/www.ucaldas.edu.co\/portal\/","name":"Universidad de Caldas","description":"","publisher":{"@id":"https:\/\/www.ucaldas.edu.co\/portal\/#organization"},"alternateName":"U. de Caldas","potentialAction":[{"@type":"SearchAction","target":{"@type":"EntryPoint","urlTemplate":"https:\/\/www.ucaldas.edu.co\/portal\/?s={search_term_string}"},"query-input":{"@type":"PropertyValueSpecification","valueRequired":true,"valueName":"search_term_string"}}],"inLanguage":"es"},{"@type":"Organization","@id":"https:\/\/www.ucaldas.edu.co\/portal\/#organization","name":"Universidad de Caldas","alternateName":"U. de Caldas","url":"https:\/\/www.ucaldas.edu.co\/portal\/","logo":{"@type":"ImageObject","inLanguage":"es","@id":"https:\/\/www.ucaldas.edu.co\/portal\/#\/schema\/logo\/image\/","url":"https:\/\/www.ucaldas.edu.co\/portal\/wp-content\/uploads\/2023\/11\/Logo_horizontal_oscuroU-2023.png","contentUrl":"https:\/\/www.ucaldas.edu.co\/portal\/wp-content\/uploads\/2023\/11\/Logo_horizontal_oscuroU-2023.png","width":263,"height":101,"caption":"Universidad de Caldas"},"image":{"@id":"https:\/\/www.ucaldas.edu.co\/portal\/#\/schema\/logo\/image\/"},"sameAs":["https:\/\/www.facebook.com\/udecaldas","https:\/\/x.com\/udecaldas","https:\/\/www.youtube.com\/universidadcaldas","https:\/\/www.instagram.com\/udecaldas\/"]},{"@type":"Person","@id":"https:\/\/www.ucaldas.edu.co\/portal\/#\/schema\/person\/a1b482e23449158b4bc319926c074fdf","name":"ofiprensa","image":{"@type":"ImageObject","inLanguage":"es","@id":"https:\/\/www.ucaldas.edu.co\/portal\/wp-content\/litespeed\/avatar\/09ea5085e600095a7a811142c6944527.jpg?ver=1787779368","url":"https:\/\/www.ucaldas.edu.co\/portal\/wp-content\/litespeed\/avatar\/09ea5085e600095a7a811142c6944527.jpg?ver=1787779368","contentUrl":"https:\/\/www.ucaldas.edu.co\/portal\/wp-content\/litespeed\/avatar\/09ea5085e600095a7a811142c6944527.jpg?ver=1787779368","caption":"ofiprensa"},"url":"https:\/\/www.ucaldas.edu.co\/portal\/author\/ofiprensa\/"}]}},"_links":{"self":[{"href":"https:\/\/www.ucaldas.edu.co\/portal\/wp-json\/wp\/v2\/posts\/86516","targetHints":{"allow":["GET"]}}],"collection":[{"href":"https:\/\/www.ucaldas.edu.co\/portal\/wp-json\/wp\/v2\/posts"}],"about":[{"href":"https:\/\/www.ucaldas.edu.co\/portal\/wp-json\/wp\/v2\/types\/post"}],"author":[{"embeddable":true,"href":"https:\/\/www.ucaldas.edu.co\/portal\/wp-json\/wp\/v2\/users\/2"}],"replies":[{"embeddable":true,"href":"https:\/\/www.ucaldas.edu.co\/portal\/wp-json\/wp\/v2\/comments?post=86516"}],"version-history":[{"count":0,"href":"https:\/\/www.ucaldas.edu.co\/portal\/wp-json\/wp\/v2\/posts\/86516\/revisions"}],"wp:featuredmedia":[{"embeddable":true,"href":"https:\/\/www.ucaldas.edu.co\/portal\/wp-json\/wp\/v2\/media\/86522"}],"wp:attachment":[{"href":"https:\/\/www.ucaldas.edu.co\/portal\/wp-json\/wp\/v2\/media?parent=86516"}],"wp:term":[{"taxonomy":"category","embeddable":true,"href":"https:\/\/www.ucaldas.edu.co\/portal\/wp-json\/wp\/v2\/categories?post=86516"},{"taxonomy":"post_tag","embeddable":true,"href":"https:\/\/www.ucaldas.edu.co\/portal\/wp-json\/wp\/v2\/tags?post=86516"}],"curies":[{"name":"wp","href":"https:\/\/api.w.org\/{rel}","templated":true}]}}