{"id":8634,"date":"2011-05-11T15:02:37","date_gmt":"2011-05-11T20:02:37","guid":{"rendered":"https:\/\/www.ucaldas.edu.co\/portal\/?p=8634"},"modified":"2011-05-11T15:02:37","modified_gmt":"2011-05-11T20:02:37","slug":"el-cantante-pipe-pelaez-y-su-acordeonero-manuel-julian-martinez-visitaron-la-u-de-caldas","status":"publish","type":"post","link":"https:\/\/www.ucaldas.edu.co\/portal\/el-cantante-pipe-pelaez-y-su-acordeonero-manuel-julian-martinez-visitaron-la-u-de-caldas\/","title":{"rendered":"El cantante Pipe Pel\u00e1ez y su acordeonero Manuel Juli\u00e1n Mart\u00ednez visitaron la U. de Caldas"},"content":{"rendered":"<p>El evento lo organizaron la emisora Tropicana, de Caracol radio, y la Instituci\u00f3n<\/p>\n<hr \/>\n<p>&nbsp;<\/p>\n<p align=\"center\">\n<p align=\"right\"><b>11\/05\/2011<\/b><\/p>\n<p>&nbsp;<\/p>\n<table border=\"0\">\n<tbody>\n<tr>\n<td><img loading=\"lazy\" decoding=\"async\" style=\"border: 0px\" alt=\"Pipe\" src=\"http:\/\/www.ucaldas.edu.co\/images\/tmp\/Visita_Pipe_Pelaez.jpg\" width=\"240\" height=\"150\" border=\"0\" \/><\/td>\n<td>El <b>cantante vallenato Pipe Pel\u00e1ez<\/b> y su <b>acordeonero Manuel Juli\u00e1n Mart\u00ednez<\/b> <b>visitaron <\/b>la <b>Universidad<\/b><b> de Caldas,<\/b> el pasado <b>martes 10 <\/b>de <b>mayo <\/b>del 2011.<\/p>\n<p>&nbsp;<\/p>\n<p>Este encuentro lo organizaron la emisora Tropicana, de Caracol Radio y el \u00c1rea de Extensi\u00f3n Cultural de la Universidad de Caldas.<\/td>\n<\/tr>\n<\/tbody>\n<\/table>\n<p>&nbsp;<\/p>\n<p>&nbsp;<\/p>\n<p>\u201cMuchas gracias por la invitaci\u00f3n. Estamos felices de regresar al Eje Cafetero y estamos promocionando nuestro \u00faltimo sencillo, la canci\u00f3n <i>Tengo ganas, <\/i>con el que gracias a Dios estamos muy bien posicionados a nivel nacional\u201d, expres\u00f3 Pel\u00e1ez.<\/p>\n<p>&nbsp;<\/p>\n<p>El Teatro 8 de Junio de la Instituci\u00f3n tuvo lleno total y la comunidad estudiantil de la Universidad disfrut\u00f3 de las canciones del compositor vallenato.<\/p>\n<p>&nbsp;<\/p>\n<p>Conozca las im\u00e1genes y videos del evento en la p\u00e1gina web <a href=\"http:\/\/www.facebook.com\/ucaldas.edu.co\" target=\"_blank\">www.facebook.com\/ucaldas.edu.co<\/a><\/p>\n<p>&nbsp;<\/p>\n<p><b>Informes: <\/b>en el \u00c1rea de Extensi\u00f3n Cultural de la U. de Caldas. Tel\u00e9fono: 878 15 00, extensi\u00f3n 11113.<\/p>\n","protected":false},"excerpt":{"rendered":"<p>El evento lo organizaron la emisora Tropicana, de Caracol radio, y la Instituci\u00f3n &nbsp; 11\/05\/2011 &nbsp; El cantante vallenato Pipe Pel\u00e1ez y su acordeonero Manuel Juli\u00e1n Mart\u00ednez visitaron la Universidad de Caldas, el pasado martes 10 de mayo del 2011. &nbsp; Este encuentro lo organizaron la emisora Tropicana, de Caracol Radio y el \u00c1rea de [&hellip;]<\/p>\n","protected":false},"author":2,"featured_media":0,"comment_status":"closed","ping_status":"closed","sticky":false,"template":"","format":"standard","meta":{"footnotes":""},"categories":[48,53],"tags":[],"class_list":["post-8634","post","type-post","status-publish","format-standard","hentry","category-actualidad","category-universidad-al-dia"],"yoast_head":"<!-- This site is optimized with the Yoast SEO plugin v27.5 - https:\/\/yoast.com\/product\/yoast-seo-wordpress\/ -->\n<title>El cantante Pipe Pel\u00e1ez y su acordeonero Manuel Juli\u00e1n Mart\u00ednez visitaron la U. de Caldas .<\/title>\n<meta name=\"robots\" content=\"index, follow, max-snippet:-1, max-image-preview:large, max-video-preview:-1\" \/>\n<link rel=\"canonical\" href=\"https:\/\/www.ucaldas.edu.co\/portal\/el-cantante-pipe-pelaez-y-su-acordeonero-manuel-julian-martinez-visitaron-la-u-de-caldas\/\" \/>\n<script type=\"application\/ld+json\" class=\"yoast-schema-graph\">{\"@context\":\"https:\\\/\\\/schema.org\",\"@graph\":[{\"@type\":\"Article\",\"@id\":\"https:\\\/\\\/www.ucaldas.edu.co\\\/portal\\\/el-cantante-pipe-pelaez-y-su-acordeonero-manuel-julian-martinez-visitaron-la-u-de-caldas\\\/#article\",\"isPartOf\":{\"@id\":\"https:\\\/\\\/www.ucaldas.edu.co\\\/portal\\\/el-cantante-pipe-pelaez-y-su-acordeonero-manuel-julian-martinez-visitaron-la-u-de-caldas\\\/\"},\"author\":{\"name\":\"ofiprensa\",\"@id\":\"https:\\\/\\\/www.ucaldas.edu.co\\\/portal\\\/#\\\/schema\\\/person\\\/a1b482e23449158b4bc319926c074fdf\"},\"headline\":\"El cantante Pipe Pel\u00e1ez y su acordeonero Manuel Juli\u00e1n Mart\u00ednez visitaron la U. de Caldas\",\"datePublished\":\"2011-05-11T20:02:37+00:00\",\"mainEntityOfPage\":{\"@id\":\"https:\\\/\\\/www.ucaldas.edu.co\\\/portal\\\/el-cantante-pipe-pelaez-y-su-acordeonero-manuel-julian-martinez-visitaron-la-u-de-caldas\\\/\"},\"wordCount\":188,\"publisher\":{\"@id\":\"https:\\\/\\\/www.ucaldas.edu.co\\\/portal\\\/#organization\"},\"image\":{\"@id\":\"https:\\\/\\\/www.ucaldas.edu.co\\\/portal\\\/el-cantante-pipe-pelaez-y-su-acordeonero-manuel-julian-martinez-visitaron-la-u-de-caldas\\\/#primaryimage\"},\"thumbnailUrl\":\"http:\\\/\\\/www.ucaldas.edu.co\\\/images\\\/tmp\\\/Visita_Pipe_Pelaez.jpg\",\"articleSection\":[\"Actualidad\",\"Universidad al D\u00eda\"],\"inLanguage\":\"es\"},{\"@type\":\"WebPage\",\"@id\":\"https:\\\/\\\/www.ucaldas.edu.co\\\/portal\\\/el-cantante-pipe-pelaez-y-su-acordeonero-manuel-julian-martinez-visitaron-la-u-de-caldas\\\/\",\"url\":\"https:\\\/\\\/www.ucaldas.edu.co\\\/portal\\\/el-cantante-pipe-pelaez-y-su-acordeonero-manuel-julian-martinez-visitaron-la-u-de-caldas\\\/\",\"name\":\"El cantante Pipe Pel\u00e1ez y su acordeonero Manuel Juli\u00e1n Mart\u00ednez visitaron la U. de Caldas .\",\"isPartOf\":{\"@id\":\"https:\\\/\\\/www.ucaldas.edu.co\\\/portal\\\/#website\"},\"primaryImageOfPage\":{\"@id\":\"https:\\\/\\\/www.ucaldas.edu.co\\\/portal\\\/el-cantante-pipe-pelaez-y-su-acordeonero-manuel-julian-martinez-visitaron-la-u-de-caldas\\\/#primaryimage\"},\"image\":{\"@id\":\"https:\\\/\\\/www.ucaldas.edu.co\\\/portal\\\/el-cantante-pipe-pelaez-y-su-acordeonero-manuel-julian-martinez-visitaron-la-u-de-caldas\\\/#primaryimage\"},\"thumbnailUrl\":\"http:\\\/\\\/www.ucaldas.edu.co\\\/images\\\/tmp\\\/Visita_Pipe_Pelaez.jpg\",\"datePublished\":\"2011-05-11T20:02:37+00:00\",\"breadcrumb\":{\"@id\":\"https:\\\/\\\/www.ucaldas.edu.co\\\/portal\\\/el-cantante-pipe-pelaez-y-su-acordeonero-manuel-julian-martinez-visitaron-la-u-de-caldas\\\/#breadcrumb\"},\"inLanguage\":\"es\",\"potentialAction\":[{\"@type\":\"ReadAction\",\"target\":[\"https:\\\/\\\/www.ucaldas.edu.co\\\/portal\\\/el-cantante-pipe-pelaez-y-su-acordeonero-manuel-julian-martinez-visitaron-la-u-de-caldas\\\/\"]}]},{\"@type\":\"ImageObject\",\"inLanguage\":\"es\",\"@id\":\"https:\\\/\\\/www.ucaldas.edu.co\\\/portal\\\/el-cantante-pipe-pelaez-y-su-acordeonero-manuel-julian-martinez-visitaron-la-u-de-caldas\\\/#primaryimage\",\"url\":\"http:\\\/\\\/www.ucaldas.edu.co\\\/images\\\/tmp\\\/Visita_Pipe_Pelaez.jpg\",\"contentUrl\":\"http:\\\/\\\/www.ucaldas.edu.co\\\/images\\\/tmp\\\/Visita_Pipe_Pelaez.jpg\"},{\"@type\":\"BreadcrumbList\",\"@id\":\"https:\\\/\\\/www.ucaldas.edu.co\\\/portal\\\/el-cantante-pipe-pelaez-y-su-acordeonero-manuel-julian-martinez-visitaron-la-u-de-caldas\\\/#breadcrumb\",\"itemListElement\":[{\"@type\":\"ListItem\",\"position\":1,\"name\":\"Portada\",\"item\":\"https:\\\/\\\/www.ucaldas.edu.co\\\/portal\\\/\"},{\"@type\":\"ListItem\",\"position\":2,\"name\":\"El cantante Pipe Pel\u00e1ez y su acordeonero Manuel Juli\u00e1n Mart\u00ednez visitaron la U. de Caldas\"}]},{\"@type\":\"WebSite\",\"@id\":\"https:\\\/\\\/www.ucaldas.edu.co\\\/portal\\\/#website\",\"url\":\"https:\\\/\\\/www.ucaldas.edu.co\\\/portal\\\/\",\"name\":\"Universidad de Caldas\",\"description\":\"\",\"publisher\":{\"@id\":\"https:\\\/\\\/www.ucaldas.edu.co\\\/portal\\\/#organization\"},\"alternateName\":\"U. de Caldas\",\"potentialAction\":[{\"@type\":\"SearchAction\",\"target\":{\"@type\":\"EntryPoint\",\"urlTemplate\":\"https:\\\/\\\/www.ucaldas.edu.co\\\/portal\\\/?s={search_term_string}\"},\"query-input\":{\"@type\":\"PropertyValueSpecification\",\"valueRequired\":true,\"valueName\":\"search_term_string\"}}],\"inLanguage\":\"es\"},{\"@type\":\"Organization\",\"@id\":\"https:\\\/\\\/www.ucaldas.edu.co\\\/portal\\\/#organization\",\"name\":\"Universidad de Caldas\",\"alternateName\":\"U. de Caldas\",\"url\":\"https:\\\/\\\/www.ucaldas.edu.co\\\/portal\\\/\",\"logo\":{\"@type\":\"ImageObject\",\"inLanguage\":\"es\",\"@id\":\"https:\\\/\\\/www.ucaldas.edu.co\\\/portal\\\/#\\\/schema\\\/logo\\\/image\\\/\",\"url\":\"https:\\\/\\\/www.ucaldas.edu.co\\\/portal\\\/wp-content\\\/uploads\\\/2023\\\/11\\\/Logo_horizontal_oscuroU-2023.png\",\"contentUrl\":\"https:\\\/\\\/www.ucaldas.edu.co\\\/portal\\\/wp-content\\\/uploads\\\/2023\\\/11\\\/Logo_horizontal_oscuroU-2023.png\",\"width\":263,\"height\":101,\"caption\":\"Universidad de Caldas\"},\"image\":{\"@id\":\"https:\\\/\\\/www.ucaldas.edu.co\\\/portal\\\/#\\\/schema\\\/logo\\\/image\\\/\"},\"sameAs\":[\"https:\\\/\\\/www.facebook.com\\\/udecaldas\",\"https:\\\/\\\/x.com\\\/udecaldas\",\"https:\\\/\\\/www.youtube.com\\\/universidadcaldas\",\"https:\\\/\\\/www.instagram.com\\\/udecaldas\\\/\"]},{\"@type\":\"Person\",\"@id\":\"https:\\\/\\\/www.ucaldas.edu.co\\\/portal\\\/#\\\/schema\\\/person\\\/a1b482e23449158b4bc319926c074fdf\",\"name\":\"ofiprensa\",\"image\":{\"@type\":\"ImageObject\",\"inLanguage\":\"es\",\"@id\":\"https:\\\/\\\/www.ucaldas.edu.co\\\/portal\\\/wp-content\\\/litespeed\\\/avatar\\\/09ea5085e600095a7a811142c6944527.jpg?ver=1777497608\",\"url\":\"https:\\\/\\\/www.ucaldas.edu.co\\\/portal\\\/wp-content\\\/litespeed\\\/avatar\\\/09ea5085e600095a7a811142c6944527.jpg?ver=1777497608\",\"contentUrl\":\"https:\\\/\\\/www.ucaldas.edu.co\\\/portal\\\/wp-content\\\/litespeed\\\/avatar\\\/09ea5085e600095a7a811142c6944527.jpg?ver=1777497608\",\"caption\":\"ofiprensa\"},\"url\":\"https:\\\/\\\/www.ucaldas.edu.co\\\/portal\\\/author\\\/ofiprensa\\\/\"}]}<\/script>\n<!-- \/ Yoast SEO plugin. -->","yoast_head_json":{"title":"El cantante Pipe Pel\u00e1ez y su acordeonero Manuel Juli\u00e1n Mart\u00ednez visitaron la U. de Caldas .","robots":{"index":"index","follow":"follow","max-snippet":"max-snippet:-1","max-image-preview":"max-image-preview:large","max-video-preview":"max-video-preview:-1"},"canonical":"https:\/\/www.ucaldas.edu.co\/portal\/el-cantante-pipe-pelaez-y-su-acordeonero-manuel-julian-martinez-visitaron-la-u-de-caldas\/","schema":{"@context":"https:\/\/schema.org","@graph":[{"@type":"Article","@id":"https:\/\/www.ucaldas.edu.co\/portal\/el-cantante-pipe-pelaez-y-su-acordeonero-manuel-julian-martinez-visitaron-la-u-de-caldas\/#article","isPartOf":{"@id":"https:\/\/www.ucaldas.edu.co\/portal\/el-cantante-pipe-pelaez-y-su-acordeonero-manuel-julian-martinez-visitaron-la-u-de-caldas\/"},"author":{"name":"ofiprensa","@id":"https:\/\/www.ucaldas.edu.co\/portal\/#\/schema\/person\/a1b482e23449158b4bc319926c074fdf"},"headline":"El cantante Pipe Pel\u00e1ez y su acordeonero Manuel Juli\u00e1n Mart\u00ednez visitaron la U. de Caldas","datePublished":"2011-05-11T20:02:37+00:00","mainEntityOfPage":{"@id":"https:\/\/www.ucaldas.edu.co\/portal\/el-cantante-pipe-pelaez-y-su-acordeonero-manuel-julian-martinez-visitaron-la-u-de-caldas\/"},"wordCount":188,"publisher":{"@id":"https:\/\/www.ucaldas.edu.co\/portal\/#organization"},"image":{"@id":"https:\/\/www.ucaldas.edu.co\/portal\/el-cantante-pipe-pelaez-y-su-acordeonero-manuel-julian-martinez-visitaron-la-u-de-caldas\/#primaryimage"},"thumbnailUrl":"http:\/\/www.ucaldas.edu.co\/images\/tmp\/Visita_Pipe_Pelaez.jpg","articleSection":["Actualidad","Universidad al D\u00eda"],"inLanguage":"es"},{"@type":"WebPage","@id":"https:\/\/www.ucaldas.edu.co\/portal\/el-cantante-pipe-pelaez-y-su-acordeonero-manuel-julian-martinez-visitaron-la-u-de-caldas\/","url":"https:\/\/www.ucaldas.edu.co\/portal\/el-cantante-pipe-pelaez-y-su-acordeonero-manuel-julian-martinez-visitaron-la-u-de-caldas\/","name":"El cantante Pipe Pel\u00e1ez y su acordeonero Manuel Juli\u00e1n Mart\u00ednez visitaron la U. de Caldas .","isPartOf":{"@id":"https:\/\/www.ucaldas.edu.co\/portal\/#website"},"primaryImageOfPage":{"@id":"https:\/\/www.ucaldas.edu.co\/portal\/el-cantante-pipe-pelaez-y-su-acordeonero-manuel-julian-martinez-visitaron-la-u-de-caldas\/#primaryimage"},"image":{"@id":"https:\/\/www.ucaldas.edu.co\/portal\/el-cantante-pipe-pelaez-y-su-acordeonero-manuel-julian-martinez-visitaron-la-u-de-caldas\/#primaryimage"},"thumbnailUrl":"http:\/\/www.ucaldas.edu.co\/images\/tmp\/Visita_Pipe_Pelaez.jpg","datePublished":"2011-05-11T20:02:37+00:00","breadcrumb":{"@id":"https:\/\/www.ucaldas.edu.co\/portal\/el-cantante-pipe-pelaez-y-su-acordeonero-manuel-julian-martinez-visitaron-la-u-de-caldas\/#breadcrumb"},"inLanguage":"es","potentialAction":[{"@type":"ReadAction","target":["https:\/\/www.ucaldas.edu.co\/portal\/el-cantante-pipe-pelaez-y-su-acordeonero-manuel-julian-martinez-visitaron-la-u-de-caldas\/"]}]},{"@type":"ImageObject","inLanguage":"es","@id":"https:\/\/www.ucaldas.edu.co\/portal\/el-cantante-pipe-pelaez-y-su-acordeonero-manuel-julian-martinez-visitaron-la-u-de-caldas\/#primaryimage","url":"http:\/\/www.ucaldas.edu.co\/images\/tmp\/Visita_Pipe_Pelaez.jpg","contentUrl":"http:\/\/www.ucaldas.edu.co\/images\/tmp\/Visita_Pipe_Pelaez.jpg"},{"@type":"BreadcrumbList","@id":"https:\/\/www.ucaldas.edu.co\/portal\/el-cantante-pipe-pelaez-y-su-acordeonero-manuel-julian-martinez-visitaron-la-u-de-caldas\/#breadcrumb","itemListElement":[{"@type":"ListItem","position":1,"name":"Portada","item":"https:\/\/www.ucaldas.edu.co\/portal\/"},{"@type":"ListItem","position":2,"name":"El cantante Pipe Pel\u00e1ez y su acordeonero Manuel Juli\u00e1n Mart\u00ednez visitaron la U. de Caldas"}]},{"@type":"WebSite","@id":"https:\/\/www.ucaldas.edu.co\/portal\/#website","url":"https:\/\/www.ucaldas.edu.co\/portal\/","name":"Universidad de Caldas","description":"","publisher":{"@id":"https:\/\/www.ucaldas.edu.co\/portal\/#organization"},"alternateName":"U. de Caldas","potentialAction":[{"@type":"SearchAction","target":{"@type":"EntryPoint","urlTemplate":"https:\/\/www.ucaldas.edu.co\/portal\/?s={search_term_string}"},"query-input":{"@type":"PropertyValueSpecification","valueRequired":true,"valueName":"search_term_string"}}],"inLanguage":"es"},{"@type":"Organization","@id":"https:\/\/www.ucaldas.edu.co\/portal\/#organization","name":"Universidad de Caldas","alternateName":"U. de Caldas","url":"https:\/\/www.ucaldas.edu.co\/portal\/","logo":{"@type":"ImageObject","inLanguage":"es","@id":"https:\/\/www.ucaldas.edu.co\/portal\/#\/schema\/logo\/image\/","url":"https:\/\/www.ucaldas.edu.co\/portal\/wp-content\/uploads\/2023\/11\/Logo_horizontal_oscuroU-2023.png","contentUrl":"https:\/\/www.ucaldas.edu.co\/portal\/wp-content\/uploads\/2023\/11\/Logo_horizontal_oscuroU-2023.png","width":263,"height":101,"caption":"Universidad de Caldas"},"image":{"@id":"https:\/\/www.ucaldas.edu.co\/portal\/#\/schema\/logo\/image\/"},"sameAs":["https:\/\/www.facebook.com\/udecaldas","https:\/\/x.com\/udecaldas","https:\/\/www.youtube.com\/universidadcaldas","https:\/\/www.instagram.com\/udecaldas\/"]},{"@type":"Person","@id":"https:\/\/www.ucaldas.edu.co\/portal\/#\/schema\/person\/a1b482e23449158b4bc319926c074fdf","name":"ofiprensa","image":{"@type":"ImageObject","inLanguage":"es","@id":"https:\/\/www.ucaldas.edu.co\/portal\/wp-content\/litespeed\/avatar\/09ea5085e600095a7a811142c6944527.jpg?ver=1777497608","url":"https:\/\/www.ucaldas.edu.co\/portal\/wp-content\/litespeed\/avatar\/09ea5085e600095a7a811142c6944527.jpg?ver=1777497608","contentUrl":"https:\/\/www.ucaldas.edu.co\/portal\/wp-content\/litespeed\/avatar\/09ea5085e600095a7a811142c6944527.jpg?ver=1777497608","caption":"ofiprensa"},"url":"https:\/\/www.ucaldas.edu.co\/portal\/author\/ofiprensa\/"}]}},"_links":{"self":[{"href":"https:\/\/www.ucaldas.edu.co\/portal\/wp-json\/wp\/v2\/posts\/8634","targetHints":{"allow":["GET"]}}],"collection":[{"href":"https:\/\/www.ucaldas.edu.co\/portal\/wp-json\/wp\/v2\/posts"}],"about":[{"href":"https:\/\/www.ucaldas.edu.co\/portal\/wp-json\/wp\/v2\/types\/post"}],"author":[{"embeddable":true,"href":"https:\/\/www.ucaldas.edu.co\/portal\/wp-json\/wp\/v2\/users\/2"}],"replies":[{"embeddable":true,"href":"https:\/\/www.ucaldas.edu.co\/portal\/wp-json\/wp\/v2\/comments?post=8634"}],"version-history":[{"count":0,"href":"https:\/\/www.ucaldas.edu.co\/portal\/wp-json\/wp\/v2\/posts\/8634\/revisions"}],"wp:attachment":[{"href":"https:\/\/www.ucaldas.edu.co\/portal\/wp-json\/wp\/v2\/media?parent=8634"}],"wp:term":[{"taxonomy":"category","embeddable":true,"href":"https:\/\/www.ucaldas.edu.co\/portal\/wp-json\/wp\/v2\/categories?post=8634"},{"taxonomy":"post_tag","embeddable":true,"href":"https:\/\/www.ucaldas.edu.co\/portal\/wp-json\/wp\/v2\/tags?post=8634"}],"curies":[{"name":"wp","href":"https:\/\/api.w.org\/{rel}","templated":true}]}}