{"id":86227,"date":"2025-02-17T18:20:21","date_gmt":"2025-02-17T23:20:21","guid":{"rendered":"https:\/\/www.ucaldas.edu.co\/portal\/?p=86227"},"modified":"2025-02-17T18:20:21","modified_gmt":"2025-02-17T23:20:21","slug":"alcaldes-del-magdalena-centro-solicitaron-la-creacion-de-un-programa-con-fuerte-vocacion-rural","status":"publish","type":"post","link":"https:\/\/www.ucaldas.edu.co\/portal\/alcaldes-del-magdalena-centro-solicitaron-la-creacion-de-un-programa-con-fuerte-vocacion-rural\/","title":{"rendered":"Alcaldes del Magdalena Centro solicitaron la creaci\u00f3n de un programa con fuerte vocaci\u00f3n rural"},"content":{"rendered":"<p style=\"text-align: justify;\"><img loading=\"lazy\" decoding=\"async\" class=\"alignnone size-full wp-image-86231\" src=\"https:\/\/www.ucaldas.edu.co\/portal\/wp-content\/uploads\/2025\/02\/alcaldes-dorada-imagen.jpg\" alt=\"\" width=\"1280\" height=\"960\" \/>En la sede La Paz, Magdalena Centro, de la Universidad de Caldas, fueron convocados alcaldes de la regi\u00f3n para conocer la propuesta del nuevo programa profesional en <em>Producci\u00f3n Agropecuaria y Desarrollo Rural Sostenible, <\/em>pionero en el pa\u00eds y sustentado en las competencias de esta instituci\u00f3n de educaci\u00f3n superior, con los programas de Agronom\u00eda, Veterinaria, durante 7 d\u00e9cadas, y Administraci\u00f3n de la Empresa Agropecuaria, desde hace 25 a\u00f1os.<!--more--><\/p>\n<p style=\"text-align: justify;\">Este programa tendr\u00e1 una duraci\u00f3n de 4 a\u00f1os y busca formar profesionales m\u00e1s integrales para la regi\u00f3n y con una honda vocaci\u00f3n rural. Lo m\u00e1s destacado de este proyecto acad\u00e9mico es que los j\u00f3venes vinculados podr\u00e1n vivir en las casas que ser\u00e1n construidas en el campus y, de manera paralela, realizar las pr\u00e1cticas de sus asignaturas en \u00e1reas productivas, distribuidas en las 420 hect\u00e1reas entregadas por la Sociedad de Activos Especiales \u2013 SAE- en una din\u00e1mica llamada \u201caprender haciendo\u201d.<\/p>\n<p style=\"text-align: justify;\">Durante el encuentro los Alcaldes entregaron un oficio ratificando el compromiso de la regi\u00f3n y la necesidad de la creaci\u00f3n de este programa que impulsar\u00e1 el sector rural y la sostenibilidad de la regi\u00f3n.<\/p>\n<p style=\"text-align: justify;\">\u201cEs supremamente importante la ampliaci\u00f3n de ofertas acad\u00e9micas, finanzas, experiencias cognitivas y todos los temas relacionados con lo social. Esta es una oportunidad invaluable para que los j\u00f3venes del oriente de Caldas puedan tener la capacidad de proyectar su estilo de vida, a trav\u00e9s de las ofertas institucionales de la Universidad de Caldas\u201d, dijo el alcalde del municipio de Saman\u00e1, Jorge Andr\u00e9s Arango.<\/p>\n<p style=\"text-align: justify;\">Este proyecto tambi\u00e9n les dar\u00e1 la oportunidad a los padres de familia de acceder no solo a una oferta educativa para sus hijos, sino a una manutenci\u00f3n adecuada que respalde dicho proceso formativo. \u201cCreo que es una oportunidad muy importante para los municipios de sexta categor\u00eda, como lo es Yacop\u00ed, en Cundinamarca; municipios de casi 14 mil habitantes, que cuentan con m\u00e1s de 190 veredas y un inter\u00e9s muy fuerte de transformaci\u00f3n con educaci\u00f3n de calidad\u201d, expres\u00f3 la alcaldesa del municipio de Yacop\u00ed, Herling Escobar.<\/p>\n<p style=\"text-align: justify;\">\u201cEl programa debe surtir todo el tr\u00e1mite en los Consejos Acad\u00e9mico y Superior y esperar\u00edamos que el pr\u00f3ximo a\u00f1o podamos abrir la primera cohorte de este programa profesional en Producci\u00f3n Agropecuaria y Desarrollo Rural Sostenible. Ser\u00e1n 32 j\u00f3venes, hombres y mujeres que vivir\u00e1n en el campus y har\u00e1n sus pr\u00e1cticas en una tierra ubicada a unos 800 metros de nuestra sede en Guarin\u00f3\u201d, concluy\u00f3 el rector de la Universidad de Caldas, Fabio Hernando Arias Orozco.<\/p>\n<p><strong>Anexo:<\/strong><\/p>\n<p><strong>-A<a href=\"https:\/\/www.ucaldas.edu.co\/portal\/wp-content\/uploads\/2025\/02\/rector-alcaldes-dorada-audio.mp3\">udio Rector Universidad de Caldas, Fabio Hernando Arias Orozco.<\/a><\/strong><\/p>\n<audio class=\"wp-audio-shortcode\" id=\"audio-86227-1\" preload=\"none\" style=\"width: 100%;\" controls=\"controls\"><source type=\"audio\/mpeg\" src=\"https:\/\/www.ucaldas.edu.co\/portal\/wp-content\/uploads\/2025\/02\/rector-alcaldes-dorada-audio.mp3?_=1\" \/><a href=\"https:\/\/www.ucaldas.edu.co\/portal\/wp-content\/uploads\/2025\/02\/rector-alcaldes-dorada-audio.mp3\">https:\/\/www.ucaldas.edu.co\/portal\/wp-content\/uploads\/2025\/02\/rector-alcaldes-dorada-audio.mp3<\/a><\/audio>\n<p><a href=\"https:\/\/www.ucaldas.edu.co\/portal\/wp-content\/uploads\/2025\/02\/Herling-alcalde-dorada.mp3\"><strong>-Audio Alcaldesa municipio de Yacop\u00ed, Herling Escobar.<\/strong><\/a><\/p>\n<audio class=\"wp-audio-shortcode\" id=\"audio-86227-2\" preload=\"none\" style=\"width: 100%;\" controls=\"controls\"><source type=\"audio\/mpeg\" src=\"https:\/\/www.ucaldas.edu.co\/portal\/wp-content\/uploads\/2025\/02\/Herling-alcalde-dorada.mp3?_=2\" \/><a href=\"https:\/\/www.ucaldas.edu.co\/portal\/wp-content\/uploads\/2025\/02\/Herling-alcalde-dorada.mp3\">https:\/\/www.ucaldas.edu.co\/portal\/wp-content\/uploads\/2025\/02\/Herling-alcalde-dorada.mp3<\/a><\/audio>\n<p><a href=\"https:\/\/www.ucaldas.edu.co\/portal\/wp-content\/uploads\/2025\/02\/Jorge-Andres-alcalde-dorada.mp3\"><strong>-Audio Alcalde municipio de Saman\u00e1, Jorge Andr\u00e9s Arango.<\/strong><\/a><\/p>\n<audio class=\"wp-audio-shortcode\" id=\"audio-86227-3\" preload=\"none\" style=\"width: 100%;\" controls=\"controls\"><source type=\"audio\/mpeg\" src=\"https:\/\/www.ucaldas.edu.co\/portal\/wp-content\/uploads\/2025\/02\/Jorge-Andres-alcalde-dorada.mp3?_=3\" \/><a href=\"https:\/\/www.ucaldas.edu.co\/portal\/wp-content\/uploads\/2025\/02\/Jorge-Andres-alcalde-dorada.mp3\">https:\/\/www.ucaldas.edu.co\/portal\/wp-content\/uploads\/2025\/02\/Jorge-Andres-alcalde-dorada.mp3<\/a><\/audio>\n<p><strong>\u00a0<\/strong><\/p>\n<p><strong>\u00a0<\/strong><\/p>\n<p><strong>\u00a0<\/strong><\/p>\n","protected":false},"excerpt":{"rendered":"<p>En la sede La Paz, Magdalena Centro, de la Universidad de Caldas, fueron convocados alcaldes de la regi\u00f3n para conocer la propuesta del nuevo programa profesional en Producci\u00f3n Agropecuaria y Desarrollo Rural Sostenible, pionero en el pa\u00eds y sustentado en las competencias de esta instituci\u00f3n de educaci\u00f3n superior, con los programas de Agronom\u00eda, Veterinaria, durante [&hellip;]<\/p>\n","protected":false},"author":2,"featured_media":86231,"comment_status":"closed","ping_status":"open","sticky":false,"template":"","format":"standard","meta":{"footnotes":"","_members_access_role":[],"_members_access_error":""},"categories":[48,53],"tags":[121,178,2192],"class_list":["post-86227","post","type-post","status-publish","format-standard","has-post-thumbnail","hentry","category-actualidad","category-universidad-al-dia","tag-campus-universitario-magdalena-centro","tag-encuentro","tag-universidad-de-caldas-u-de-caldas"],"yoast_head":"<!-- This site is optimized with the Yoast SEO plugin v28.4 - https:\/\/yoast.com\/product\/yoast-seo-wordpress\/ -->\n<title>Alcaldes del Magdalena Centro solicitaron la creaci\u00f3n de un programa con fuerte vocaci\u00f3n rural .<\/title>\n<meta name=\"robots\" content=\"index, follow, max-snippet:-1, max-image-preview:large, max-video-preview:-1\" \/>\n<link rel=\"canonical\" href=\"https:\/\/www.ucaldas.edu.co\/portal\/alcaldes-del-magdalena-centro-solicitaron-la-creacion-de-un-programa-con-fuerte-vocacion-rural\/\" \/>\n<script type=\"application\/ld+json\" class=\"yoast-schema-graph\">{\"@context\":\"https:\\\/\\\/schema.org\",\"@graph\":[{\"@type\":\"Article\",\"@id\":\"https:\\\/\\\/www.ucaldas.edu.co\\\/portal\\\/alcaldes-del-magdalena-centro-solicitaron-la-creacion-de-un-programa-con-fuerte-vocacion-rural\\\/#article\",\"isPartOf\":{\"@id\":\"https:\\\/\\\/www.ucaldas.edu.co\\\/portal\\\/alcaldes-del-magdalena-centro-solicitaron-la-creacion-de-un-programa-con-fuerte-vocacion-rural\\\/\"},\"author\":{\"name\":\"ofiprensa\",\"@id\":\"https:\\\/\\\/www.ucaldas.edu.co\\\/portal\\\/#\\\/schema\\\/person\\\/a1b482e23449158b4bc319926c074fdf\"},\"headline\":\"Alcaldes del Magdalena Centro solicitaron la creaci\u00f3n de un programa con fuerte vocaci\u00f3n rural\",\"datePublished\":\"2025-02-17T23:20:21+00:00\",\"mainEntityOfPage\":{\"@id\":\"https:\\\/\\\/www.ucaldas.edu.co\\\/portal\\\/alcaldes-del-magdalena-centro-solicitaron-la-creacion-de-un-programa-con-fuerte-vocacion-rural\\\/\"},\"wordCount\":523,\"publisher\":{\"@id\":\"https:\\\/\\\/www.ucaldas.edu.co\\\/portal\\\/#organization\"},\"image\":{\"@id\":\"https:\\\/\\\/www.ucaldas.edu.co\\\/portal\\\/alcaldes-del-magdalena-centro-solicitaron-la-creacion-de-un-programa-con-fuerte-vocacion-rural\\\/#primaryimage\"},\"thumbnailUrl\":\"https:\\\/\\\/www.ucaldas.edu.co\\\/portal\\\/wp-content\\\/uploads\\\/2025\\\/02\\\/alcaldes-dorada-imagen.jpg\",\"keywords\":[\"Campus Universitario Magdalena Centro\",\"encuentro\",\"Universidad de Caldas. U. de Caldas\"],\"articleSection\":[\"Actualidad\",\"Universidad al D\u00eda\"],\"inLanguage\":\"es\"},{\"@type\":\"WebPage\",\"@id\":\"https:\\\/\\\/www.ucaldas.edu.co\\\/portal\\\/alcaldes-del-magdalena-centro-solicitaron-la-creacion-de-un-programa-con-fuerte-vocacion-rural\\\/\",\"url\":\"https:\\\/\\\/www.ucaldas.edu.co\\\/portal\\\/alcaldes-del-magdalena-centro-solicitaron-la-creacion-de-un-programa-con-fuerte-vocacion-rural\\\/\",\"name\":\"Alcaldes del Magdalena Centro solicitaron la creaci\u00f3n de un programa con fuerte vocaci\u00f3n rural .\",\"isPartOf\":{\"@id\":\"https:\\\/\\\/www.ucaldas.edu.co\\\/portal\\\/#website\"},\"primaryImageOfPage\":{\"@id\":\"https:\\\/\\\/www.ucaldas.edu.co\\\/portal\\\/alcaldes-del-magdalena-centro-solicitaron-la-creacion-de-un-programa-con-fuerte-vocacion-rural\\\/#primaryimage\"},\"image\":{\"@id\":\"https:\\\/\\\/www.ucaldas.edu.co\\\/portal\\\/alcaldes-del-magdalena-centro-solicitaron-la-creacion-de-un-programa-con-fuerte-vocacion-rural\\\/#primaryimage\"},\"thumbnailUrl\":\"https:\\\/\\\/www.ucaldas.edu.co\\\/portal\\\/wp-content\\\/uploads\\\/2025\\\/02\\\/alcaldes-dorada-imagen.jpg\",\"datePublished\":\"2025-02-17T23:20:21+00:00\",\"breadcrumb\":{\"@id\":\"https:\\\/\\\/www.ucaldas.edu.co\\\/portal\\\/alcaldes-del-magdalena-centro-solicitaron-la-creacion-de-un-programa-con-fuerte-vocacion-rural\\\/#breadcrumb\"},\"inLanguage\":\"es\",\"potentialAction\":[{\"@type\":\"ReadAction\",\"target\":[\"https:\\\/\\\/www.ucaldas.edu.co\\\/portal\\\/alcaldes-del-magdalena-centro-solicitaron-la-creacion-de-un-programa-con-fuerte-vocacion-rural\\\/\"]}]},{\"@type\":\"ImageObject\",\"inLanguage\":\"es\",\"@id\":\"https:\\\/\\\/www.ucaldas.edu.co\\\/portal\\\/alcaldes-del-magdalena-centro-solicitaron-la-creacion-de-un-programa-con-fuerte-vocacion-rural\\\/#primaryimage\",\"url\":\"https:\\\/\\\/www.ucaldas.edu.co\\\/portal\\\/wp-content\\\/uploads\\\/2025\\\/02\\\/alcaldes-dorada-imagen.jpg\",\"contentUrl\":\"https:\\\/\\\/www.ucaldas.edu.co\\\/portal\\\/wp-content\\\/uploads\\\/2025\\\/02\\\/alcaldes-dorada-imagen.jpg\",\"width\":1280,\"height\":960},{\"@type\":\"BreadcrumbList\",\"@id\":\"https:\\\/\\\/www.ucaldas.edu.co\\\/portal\\\/alcaldes-del-magdalena-centro-solicitaron-la-creacion-de-un-programa-con-fuerte-vocacion-rural\\\/#breadcrumb\",\"itemListElement\":[{\"@type\":\"ListItem\",\"position\":1,\"name\":\"Portada\",\"item\":\"https:\\\/\\\/www.ucaldas.edu.co\\\/portal\\\/\"},{\"@type\":\"ListItem\",\"position\":2,\"name\":\"Alcaldes del Magdalena Centro solicitaron la creaci\u00f3n de un programa con fuerte vocaci\u00f3n rural\"}]},{\"@type\":\"WebSite\",\"@id\":\"https:\\\/\\\/www.ucaldas.edu.co\\\/portal\\\/#website\",\"url\":\"https:\\\/\\\/www.ucaldas.edu.co\\\/portal\\\/\",\"name\":\"Universidad de Caldas\",\"description\":\"\",\"publisher\":{\"@id\":\"https:\\\/\\\/www.ucaldas.edu.co\\\/portal\\\/#organization\"},\"alternateName\":\"U. de Caldas\",\"potentialAction\":[{\"@type\":\"SearchAction\",\"target\":{\"@type\":\"EntryPoint\",\"urlTemplate\":\"https:\\\/\\\/www.ucaldas.edu.co\\\/portal\\\/?s={search_term_string}\"},\"query-input\":{\"@type\":\"PropertyValueSpecification\",\"valueRequired\":true,\"valueName\":\"search_term_string\"}}],\"inLanguage\":\"es\"},{\"@type\":\"Organization\",\"@id\":\"https:\\\/\\\/www.ucaldas.edu.co\\\/portal\\\/#organization\",\"name\":\"Universidad de Caldas\",\"alternateName\":\"U. de Caldas\",\"url\":\"https:\\\/\\\/www.ucaldas.edu.co\\\/portal\\\/\",\"logo\":{\"@type\":\"ImageObject\",\"inLanguage\":\"es\",\"@id\":\"https:\\\/\\\/www.ucaldas.edu.co\\\/portal\\\/#\\\/schema\\\/logo\\\/image\\\/\",\"url\":\"https:\\\/\\\/www.ucaldas.edu.co\\\/portal\\\/wp-content\\\/uploads\\\/2023\\\/11\\\/Logo_horizontal_oscuroU-2023.png\",\"contentUrl\":\"https:\\\/\\\/www.ucaldas.edu.co\\\/portal\\\/wp-content\\\/uploads\\\/2023\\\/11\\\/Logo_horizontal_oscuroU-2023.png\",\"width\":263,\"height\":101,\"caption\":\"Universidad de Caldas\"},\"image\":{\"@id\":\"https:\\\/\\\/www.ucaldas.edu.co\\\/portal\\\/#\\\/schema\\\/logo\\\/image\\\/\"},\"sameAs\":[\"https:\\\/\\\/www.facebook.com\\\/udecaldas\",\"https:\\\/\\\/x.com\\\/udecaldas\",\"https:\\\/\\\/www.youtube.com\\\/universidadcaldas\",\"https:\\\/\\\/www.instagram.com\\\/udecaldas\\\/\"]},{\"@type\":\"Person\",\"@id\":\"https:\\\/\\\/www.ucaldas.edu.co\\\/portal\\\/#\\\/schema\\\/person\\\/a1b482e23449158b4bc319926c074fdf\",\"name\":\"ofiprensa\",\"image\":{\"@type\":\"ImageObject\",\"inLanguage\":\"es\",\"@id\":\"https:\\\/\\\/www.ucaldas.edu.co\\\/portal\\\/wp-content\\\/litespeed\\\/avatar\\\/09ea5085e600095a7a811142c6944527.jpg?ver=1788384175\",\"url\":\"https:\\\/\\\/www.ucaldas.edu.co\\\/portal\\\/wp-content\\\/litespeed\\\/avatar\\\/09ea5085e600095a7a811142c6944527.jpg?ver=1788384175\",\"contentUrl\":\"https:\\\/\\\/www.ucaldas.edu.co\\\/portal\\\/wp-content\\\/litespeed\\\/avatar\\\/09ea5085e600095a7a811142c6944527.jpg?ver=1788384175\",\"caption\":\"ofiprensa\"},\"url\":\"https:\\\/\\\/www.ucaldas.edu.co\\\/portal\\\/author\\\/ofiprensa\\\/\"}]}<\/script>\n<!-- \/ Yoast SEO plugin. -->","yoast_head_json":{"title":"Alcaldes del Magdalena Centro solicitaron la creaci\u00f3n de un programa con fuerte vocaci\u00f3n rural .","robots":{"index":"index","follow":"follow","max-snippet":"max-snippet:-1","max-image-preview":"max-image-preview:large","max-video-preview":"max-video-preview:-1"},"canonical":"https:\/\/www.ucaldas.edu.co\/portal\/alcaldes-del-magdalena-centro-solicitaron-la-creacion-de-un-programa-con-fuerte-vocacion-rural\/","schema":{"@context":"https:\/\/schema.org","@graph":[{"@type":"Article","@id":"https:\/\/www.ucaldas.edu.co\/portal\/alcaldes-del-magdalena-centro-solicitaron-la-creacion-de-un-programa-con-fuerte-vocacion-rural\/#article","isPartOf":{"@id":"https:\/\/www.ucaldas.edu.co\/portal\/alcaldes-del-magdalena-centro-solicitaron-la-creacion-de-un-programa-con-fuerte-vocacion-rural\/"},"author":{"name":"ofiprensa","@id":"https:\/\/www.ucaldas.edu.co\/portal\/#\/schema\/person\/a1b482e23449158b4bc319926c074fdf"},"headline":"Alcaldes del Magdalena Centro solicitaron la creaci\u00f3n de un programa con fuerte vocaci\u00f3n rural","datePublished":"2025-02-17T23:20:21+00:00","mainEntityOfPage":{"@id":"https:\/\/www.ucaldas.edu.co\/portal\/alcaldes-del-magdalena-centro-solicitaron-la-creacion-de-un-programa-con-fuerte-vocacion-rural\/"},"wordCount":523,"publisher":{"@id":"https:\/\/www.ucaldas.edu.co\/portal\/#organization"},"image":{"@id":"https:\/\/www.ucaldas.edu.co\/portal\/alcaldes-del-magdalena-centro-solicitaron-la-creacion-de-un-programa-con-fuerte-vocacion-rural\/#primaryimage"},"thumbnailUrl":"https:\/\/www.ucaldas.edu.co\/portal\/wp-content\/uploads\/2025\/02\/alcaldes-dorada-imagen.jpg","keywords":["Campus Universitario Magdalena Centro","encuentro","Universidad de Caldas. U. de Caldas"],"articleSection":["Actualidad","Universidad al D\u00eda"],"inLanguage":"es"},{"@type":"WebPage","@id":"https:\/\/www.ucaldas.edu.co\/portal\/alcaldes-del-magdalena-centro-solicitaron-la-creacion-de-un-programa-con-fuerte-vocacion-rural\/","url":"https:\/\/www.ucaldas.edu.co\/portal\/alcaldes-del-magdalena-centro-solicitaron-la-creacion-de-un-programa-con-fuerte-vocacion-rural\/","name":"Alcaldes del Magdalena Centro solicitaron la creaci\u00f3n de un programa con fuerte vocaci\u00f3n rural .","isPartOf":{"@id":"https:\/\/www.ucaldas.edu.co\/portal\/#website"},"primaryImageOfPage":{"@id":"https:\/\/www.ucaldas.edu.co\/portal\/alcaldes-del-magdalena-centro-solicitaron-la-creacion-de-un-programa-con-fuerte-vocacion-rural\/#primaryimage"},"image":{"@id":"https:\/\/www.ucaldas.edu.co\/portal\/alcaldes-del-magdalena-centro-solicitaron-la-creacion-de-un-programa-con-fuerte-vocacion-rural\/#primaryimage"},"thumbnailUrl":"https:\/\/www.ucaldas.edu.co\/portal\/wp-content\/uploads\/2025\/02\/alcaldes-dorada-imagen.jpg","datePublished":"2025-02-17T23:20:21+00:00","breadcrumb":{"@id":"https:\/\/www.ucaldas.edu.co\/portal\/alcaldes-del-magdalena-centro-solicitaron-la-creacion-de-un-programa-con-fuerte-vocacion-rural\/#breadcrumb"},"inLanguage":"es","potentialAction":[{"@type":"ReadAction","target":["https:\/\/www.ucaldas.edu.co\/portal\/alcaldes-del-magdalena-centro-solicitaron-la-creacion-de-un-programa-con-fuerte-vocacion-rural\/"]}]},{"@type":"ImageObject","inLanguage":"es","@id":"https:\/\/www.ucaldas.edu.co\/portal\/alcaldes-del-magdalena-centro-solicitaron-la-creacion-de-un-programa-con-fuerte-vocacion-rural\/#primaryimage","url":"https:\/\/www.ucaldas.edu.co\/portal\/wp-content\/uploads\/2025\/02\/alcaldes-dorada-imagen.jpg","contentUrl":"https:\/\/www.ucaldas.edu.co\/portal\/wp-content\/uploads\/2025\/02\/alcaldes-dorada-imagen.jpg","width":1280,"height":960},{"@type":"BreadcrumbList","@id":"https:\/\/www.ucaldas.edu.co\/portal\/alcaldes-del-magdalena-centro-solicitaron-la-creacion-de-un-programa-con-fuerte-vocacion-rural\/#breadcrumb","itemListElement":[{"@type":"ListItem","position":1,"name":"Portada","item":"https:\/\/www.ucaldas.edu.co\/portal\/"},{"@type":"ListItem","position":2,"name":"Alcaldes del Magdalena Centro solicitaron la creaci\u00f3n de un programa con fuerte vocaci\u00f3n rural"}]},{"@type":"WebSite","@id":"https:\/\/www.ucaldas.edu.co\/portal\/#website","url":"https:\/\/www.ucaldas.edu.co\/portal\/","name":"Universidad de Caldas","description":"","publisher":{"@id":"https:\/\/www.ucaldas.edu.co\/portal\/#organization"},"alternateName":"U. de Caldas","potentialAction":[{"@type":"SearchAction","target":{"@type":"EntryPoint","urlTemplate":"https:\/\/www.ucaldas.edu.co\/portal\/?s={search_term_string}"},"query-input":{"@type":"PropertyValueSpecification","valueRequired":true,"valueName":"search_term_string"}}],"inLanguage":"es"},{"@type":"Organization","@id":"https:\/\/www.ucaldas.edu.co\/portal\/#organization","name":"Universidad de Caldas","alternateName":"U. de Caldas","url":"https:\/\/www.ucaldas.edu.co\/portal\/","logo":{"@type":"ImageObject","inLanguage":"es","@id":"https:\/\/www.ucaldas.edu.co\/portal\/#\/schema\/logo\/image\/","url":"https:\/\/www.ucaldas.edu.co\/portal\/wp-content\/uploads\/2023\/11\/Logo_horizontal_oscuroU-2023.png","contentUrl":"https:\/\/www.ucaldas.edu.co\/portal\/wp-content\/uploads\/2023\/11\/Logo_horizontal_oscuroU-2023.png","width":263,"height":101,"caption":"Universidad de Caldas"},"image":{"@id":"https:\/\/www.ucaldas.edu.co\/portal\/#\/schema\/logo\/image\/"},"sameAs":["https:\/\/www.facebook.com\/udecaldas","https:\/\/x.com\/udecaldas","https:\/\/www.youtube.com\/universidadcaldas","https:\/\/www.instagram.com\/udecaldas\/"]},{"@type":"Person","@id":"https:\/\/www.ucaldas.edu.co\/portal\/#\/schema\/person\/a1b482e23449158b4bc319926c074fdf","name":"ofiprensa","image":{"@type":"ImageObject","inLanguage":"es","@id":"https:\/\/www.ucaldas.edu.co\/portal\/wp-content\/litespeed\/avatar\/09ea5085e600095a7a811142c6944527.jpg?ver=1788384175","url":"https:\/\/www.ucaldas.edu.co\/portal\/wp-content\/litespeed\/avatar\/09ea5085e600095a7a811142c6944527.jpg?ver=1788384175","contentUrl":"https:\/\/www.ucaldas.edu.co\/portal\/wp-content\/litespeed\/avatar\/09ea5085e600095a7a811142c6944527.jpg?ver=1788384175","caption":"ofiprensa"},"url":"https:\/\/www.ucaldas.edu.co\/portal\/author\/ofiprensa\/"}]}},"_links":{"self":[{"href":"https:\/\/www.ucaldas.edu.co\/portal\/wp-json\/wp\/v2\/posts\/86227","targetHints":{"allow":["GET"]}}],"collection":[{"href":"https:\/\/www.ucaldas.edu.co\/portal\/wp-json\/wp\/v2\/posts"}],"about":[{"href":"https:\/\/www.ucaldas.edu.co\/portal\/wp-json\/wp\/v2\/types\/post"}],"author":[{"embeddable":true,"href":"https:\/\/www.ucaldas.edu.co\/portal\/wp-json\/wp\/v2\/users\/2"}],"replies":[{"embeddable":true,"href":"https:\/\/www.ucaldas.edu.co\/portal\/wp-json\/wp\/v2\/comments?post=86227"}],"version-history":[{"count":0,"href":"https:\/\/www.ucaldas.edu.co\/portal\/wp-json\/wp\/v2\/posts\/86227\/revisions"}],"wp:featuredmedia":[{"embeddable":true,"href":"https:\/\/www.ucaldas.edu.co\/portal\/wp-json\/wp\/v2\/media\/86231"}],"wp:attachment":[{"href":"https:\/\/www.ucaldas.edu.co\/portal\/wp-json\/wp\/v2\/media?parent=86227"}],"wp:term":[{"taxonomy":"category","embeddable":true,"href":"https:\/\/www.ucaldas.edu.co\/portal\/wp-json\/wp\/v2\/categories?post=86227"},{"taxonomy":"post_tag","embeddable":true,"href":"https:\/\/www.ucaldas.edu.co\/portal\/wp-json\/wp\/v2\/tags?post=86227"}],"curies":[{"name":"wp","href":"https:\/\/api.w.org\/{rel}","templated":true}]}}