{"id":8619,"date":"2011-05-11T14:55:27","date_gmt":"2011-05-11T19:55:27","guid":{"rendered":"https:\/\/www.ucaldas.edu.co\/portal\/?p=8619"},"modified":"2011-05-11T14:55:27","modified_gmt":"2011-05-11T19:55:27","slug":"i-simposio-de-cafe","status":"publish","type":"post","link":"https:\/\/www.ucaldas.edu.co\/portal\/i-simposio-de-cafe\/","title":{"rendered":"I Simposio de Caf\u00e9"},"content":{"rendered":"<p>Junio 7 y 8<\/p>\n<hr \/>\n<p>&nbsp;<\/p>\n<table border=\"0\">\n<tbody>\n<tr>\n<td>\u00a0<img loading=\"lazy\" decoding=\"async\" style=\"border: 0px\" alt=\"Simposio\" src=\"http:\/\/www.ucaldas.edu.co\/images\/tmp\/Simposio_Cafe.jpg\" width=\"240\" height=\"150\" border=\"0\" \/><\/td>\n<td><b>Descripci\u00f3n: <\/b>evento organizado por el Departamento de Ingenier\u00eda de la U. de Caldas<\/p>\n<p><b>Nombre: <\/b><i>I Simposio de caf\u00e9: Ciencia, pasi\u00f3n y perspectivas<\/i><\/td>\n<\/tr>\n<\/tbody>\n<\/table>\n<p>&nbsp;<\/p>\n<p><b>Conferencistas:<\/b><\/p>\n<p>&#8211; Arturo Hern\u00e1ndez Fujigaki. Experto en Barismo, Ingeniero de Alimentos egresado del ITESM de M\u00e9xico, M.Sc. en Ciencias Alimentarias de la Universidad Cornell Nueva York, juez certificado por la World Barista Championship (WBC).<\/p>\n<p>&#8211; Jorge Botero Echeverry. Ec\u00f3logo Ph.D. Investigador Cient\u00edfico III Biolog\u00eda de la Conservaci\u00f3n.<\/p>\n<p>&#8211; Fabio Rinc\u00f3n. Director de la C\u00e1tedra Unesco, Soci\u00f3logo, M.Sc. en Gesti\u00f3n Cultural, en la actualidad realiza doctorado en Estudios Territoriales en la Universidad de Caldas.<\/p>\n<p>&#8211; Ana Mar\u00eda Sierra. Coordinadora ejecutiva del programa de promoci\u00f3n de consumo de caf\u00e9 en<\/p>\n<p>Colombia \u00a0<i>Toma Caf\u00e9<\/i>. Es Fulbright Scholar, postgraduada en Medios y Mercadeo del New School for Social Research de Nueva York.<\/p>\n<p>&#8211; Juan Carlos Alarc\u00f3n. Ingeniero Agr\u00f3nomo, Jefe Calidades Cooperativa de Caficultores de Manizales, experto en cataci\u00f3n de caf\u00e9, juez internacional Tasa de la Excelencia.<\/p>\n<p>&#8211; Carolina P\u00e9rez Henao. Ingeniera de Alimentos, especialista en desarrollo agroindustrial, investigadora vinculada a Cenicaf\u00e9.<\/p>\n<p>&#8211; F\u00e9lix Octavio D\u00edaz Arango. Docente Universidad de Caldas, experto en industrializaci\u00f3n del caf\u00e9, jefe de Laboratorio de An\u00e1lisis Sensorial del Caf\u00e9 de la Universidad de Caldas<\/p>\n<p><b>Lugar: <\/b>Sala Carlos N\u00e1der N\u00e1der, de la Sede Central de la U. de Caldas<\/p>\n<p><b>Horario: <\/b>martes 7 y mi\u00e9rcoles 8 de junio del 2011<\/p>\n<p><b>Inversi\u00f3n: <\/b>Estudiantes, $79 mil; egresados y personal de la U. de Caldas, $134 mil y profesionales y p\u00fablico en general, $149 mil. La consignaci\u00f3n debe hacerse en la Cuenta de ahorros Davivienda # 084500007558, C\u00f3digo: 0G8F00. Titular: Universidad de Caldas<\/p>\n<p><b>Informes e inscripciones: <\/b>en el Departamento de Ingenier\u00eda de la U. de Caldas. Tel\u00e9fono: 878 15 00, extensi\u00f3n 13 436, o con F\u00e9lix Octavio D\u00edaz Arango, Coordinador del evento, en el celular: 310 471 98 47 o en el correo electr\u00f3nico <a href=\"mailto:felix.diaz@ucaldas.edu.co\" target=\"_blank\">felix.diaz@ucaldas.edu.co<\/a> Tambi\u00e9n, con Liliana Mar\u00eda Vargas del R\u00edo, en el correo electr\u00f3nico <a href=\"mailto:lilianamaria.vargas@ucaldas.edu.co\" target=\"_blank\">lilianamaria.vargas@ucaldas.edu.co<\/a> o con Liliana Mar\u00eda Henao C\u00e1rdenas <a href=\"mailto:lilianahenaoucm@gmail.com\" target=\"_blank\">lilianahenaoucm@gmail.com<\/a><\/p>\n","protected":false},"excerpt":{"rendered":"<p>Junio 7 y 8 &nbsp; \u00a0 Descripci\u00f3n: evento organizado por el Departamento de Ingenier\u00eda de la U. de Caldas Nombre: I Simposio de caf\u00e9: Ciencia, pasi\u00f3n y perspectivas &nbsp; Conferencistas: &#8211; Arturo Hern\u00e1ndez Fujigaki. Experto en Barismo, Ingeniero de Alimentos egresado del ITESM de M\u00e9xico, M.Sc. en Ciencias Alimentarias de la Universidad Cornell Nueva York, [&hellip;]<\/p>\n","protected":false},"author":2,"featured_media":0,"comment_status":"closed","ping_status":"closed","sticky":false,"template":"","format":"standard","meta":{"footnotes":""},"categories":[48,53],"tags":[],"class_list":["post-8619","post","type-post","status-publish","format-standard","hentry","category-actualidad","category-universidad-al-dia"],"yoast_head":"<!-- This site is optimized with the Yoast SEO plugin v27.5 - https:\/\/yoast.com\/product\/yoast-seo-wordpress\/ -->\n<title>I Simposio de Caf\u00e9 .<\/title>\n<meta name=\"robots\" content=\"index, follow, max-snippet:-1, max-image-preview:large, max-video-preview:-1\" \/>\n<link rel=\"canonical\" href=\"https:\/\/www.ucaldas.edu.co\/portal\/i-simposio-de-cafe\/\" \/>\n<script type=\"application\/ld+json\" class=\"yoast-schema-graph\">{\"@context\":\"https:\\\/\\\/schema.org\",\"@graph\":[{\"@type\":\"Article\",\"@id\":\"https:\\\/\\\/www.ucaldas.edu.co\\\/portal\\\/i-simposio-de-cafe\\\/#article\",\"isPartOf\":{\"@id\":\"https:\\\/\\\/www.ucaldas.edu.co\\\/portal\\\/i-simposio-de-cafe\\\/\"},\"author\":{\"name\":\"ofiprensa\",\"@id\":\"https:\\\/\\\/www.ucaldas.edu.co\\\/portal\\\/#\\\/schema\\\/person\\\/a1b482e23449158b4bc319926c074fdf\"},\"headline\":\"I Simposio de Caf\u00e9\",\"datePublished\":\"2011-05-11T19:55:27+00:00\",\"mainEntityOfPage\":{\"@id\":\"https:\\\/\\\/www.ucaldas.edu.co\\\/portal\\\/i-simposio-de-cafe\\\/\"},\"wordCount\":368,\"publisher\":{\"@id\":\"https:\\\/\\\/www.ucaldas.edu.co\\\/portal\\\/#organization\"},\"image\":{\"@id\":\"https:\\\/\\\/www.ucaldas.edu.co\\\/portal\\\/i-simposio-de-cafe\\\/#primaryimage\"},\"thumbnailUrl\":\"http:\\\/\\\/www.ucaldas.edu.co\\\/images\\\/tmp\\\/Simposio_Cafe.jpg\",\"articleSection\":[\"Actualidad\",\"Universidad al D\u00eda\"],\"inLanguage\":\"es\"},{\"@type\":\"WebPage\",\"@id\":\"https:\\\/\\\/www.ucaldas.edu.co\\\/portal\\\/i-simposio-de-cafe\\\/\",\"url\":\"https:\\\/\\\/www.ucaldas.edu.co\\\/portal\\\/i-simposio-de-cafe\\\/\",\"name\":\"I Simposio de Caf\u00e9 .\",\"isPartOf\":{\"@id\":\"https:\\\/\\\/www.ucaldas.edu.co\\\/portal\\\/#website\"},\"primaryImageOfPage\":{\"@id\":\"https:\\\/\\\/www.ucaldas.edu.co\\\/portal\\\/i-simposio-de-cafe\\\/#primaryimage\"},\"image\":{\"@id\":\"https:\\\/\\\/www.ucaldas.edu.co\\\/portal\\\/i-simposio-de-cafe\\\/#primaryimage\"},\"thumbnailUrl\":\"http:\\\/\\\/www.ucaldas.edu.co\\\/images\\\/tmp\\\/Simposio_Cafe.jpg\",\"datePublished\":\"2011-05-11T19:55:27+00:00\",\"breadcrumb\":{\"@id\":\"https:\\\/\\\/www.ucaldas.edu.co\\\/portal\\\/i-simposio-de-cafe\\\/#breadcrumb\"},\"inLanguage\":\"es\",\"potentialAction\":[{\"@type\":\"ReadAction\",\"target\":[\"https:\\\/\\\/www.ucaldas.edu.co\\\/portal\\\/i-simposio-de-cafe\\\/\"]}]},{\"@type\":\"ImageObject\",\"inLanguage\":\"es\",\"@id\":\"https:\\\/\\\/www.ucaldas.edu.co\\\/portal\\\/i-simposio-de-cafe\\\/#primaryimage\",\"url\":\"http:\\\/\\\/www.ucaldas.edu.co\\\/images\\\/tmp\\\/Simposio_Cafe.jpg\",\"contentUrl\":\"http:\\\/\\\/www.ucaldas.edu.co\\\/images\\\/tmp\\\/Simposio_Cafe.jpg\"},{\"@type\":\"BreadcrumbList\",\"@id\":\"https:\\\/\\\/www.ucaldas.edu.co\\\/portal\\\/i-simposio-de-cafe\\\/#breadcrumb\",\"itemListElement\":[{\"@type\":\"ListItem\",\"position\":1,\"name\":\"Portada\",\"item\":\"https:\\\/\\\/www.ucaldas.edu.co\\\/portal\\\/\"},{\"@type\":\"ListItem\",\"position\":2,\"name\":\"I Simposio de Caf\u00e9\"}]},{\"@type\":\"WebSite\",\"@id\":\"https:\\\/\\\/www.ucaldas.edu.co\\\/portal\\\/#website\",\"url\":\"https:\\\/\\\/www.ucaldas.edu.co\\\/portal\\\/\",\"name\":\"Universidad de Caldas\",\"description\":\"\",\"publisher\":{\"@id\":\"https:\\\/\\\/www.ucaldas.edu.co\\\/portal\\\/#organization\"},\"alternateName\":\"U. de Caldas\",\"potentialAction\":[{\"@type\":\"SearchAction\",\"target\":{\"@type\":\"EntryPoint\",\"urlTemplate\":\"https:\\\/\\\/www.ucaldas.edu.co\\\/portal\\\/?s={search_term_string}\"},\"query-input\":{\"@type\":\"PropertyValueSpecification\",\"valueRequired\":true,\"valueName\":\"search_term_string\"}}],\"inLanguage\":\"es\"},{\"@type\":\"Organization\",\"@id\":\"https:\\\/\\\/www.ucaldas.edu.co\\\/portal\\\/#organization\",\"name\":\"Universidad de Caldas\",\"alternateName\":\"U. de Caldas\",\"url\":\"https:\\\/\\\/www.ucaldas.edu.co\\\/portal\\\/\",\"logo\":{\"@type\":\"ImageObject\",\"inLanguage\":\"es\",\"@id\":\"https:\\\/\\\/www.ucaldas.edu.co\\\/portal\\\/#\\\/schema\\\/logo\\\/image\\\/\",\"url\":\"https:\\\/\\\/www.ucaldas.edu.co\\\/portal\\\/wp-content\\\/uploads\\\/2023\\\/11\\\/Logo_horizontal_oscuroU-2023.png\",\"contentUrl\":\"https:\\\/\\\/www.ucaldas.edu.co\\\/portal\\\/wp-content\\\/uploads\\\/2023\\\/11\\\/Logo_horizontal_oscuroU-2023.png\",\"width\":263,\"height\":101,\"caption\":\"Universidad de Caldas\"},\"image\":{\"@id\":\"https:\\\/\\\/www.ucaldas.edu.co\\\/portal\\\/#\\\/schema\\\/logo\\\/image\\\/\"},\"sameAs\":[\"https:\\\/\\\/www.facebook.com\\\/udecaldas\",\"https:\\\/\\\/x.com\\\/udecaldas\",\"https:\\\/\\\/www.youtube.com\\\/universidadcaldas\",\"https:\\\/\\\/www.instagram.com\\\/udecaldas\\\/\"]},{\"@type\":\"Person\",\"@id\":\"https:\\\/\\\/www.ucaldas.edu.co\\\/portal\\\/#\\\/schema\\\/person\\\/a1b482e23449158b4bc319926c074fdf\",\"name\":\"ofiprensa\",\"image\":{\"@type\":\"ImageObject\",\"inLanguage\":\"es\",\"@id\":\"https:\\\/\\\/www.ucaldas.edu.co\\\/portal\\\/wp-content\\\/litespeed\\\/avatar\\\/09ea5085e600095a7a811142c6944527.jpg?ver=1777497608\",\"url\":\"https:\\\/\\\/www.ucaldas.edu.co\\\/portal\\\/wp-content\\\/litespeed\\\/avatar\\\/09ea5085e600095a7a811142c6944527.jpg?ver=1777497608\",\"contentUrl\":\"https:\\\/\\\/www.ucaldas.edu.co\\\/portal\\\/wp-content\\\/litespeed\\\/avatar\\\/09ea5085e600095a7a811142c6944527.jpg?ver=1777497608\",\"caption\":\"ofiprensa\"},\"url\":\"https:\\\/\\\/www.ucaldas.edu.co\\\/portal\\\/author\\\/ofiprensa\\\/\"}]}<\/script>\n<!-- \/ Yoast SEO plugin. -->","yoast_head_json":{"title":"I Simposio de Caf\u00e9 .","robots":{"index":"index","follow":"follow","max-snippet":"max-snippet:-1","max-image-preview":"max-image-preview:large","max-video-preview":"max-video-preview:-1"},"canonical":"https:\/\/www.ucaldas.edu.co\/portal\/i-simposio-de-cafe\/","schema":{"@context":"https:\/\/schema.org","@graph":[{"@type":"Article","@id":"https:\/\/www.ucaldas.edu.co\/portal\/i-simposio-de-cafe\/#article","isPartOf":{"@id":"https:\/\/www.ucaldas.edu.co\/portal\/i-simposio-de-cafe\/"},"author":{"name":"ofiprensa","@id":"https:\/\/www.ucaldas.edu.co\/portal\/#\/schema\/person\/a1b482e23449158b4bc319926c074fdf"},"headline":"I Simposio de Caf\u00e9","datePublished":"2011-05-11T19:55:27+00:00","mainEntityOfPage":{"@id":"https:\/\/www.ucaldas.edu.co\/portal\/i-simposio-de-cafe\/"},"wordCount":368,"publisher":{"@id":"https:\/\/www.ucaldas.edu.co\/portal\/#organization"},"image":{"@id":"https:\/\/www.ucaldas.edu.co\/portal\/i-simposio-de-cafe\/#primaryimage"},"thumbnailUrl":"http:\/\/www.ucaldas.edu.co\/images\/tmp\/Simposio_Cafe.jpg","articleSection":["Actualidad","Universidad al D\u00eda"],"inLanguage":"es"},{"@type":"WebPage","@id":"https:\/\/www.ucaldas.edu.co\/portal\/i-simposio-de-cafe\/","url":"https:\/\/www.ucaldas.edu.co\/portal\/i-simposio-de-cafe\/","name":"I Simposio de Caf\u00e9 .","isPartOf":{"@id":"https:\/\/www.ucaldas.edu.co\/portal\/#website"},"primaryImageOfPage":{"@id":"https:\/\/www.ucaldas.edu.co\/portal\/i-simposio-de-cafe\/#primaryimage"},"image":{"@id":"https:\/\/www.ucaldas.edu.co\/portal\/i-simposio-de-cafe\/#primaryimage"},"thumbnailUrl":"http:\/\/www.ucaldas.edu.co\/images\/tmp\/Simposio_Cafe.jpg","datePublished":"2011-05-11T19:55:27+00:00","breadcrumb":{"@id":"https:\/\/www.ucaldas.edu.co\/portal\/i-simposio-de-cafe\/#breadcrumb"},"inLanguage":"es","potentialAction":[{"@type":"ReadAction","target":["https:\/\/www.ucaldas.edu.co\/portal\/i-simposio-de-cafe\/"]}]},{"@type":"ImageObject","inLanguage":"es","@id":"https:\/\/www.ucaldas.edu.co\/portal\/i-simposio-de-cafe\/#primaryimage","url":"http:\/\/www.ucaldas.edu.co\/images\/tmp\/Simposio_Cafe.jpg","contentUrl":"http:\/\/www.ucaldas.edu.co\/images\/tmp\/Simposio_Cafe.jpg"},{"@type":"BreadcrumbList","@id":"https:\/\/www.ucaldas.edu.co\/portal\/i-simposio-de-cafe\/#breadcrumb","itemListElement":[{"@type":"ListItem","position":1,"name":"Portada","item":"https:\/\/www.ucaldas.edu.co\/portal\/"},{"@type":"ListItem","position":2,"name":"I Simposio de Caf\u00e9"}]},{"@type":"WebSite","@id":"https:\/\/www.ucaldas.edu.co\/portal\/#website","url":"https:\/\/www.ucaldas.edu.co\/portal\/","name":"Universidad de Caldas","description":"","publisher":{"@id":"https:\/\/www.ucaldas.edu.co\/portal\/#organization"},"alternateName":"U. de Caldas","potentialAction":[{"@type":"SearchAction","target":{"@type":"EntryPoint","urlTemplate":"https:\/\/www.ucaldas.edu.co\/portal\/?s={search_term_string}"},"query-input":{"@type":"PropertyValueSpecification","valueRequired":true,"valueName":"search_term_string"}}],"inLanguage":"es"},{"@type":"Organization","@id":"https:\/\/www.ucaldas.edu.co\/portal\/#organization","name":"Universidad de Caldas","alternateName":"U. de Caldas","url":"https:\/\/www.ucaldas.edu.co\/portal\/","logo":{"@type":"ImageObject","inLanguage":"es","@id":"https:\/\/www.ucaldas.edu.co\/portal\/#\/schema\/logo\/image\/","url":"https:\/\/www.ucaldas.edu.co\/portal\/wp-content\/uploads\/2023\/11\/Logo_horizontal_oscuroU-2023.png","contentUrl":"https:\/\/www.ucaldas.edu.co\/portal\/wp-content\/uploads\/2023\/11\/Logo_horizontal_oscuroU-2023.png","width":263,"height":101,"caption":"Universidad de Caldas"},"image":{"@id":"https:\/\/www.ucaldas.edu.co\/portal\/#\/schema\/logo\/image\/"},"sameAs":["https:\/\/www.facebook.com\/udecaldas","https:\/\/x.com\/udecaldas","https:\/\/www.youtube.com\/universidadcaldas","https:\/\/www.instagram.com\/udecaldas\/"]},{"@type":"Person","@id":"https:\/\/www.ucaldas.edu.co\/portal\/#\/schema\/person\/a1b482e23449158b4bc319926c074fdf","name":"ofiprensa","image":{"@type":"ImageObject","inLanguage":"es","@id":"https:\/\/www.ucaldas.edu.co\/portal\/wp-content\/litespeed\/avatar\/09ea5085e600095a7a811142c6944527.jpg?ver=1777497608","url":"https:\/\/www.ucaldas.edu.co\/portal\/wp-content\/litespeed\/avatar\/09ea5085e600095a7a811142c6944527.jpg?ver=1777497608","contentUrl":"https:\/\/www.ucaldas.edu.co\/portal\/wp-content\/litespeed\/avatar\/09ea5085e600095a7a811142c6944527.jpg?ver=1777497608","caption":"ofiprensa"},"url":"https:\/\/www.ucaldas.edu.co\/portal\/author\/ofiprensa\/"}]}},"_links":{"self":[{"href":"https:\/\/www.ucaldas.edu.co\/portal\/wp-json\/wp\/v2\/posts\/8619","targetHints":{"allow":["GET"]}}],"collection":[{"href":"https:\/\/www.ucaldas.edu.co\/portal\/wp-json\/wp\/v2\/posts"}],"about":[{"href":"https:\/\/www.ucaldas.edu.co\/portal\/wp-json\/wp\/v2\/types\/post"}],"author":[{"embeddable":true,"href":"https:\/\/www.ucaldas.edu.co\/portal\/wp-json\/wp\/v2\/users\/2"}],"replies":[{"embeddable":true,"href":"https:\/\/www.ucaldas.edu.co\/portal\/wp-json\/wp\/v2\/comments?post=8619"}],"version-history":[{"count":0,"href":"https:\/\/www.ucaldas.edu.co\/portal\/wp-json\/wp\/v2\/posts\/8619\/revisions"}],"wp:attachment":[{"href":"https:\/\/www.ucaldas.edu.co\/portal\/wp-json\/wp\/v2\/media?parent=8619"}],"wp:term":[{"taxonomy":"category","embeddable":true,"href":"https:\/\/www.ucaldas.edu.co\/portal\/wp-json\/wp\/v2\/categories?post=8619"},{"taxonomy":"post_tag","embeddable":true,"href":"https:\/\/www.ucaldas.edu.co\/portal\/wp-json\/wp\/v2\/tags?post=8619"}],"curies":[{"name":"wp","href":"https:\/\/api.w.org\/{rel}","templated":true}]}}