{"id":8617,"date":"2011-05-10T14:53:29","date_gmt":"2011-05-10T19:53:29","guid":{"rendered":"https:\/\/www.ucaldas.edu.co\/portal\/?p=8617"},"modified":"2011-05-10T14:53:29","modified_gmt":"2011-05-10T19:53:29","slug":"continua-sondeo-sobre-normalidad-academica-y-vias-de-hecho","status":"publish","type":"post","link":"https:\/\/www.ucaldas.edu.co\/portal\/continua-sondeo-sobre-normalidad-academica-y-vias-de-hecho\/","title":{"rendered":"Contin\u00faa sondeo sobre normalidad  acad\u00e9mica y v\u00edas de hecho"},"content":{"rendered":"<p>Se habilit\u00f3 correo para resolver dudas y dificultades del sistema<\/p>\n<hr \/>\n<p>&nbsp;<\/p>\n<p align=\"right\"><b>10\/05\/2011<\/b><\/p>\n<p>&nbsp;<\/p>\n<table border=\"0\">\n<tbody>\n<tr>\n<td>\u00a0<img decoding=\"async\" style=\"border: 0px\" alt=\"Sondeo\" src=\"http:\/\/www.ucaldas.edu.co\/images\/tmp\/sondeo_UCaldas.jpg\" border=\"0\" \/><\/td>\n<td><b>Escenarios de di\u00e1logo<\/b> en normalidad acad\u00e9mica y las <b>ocupaciones y bloqueos como medios de protesta<\/b> en la Instituci\u00f3n son los temas que hacen parte del sondeo virtual de opini\u00f3n, convocado por el Consejo Acad\u00e9mico de la Universidad de Caldas.<\/td>\n<\/tr>\n<\/tbody>\n<\/table>\n<p><b>\u00a0<\/b><\/p>\n<p>&nbsp;<\/p>\n<p>Pueden participar <b>estudiantes, profesores y funcionarios<\/b> de la <b>U. de Caldas<\/b>, ingresando al portal <b><a href=\"http:\/\/desarrollo.ucaldas.edu.co\/\" target=\"_blank\">www.ucaldas.edu.co<\/a>, columna izquierda<\/b>. Tambi\u00e9n hay otro <b>acceso<\/b> por el <b>Sistema de Informaci\u00f3n Acad\u00e9mica (SIA), <\/b>en la <b>columna derecha<\/b>.<\/p>\n<p>&nbsp;<\/p>\n<p>Adem\u00e1s, si usted hace parte de dichos grupos de inter\u00e9s, pero tiene problemas para ingresar al sistema, no ha recibido su contrase\u00f1a o tiene alguna dificultad, puede escribir al correo <b><a href=\"mailto:sondeo.opinion@ucaldas.edu.co\" target=\"_blank\">sondeo.opinion@ucaldas.edu.co<\/a><\/b><\/p>\n<p>&nbsp;<\/p>\n<p><b>C\u00f3mo ingresar al sondeo<\/b><\/p>\n<p><b>Estudiantes y profesores<\/b> deben ingresar digitando el <b>nombre de usuario y la clave, que usan habitualmente en el SIA<\/b>.<\/p>\n<p>&nbsp;<\/p>\n<p>Los <b>funcionarios administrativos<\/b> deben ingresar digitando en el espacio de usuario el <b>n\u00famero de su c\u00e9dula<\/b> y <b>una clave que la Oficina de Gesti\u00f3n Humana de la U. de Caldas envi\u00f3 a los correos<\/b> electr\u00f3nicos de cada uno.<\/p>\n<p>&nbsp;<\/p>\n<p>El <b>funcionario que no haya recibido su clave<\/b>, debe dirigirse a Diego Arias, en la Oficina de Registro Acad\u00e9mico, ubicada en el piso 1 del Bloque C del Edificio Orlando Sierra Hern\u00e1ndez, de la Sede Central U. de Caldas.<\/p>\n<p>&nbsp;<\/p>\n<p>Los <b>profesores en comisi\u00f3n administrativa<\/b> deben ingresar al sistema como docentes, no como funcionarios.<\/p>\n<p>&nbsp;<\/p>\n<p>El <b>plazo para votar<\/b> se vence el <b>viernes 13 de mayo del 2011, <\/b>a las <b>6:00 p.m.<\/b><\/p>\n<p>&nbsp;<\/p>\n<p>Ingrese <b><a href=\"https:\/\/acadtest.ucaldas.edu.co\/encuestas\/Login.aspx\" target=\"_blank\">aqu\u00ed<\/a><\/b> y d\u00e9 su opini\u00f3n en el sondeo virtual.<\/p>\n<p>&nbsp;<\/p>\n<p><b>Informes: <\/b>Oficina de Prensa de la U. de Caldas, tel\u00e9fono 878 15 00, extensi\u00f3n 12 167.<\/p>\n","protected":false},"excerpt":{"rendered":"<p>Se habilit\u00f3 correo para resolver dudas y dificultades del sistema &nbsp; 10\/05\/2011 &nbsp; \u00a0 Escenarios de di\u00e1logo en normalidad acad\u00e9mica y las ocupaciones y bloqueos como medios de protesta en la Instituci\u00f3n son los temas que hacen parte del sondeo virtual de opini\u00f3n, convocado por el Consejo Acad\u00e9mico de la Universidad de Caldas. \u00a0 &nbsp; [&hellip;]<\/p>\n","protected":false},"author":2,"featured_media":0,"comment_status":"closed","ping_status":"closed","sticky":false,"template":"","format":"standard","meta":{"footnotes":""},"categories":[48,53],"tags":[],"class_list":["post-8617","post","type-post","status-publish","format-standard","hentry","category-actualidad","category-universidad-al-dia"],"yoast_head":"<!-- This site is optimized with the Yoast SEO plugin v27.5 - https:\/\/yoast.com\/product\/yoast-seo-wordpress\/ -->\n<title>Contin\u00faa sondeo sobre normalidad acad\u00e9mica y v\u00edas de hecho .<\/title>\n<meta name=\"robots\" content=\"index, follow, max-snippet:-1, max-image-preview:large, max-video-preview:-1\" \/>\n<link rel=\"canonical\" href=\"https:\/\/www.ucaldas.edu.co\/portal\/continua-sondeo-sobre-normalidad-academica-y-vias-de-hecho\/\" \/>\n<script type=\"application\/ld+json\" class=\"yoast-schema-graph\">{\"@context\":\"https:\\\/\\\/schema.org\",\"@graph\":[{\"@type\":\"Article\",\"@id\":\"https:\\\/\\\/www.ucaldas.edu.co\\\/portal\\\/continua-sondeo-sobre-normalidad-academica-y-vias-de-hecho\\\/#article\",\"isPartOf\":{\"@id\":\"https:\\\/\\\/www.ucaldas.edu.co\\\/portal\\\/continua-sondeo-sobre-normalidad-academica-y-vias-de-hecho\\\/\"},\"author\":{\"name\":\"ofiprensa\",\"@id\":\"https:\\\/\\\/www.ucaldas.edu.co\\\/portal\\\/#\\\/schema\\\/person\\\/a1b482e23449158b4bc319926c074fdf\"},\"headline\":\"Contin\u00faa sondeo sobre normalidad acad\u00e9mica y v\u00edas de hecho\",\"datePublished\":\"2011-05-10T19:53:29+00:00\",\"mainEntityOfPage\":{\"@id\":\"https:\\\/\\\/www.ucaldas.edu.co\\\/portal\\\/continua-sondeo-sobre-normalidad-academica-y-vias-de-hecho\\\/\"},\"wordCount\":313,\"publisher\":{\"@id\":\"https:\\\/\\\/www.ucaldas.edu.co\\\/portal\\\/#organization\"},\"image\":{\"@id\":\"https:\\\/\\\/www.ucaldas.edu.co\\\/portal\\\/continua-sondeo-sobre-normalidad-academica-y-vias-de-hecho\\\/#primaryimage\"},\"thumbnailUrl\":\"http:\\\/\\\/www.ucaldas.edu.co\\\/images\\\/tmp\\\/sondeo_UCaldas.jpg\",\"articleSection\":[\"Actualidad\",\"Universidad al D\u00eda\"],\"inLanguage\":\"es\"},{\"@type\":\"WebPage\",\"@id\":\"https:\\\/\\\/www.ucaldas.edu.co\\\/portal\\\/continua-sondeo-sobre-normalidad-academica-y-vias-de-hecho\\\/\",\"url\":\"https:\\\/\\\/www.ucaldas.edu.co\\\/portal\\\/continua-sondeo-sobre-normalidad-academica-y-vias-de-hecho\\\/\",\"name\":\"Contin\u00faa sondeo sobre normalidad acad\u00e9mica y v\u00edas de hecho .\",\"isPartOf\":{\"@id\":\"https:\\\/\\\/www.ucaldas.edu.co\\\/portal\\\/#website\"},\"primaryImageOfPage\":{\"@id\":\"https:\\\/\\\/www.ucaldas.edu.co\\\/portal\\\/continua-sondeo-sobre-normalidad-academica-y-vias-de-hecho\\\/#primaryimage\"},\"image\":{\"@id\":\"https:\\\/\\\/www.ucaldas.edu.co\\\/portal\\\/continua-sondeo-sobre-normalidad-academica-y-vias-de-hecho\\\/#primaryimage\"},\"thumbnailUrl\":\"http:\\\/\\\/www.ucaldas.edu.co\\\/images\\\/tmp\\\/sondeo_UCaldas.jpg\",\"datePublished\":\"2011-05-10T19:53:29+00:00\",\"breadcrumb\":{\"@id\":\"https:\\\/\\\/www.ucaldas.edu.co\\\/portal\\\/continua-sondeo-sobre-normalidad-academica-y-vias-de-hecho\\\/#breadcrumb\"},\"inLanguage\":\"es\",\"potentialAction\":[{\"@type\":\"ReadAction\",\"target\":[\"https:\\\/\\\/www.ucaldas.edu.co\\\/portal\\\/continua-sondeo-sobre-normalidad-academica-y-vias-de-hecho\\\/\"]}]},{\"@type\":\"ImageObject\",\"inLanguage\":\"es\",\"@id\":\"https:\\\/\\\/www.ucaldas.edu.co\\\/portal\\\/continua-sondeo-sobre-normalidad-academica-y-vias-de-hecho\\\/#primaryimage\",\"url\":\"http:\\\/\\\/www.ucaldas.edu.co\\\/images\\\/tmp\\\/sondeo_UCaldas.jpg\",\"contentUrl\":\"http:\\\/\\\/www.ucaldas.edu.co\\\/images\\\/tmp\\\/sondeo_UCaldas.jpg\"},{\"@type\":\"BreadcrumbList\",\"@id\":\"https:\\\/\\\/www.ucaldas.edu.co\\\/portal\\\/continua-sondeo-sobre-normalidad-academica-y-vias-de-hecho\\\/#breadcrumb\",\"itemListElement\":[{\"@type\":\"ListItem\",\"position\":1,\"name\":\"Portada\",\"item\":\"https:\\\/\\\/www.ucaldas.edu.co\\\/portal\\\/\"},{\"@type\":\"ListItem\",\"position\":2,\"name\":\"Contin\u00faa sondeo sobre normalidad acad\u00e9mica y v\u00edas de hecho\"}]},{\"@type\":\"WebSite\",\"@id\":\"https:\\\/\\\/www.ucaldas.edu.co\\\/portal\\\/#website\",\"url\":\"https:\\\/\\\/www.ucaldas.edu.co\\\/portal\\\/\",\"name\":\"Universidad de Caldas\",\"description\":\"\",\"publisher\":{\"@id\":\"https:\\\/\\\/www.ucaldas.edu.co\\\/portal\\\/#organization\"},\"alternateName\":\"U. de Caldas\",\"potentialAction\":[{\"@type\":\"SearchAction\",\"target\":{\"@type\":\"EntryPoint\",\"urlTemplate\":\"https:\\\/\\\/www.ucaldas.edu.co\\\/portal\\\/?s={search_term_string}\"},\"query-input\":{\"@type\":\"PropertyValueSpecification\",\"valueRequired\":true,\"valueName\":\"search_term_string\"}}],\"inLanguage\":\"es\"},{\"@type\":\"Organization\",\"@id\":\"https:\\\/\\\/www.ucaldas.edu.co\\\/portal\\\/#organization\",\"name\":\"Universidad de Caldas\",\"alternateName\":\"U. de Caldas\",\"url\":\"https:\\\/\\\/www.ucaldas.edu.co\\\/portal\\\/\",\"logo\":{\"@type\":\"ImageObject\",\"inLanguage\":\"es\",\"@id\":\"https:\\\/\\\/www.ucaldas.edu.co\\\/portal\\\/#\\\/schema\\\/logo\\\/image\\\/\",\"url\":\"https:\\\/\\\/www.ucaldas.edu.co\\\/portal\\\/wp-content\\\/uploads\\\/2023\\\/11\\\/Logo_horizontal_oscuroU-2023.png\",\"contentUrl\":\"https:\\\/\\\/www.ucaldas.edu.co\\\/portal\\\/wp-content\\\/uploads\\\/2023\\\/11\\\/Logo_horizontal_oscuroU-2023.png\",\"width\":263,\"height\":101,\"caption\":\"Universidad de Caldas\"},\"image\":{\"@id\":\"https:\\\/\\\/www.ucaldas.edu.co\\\/portal\\\/#\\\/schema\\\/logo\\\/image\\\/\"},\"sameAs\":[\"https:\\\/\\\/www.facebook.com\\\/udecaldas\",\"https:\\\/\\\/x.com\\\/udecaldas\",\"https:\\\/\\\/www.youtube.com\\\/universidadcaldas\",\"https:\\\/\\\/www.instagram.com\\\/udecaldas\\\/\"]},{\"@type\":\"Person\",\"@id\":\"https:\\\/\\\/www.ucaldas.edu.co\\\/portal\\\/#\\\/schema\\\/person\\\/a1b482e23449158b4bc319926c074fdf\",\"name\":\"ofiprensa\",\"image\":{\"@type\":\"ImageObject\",\"inLanguage\":\"es\",\"@id\":\"https:\\\/\\\/www.ucaldas.edu.co\\\/portal\\\/wp-content\\\/litespeed\\\/avatar\\\/09ea5085e600095a7a811142c6944527.jpg?ver=1777497608\",\"url\":\"https:\\\/\\\/www.ucaldas.edu.co\\\/portal\\\/wp-content\\\/litespeed\\\/avatar\\\/09ea5085e600095a7a811142c6944527.jpg?ver=1777497608\",\"contentUrl\":\"https:\\\/\\\/www.ucaldas.edu.co\\\/portal\\\/wp-content\\\/litespeed\\\/avatar\\\/09ea5085e600095a7a811142c6944527.jpg?ver=1777497608\",\"caption\":\"ofiprensa\"},\"url\":\"https:\\\/\\\/www.ucaldas.edu.co\\\/portal\\\/author\\\/ofiprensa\\\/\"}]}<\/script>\n<!-- \/ Yoast SEO plugin. -->","yoast_head_json":{"title":"Contin\u00faa sondeo sobre normalidad acad\u00e9mica y v\u00edas de hecho .","robots":{"index":"index","follow":"follow","max-snippet":"max-snippet:-1","max-image-preview":"max-image-preview:large","max-video-preview":"max-video-preview:-1"},"canonical":"https:\/\/www.ucaldas.edu.co\/portal\/continua-sondeo-sobre-normalidad-academica-y-vias-de-hecho\/","schema":{"@context":"https:\/\/schema.org","@graph":[{"@type":"Article","@id":"https:\/\/www.ucaldas.edu.co\/portal\/continua-sondeo-sobre-normalidad-academica-y-vias-de-hecho\/#article","isPartOf":{"@id":"https:\/\/www.ucaldas.edu.co\/portal\/continua-sondeo-sobre-normalidad-academica-y-vias-de-hecho\/"},"author":{"name":"ofiprensa","@id":"https:\/\/www.ucaldas.edu.co\/portal\/#\/schema\/person\/a1b482e23449158b4bc319926c074fdf"},"headline":"Contin\u00faa sondeo sobre normalidad acad\u00e9mica y v\u00edas de hecho","datePublished":"2011-05-10T19:53:29+00:00","mainEntityOfPage":{"@id":"https:\/\/www.ucaldas.edu.co\/portal\/continua-sondeo-sobre-normalidad-academica-y-vias-de-hecho\/"},"wordCount":313,"publisher":{"@id":"https:\/\/www.ucaldas.edu.co\/portal\/#organization"},"image":{"@id":"https:\/\/www.ucaldas.edu.co\/portal\/continua-sondeo-sobre-normalidad-academica-y-vias-de-hecho\/#primaryimage"},"thumbnailUrl":"http:\/\/www.ucaldas.edu.co\/images\/tmp\/sondeo_UCaldas.jpg","articleSection":["Actualidad","Universidad al D\u00eda"],"inLanguage":"es"},{"@type":"WebPage","@id":"https:\/\/www.ucaldas.edu.co\/portal\/continua-sondeo-sobre-normalidad-academica-y-vias-de-hecho\/","url":"https:\/\/www.ucaldas.edu.co\/portal\/continua-sondeo-sobre-normalidad-academica-y-vias-de-hecho\/","name":"Contin\u00faa sondeo sobre normalidad acad\u00e9mica y v\u00edas de hecho .","isPartOf":{"@id":"https:\/\/www.ucaldas.edu.co\/portal\/#website"},"primaryImageOfPage":{"@id":"https:\/\/www.ucaldas.edu.co\/portal\/continua-sondeo-sobre-normalidad-academica-y-vias-de-hecho\/#primaryimage"},"image":{"@id":"https:\/\/www.ucaldas.edu.co\/portal\/continua-sondeo-sobre-normalidad-academica-y-vias-de-hecho\/#primaryimage"},"thumbnailUrl":"http:\/\/www.ucaldas.edu.co\/images\/tmp\/sondeo_UCaldas.jpg","datePublished":"2011-05-10T19:53:29+00:00","breadcrumb":{"@id":"https:\/\/www.ucaldas.edu.co\/portal\/continua-sondeo-sobre-normalidad-academica-y-vias-de-hecho\/#breadcrumb"},"inLanguage":"es","potentialAction":[{"@type":"ReadAction","target":["https:\/\/www.ucaldas.edu.co\/portal\/continua-sondeo-sobre-normalidad-academica-y-vias-de-hecho\/"]}]},{"@type":"ImageObject","inLanguage":"es","@id":"https:\/\/www.ucaldas.edu.co\/portal\/continua-sondeo-sobre-normalidad-academica-y-vias-de-hecho\/#primaryimage","url":"http:\/\/www.ucaldas.edu.co\/images\/tmp\/sondeo_UCaldas.jpg","contentUrl":"http:\/\/www.ucaldas.edu.co\/images\/tmp\/sondeo_UCaldas.jpg"},{"@type":"BreadcrumbList","@id":"https:\/\/www.ucaldas.edu.co\/portal\/continua-sondeo-sobre-normalidad-academica-y-vias-de-hecho\/#breadcrumb","itemListElement":[{"@type":"ListItem","position":1,"name":"Portada","item":"https:\/\/www.ucaldas.edu.co\/portal\/"},{"@type":"ListItem","position":2,"name":"Contin\u00faa sondeo sobre normalidad acad\u00e9mica y v\u00edas de hecho"}]},{"@type":"WebSite","@id":"https:\/\/www.ucaldas.edu.co\/portal\/#website","url":"https:\/\/www.ucaldas.edu.co\/portal\/","name":"Universidad de Caldas","description":"","publisher":{"@id":"https:\/\/www.ucaldas.edu.co\/portal\/#organization"},"alternateName":"U. de Caldas","potentialAction":[{"@type":"SearchAction","target":{"@type":"EntryPoint","urlTemplate":"https:\/\/www.ucaldas.edu.co\/portal\/?s={search_term_string}"},"query-input":{"@type":"PropertyValueSpecification","valueRequired":true,"valueName":"search_term_string"}}],"inLanguage":"es"},{"@type":"Organization","@id":"https:\/\/www.ucaldas.edu.co\/portal\/#organization","name":"Universidad de Caldas","alternateName":"U. de Caldas","url":"https:\/\/www.ucaldas.edu.co\/portal\/","logo":{"@type":"ImageObject","inLanguage":"es","@id":"https:\/\/www.ucaldas.edu.co\/portal\/#\/schema\/logo\/image\/","url":"https:\/\/www.ucaldas.edu.co\/portal\/wp-content\/uploads\/2023\/11\/Logo_horizontal_oscuroU-2023.png","contentUrl":"https:\/\/www.ucaldas.edu.co\/portal\/wp-content\/uploads\/2023\/11\/Logo_horizontal_oscuroU-2023.png","width":263,"height":101,"caption":"Universidad de Caldas"},"image":{"@id":"https:\/\/www.ucaldas.edu.co\/portal\/#\/schema\/logo\/image\/"},"sameAs":["https:\/\/www.facebook.com\/udecaldas","https:\/\/x.com\/udecaldas","https:\/\/www.youtube.com\/universidadcaldas","https:\/\/www.instagram.com\/udecaldas\/"]},{"@type":"Person","@id":"https:\/\/www.ucaldas.edu.co\/portal\/#\/schema\/person\/a1b482e23449158b4bc319926c074fdf","name":"ofiprensa","image":{"@type":"ImageObject","inLanguage":"es","@id":"https:\/\/www.ucaldas.edu.co\/portal\/wp-content\/litespeed\/avatar\/09ea5085e600095a7a811142c6944527.jpg?ver=1777497608","url":"https:\/\/www.ucaldas.edu.co\/portal\/wp-content\/litespeed\/avatar\/09ea5085e600095a7a811142c6944527.jpg?ver=1777497608","contentUrl":"https:\/\/www.ucaldas.edu.co\/portal\/wp-content\/litespeed\/avatar\/09ea5085e600095a7a811142c6944527.jpg?ver=1777497608","caption":"ofiprensa"},"url":"https:\/\/www.ucaldas.edu.co\/portal\/author\/ofiprensa\/"}]}},"_links":{"self":[{"href":"https:\/\/www.ucaldas.edu.co\/portal\/wp-json\/wp\/v2\/posts\/8617","targetHints":{"allow":["GET"]}}],"collection":[{"href":"https:\/\/www.ucaldas.edu.co\/portal\/wp-json\/wp\/v2\/posts"}],"about":[{"href":"https:\/\/www.ucaldas.edu.co\/portal\/wp-json\/wp\/v2\/types\/post"}],"author":[{"embeddable":true,"href":"https:\/\/www.ucaldas.edu.co\/portal\/wp-json\/wp\/v2\/users\/2"}],"replies":[{"embeddable":true,"href":"https:\/\/www.ucaldas.edu.co\/portal\/wp-json\/wp\/v2\/comments?post=8617"}],"version-history":[{"count":0,"href":"https:\/\/www.ucaldas.edu.co\/portal\/wp-json\/wp\/v2\/posts\/8617\/revisions"}],"wp:attachment":[{"href":"https:\/\/www.ucaldas.edu.co\/portal\/wp-json\/wp\/v2\/media?parent=8617"}],"wp:term":[{"taxonomy":"category","embeddable":true,"href":"https:\/\/www.ucaldas.edu.co\/portal\/wp-json\/wp\/v2\/categories?post=8617"},{"taxonomy":"post_tag","embeddable":true,"href":"https:\/\/www.ucaldas.edu.co\/portal\/wp-json\/wp\/v2\/tags?post=8617"}],"curies":[{"name":"wp","href":"https:\/\/api.w.org\/{rel}","templated":true}]}}