{"id":8615,"date":"2011-05-10T14:52:44","date_gmt":"2011-05-10T19:52:44","guid":{"rendered":"https:\/\/www.ucaldas.edu.co\/portal\/?p=8615"},"modified":"2011-05-10T14:52:44","modified_gmt":"2011-05-10T19:52:44","slug":"red-alma-mater-presente-en-la-feria-internacional-del-libro-de-bogota","status":"publish","type":"post","link":"https:\/\/www.ucaldas.edu.co\/portal\/red-alma-mater-presente-en-la-feria-internacional-del-libro-de-bogota\/","title":{"rendered":"Red Alma M\u00e1ter, presente en la Feria Internacional del Libro de Bogot\u00e1"},"content":{"rendered":"<p>Se realiz\u00f3 lanzamiento del libro Cuentos del Tolima Antolog\u00eda Cr\u00edtica y la Redvista<\/p>\n<hr \/>\n<p>&nbsp;<\/p>\n<p align=\"center\">\n<p align=\"right\"><b>10\/05\/2011<\/b><\/p>\n<p align=\"right\"><b>\u00a0<\/b><\/p>\n<table border=\"0\">\n<tbody>\n<tr>\n<td>\u00a0<img loading=\"lazy\" decoding=\"async\" style=\"border: 0px\" alt=\"Red Alma Mater\" src=\"http:\/\/www.ucaldas.edu.co\/images\/tmp\/Red_Alma_Mater_Feria_Internacional_Libro_Bogota.JPG\" width=\"240\" height=\"150\" border=\"0\" \/><\/td>\n<td>La <b>Red Alma<\/b><b> Mater<\/b> (RAM) <b>lanz\u00f3 <\/b>el <b>libro <\/b><b><i>Cuentos del Tolima Antolog\u00eda<\/i><\/b><i> <b>Cr\u00edtica<\/b><\/i> y el <b>segundo n\u00famero<\/b> de<i> <b>Laredvista<\/b>, <\/i>en la <b>versi\u00f3n 24<\/b> de la <b>Feria Internacional<\/b><b> del<\/b> <b>Libro de Bogot\u00e1.<\/b><\/p>\n<p>El evento estuvo presidido por Oscar Arango, miembro de la RAM y cont\u00f3 con la participaci\u00f3n de Leonardo Monroy, Jorge Ladino y Libardo Vargas, acad\u00e9micos de la Universidad del Tolima, quienes realizaron rese\u00f1as de los 16 cuentos del libro.<\/td>\n<\/tr>\n<\/tbody>\n<\/table>\n<p>&nbsp;<\/p>\n<p>Esta obra es un rescate de los escritores que hacen parte de esta antolog\u00eda regional y lleva a la memoria colectiva la existencia de importantes narradores.<\/p>\n<p>\u201cDe los 16 autores 9 son de Ibagu\u00e9, 5 del L\u00edbano y dos de Alvarado y Chaparral, respectivamente\u201d, explic\u00f3 Vargas, quien hizo \u00e9nfasis en que fueron las mujeres de su regi\u00f3n, en la segunda d\u00e9cada del siglo XX, las pioneras de la escritura de cuentos.<\/p>\n<p>\u201cEn la cuent\u00edstica de Tolima se refleja la evoluci\u00f3n que ha tenido el g\u00e9nero en Colombia y Latinoam\u00e9rica\u201d, coment\u00f3 Vargas, quien agradeci\u00f3 el apoyo financiero de la RAM y dijo: \u201cla RAM ha interpretado su papel en el contexto regional y el valor que tiene para un grupo social el conocimiento de sus cultores literarios\u201d.<\/p>\n<p>La presentaci\u00f3n de <i>Laredvista<\/i> estuvo a cargo de Oscar Arango, de la RAM. Esta es una publicaci\u00f3n que nace con la pretensi\u00f3n de ser un instrumento para la inserci\u00f3n de la regi\u00f3n acad\u00e9mica en la sociedad del conocimiento.<\/p>\n<p>Esta obra se convierte en un espacio de encuentro y difusi\u00f3n de la producci\u00f3n intelectual, que corresponde a un tejido de la red acad\u00e9mica regional.<\/p>\n<p>El trabajo se ha ido cristalizando en estos a\u00f1os de experiencia de acciones colaborativas, intercambio de pr\u00e1cticas exitosas, proyectos acad\u00e9micos y de investigaci\u00f3n de la universidades p\u00fablicas del Eje Cafetero.<\/p>\n<p>Al evento asistieron acad\u00e9micos, estudiantes y p\u00fablico en general.<\/p>\n<p><b>Informes:<\/b> en la Oficina de Prensa de la U. de Caldas. Tel\u00e9fono: 878 15 00, extensi\u00f3n 12 167.<\/p>\n","protected":false},"excerpt":{"rendered":"<p>Se realiz\u00f3 lanzamiento del libro Cuentos del Tolima Antolog\u00eda Cr\u00edtica y la Redvista &nbsp; 10\/05\/2011 \u00a0 \u00a0 La Red Alma Mater (RAM) lanz\u00f3 el libro Cuentos del Tolima Antolog\u00eda Cr\u00edtica y el segundo n\u00famero de Laredvista, en la versi\u00f3n 24 de la Feria Internacional del Libro de Bogot\u00e1. El evento estuvo presidido por Oscar Arango, [&hellip;]<\/p>\n","protected":false},"author":2,"featured_media":0,"comment_status":"closed","ping_status":"closed","sticky":false,"template":"","format":"standard","meta":{"footnotes":""},"categories":[48,53],"tags":[],"class_list":["post-8615","post","type-post","status-publish","format-standard","hentry","category-actualidad","category-universidad-al-dia"],"yoast_head":"<!-- This site is optimized with the Yoast SEO plugin v27.5 - https:\/\/yoast.com\/product\/yoast-seo-wordpress\/ -->\n<title>Red Alma M\u00e1ter, presente en la Feria Internacional del Libro de Bogot\u00e1 .<\/title>\n<meta name=\"robots\" content=\"index, follow, max-snippet:-1, max-image-preview:large, max-video-preview:-1\" \/>\n<link rel=\"canonical\" href=\"https:\/\/www.ucaldas.edu.co\/portal\/red-alma-mater-presente-en-la-feria-internacional-del-libro-de-bogota\/\" \/>\n<script type=\"application\/ld+json\" class=\"yoast-schema-graph\">{\"@context\":\"https:\\\/\\\/schema.org\",\"@graph\":[{\"@type\":\"Article\",\"@id\":\"https:\\\/\\\/www.ucaldas.edu.co\\\/portal\\\/red-alma-mater-presente-en-la-feria-internacional-del-libro-de-bogota\\\/#article\",\"isPartOf\":{\"@id\":\"https:\\\/\\\/www.ucaldas.edu.co\\\/portal\\\/red-alma-mater-presente-en-la-feria-internacional-del-libro-de-bogota\\\/\"},\"author\":{\"name\":\"ofiprensa\",\"@id\":\"https:\\\/\\\/www.ucaldas.edu.co\\\/portal\\\/#\\\/schema\\\/person\\\/a1b482e23449158b4bc319926c074fdf\"},\"headline\":\"Red Alma M\u00e1ter, presente en la Feria Internacional del Libro de Bogot\u00e1\",\"datePublished\":\"2011-05-10T19:52:44+00:00\",\"mainEntityOfPage\":{\"@id\":\"https:\\\/\\\/www.ucaldas.edu.co\\\/portal\\\/red-alma-mater-presente-en-la-feria-internacional-del-libro-de-bogota\\\/\"},\"wordCount\":369,\"publisher\":{\"@id\":\"https:\\\/\\\/www.ucaldas.edu.co\\\/portal\\\/#organization\"},\"image\":{\"@id\":\"https:\\\/\\\/www.ucaldas.edu.co\\\/portal\\\/red-alma-mater-presente-en-la-feria-internacional-del-libro-de-bogota\\\/#primaryimage\"},\"thumbnailUrl\":\"http:\\\/\\\/www.ucaldas.edu.co\\\/images\\\/tmp\\\/Red_Alma_Mater_Feria_Internacional_Libro_Bogota.JPG\",\"articleSection\":[\"Actualidad\",\"Universidad al D\u00eda\"],\"inLanguage\":\"es\"},{\"@type\":\"WebPage\",\"@id\":\"https:\\\/\\\/www.ucaldas.edu.co\\\/portal\\\/red-alma-mater-presente-en-la-feria-internacional-del-libro-de-bogota\\\/\",\"url\":\"https:\\\/\\\/www.ucaldas.edu.co\\\/portal\\\/red-alma-mater-presente-en-la-feria-internacional-del-libro-de-bogota\\\/\",\"name\":\"Red Alma M\u00e1ter, presente en la Feria Internacional del Libro de Bogot\u00e1 .\",\"isPartOf\":{\"@id\":\"https:\\\/\\\/www.ucaldas.edu.co\\\/portal\\\/#website\"},\"primaryImageOfPage\":{\"@id\":\"https:\\\/\\\/www.ucaldas.edu.co\\\/portal\\\/red-alma-mater-presente-en-la-feria-internacional-del-libro-de-bogota\\\/#primaryimage\"},\"image\":{\"@id\":\"https:\\\/\\\/www.ucaldas.edu.co\\\/portal\\\/red-alma-mater-presente-en-la-feria-internacional-del-libro-de-bogota\\\/#primaryimage\"},\"thumbnailUrl\":\"http:\\\/\\\/www.ucaldas.edu.co\\\/images\\\/tmp\\\/Red_Alma_Mater_Feria_Internacional_Libro_Bogota.JPG\",\"datePublished\":\"2011-05-10T19:52:44+00:00\",\"breadcrumb\":{\"@id\":\"https:\\\/\\\/www.ucaldas.edu.co\\\/portal\\\/red-alma-mater-presente-en-la-feria-internacional-del-libro-de-bogota\\\/#breadcrumb\"},\"inLanguage\":\"es\",\"potentialAction\":[{\"@type\":\"ReadAction\",\"target\":[\"https:\\\/\\\/www.ucaldas.edu.co\\\/portal\\\/red-alma-mater-presente-en-la-feria-internacional-del-libro-de-bogota\\\/\"]}]},{\"@type\":\"ImageObject\",\"inLanguage\":\"es\",\"@id\":\"https:\\\/\\\/www.ucaldas.edu.co\\\/portal\\\/red-alma-mater-presente-en-la-feria-internacional-del-libro-de-bogota\\\/#primaryimage\",\"url\":\"http:\\\/\\\/www.ucaldas.edu.co\\\/images\\\/tmp\\\/Red_Alma_Mater_Feria_Internacional_Libro_Bogota.JPG\",\"contentUrl\":\"http:\\\/\\\/www.ucaldas.edu.co\\\/images\\\/tmp\\\/Red_Alma_Mater_Feria_Internacional_Libro_Bogota.JPG\"},{\"@type\":\"BreadcrumbList\",\"@id\":\"https:\\\/\\\/www.ucaldas.edu.co\\\/portal\\\/red-alma-mater-presente-en-la-feria-internacional-del-libro-de-bogota\\\/#breadcrumb\",\"itemListElement\":[{\"@type\":\"ListItem\",\"position\":1,\"name\":\"Portada\",\"item\":\"https:\\\/\\\/www.ucaldas.edu.co\\\/portal\\\/\"},{\"@type\":\"ListItem\",\"position\":2,\"name\":\"Red Alma M\u00e1ter, presente en la Feria Internacional del Libro de Bogot\u00e1\"}]},{\"@type\":\"WebSite\",\"@id\":\"https:\\\/\\\/www.ucaldas.edu.co\\\/portal\\\/#website\",\"url\":\"https:\\\/\\\/www.ucaldas.edu.co\\\/portal\\\/\",\"name\":\"Universidad de Caldas\",\"description\":\"\",\"publisher\":{\"@id\":\"https:\\\/\\\/www.ucaldas.edu.co\\\/portal\\\/#organization\"},\"alternateName\":\"U. de Caldas\",\"potentialAction\":[{\"@type\":\"SearchAction\",\"target\":{\"@type\":\"EntryPoint\",\"urlTemplate\":\"https:\\\/\\\/www.ucaldas.edu.co\\\/portal\\\/?s={search_term_string}\"},\"query-input\":{\"@type\":\"PropertyValueSpecification\",\"valueRequired\":true,\"valueName\":\"search_term_string\"}}],\"inLanguage\":\"es\"},{\"@type\":\"Organization\",\"@id\":\"https:\\\/\\\/www.ucaldas.edu.co\\\/portal\\\/#organization\",\"name\":\"Universidad de Caldas\",\"alternateName\":\"U. de Caldas\",\"url\":\"https:\\\/\\\/www.ucaldas.edu.co\\\/portal\\\/\",\"logo\":{\"@type\":\"ImageObject\",\"inLanguage\":\"es\",\"@id\":\"https:\\\/\\\/www.ucaldas.edu.co\\\/portal\\\/#\\\/schema\\\/logo\\\/image\\\/\",\"url\":\"https:\\\/\\\/www.ucaldas.edu.co\\\/portal\\\/wp-content\\\/uploads\\\/2023\\\/11\\\/Logo_horizontal_oscuroU-2023.png\",\"contentUrl\":\"https:\\\/\\\/www.ucaldas.edu.co\\\/portal\\\/wp-content\\\/uploads\\\/2023\\\/11\\\/Logo_horizontal_oscuroU-2023.png\",\"width\":263,\"height\":101,\"caption\":\"Universidad de Caldas\"},\"image\":{\"@id\":\"https:\\\/\\\/www.ucaldas.edu.co\\\/portal\\\/#\\\/schema\\\/logo\\\/image\\\/\"},\"sameAs\":[\"https:\\\/\\\/www.facebook.com\\\/udecaldas\",\"https:\\\/\\\/x.com\\\/udecaldas\",\"https:\\\/\\\/www.youtube.com\\\/universidadcaldas\",\"https:\\\/\\\/www.instagram.com\\\/udecaldas\\\/\"]},{\"@type\":\"Person\",\"@id\":\"https:\\\/\\\/www.ucaldas.edu.co\\\/portal\\\/#\\\/schema\\\/person\\\/a1b482e23449158b4bc319926c074fdf\",\"name\":\"ofiprensa\",\"image\":{\"@type\":\"ImageObject\",\"inLanguage\":\"es\",\"@id\":\"https:\\\/\\\/www.ucaldas.edu.co\\\/portal\\\/wp-content\\\/litespeed\\\/avatar\\\/09ea5085e600095a7a811142c6944527.jpg?ver=1777497608\",\"url\":\"https:\\\/\\\/www.ucaldas.edu.co\\\/portal\\\/wp-content\\\/litespeed\\\/avatar\\\/09ea5085e600095a7a811142c6944527.jpg?ver=1777497608\",\"contentUrl\":\"https:\\\/\\\/www.ucaldas.edu.co\\\/portal\\\/wp-content\\\/litespeed\\\/avatar\\\/09ea5085e600095a7a811142c6944527.jpg?ver=1777497608\",\"caption\":\"ofiprensa\"},\"url\":\"https:\\\/\\\/www.ucaldas.edu.co\\\/portal\\\/author\\\/ofiprensa\\\/\"}]}<\/script>\n<!-- \/ Yoast SEO plugin. -->","yoast_head_json":{"title":"Red Alma M\u00e1ter, presente en la Feria Internacional del Libro de Bogot\u00e1 .","robots":{"index":"index","follow":"follow","max-snippet":"max-snippet:-1","max-image-preview":"max-image-preview:large","max-video-preview":"max-video-preview:-1"},"canonical":"https:\/\/www.ucaldas.edu.co\/portal\/red-alma-mater-presente-en-la-feria-internacional-del-libro-de-bogota\/","schema":{"@context":"https:\/\/schema.org","@graph":[{"@type":"Article","@id":"https:\/\/www.ucaldas.edu.co\/portal\/red-alma-mater-presente-en-la-feria-internacional-del-libro-de-bogota\/#article","isPartOf":{"@id":"https:\/\/www.ucaldas.edu.co\/portal\/red-alma-mater-presente-en-la-feria-internacional-del-libro-de-bogota\/"},"author":{"name":"ofiprensa","@id":"https:\/\/www.ucaldas.edu.co\/portal\/#\/schema\/person\/a1b482e23449158b4bc319926c074fdf"},"headline":"Red Alma M\u00e1ter, presente en la Feria Internacional del Libro de Bogot\u00e1","datePublished":"2011-05-10T19:52:44+00:00","mainEntityOfPage":{"@id":"https:\/\/www.ucaldas.edu.co\/portal\/red-alma-mater-presente-en-la-feria-internacional-del-libro-de-bogota\/"},"wordCount":369,"publisher":{"@id":"https:\/\/www.ucaldas.edu.co\/portal\/#organization"},"image":{"@id":"https:\/\/www.ucaldas.edu.co\/portal\/red-alma-mater-presente-en-la-feria-internacional-del-libro-de-bogota\/#primaryimage"},"thumbnailUrl":"http:\/\/www.ucaldas.edu.co\/images\/tmp\/Red_Alma_Mater_Feria_Internacional_Libro_Bogota.JPG","articleSection":["Actualidad","Universidad al D\u00eda"],"inLanguage":"es"},{"@type":"WebPage","@id":"https:\/\/www.ucaldas.edu.co\/portal\/red-alma-mater-presente-en-la-feria-internacional-del-libro-de-bogota\/","url":"https:\/\/www.ucaldas.edu.co\/portal\/red-alma-mater-presente-en-la-feria-internacional-del-libro-de-bogota\/","name":"Red Alma M\u00e1ter, presente en la Feria Internacional del Libro de Bogot\u00e1 .","isPartOf":{"@id":"https:\/\/www.ucaldas.edu.co\/portal\/#website"},"primaryImageOfPage":{"@id":"https:\/\/www.ucaldas.edu.co\/portal\/red-alma-mater-presente-en-la-feria-internacional-del-libro-de-bogota\/#primaryimage"},"image":{"@id":"https:\/\/www.ucaldas.edu.co\/portal\/red-alma-mater-presente-en-la-feria-internacional-del-libro-de-bogota\/#primaryimage"},"thumbnailUrl":"http:\/\/www.ucaldas.edu.co\/images\/tmp\/Red_Alma_Mater_Feria_Internacional_Libro_Bogota.JPG","datePublished":"2011-05-10T19:52:44+00:00","breadcrumb":{"@id":"https:\/\/www.ucaldas.edu.co\/portal\/red-alma-mater-presente-en-la-feria-internacional-del-libro-de-bogota\/#breadcrumb"},"inLanguage":"es","potentialAction":[{"@type":"ReadAction","target":["https:\/\/www.ucaldas.edu.co\/portal\/red-alma-mater-presente-en-la-feria-internacional-del-libro-de-bogota\/"]}]},{"@type":"ImageObject","inLanguage":"es","@id":"https:\/\/www.ucaldas.edu.co\/portal\/red-alma-mater-presente-en-la-feria-internacional-del-libro-de-bogota\/#primaryimage","url":"http:\/\/www.ucaldas.edu.co\/images\/tmp\/Red_Alma_Mater_Feria_Internacional_Libro_Bogota.JPG","contentUrl":"http:\/\/www.ucaldas.edu.co\/images\/tmp\/Red_Alma_Mater_Feria_Internacional_Libro_Bogota.JPG"},{"@type":"BreadcrumbList","@id":"https:\/\/www.ucaldas.edu.co\/portal\/red-alma-mater-presente-en-la-feria-internacional-del-libro-de-bogota\/#breadcrumb","itemListElement":[{"@type":"ListItem","position":1,"name":"Portada","item":"https:\/\/www.ucaldas.edu.co\/portal\/"},{"@type":"ListItem","position":2,"name":"Red Alma M\u00e1ter, presente en la Feria Internacional del Libro de Bogot\u00e1"}]},{"@type":"WebSite","@id":"https:\/\/www.ucaldas.edu.co\/portal\/#website","url":"https:\/\/www.ucaldas.edu.co\/portal\/","name":"Universidad de Caldas","description":"","publisher":{"@id":"https:\/\/www.ucaldas.edu.co\/portal\/#organization"},"alternateName":"U. de Caldas","potentialAction":[{"@type":"SearchAction","target":{"@type":"EntryPoint","urlTemplate":"https:\/\/www.ucaldas.edu.co\/portal\/?s={search_term_string}"},"query-input":{"@type":"PropertyValueSpecification","valueRequired":true,"valueName":"search_term_string"}}],"inLanguage":"es"},{"@type":"Organization","@id":"https:\/\/www.ucaldas.edu.co\/portal\/#organization","name":"Universidad de Caldas","alternateName":"U. de Caldas","url":"https:\/\/www.ucaldas.edu.co\/portal\/","logo":{"@type":"ImageObject","inLanguage":"es","@id":"https:\/\/www.ucaldas.edu.co\/portal\/#\/schema\/logo\/image\/","url":"https:\/\/www.ucaldas.edu.co\/portal\/wp-content\/uploads\/2023\/11\/Logo_horizontal_oscuroU-2023.png","contentUrl":"https:\/\/www.ucaldas.edu.co\/portal\/wp-content\/uploads\/2023\/11\/Logo_horizontal_oscuroU-2023.png","width":263,"height":101,"caption":"Universidad de Caldas"},"image":{"@id":"https:\/\/www.ucaldas.edu.co\/portal\/#\/schema\/logo\/image\/"},"sameAs":["https:\/\/www.facebook.com\/udecaldas","https:\/\/x.com\/udecaldas","https:\/\/www.youtube.com\/universidadcaldas","https:\/\/www.instagram.com\/udecaldas\/"]},{"@type":"Person","@id":"https:\/\/www.ucaldas.edu.co\/portal\/#\/schema\/person\/a1b482e23449158b4bc319926c074fdf","name":"ofiprensa","image":{"@type":"ImageObject","inLanguage":"es","@id":"https:\/\/www.ucaldas.edu.co\/portal\/wp-content\/litespeed\/avatar\/09ea5085e600095a7a811142c6944527.jpg?ver=1777497608","url":"https:\/\/www.ucaldas.edu.co\/portal\/wp-content\/litespeed\/avatar\/09ea5085e600095a7a811142c6944527.jpg?ver=1777497608","contentUrl":"https:\/\/www.ucaldas.edu.co\/portal\/wp-content\/litespeed\/avatar\/09ea5085e600095a7a811142c6944527.jpg?ver=1777497608","caption":"ofiprensa"},"url":"https:\/\/www.ucaldas.edu.co\/portal\/author\/ofiprensa\/"}]}},"_links":{"self":[{"href":"https:\/\/www.ucaldas.edu.co\/portal\/wp-json\/wp\/v2\/posts\/8615","targetHints":{"allow":["GET"]}}],"collection":[{"href":"https:\/\/www.ucaldas.edu.co\/portal\/wp-json\/wp\/v2\/posts"}],"about":[{"href":"https:\/\/www.ucaldas.edu.co\/portal\/wp-json\/wp\/v2\/types\/post"}],"author":[{"embeddable":true,"href":"https:\/\/www.ucaldas.edu.co\/portal\/wp-json\/wp\/v2\/users\/2"}],"replies":[{"embeddable":true,"href":"https:\/\/www.ucaldas.edu.co\/portal\/wp-json\/wp\/v2\/comments?post=8615"}],"version-history":[{"count":0,"href":"https:\/\/www.ucaldas.edu.co\/portal\/wp-json\/wp\/v2\/posts\/8615\/revisions"}],"wp:attachment":[{"href":"https:\/\/www.ucaldas.edu.co\/portal\/wp-json\/wp\/v2\/media?parent=8615"}],"wp:term":[{"taxonomy":"category","embeddable":true,"href":"https:\/\/www.ucaldas.edu.co\/portal\/wp-json\/wp\/v2\/categories?post=8615"},{"taxonomy":"post_tag","embeddable":true,"href":"https:\/\/www.ucaldas.edu.co\/portal\/wp-json\/wp\/v2\/tags?post=8615"}],"curies":[{"name":"wp","href":"https:\/\/api.w.org\/{rel}","templated":true}]}}