{"id":86051,"date":"2025-02-06T17:21:51","date_gmt":"2025-02-06T22:21:51","guid":{"rendered":"https:\/\/www.ucaldas.edu.co\/portal\/?p=86051"},"modified":"2025-02-06T17:21:51","modified_gmt":"2025-02-06T22:21:51","slug":"estudiante-de-biologia-becaria-nacional-e-internacional-gracias-trabajo-de-investigacion-que-busca-proteger-la-raya-aguila-del-pacifico-en-la-isla-malpelo","status":"publish","type":"post","link":"https:\/\/www.ucaldas.edu.co\/portal\/estudiante-de-biologia-becaria-nacional-e-internacional-gracias-trabajo-de-investigacion-que-busca-proteger-la-raya-aguila-del-pacifico-en-la-isla-malpelo\/","title":{"rendered":"Estudiante de Biolog\u00eda, becaria nacional e internacional, gracias trabajo de investigaci\u00f3n que busca proteger la raya \u00e1guila del Pac\u00edfico, en la Isla Malpelo."},"content":{"rendered":"<div class=\"wpb-content-wrapper\"><p>[vc_row][vc_column][vc_column_text]<\/p>\n<p style=\"text-align: justify;\"><img loading=\"lazy\" decoding=\"async\" class=\"alignnone size-full wp-image-86054\" src=\"https:\/\/www.ucaldas.edu.co\/portal\/wp-content\/uploads\/2025\/02\/Raya-Laura-Investigacion-2-scaled.jpeg\" alt=\"\" width=\"2560\" height=\"1707\" \/><\/p>\n<p>Fotos de la <em>raya \u00e1guila del Pac\u00edfico, cortes\u00eda de Sandra Bessudo (Fundaci\u00f3n Malpelo y Otros Ecosistemas Marinos)<\/em><\/p>\n<p style=\"text-align: justify;\">Recientemente, la<span style=\"color: #000000;\"> Fundaci\u00f3n Alejandro \u00c1ngel Escobar,<\/span>\u00a0que fomenta y difunde la investigaci\u00f3n, la ciencia y la solidaridad en Colombia, anunci\u00f3 que<strong>\u00a0<\/strong>una\u00a0de las 5 ganadoras de la convocatoria II \u2013 2024 de las becas\u00a0Colombia\u00a0Biodiversa, fue la estudiante del pregrado en Biolog\u00eda, Laura Gonz\u00e1lez Gordon. Con ella, ya son 9 los estudiantes de esta universidad reconocidos como becarios del Fondo\u00a0Colombia\u00a0Biodiversa.<!--more--><\/p>\n<p style=\"text-align: justify;\">Por si esto fuera poco, gracias a su proyecto de tesis:\u00a0\u201c<em>Diversidad gen\u00e9tica y estructura poblacional de la raya \u00e1guila del Pac\u00edfico, en la isla Malpelo, y comparaci\u00f3n con la Cuenca del Pac\u00edfico Oriental Tropical<\/em>\u201d, destacado por el jurado por su coherencia, claridad, pertinencia e impacto, Laura tambi\u00e9n recibi\u00f3 la beca internacional que entrega la Fundaci\u00f3n Save Our Seas.<\/p>\n<p style=\"text-align: justify;\">\u00a0\u201cUna de las fortalezas de la investigaci\u00f3n de Laura es que con los datos obtenidos se podr\u00e1n dise\u00f1ar estrategias de manejo y conservaci\u00f3n en el Santuario de Flora y Fauna Malpelo, un \u00e1rea protegida de gran relevancia ecol\u00f3gica. Ambas becas demuestran, adem\u00e1s, que los estudiantes y docentes del programa de Biolog\u00eda de la U. de Caldas est\u00e1n generando conocimiento relevante para la conservaci\u00f3n de la biodiversidad en el pa\u00eds\u201d, afirma la docente y directora de la tesis de Laura, Ghennie Tatiana Rodr\u00edguez.<\/p>\n<p style=\"text-align: justify;\">A continuaci\u00f3n, compartimos apartes de la conversaci\u00f3n que tuvo la Oficina de Prensa con Laura Gonz\u00e1lez, a prop\u00f3sito de este logro que enorgullece a la comunidad acad\u00e9mica y enriquece su camino como investigadora:<\/p>\n<p style=\"text-align: justify;\"><strong>Oficina de Prensa<\/strong>: <em>\u00bfQu\u00e9 representan, para su ejercicio acad\u00e9mico e investigativo, las becas que hoy le entregan las Fundaciones Alejandro \u00c1ngel Escobar y Save Our Seas?<\/em><\/p>\n<p style=\"text-align: justify;\"><strong>Laura <\/strong><strong>Gonz\u00e1lez Gordon<\/strong>: son un orgullo y un reconocimiento muy importante, pues no solo me permiten acceder a recursos para la ejecuci\u00f3n de mi investigaci\u00f3n, sino que impulsan mi crecimiento en investigaci\u00f3n cient\u00edfica y validan la decisi\u00f3n de estudiar esta especie vulnerable, desde un enfoque gen\u00e9tico para su conservaci\u00f3n, generando conocimiento clave como parte del esfuerzo por proteger nuestros oc\u00e9anos.<\/p>\n<p style=\"text-align: justify;\"><strong>Oficina de Prensa<\/strong><em>: \u00bfpodr\u00eda explicarnos, el gran objetivo de su proyecto de tesis?<\/em><\/p>\n<p style=\"text-align: justify;\"><strong>L.G.G:<\/strong> El objetivo principal de mi proyecto es evaluar la diversidad gen\u00e9tica (diferencias en el ADN entre individuos de la misma especie) y el nivel de conectividad gen\u00e9tica entre las poblaciones de esta raya en la Cuenca del Pac\u00edfico Oriental Tropical. Para esto se utiliza el ADN de muestras de tejido colectadas en la Isla Malpelo. Con esta informaci\u00f3n, buscamos sentar bases cient\u00edficas s\u00f3lidas para el desarrollo de futuras estrategias de conservaci\u00f3n y manejo de las poblaciones de esta especie, que contribuyan a su protecci\u00f3n a largo plazo en Colombia.<\/p>\n<p style=\"text-align: justify;\"><strong>Oficina de Prensa:<\/strong> <em>\u00bfQu\u00e9 aspectos han influido para que en la actualidad su trabajo acad\u00e9mico haya alcanzado tanto reconocimiento?<\/em><\/p>\n<p style=\"text-align: justify;\"><strong>L.G.G<\/strong>: A lo largo de mi carrera en la Universidad de Caldas, he tenido la oportunidad de aprender de muchos docentes que admiro profundamente y que sembraron en m\u00ed el amor por la biolog\u00eda y la ciencia. Participar de los semilleros de investigaci\u00f3n, desde los inicios de mi formaci\u00f3n, me ha permitido vincularme con proyectos que trascienden el \u00e1mbito acad\u00e9mico y generan impacto en la conservaci\u00f3n. Tampoco puedo dejar de mencionar el apoyo y orientaci\u00f3n de mis directoras, la Profe Ghennie, Dalia Barrag\u00e1n y Alejandra Duarte; gracias a ellas y a una profunda convicci\u00f3n personal, he podido desarrollar este estudio que hoy recibe el respaldo de Fondo Colombia Biodiversa y Save Our Seas Foundation.<\/p>\n<p style=\"text-align: justify;\"><strong>Oficina de Prensa<\/strong>: <em>\u00bfC\u00f3mo percibe el tema de la biodiversidad?<\/em><\/p>\n<p style=\"text-align: justify;\"><strong>L.G.G:<\/strong> es una base muy importante para el equilibrio ecol\u00f3gico de nuestro planeta. En la actualidad, ese equilibrio ecol\u00f3gico en Colombia se encuentra gravemente amenazado por la destrucci\u00f3n de los h\u00e1bitats y el cambio clim\u00e1tico, entre otras problem\u00e1ticas. En los oc\u00e9anos, muchas especies se encuentran en peligro antes de tener la posibilidad de conocerlas. Por eso, la conservaci\u00f3n, no solo marina, es una necesidad urgente.<\/p>\n<p style=\"text-align: justify;\">Muchas felicidades para Laura y para todos los estudiantes que, desde la Universidad de Caldas, le aportan a un futuro sostenible.<\/p>\n<p><strong>M\u00e1s informaci\u00f3n de los ganadores, <a href=\"https:\/\/www.faae.org.co\/colombiabiodiversa\/ganadores-de-becas\/convocatoria-2024\/\">aqu\u00ed<\/a>: <\/strong><\/p>\n<p><strong>Interesados en la Convocatoria I-2025, que se cierra el 13 de marzo, consulte <a href=\"https:\/\/www.faae.org.co\/colombiabiodiversa\/instrucciones-para-la-aplicacion\/\">aqu\u00ed<\/a>:<\/strong><\/p>\n<p><strong>\u00a0<\/strong><u><\/u><strong>Anexo:<\/strong><\/p>\n<p><a href=\"https:\/\/www.ucaldas.edu.co\/portal\/wp-content\/uploads\/2025\/02\/Profe-genie-raya-audio.mp3\"><strong>-Audio <\/strong><strong>Docente y Directora de la tesis de Laura, Ghennie Tatiana Rodr\u00edguez.<\/strong><\/a><\/p>\n<audio class=\"wp-audio-shortcode\" id=\"audio-86051-1\" preload=\"none\" style=\"width: 100%;\" controls=\"controls\"><source type=\"audio\/mpeg\" src=\"https:\/\/www.ucaldas.edu.co\/portal\/wp-content\/uploads\/2025\/02\/Profe-genie-raya-audio.mp3?_=1\" \/><a href=\"https:\/\/www.ucaldas.edu.co\/portal\/wp-content\/uploads\/2025\/02\/Profe-genie-raya-audio.mp3\">https:\/\/www.ucaldas.edu.co\/portal\/wp-content\/uploads\/2025\/02\/Profe-genie-raya-audio.mp3<\/a><\/audio>\n<p><a href=\"https:\/\/www.ucaldas.edu.co\/portal\/wp-content\/uploads\/2025\/02\/Laura-raya-audio.mp3\"><strong>\u00a0<\/strong><strong>-Audio Estudiante pregrado en Biolog\u00eda, <\/strong><strong>Laura Gonz\u00e1lez Gordon.<\/strong><\/a><\/p>\n<audio class=\"wp-audio-shortcode\" id=\"audio-86051-2\" preload=\"none\" style=\"width: 100%;\" controls=\"controls\"><source type=\"audio\/mpeg\" src=\"https:\/\/www.ucaldas.edu.co\/portal\/wp-content\/uploads\/2025\/02\/Laura-raya-audio.mp3?_=2\" \/><a href=\"https:\/\/www.ucaldas.edu.co\/portal\/wp-content\/uploads\/2025\/02\/Laura-raya-audio.mp3\">https:\/\/www.ucaldas.edu.co\/portal\/wp-content\/uploads\/2025\/02\/Laura-raya-audio.mp3<\/a><\/audio>\n<p>[\/vc_column_text][\/vc_column][\/vc_row]<\/p>\n<p>[vc_row][vc_column][vc_gallery type=\u00bbimage_grid\u00bb images=\u00bb86055,86056,86057,86058,86059,86060&#8243; img_size=\u00bbfull\u00bb title=\u00bbFotos de la raya raya \u00e1guila del Pac\u00edfico, cortes\u00eda de Sandra Bessudo (Fundaci\u00f3n Malpelo y Otros Ecosistemas Marinos)\u00bb][\/vc_column][\/vc_row]<\/p>\n<p>&nbsp;<\/p>\n<\/div>","protected":false},"excerpt":{"rendered":"<p>[vc_row][vc_column][vc_column_text] Fotos de la raya \u00e1guila del Pac\u00edfico, cortes\u00eda de Sandra Bessudo (Fundaci\u00f3n Malpelo y Otros Ecosistemas Marinos) Recientemente, la Fundaci\u00f3n Alejandro \u00c1ngel Escobar,\u00a0que fomenta y difunde la investigaci\u00f3n, la ciencia y la solidaridad en Colombia, anunci\u00f3 que\u00a0una\u00a0de las 5 ganadoras de la convocatoria II \u2013 2024 de las becas\u00a0Colombia\u00a0Biodiversa, fue la estudiante del pregrado [&hellip;]<\/p>\n","protected":false},"author":2,"featured_media":86056,"comment_status":"closed","ping_status":"open","sticky":false,"template":"","format":"standard","meta":{"footnotes":""},"categories":[48,53],"tags":[1344,2192,5590,9425,9431],"class_list":["post-86051","post","type-post","status-publish","format-standard","has-post-thumbnail","hentry","category-actualidad","category-universidad-al-dia","tag-biologia","tag-universidad-de-caldas-u-de-caldas","tag-fundacion-alejandro-angel-escobar","tag-academia-e-investigacion","tag-beca-internacional"],"yoast_head":"<!-- This site is optimized with the Yoast SEO plugin v27.5 - https:\/\/yoast.com\/product\/yoast-seo-wordpress\/ -->\n<title>Estudiante de Biolog\u00eda, becaria nacional e internacional, gracias trabajo de investigaci\u00f3n que busca proteger la raya \u00e1guila del Pac\u00edfico, en la Isla Malpelo. .<\/title>\n<meta name=\"robots\" content=\"index, follow, max-snippet:-1, max-image-preview:large, max-video-preview:-1\" \/>\n<link rel=\"canonical\" href=\"https:\/\/www.ucaldas.edu.co\/portal\/estudiante-de-biologia-becaria-nacional-e-internacional-gracias-trabajo-de-investigacion-que-busca-proteger-la-raya-aguila-del-pacifico-en-la-isla-malpelo\/\" \/>\n<script type=\"application\/ld+json\" class=\"yoast-schema-graph\">{\"@context\":\"https:\\\/\\\/schema.org\",\"@graph\":[{\"@type\":\"Article\",\"@id\":\"https:\\\/\\\/www.ucaldas.edu.co\\\/portal\\\/estudiante-de-biologia-becaria-nacional-e-internacional-gracias-trabajo-de-investigacion-que-busca-proteger-la-raya-aguila-del-pacifico-en-la-isla-malpelo\\\/#article\",\"isPartOf\":{\"@id\":\"https:\\\/\\\/www.ucaldas.edu.co\\\/portal\\\/estudiante-de-biologia-becaria-nacional-e-internacional-gracias-trabajo-de-investigacion-que-busca-proteger-la-raya-aguila-del-pacifico-en-la-isla-malpelo\\\/\"},\"author\":{\"name\":\"ofiprensa\",\"@id\":\"https:\\\/\\\/www.ucaldas.edu.co\\\/portal\\\/#\\\/schema\\\/person\\\/a1b482e23449158b4bc319926c074fdf\"},\"headline\":\"Estudiante de Biolog\u00eda, becaria nacional e internacional, gracias trabajo de investigaci\u00f3n que busca proteger la raya \u00e1guila del Pac\u00edfico, en la Isla Malpelo.\",\"datePublished\":\"2025-02-06T22:21:51+00:00\",\"mainEntityOfPage\":{\"@id\":\"https:\\\/\\\/www.ucaldas.edu.co\\\/portal\\\/estudiante-de-biologia-becaria-nacional-e-internacional-gracias-trabajo-de-investigacion-que-busca-proteger-la-raya-aguila-del-pacifico-en-la-isla-malpelo\\\/\"},\"wordCount\":892,\"publisher\":{\"@id\":\"https:\\\/\\\/www.ucaldas.edu.co\\\/portal\\\/#organization\"},\"image\":{\"@id\":\"https:\\\/\\\/www.ucaldas.edu.co\\\/portal\\\/estudiante-de-biologia-becaria-nacional-e-internacional-gracias-trabajo-de-investigacion-que-busca-proteger-la-raya-aguila-del-pacifico-en-la-isla-malpelo\\\/#primaryimage\"},\"thumbnailUrl\":\"https:\\\/\\\/www.ucaldas.edu.co\\\/portal\\\/wp-content\\\/uploads\\\/2025\\\/02\\\/Raya-Laura-Investigacion-2-1-scaled.jpeg\",\"keywords\":[\"Biolog\u00eda\",\"Universidad de Caldas. U. de Caldas\",\"Fundaci\u00f3n Alejandro \u00c1ngel Escobar\",\"academia e investigaci\u00f3n\",\"beca internacional\"],\"articleSection\":[\"Actualidad\",\"Universidad al D\u00eda\"],\"inLanguage\":\"es\"},{\"@type\":\"WebPage\",\"@id\":\"https:\\\/\\\/www.ucaldas.edu.co\\\/portal\\\/estudiante-de-biologia-becaria-nacional-e-internacional-gracias-trabajo-de-investigacion-que-busca-proteger-la-raya-aguila-del-pacifico-en-la-isla-malpelo\\\/\",\"url\":\"https:\\\/\\\/www.ucaldas.edu.co\\\/portal\\\/estudiante-de-biologia-becaria-nacional-e-internacional-gracias-trabajo-de-investigacion-que-busca-proteger-la-raya-aguila-del-pacifico-en-la-isla-malpelo\\\/\",\"name\":\"Estudiante de Biolog\u00eda, becaria nacional e internacional, gracias trabajo de investigaci\u00f3n que busca proteger la raya \u00e1guila del Pac\u00edfico, en la Isla Malpelo. .\",\"isPartOf\":{\"@id\":\"https:\\\/\\\/www.ucaldas.edu.co\\\/portal\\\/#website\"},\"primaryImageOfPage\":{\"@id\":\"https:\\\/\\\/www.ucaldas.edu.co\\\/portal\\\/estudiante-de-biologia-becaria-nacional-e-internacional-gracias-trabajo-de-investigacion-que-busca-proteger-la-raya-aguila-del-pacifico-en-la-isla-malpelo\\\/#primaryimage\"},\"image\":{\"@id\":\"https:\\\/\\\/www.ucaldas.edu.co\\\/portal\\\/estudiante-de-biologia-becaria-nacional-e-internacional-gracias-trabajo-de-investigacion-que-busca-proteger-la-raya-aguila-del-pacifico-en-la-isla-malpelo\\\/#primaryimage\"},\"thumbnailUrl\":\"https:\\\/\\\/www.ucaldas.edu.co\\\/portal\\\/wp-content\\\/uploads\\\/2025\\\/02\\\/Raya-Laura-Investigacion-2-1-scaled.jpeg\",\"datePublished\":\"2025-02-06T22:21:51+00:00\",\"breadcrumb\":{\"@id\":\"https:\\\/\\\/www.ucaldas.edu.co\\\/portal\\\/estudiante-de-biologia-becaria-nacional-e-internacional-gracias-trabajo-de-investigacion-que-busca-proteger-la-raya-aguila-del-pacifico-en-la-isla-malpelo\\\/#breadcrumb\"},\"inLanguage\":\"es\",\"potentialAction\":[{\"@type\":\"ReadAction\",\"target\":[\"https:\\\/\\\/www.ucaldas.edu.co\\\/portal\\\/estudiante-de-biologia-becaria-nacional-e-internacional-gracias-trabajo-de-investigacion-que-busca-proteger-la-raya-aguila-del-pacifico-en-la-isla-malpelo\\\/\"]}]},{\"@type\":\"ImageObject\",\"inLanguage\":\"es\",\"@id\":\"https:\\\/\\\/www.ucaldas.edu.co\\\/portal\\\/estudiante-de-biologia-becaria-nacional-e-internacional-gracias-trabajo-de-investigacion-que-busca-proteger-la-raya-aguila-del-pacifico-en-la-isla-malpelo\\\/#primaryimage\",\"url\":\"https:\\\/\\\/www.ucaldas.edu.co\\\/portal\\\/wp-content\\\/uploads\\\/2025\\\/02\\\/Raya-Laura-Investigacion-2-1-scaled.jpeg\",\"contentUrl\":\"https:\\\/\\\/www.ucaldas.edu.co\\\/portal\\\/wp-content\\\/uploads\\\/2025\\\/02\\\/Raya-Laura-Investigacion-2-1-scaled.jpeg\",\"width\":2560,\"height\":1707},{\"@type\":\"BreadcrumbList\",\"@id\":\"https:\\\/\\\/www.ucaldas.edu.co\\\/portal\\\/estudiante-de-biologia-becaria-nacional-e-internacional-gracias-trabajo-de-investigacion-que-busca-proteger-la-raya-aguila-del-pacifico-en-la-isla-malpelo\\\/#breadcrumb\",\"itemListElement\":[{\"@type\":\"ListItem\",\"position\":1,\"name\":\"Portada\",\"item\":\"https:\\\/\\\/www.ucaldas.edu.co\\\/portal\\\/\"},{\"@type\":\"ListItem\",\"position\":2,\"name\":\"Estudiante de Biolog\u00eda, becaria nacional e internacional, gracias trabajo de investigaci\u00f3n que busca proteger la raya \u00e1guila del Pac\u00edfico, en la Isla Malpelo.\"}]},{\"@type\":\"WebSite\",\"@id\":\"https:\\\/\\\/www.ucaldas.edu.co\\\/portal\\\/#website\",\"url\":\"https:\\\/\\\/www.ucaldas.edu.co\\\/portal\\\/\",\"name\":\"Universidad de Caldas\",\"description\":\"\",\"publisher\":{\"@id\":\"https:\\\/\\\/www.ucaldas.edu.co\\\/portal\\\/#organization\"},\"alternateName\":\"U. de Caldas\",\"potentialAction\":[{\"@type\":\"SearchAction\",\"target\":{\"@type\":\"EntryPoint\",\"urlTemplate\":\"https:\\\/\\\/www.ucaldas.edu.co\\\/portal\\\/?s={search_term_string}\"},\"query-input\":{\"@type\":\"PropertyValueSpecification\",\"valueRequired\":true,\"valueName\":\"search_term_string\"}}],\"inLanguage\":\"es\"},{\"@type\":\"Organization\",\"@id\":\"https:\\\/\\\/www.ucaldas.edu.co\\\/portal\\\/#organization\",\"name\":\"Universidad de Caldas\",\"alternateName\":\"U. de Caldas\",\"url\":\"https:\\\/\\\/www.ucaldas.edu.co\\\/portal\\\/\",\"logo\":{\"@type\":\"ImageObject\",\"inLanguage\":\"es\",\"@id\":\"https:\\\/\\\/www.ucaldas.edu.co\\\/portal\\\/#\\\/schema\\\/logo\\\/image\\\/\",\"url\":\"https:\\\/\\\/www.ucaldas.edu.co\\\/portal\\\/wp-content\\\/uploads\\\/2023\\\/11\\\/Logo_horizontal_oscuroU-2023.png\",\"contentUrl\":\"https:\\\/\\\/www.ucaldas.edu.co\\\/portal\\\/wp-content\\\/uploads\\\/2023\\\/11\\\/Logo_horizontal_oscuroU-2023.png\",\"width\":263,\"height\":101,\"caption\":\"Universidad de Caldas\"},\"image\":{\"@id\":\"https:\\\/\\\/www.ucaldas.edu.co\\\/portal\\\/#\\\/schema\\\/logo\\\/image\\\/\"},\"sameAs\":[\"https:\\\/\\\/www.facebook.com\\\/udecaldas\",\"https:\\\/\\\/x.com\\\/udecaldas\",\"https:\\\/\\\/www.youtube.com\\\/universidadcaldas\",\"https:\\\/\\\/www.instagram.com\\\/udecaldas\\\/\"]},{\"@type\":\"Person\",\"@id\":\"https:\\\/\\\/www.ucaldas.edu.co\\\/portal\\\/#\\\/schema\\\/person\\\/a1b482e23449158b4bc319926c074fdf\",\"name\":\"ofiprensa\",\"image\":{\"@type\":\"ImageObject\",\"inLanguage\":\"es\",\"@id\":\"https:\\\/\\\/www.ucaldas.edu.co\\\/portal\\\/wp-content\\\/litespeed\\\/avatar\\\/09ea5085e600095a7a811142c6944527.jpg?ver=1776892805\",\"url\":\"https:\\\/\\\/www.ucaldas.edu.co\\\/portal\\\/wp-content\\\/litespeed\\\/avatar\\\/09ea5085e600095a7a811142c6944527.jpg?ver=1776892805\",\"contentUrl\":\"https:\\\/\\\/www.ucaldas.edu.co\\\/portal\\\/wp-content\\\/litespeed\\\/avatar\\\/09ea5085e600095a7a811142c6944527.jpg?ver=1776892805\",\"caption\":\"ofiprensa\"},\"url\":\"https:\\\/\\\/www.ucaldas.edu.co\\\/portal\\\/author\\\/ofiprensa\\\/\"}]}<\/script>\n<!-- \/ Yoast SEO plugin. -->","yoast_head_json":{"title":"Estudiante de Biolog\u00eda, becaria nacional e internacional, gracias trabajo de investigaci\u00f3n que busca proteger la raya \u00e1guila del Pac\u00edfico, en la Isla Malpelo. .","robots":{"index":"index","follow":"follow","max-snippet":"max-snippet:-1","max-image-preview":"max-image-preview:large","max-video-preview":"max-video-preview:-1"},"canonical":"https:\/\/www.ucaldas.edu.co\/portal\/estudiante-de-biologia-becaria-nacional-e-internacional-gracias-trabajo-de-investigacion-que-busca-proteger-la-raya-aguila-del-pacifico-en-la-isla-malpelo\/","schema":{"@context":"https:\/\/schema.org","@graph":[{"@type":"Article","@id":"https:\/\/www.ucaldas.edu.co\/portal\/estudiante-de-biologia-becaria-nacional-e-internacional-gracias-trabajo-de-investigacion-que-busca-proteger-la-raya-aguila-del-pacifico-en-la-isla-malpelo\/#article","isPartOf":{"@id":"https:\/\/www.ucaldas.edu.co\/portal\/estudiante-de-biologia-becaria-nacional-e-internacional-gracias-trabajo-de-investigacion-que-busca-proteger-la-raya-aguila-del-pacifico-en-la-isla-malpelo\/"},"author":{"name":"ofiprensa","@id":"https:\/\/www.ucaldas.edu.co\/portal\/#\/schema\/person\/a1b482e23449158b4bc319926c074fdf"},"headline":"Estudiante de Biolog\u00eda, becaria nacional e internacional, gracias trabajo de investigaci\u00f3n que busca proteger la raya \u00e1guila del Pac\u00edfico, en la Isla Malpelo.","datePublished":"2025-02-06T22:21:51+00:00","mainEntityOfPage":{"@id":"https:\/\/www.ucaldas.edu.co\/portal\/estudiante-de-biologia-becaria-nacional-e-internacional-gracias-trabajo-de-investigacion-que-busca-proteger-la-raya-aguila-del-pacifico-en-la-isla-malpelo\/"},"wordCount":892,"publisher":{"@id":"https:\/\/www.ucaldas.edu.co\/portal\/#organization"},"image":{"@id":"https:\/\/www.ucaldas.edu.co\/portal\/estudiante-de-biologia-becaria-nacional-e-internacional-gracias-trabajo-de-investigacion-que-busca-proteger-la-raya-aguila-del-pacifico-en-la-isla-malpelo\/#primaryimage"},"thumbnailUrl":"https:\/\/www.ucaldas.edu.co\/portal\/wp-content\/uploads\/2025\/02\/Raya-Laura-Investigacion-2-1-scaled.jpeg","keywords":["Biolog\u00eda","Universidad de Caldas. U. de Caldas","Fundaci\u00f3n Alejandro \u00c1ngel Escobar","academia e investigaci\u00f3n","beca internacional"],"articleSection":["Actualidad","Universidad al D\u00eda"],"inLanguage":"es"},{"@type":"WebPage","@id":"https:\/\/www.ucaldas.edu.co\/portal\/estudiante-de-biologia-becaria-nacional-e-internacional-gracias-trabajo-de-investigacion-que-busca-proteger-la-raya-aguila-del-pacifico-en-la-isla-malpelo\/","url":"https:\/\/www.ucaldas.edu.co\/portal\/estudiante-de-biologia-becaria-nacional-e-internacional-gracias-trabajo-de-investigacion-que-busca-proteger-la-raya-aguila-del-pacifico-en-la-isla-malpelo\/","name":"Estudiante de Biolog\u00eda, becaria nacional e internacional, gracias trabajo de investigaci\u00f3n que busca proteger la raya \u00e1guila del Pac\u00edfico, en la Isla Malpelo. .","isPartOf":{"@id":"https:\/\/www.ucaldas.edu.co\/portal\/#website"},"primaryImageOfPage":{"@id":"https:\/\/www.ucaldas.edu.co\/portal\/estudiante-de-biologia-becaria-nacional-e-internacional-gracias-trabajo-de-investigacion-que-busca-proteger-la-raya-aguila-del-pacifico-en-la-isla-malpelo\/#primaryimage"},"image":{"@id":"https:\/\/www.ucaldas.edu.co\/portal\/estudiante-de-biologia-becaria-nacional-e-internacional-gracias-trabajo-de-investigacion-que-busca-proteger-la-raya-aguila-del-pacifico-en-la-isla-malpelo\/#primaryimage"},"thumbnailUrl":"https:\/\/www.ucaldas.edu.co\/portal\/wp-content\/uploads\/2025\/02\/Raya-Laura-Investigacion-2-1-scaled.jpeg","datePublished":"2025-02-06T22:21:51+00:00","breadcrumb":{"@id":"https:\/\/www.ucaldas.edu.co\/portal\/estudiante-de-biologia-becaria-nacional-e-internacional-gracias-trabajo-de-investigacion-que-busca-proteger-la-raya-aguila-del-pacifico-en-la-isla-malpelo\/#breadcrumb"},"inLanguage":"es","potentialAction":[{"@type":"ReadAction","target":["https:\/\/www.ucaldas.edu.co\/portal\/estudiante-de-biologia-becaria-nacional-e-internacional-gracias-trabajo-de-investigacion-que-busca-proteger-la-raya-aguila-del-pacifico-en-la-isla-malpelo\/"]}]},{"@type":"ImageObject","inLanguage":"es","@id":"https:\/\/www.ucaldas.edu.co\/portal\/estudiante-de-biologia-becaria-nacional-e-internacional-gracias-trabajo-de-investigacion-que-busca-proteger-la-raya-aguila-del-pacifico-en-la-isla-malpelo\/#primaryimage","url":"https:\/\/www.ucaldas.edu.co\/portal\/wp-content\/uploads\/2025\/02\/Raya-Laura-Investigacion-2-1-scaled.jpeg","contentUrl":"https:\/\/www.ucaldas.edu.co\/portal\/wp-content\/uploads\/2025\/02\/Raya-Laura-Investigacion-2-1-scaled.jpeg","width":2560,"height":1707},{"@type":"BreadcrumbList","@id":"https:\/\/www.ucaldas.edu.co\/portal\/estudiante-de-biologia-becaria-nacional-e-internacional-gracias-trabajo-de-investigacion-que-busca-proteger-la-raya-aguila-del-pacifico-en-la-isla-malpelo\/#breadcrumb","itemListElement":[{"@type":"ListItem","position":1,"name":"Portada","item":"https:\/\/www.ucaldas.edu.co\/portal\/"},{"@type":"ListItem","position":2,"name":"Estudiante de Biolog\u00eda, becaria nacional e internacional, gracias trabajo de investigaci\u00f3n que busca proteger la raya \u00e1guila del Pac\u00edfico, en la Isla Malpelo."}]},{"@type":"WebSite","@id":"https:\/\/www.ucaldas.edu.co\/portal\/#website","url":"https:\/\/www.ucaldas.edu.co\/portal\/","name":"Universidad de Caldas","description":"","publisher":{"@id":"https:\/\/www.ucaldas.edu.co\/portal\/#organization"},"alternateName":"U. de Caldas","potentialAction":[{"@type":"SearchAction","target":{"@type":"EntryPoint","urlTemplate":"https:\/\/www.ucaldas.edu.co\/portal\/?s={search_term_string}"},"query-input":{"@type":"PropertyValueSpecification","valueRequired":true,"valueName":"search_term_string"}}],"inLanguage":"es"},{"@type":"Organization","@id":"https:\/\/www.ucaldas.edu.co\/portal\/#organization","name":"Universidad de Caldas","alternateName":"U. de Caldas","url":"https:\/\/www.ucaldas.edu.co\/portal\/","logo":{"@type":"ImageObject","inLanguage":"es","@id":"https:\/\/www.ucaldas.edu.co\/portal\/#\/schema\/logo\/image\/","url":"https:\/\/www.ucaldas.edu.co\/portal\/wp-content\/uploads\/2023\/11\/Logo_horizontal_oscuroU-2023.png","contentUrl":"https:\/\/www.ucaldas.edu.co\/portal\/wp-content\/uploads\/2023\/11\/Logo_horizontal_oscuroU-2023.png","width":263,"height":101,"caption":"Universidad de Caldas"},"image":{"@id":"https:\/\/www.ucaldas.edu.co\/portal\/#\/schema\/logo\/image\/"},"sameAs":["https:\/\/www.facebook.com\/udecaldas","https:\/\/x.com\/udecaldas","https:\/\/www.youtube.com\/universidadcaldas","https:\/\/www.instagram.com\/udecaldas\/"]},{"@type":"Person","@id":"https:\/\/www.ucaldas.edu.co\/portal\/#\/schema\/person\/a1b482e23449158b4bc319926c074fdf","name":"ofiprensa","image":{"@type":"ImageObject","inLanguage":"es","@id":"https:\/\/www.ucaldas.edu.co\/portal\/wp-content\/litespeed\/avatar\/09ea5085e600095a7a811142c6944527.jpg?ver=1776892805","url":"https:\/\/www.ucaldas.edu.co\/portal\/wp-content\/litespeed\/avatar\/09ea5085e600095a7a811142c6944527.jpg?ver=1776892805","contentUrl":"https:\/\/www.ucaldas.edu.co\/portal\/wp-content\/litespeed\/avatar\/09ea5085e600095a7a811142c6944527.jpg?ver=1776892805","caption":"ofiprensa"},"url":"https:\/\/www.ucaldas.edu.co\/portal\/author\/ofiprensa\/"}]}},"_links":{"self":[{"href":"https:\/\/www.ucaldas.edu.co\/portal\/wp-json\/wp\/v2\/posts\/86051","targetHints":{"allow":["GET"]}}],"collection":[{"href":"https:\/\/www.ucaldas.edu.co\/portal\/wp-json\/wp\/v2\/posts"}],"about":[{"href":"https:\/\/www.ucaldas.edu.co\/portal\/wp-json\/wp\/v2\/types\/post"}],"author":[{"embeddable":true,"href":"https:\/\/www.ucaldas.edu.co\/portal\/wp-json\/wp\/v2\/users\/2"}],"replies":[{"embeddable":true,"href":"https:\/\/www.ucaldas.edu.co\/portal\/wp-json\/wp\/v2\/comments?post=86051"}],"version-history":[{"count":0,"href":"https:\/\/www.ucaldas.edu.co\/portal\/wp-json\/wp\/v2\/posts\/86051\/revisions"}],"wp:featuredmedia":[{"embeddable":true,"href":"https:\/\/www.ucaldas.edu.co\/portal\/wp-json\/wp\/v2\/media\/86056"}],"wp:attachment":[{"href":"https:\/\/www.ucaldas.edu.co\/portal\/wp-json\/wp\/v2\/media?parent=86051"}],"wp:term":[{"taxonomy":"category","embeddable":true,"href":"https:\/\/www.ucaldas.edu.co\/portal\/wp-json\/wp\/v2\/categories?post=86051"},{"taxonomy":"post_tag","embeddable":true,"href":"https:\/\/www.ucaldas.edu.co\/portal\/wp-json\/wp\/v2\/tags?post=86051"}],"curies":[{"name":"wp","href":"https:\/\/api.w.org\/{rel}","templated":true}]}}