{"id":85478,"date":"2024-11-28T17:29:14","date_gmt":"2024-11-28T22:29:14","guid":{"rendered":"https:\/\/www.ucaldas.edu.co\/portal\/?p=85478"},"modified":"2024-11-28T17:29:14","modified_gmt":"2024-11-28T22:29:14","slug":"directora-del-centro-de-museos-comparte-su-experiencia-de-pasantia-en-el-museo-nacional-del-thyssen-en-madrid","status":"publish","type":"post","link":"https:\/\/www.ucaldas.edu.co\/portal\/directora-del-centro-de-museos-comparte-su-experiencia-de-pasantia-en-el-museo-nacional-del-thyssen-en-madrid\/","title":{"rendered":"Directora del Centro de Museos comparte su experiencia de pasant\u00eda en el Museo Nacional del Thyssen, en Madrid."},"content":{"rendered":"<div class=\"wpb-content-wrapper\"><p>[vc_row][vc_column][vc_column_text]<\/p>\n<p style=\"text-align: justify;\"><img loading=\"lazy\" decoding=\"async\" class=\"alignnone size-full wp-image-85483\" src=\"https:\/\/www.ucaldas.edu.co\/portal\/wp-content\/uploads\/2024\/11\/MNTB_Visitataller_Entierradetodos2_oct26-scaled.jpg\" alt=\"\" width=\"1830\" height=\"2560\" \/>Recientemente, la directora del Centro de Museos de la Universidad de Caldas, Laura Valeria Buritic\u00e1 Quintero, culmin\u00f3 su pasant\u00eda en el Museo Nacional del Thyssen, en Madrid, gracias a la Beca de Circulaci\u00f3n para Trabajadoras y Trabajadores de los Museos que otorga el Ministerio de Cultura.<!--more--><\/p>\n<p style=\"text-align: justify;\">Esta nutrida experiencia de tres semanas en el Thyssen le dej\u00f3 varias reflexiones y aprendizajes que ella comparte en la siguiente entrevista con la Oficina de Prensa.<\/p>\n<p style=\"text-align: justify;\"><strong>Oficina de Prensa:<\/strong> <em>\u00bfC\u00f3mo se acerca el Museo Nacional del Thyssen a sus visitantes?<\/em><\/p>\n<p style=\"text-align: justify;\" data-type=\"Segment\" data-start=\"150\" data-segment-label=\"02:30\" data-rt-id=\"bU1Y07\" data-rt-kind=\"1\" data-rt-type=\"Paragraph\"><strong>Laura Valeria Buritic\u00e1 Quintero: <\/strong>para empezar, debo decir que las visitas son entregadas al p\u00fablico; es decir, no es lo mismo para todos sino que se enfocan en la edad y los intereses para que haya una verdadera experiencia en torno al conocimiento del arte. Tambi\u00e9n me pareci\u00f3 muy interesante que el Thyssen cuenta con una colecci\u00f3n de mil cuadros, pero en cada visita s\u00f3lo se conocen cinco. En el caso de los ni\u00f1os de 3 a\u00f1os, se abren juegos con las sombras, los colores, las texturas&#8230; esto con la idea de hacer del arte una experiencia sensorial y emocional muy poderosa.<\/p>\n<p style=\"text-align: justify;\"><strong>Oficina de Prensa:<\/strong> <em>\u00bfC\u00f3mo se estructura el trabajo del personal del Museo?<\/em><\/p>\n<p style=\"text-align: justify;\" data-type=\"Segment\" data-start=\"150\" data-segment-label=\"02:30\" data-rt-id=\"bU1Y07\" data-rt-kind=\"1\" data-rt-type=\"Paragraph\"><strong>L.V.B.Q: <\/strong>en el \u00e1rea educativa del Thyssen trabajan unas 9 personas y todas deben saber hacer la visita para cada p\u00fablico. Entonces, ellos estructuran un equipo de trabajo que conceptualiza, crea las visitas y hace rotaci\u00f3n seg\u00fan se requiera. De igual manera destaco esa gran apuesta que hacen para que el Museo sea cada vez m\u00e1s incluyente, a partir de proyectos con instituciones de car\u00e1cter social en Espa\u00f1a que trabajan con discapacidades cognitivas, auditivas o visuales. Finalmente, me llam\u00f3 la atenci\u00f3n que ellos tienen jornadas de teletrabajo para compartir m\u00e1s con su familia. Esto, sin duda, propicia otros ambientes, potencia la creatividad y genera otras formas de pensar.<\/p>\n<p style=\"text-align: justify;\"><strong>Oficina de Prensa:<\/strong> Laura, <em>\u00bfencontraste hondas diferencias entre el trabajo del Thyssen y el que se realiza en nuestro Centro de Museos? <\/em><\/p>\n<p style=\"text-align: justify;\"><strong>L.V.B.Q:<\/strong> siento que lo que estamos pensando, sintiendo y proyectando no es muy distinto. Con agrado not\u00e9 que nos preocupan y motivan las mismas cosas para compartir la experiencia del arte de un modo m\u00e1s efectivo y v\u00edvido.<\/p>\n<p style=\"text-align: justify;\"><strong>Oficina de Prensa:<\/strong> <em>\u00bfQu\u00e9 espera para el Centro de Museos, a partir de esta experiencia de movilidad?<\/em><\/p>\n<p style=\"text-align: justify;\"><strong>L.V.B.Q:<\/strong> quisi\u00e9ramos poder tener el museo abierto cuando la gente s\u00ed lo visita; es decir, un domingo o en horarios adicionales a la jornada de oficinas. En cuanto al trabajo del Centro de Museos, pienso que puede enriquecerse con talleres mucho m\u00e1s creativos que piensen en las edades y gustos del p\u00fablico. Actualmente tenemos una exposici\u00f3n en el Salmona sobre Jos\u00e9 Eustasio Rivera, conformada por m\u00e1s de 100 elementos que la gente dif\u00edcilmente recordar\u00e1. Ser\u00eda interesante centrarse en pocas cosas que queden en la memoria de los visitantes.<\/p>\n<p><strong>Anexo<\/strong><\/p>\n<p><a href=\"https:\/\/www.ucaldas.edu.co\/portal\/wp-content\/uploads\/2024\/11\/Laura-museos.mp3\"><strong>Audio directora del Centro de Museos de la Universidad de Caldas, Laura Valeria Buritic\u00e1 Quintero.<\/strong><\/a><\/p>\n<audio class=\"wp-audio-shortcode\" id=\"audio-85478-1\" preload=\"none\" style=\"width: 100%;\" controls=\"controls\"><source type=\"audio\/mpeg\" src=\"https:\/\/www.ucaldas.edu.co\/portal\/wp-content\/uploads\/2024\/11\/Laura-museos.mp3?_=1\" \/><a href=\"https:\/\/www.ucaldas.edu.co\/portal\/wp-content\/uploads\/2024\/11\/Laura-museos.mp3\">https:\/\/www.ucaldas.edu.co\/portal\/wp-content\/uploads\/2024\/11\/Laura-museos.mp3<\/a><\/audio>\n<p><strong>\u00a0<\/strong>[\/vc_column_text][\/vc_column][\/vc_row][vc_row][vc_column][vc_gallery type=\u00bbimage_grid\u00bb images=\u00bb85484,85485,85486,85487,85488,85489,85490,85491,85492,85493,85494,85495,85496,85497,85498&#8243; img_size=\u00bbfull\u00bb][\/vc_column][\/vc_row]<\/p>\n<\/div>","protected":false},"excerpt":{"rendered":"<p>[vc_row][vc_column][vc_column_text] Recientemente, la directora del Centro de Museos de la Universidad de Caldas, Laura Valeria Buritic\u00e1 Quintero, culmin\u00f3 su pasant\u00eda en el Museo Nacional del Thyssen, en Madrid, gracias a la Beca de Circulaci\u00f3n para Trabajadoras y Trabajadores de los Museos que otorga el Ministerio de Cultura.<\/p>\n","protected":false},"author":2,"featured_media":85496,"comment_status":"closed","ping_status":"open","sticky":false,"template":"","format":"standard","meta":{"footnotes":""},"categories":[48,53],"tags":[2583,8332],"class_list":["post-85478","post","type-post","status-publish","format-standard","has-post-thumbnail","hentry","category-actualidad","category-universidad-al-dia","tag-centro-de-museos-universidad-de-caldas","tag-pasantia-internacional"],"yoast_head":"<!-- This site is optimized with the Yoast SEO plugin v27.5 - https:\/\/yoast.com\/product\/yoast-seo-wordpress\/ -->\n<title>Directora del Centro de Museos comparte su experiencia de pasant\u00eda en el Museo Nacional del Thyssen, en Madrid. .<\/title>\n<meta name=\"robots\" content=\"index, follow, max-snippet:-1, max-image-preview:large, max-video-preview:-1\" \/>\n<link rel=\"canonical\" href=\"https:\/\/www.ucaldas.edu.co\/portal\/directora-del-centro-de-museos-comparte-su-experiencia-de-pasantia-en-el-museo-nacional-del-thyssen-en-madrid\/\" \/>\n<script type=\"application\/ld+json\" class=\"yoast-schema-graph\">{\"@context\":\"https:\\\/\\\/schema.org\",\"@graph\":[{\"@type\":\"Article\",\"@id\":\"https:\\\/\\\/www.ucaldas.edu.co\\\/portal\\\/directora-del-centro-de-museos-comparte-su-experiencia-de-pasantia-en-el-museo-nacional-del-thyssen-en-madrid\\\/#article\",\"isPartOf\":{\"@id\":\"https:\\\/\\\/www.ucaldas.edu.co\\\/portal\\\/directora-del-centro-de-museos-comparte-su-experiencia-de-pasantia-en-el-museo-nacional-del-thyssen-en-madrid\\\/\"},\"author\":{\"name\":\"ofiprensa\",\"@id\":\"https:\\\/\\\/www.ucaldas.edu.co\\\/portal\\\/#\\\/schema\\\/person\\\/a1b482e23449158b4bc319926c074fdf\"},\"headline\":\"Directora del Centro de Museos comparte su experiencia de pasant\u00eda en el Museo Nacional del Thyssen, en Madrid.\",\"datePublished\":\"2024-11-28T22:29:14+00:00\",\"mainEntityOfPage\":{\"@id\":\"https:\\\/\\\/www.ucaldas.edu.co\\\/portal\\\/directora-del-centro-de-museos-comparte-su-experiencia-de-pasantia-en-el-museo-nacional-del-thyssen-en-madrid\\\/\"},\"wordCount\":586,\"publisher\":{\"@id\":\"https:\\\/\\\/www.ucaldas.edu.co\\\/portal\\\/#organization\"},\"image\":{\"@id\":\"https:\\\/\\\/www.ucaldas.edu.co\\\/portal\\\/directora-del-centro-de-museos-comparte-su-experiencia-de-pasantia-en-el-museo-nacional-del-thyssen-en-madrid\\\/#primaryimage\"},\"thumbnailUrl\":\"https:\\\/\\\/www.ucaldas.edu.co\\\/portal\\\/wp-content\\\/uploads\\\/2024\\\/11\\\/MNTB_Visitataller_Entierradetodos2_oct26-1-scaled.jpg\",\"keywords\":[\"Centro de Museos Universidad de Caldas\",\"pasant\u00eda internacional\"],\"articleSection\":[\"Actualidad\",\"Universidad al D\u00eda\"],\"inLanguage\":\"es\"},{\"@type\":\"WebPage\",\"@id\":\"https:\\\/\\\/www.ucaldas.edu.co\\\/portal\\\/directora-del-centro-de-museos-comparte-su-experiencia-de-pasantia-en-el-museo-nacional-del-thyssen-en-madrid\\\/\",\"url\":\"https:\\\/\\\/www.ucaldas.edu.co\\\/portal\\\/directora-del-centro-de-museos-comparte-su-experiencia-de-pasantia-en-el-museo-nacional-del-thyssen-en-madrid\\\/\",\"name\":\"Directora del Centro de Museos comparte su experiencia de pasant\u00eda en el Museo Nacional del Thyssen, en Madrid. .\",\"isPartOf\":{\"@id\":\"https:\\\/\\\/www.ucaldas.edu.co\\\/portal\\\/#website\"},\"primaryImageOfPage\":{\"@id\":\"https:\\\/\\\/www.ucaldas.edu.co\\\/portal\\\/directora-del-centro-de-museos-comparte-su-experiencia-de-pasantia-en-el-museo-nacional-del-thyssen-en-madrid\\\/#primaryimage\"},\"image\":{\"@id\":\"https:\\\/\\\/www.ucaldas.edu.co\\\/portal\\\/directora-del-centro-de-museos-comparte-su-experiencia-de-pasantia-en-el-museo-nacional-del-thyssen-en-madrid\\\/#primaryimage\"},\"thumbnailUrl\":\"https:\\\/\\\/www.ucaldas.edu.co\\\/portal\\\/wp-content\\\/uploads\\\/2024\\\/11\\\/MNTB_Visitataller_Entierradetodos2_oct26-1-scaled.jpg\",\"datePublished\":\"2024-11-28T22:29:14+00:00\",\"breadcrumb\":{\"@id\":\"https:\\\/\\\/www.ucaldas.edu.co\\\/portal\\\/directora-del-centro-de-museos-comparte-su-experiencia-de-pasantia-en-el-museo-nacional-del-thyssen-en-madrid\\\/#breadcrumb\"},\"inLanguage\":\"es\",\"potentialAction\":[{\"@type\":\"ReadAction\",\"target\":[\"https:\\\/\\\/www.ucaldas.edu.co\\\/portal\\\/directora-del-centro-de-museos-comparte-su-experiencia-de-pasantia-en-el-museo-nacional-del-thyssen-en-madrid\\\/\"]}]},{\"@type\":\"ImageObject\",\"inLanguage\":\"es\",\"@id\":\"https:\\\/\\\/www.ucaldas.edu.co\\\/portal\\\/directora-del-centro-de-museos-comparte-su-experiencia-de-pasantia-en-el-museo-nacional-del-thyssen-en-madrid\\\/#primaryimage\",\"url\":\"https:\\\/\\\/www.ucaldas.edu.co\\\/portal\\\/wp-content\\\/uploads\\\/2024\\\/11\\\/MNTB_Visitataller_Entierradetodos2_oct26-1-scaled.jpg\",\"contentUrl\":\"https:\\\/\\\/www.ucaldas.edu.co\\\/portal\\\/wp-content\\\/uploads\\\/2024\\\/11\\\/MNTB_Visitataller_Entierradetodos2_oct26-1-scaled.jpg\",\"width\":1830,\"height\":2560},{\"@type\":\"BreadcrumbList\",\"@id\":\"https:\\\/\\\/www.ucaldas.edu.co\\\/portal\\\/directora-del-centro-de-museos-comparte-su-experiencia-de-pasantia-en-el-museo-nacional-del-thyssen-en-madrid\\\/#breadcrumb\",\"itemListElement\":[{\"@type\":\"ListItem\",\"position\":1,\"name\":\"Portada\",\"item\":\"https:\\\/\\\/www.ucaldas.edu.co\\\/portal\\\/\"},{\"@type\":\"ListItem\",\"position\":2,\"name\":\"Directora del Centro de Museos comparte su experiencia de pasant\u00eda en el Museo Nacional del Thyssen, en Madrid.\"}]},{\"@type\":\"WebSite\",\"@id\":\"https:\\\/\\\/www.ucaldas.edu.co\\\/portal\\\/#website\",\"url\":\"https:\\\/\\\/www.ucaldas.edu.co\\\/portal\\\/\",\"name\":\"Universidad de Caldas\",\"description\":\"\",\"publisher\":{\"@id\":\"https:\\\/\\\/www.ucaldas.edu.co\\\/portal\\\/#organization\"},\"alternateName\":\"U. de Caldas\",\"potentialAction\":[{\"@type\":\"SearchAction\",\"target\":{\"@type\":\"EntryPoint\",\"urlTemplate\":\"https:\\\/\\\/www.ucaldas.edu.co\\\/portal\\\/?s={search_term_string}\"},\"query-input\":{\"@type\":\"PropertyValueSpecification\",\"valueRequired\":true,\"valueName\":\"search_term_string\"}}],\"inLanguage\":\"es\"},{\"@type\":\"Organization\",\"@id\":\"https:\\\/\\\/www.ucaldas.edu.co\\\/portal\\\/#organization\",\"name\":\"Universidad de Caldas\",\"alternateName\":\"U. de Caldas\",\"url\":\"https:\\\/\\\/www.ucaldas.edu.co\\\/portal\\\/\",\"logo\":{\"@type\":\"ImageObject\",\"inLanguage\":\"es\",\"@id\":\"https:\\\/\\\/www.ucaldas.edu.co\\\/portal\\\/#\\\/schema\\\/logo\\\/image\\\/\",\"url\":\"https:\\\/\\\/www.ucaldas.edu.co\\\/portal\\\/wp-content\\\/uploads\\\/2023\\\/11\\\/Logo_horizontal_oscuroU-2023.png\",\"contentUrl\":\"https:\\\/\\\/www.ucaldas.edu.co\\\/portal\\\/wp-content\\\/uploads\\\/2023\\\/11\\\/Logo_horizontal_oscuroU-2023.png\",\"width\":263,\"height\":101,\"caption\":\"Universidad de Caldas\"},\"image\":{\"@id\":\"https:\\\/\\\/www.ucaldas.edu.co\\\/portal\\\/#\\\/schema\\\/logo\\\/image\\\/\"},\"sameAs\":[\"https:\\\/\\\/www.facebook.com\\\/udecaldas\",\"https:\\\/\\\/x.com\\\/udecaldas\",\"https:\\\/\\\/www.youtube.com\\\/universidadcaldas\",\"https:\\\/\\\/www.instagram.com\\\/udecaldas\\\/\"]},{\"@type\":\"Person\",\"@id\":\"https:\\\/\\\/www.ucaldas.edu.co\\\/portal\\\/#\\\/schema\\\/person\\\/a1b482e23449158b4bc319926c074fdf\",\"name\":\"ofiprensa\",\"image\":{\"@type\":\"ImageObject\",\"inLanguage\":\"es\",\"@id\":\"https:\\\/\\\/www.ucaldas.edu.co\\\/portal\\\/wp-content\\\/litespeed\\\/avatar\\\/09ea5085e600095a7a811142c6944527.jpg?ver=1777497608\",\"url\":\"https:\\\/\\\/www.ucaldas.edu.co\\\/portal\\\/wp-content\\\/litespeed\\\/avatar\\\/09ea5085e600095a7a811142c6944527.jpg?ver=1777497608\",\"contentUrl\":\"https:\\\/\\\/www.ucaldas.edu.co\\\/portal\\\/wp-content\\\/litespeed\\\/avatar\\\/09ea5085e600095a7a811142c6944527.jpg?ver=1777497608\",\"caption\":\"ofiprensa\"},\"url\":\"https:\\\/\\\/www.ucaldas.edu.co\\\/portal\\\/author\\\/ofiprensa\\\/\"}]}<\/script>\n<!-- \/ Yoast SEO plugin. -->","yoast_head_json":{"title":"Directora del Centro de Museos comparte su experiencia de pasant\u00eda en el Museo Nacional del Thyssen, en Madrid. .","robots":{"index":"index","follow":"follow","max-snippet":"max-snippet:-1","max-image-preview":"max-image-preview:large","max-video-preview":"max-video-preview:-1"},"canonical":"https:\/\/www.ucaldas.edu.co\/portal\/directora-del-centro-de-museos-comparte-su-experiencia-de-pasantia-en-el-museo-nacional-del-thyssen-en-madrid\/","schema":{"@context":"https:\/\/schema.org","@graph":[{"@type":"Article","@id":"https:\/\/www.ucaldas.edu.co\/portal\/directora-del-centro-de-museos-comparte-su-experiencia-de-pasantia-en-el-museo-nacional-del-thyssen-en-madrid\/#article","isPartOf":{"@id":"https:\/\/www.ucaldas.edu.co\/portal\/directora-del-centro-de-museos-comparte-su-experiencia-de-pasantia-en-el-museo-nacional-del-thyssen-en-madrid\/"},"author":{"name":"ofiprensa","@id":"https:\/\/www.ucaldas.edu.co\/portal\/#\/schema\/person\/a1b482e23449158b4bc319926c074fdf"},"headline":"Directora del Centro de Museos comparte su experiencia de pasant\u00eda en el Museo Nacional del Thyssen, en Madrid.","datePublished":"2024-11-28T22:29:14+00:00","mainEntityOfPage":{"@id":"https:\/\/www.ucaldas.edu.co\/portal\/directora-del-centro-de-museos-comparte-su-experiencia-de-pasantia-en-el-museo-nacional-del-thyssen-en-madrid\/"},"wordCount":586,"publisher":{"@id":"https:\/\/www.ucaldas.edu.co\/portal\/#organization"},"image":{"@id":"https:\/\/www.ucaldas.edu.co\/portal\/directora-del-centro-de-museos-comparte-su-experiencia-de-pasantia-en-el-museo-nacional-del-thyssen-en-madrid\/#primaryimage"},"thumbnailUrl":"https:\/\/www.ucaldas.edu.co\/portal\/wp-content\/uploads\/2024\/11\/MNTB_Visitataller_Entierradetodos2_oct26-1-scaled.jpg","keywords":["Centro de Museos Universidad de Caldas","pasant\u00eda internacional"],"articleSection":["Actualidad","Universidad al D\u00eda"],"inLanguage":"es"},{"@type":"WebPage","@id":"https:\/\/www.ucaldas.edu.co\/portal\/directora-del-centro-de-museos-comparte-su-experiencia-de-pasantia-en-el-museo-nacional-del-thyssen-en-madrid\/","url":"https:\/\/www.ucaldas.edu.co\/portal\/directora-del-centro-de-museos-comparte-su-experiencia-de-pasantia-en-el-museo-nacional-del-thyssen-en-madrid\/","name":"Directora del Centro de Museos comparte su experiencia de pasant\u00eda en el Museo Nacional del Thyssen, en Madrid. .","isPartOf":{"@id":"https:\/\/www.ucaldas.edu.co\/portal\/#website"},"primaryImageOfPage":{"@id":"https:\/\/www.ucaldas.edu.co\/portal\/directora-del-centro-de-museos-comparte-su-experiencia-de-pasantia-en-el-museo-nacional-del-thyssen-en-madrid\/#primaryimage"},"image":{"@id":"https:\/\/www.ucaldas.edu.co\/portal\/directora-del-centro-de-museos-comparte-su-experiencia-de-pasantia-en-el-museo-nacional-del-thyssen-en-madrid\/#primaryimage"},"thumbnailUrl":"https:\/\/www.ucaldas.edu.co\/portal\/wp-content\/uploads\/2024\/11\/MNTB_Visitataller_Entierradetodos2_oct26-1-scaled.jpg","datePublished":"2024-11-28T22:29:14+00:00","breadcrumb":{"@id":"https:\/\/www.ucaldas.edu.co\/portal\/directora-del-centro-de-museos-comparte-su-experiencia-de-pasantia-en-el-museo-nacional-del-thyssen-en-madrid\/#breadcrumb"},"inLanguage":"es","potentialAction":[{"@type":"ReadAction","target":["https:\/\/www.ucaldas.edu.co\/portal\/directora-del-centro-de-museos-comparte-su-experiencia-de-pasantia-en-el-museo-nacional-del-thyssen-en-madrid\/"]}]},{"@type":"ImageObject","inLanguage":"es","@id":"https:\/\/www.ucaldas.edu.co\/portal\/directora-del-centro-de-museos-comparte-su-experiencia-de-pasantia-en-el-museo-nacional-del-thyssen-en-madrid\/#primaryimage","url":"https:\/\/www.ucaldas.edu.co\/portal\/wp-content\/uploads\/2024\/11\/MNTB_Visitataller_Entierradetodos2_oct26-1-scaled.jpg","contentUrl":"https:\/\/www.ucaldas.edu.co\/portal\/wp-content\/uploads\/2024\/11\/MNTB_Visitataller_Entierradetodos2_oct26-1-scaled.jpg","width":1830,"height":2560},{"@type":"BreadcrumbList","@id":"https:\/\/www.ucaldas.edu.co\/portal\/directora-del-centro-de-museos-comparte-su-experiencia-de-pasantia-en-el-museo-nacional-del-thyssen-en-madrid\/#breadcrumb","itemListElement":[{"@type":"ListItem","position":1,"name":"Portada","item":"https:\/\/www.ucaldas.edu.co\/portal\/"},{"@type":"ListItem","position":2,"name":"Directora del Centro de Museos comparte su experiencia de pasant\u00eda en el Museo Nacional del Thyssen, en Madrid."}]},{"@type":"WebSite","@id":"https:\/\/www.ucaldas.edu.co\/portal\/#website","url":"https:\/\/www.ucaldas.edu.co\/portal\/","name":"Universidad de Caldas","description":"","publisher":{"@id":"https:\/\/www.ucaldas.edu.co\/portal\/#organization"},"alternateName":"U. de Caldas","potentialAction":[{"@type":"SearchAction","target":{"@type":"EntryPoint","urlTemplate":"https:\/\/www.ucaldas.edu.co\/portal\/?s={search_term_string}"},"query-input":{"@type":"PropertyValueSpecification","valueRequired":true,"valueName":"search_term_string"}}],"inLanguage":"es"},{"@type":"Organization","@id":"https:\/\/www.ucaldas.edu.co\/portal\/#organization","name":"Universidad de Caldas","alternateName":"U. de Caldas","url":"https:\/\/www.ucaldas.edu.co\/portal\/","logo":{"@type":"ImageObject","inLanguage":"es","@id":"https:\/\/www.ucaldas.edu.co\/portal\/#\/schema\/logo\/image\/","url":"https:\/\/www.ucaldas.edu.co\/portal\/wp-content\/uploads\/2023\/11\/Logo_horizontal_oscuroU-2023.png","contentUrl":"https:\/\/www.ucaldas.edu.co\/portal\/wp-content\/uploads\/2023\/11\/Logo_horizontal_oscuroU-2023.png","width":263,"height":101,"caption":"Universidad de Caldas"},"image":{"@id":"https:\/\/www.ucaldas.edu.co\/portal\/#\/schema\/logo\/image\/"},"sameAs":["https:\/\/www.facebook.com\/udecaldas","https:\/\/x.com\/udecaldas","https:\/\/www.youtube.com\/universidadcaldas","https:\/\/www.instagram.com\/udecaldas\/"]},{"@type":"Person","@id":"https:\/\/www.ucaldas.edu.co\/portal\/#\/schema\/person\/a1b482e23449158b4bc319926c074fdf","name":"ofiprensa","image":{"@type":"ImageObject","inLanguage":"es","@id":"https:\/\/www.ucaldas.edu.co\/portal\/wp-content\/litespeed\/avatar\/09ea5085e600095a7a811142c6944527.jpg?ver=1777497608","url":"https:\/\/www.ucaldas.edu.co\/portal\/wp-content\/litespeed\/avatar\/09ea5085e600095a7a811142c6944527.jpg?ver=1777497608","contentUrl":"https:\/\/www.ucaldas.edu.co\/portal\/wp-content\/litespeed\/avatar\/09ea5085e600095a7a811142c6944527.jpg?ver=1777497608","caption":"ofiprensa"},"url":"https:\/\/www.ucaldas.edu.co\/portal\/author\/ofiprensa\/"}]}},"_links":{"self":[{"href":"https:\/\/www.ucaldas.edu.co\/portal\/wp-json\/wp\/v2\/posts\/85478","targetHints":{"allow":["GET"]}}],"collection":[{"href":"https:\/\/www.ucaldas.edu.co\/portal\/wp-json\/wp\/v2\/posts"}],"about":[{"href":"https:\/\/www.ucaldas.edu.co\/portal\/wp-json\/wp\/v2\/types\/post"}],"author":[{"embeddable":true,"href":"https:\/\/www.ucaldas.edu.co\/portal\/wp-json\/wp\/v2\/users\/2"}],"replies":[{"embeddable":true,"href":"https:\/\/www.ucaldas.edu.co\/portal\/wp-json\/wp\/v2\/comments?post=85478"}],"version-history":[{"count":0,"href":"https:\/\/www.ucaldas.edu.co\/portal\/wp-json\/wp\/v2\/posts\/85478\/revisions"}],"wp:featuredmedia":[{"embeddable":true,"href":"https:\/\/www.ucaldas.edu.co\/portal\/wp-json\/wp\/v2\/media\/85496"}],"wp:attachment":[{"href":"https:\/\/www.ucaldas.edu.co\/portal\/wp-json\/wp\/v2\/media?parent=85478"}],"wp:term":[{"taxonomy":"category","embeddable":true,"href":"https:\/\/www.ucaldas.edu.co\/portal\/wp-json\/wp\/v2\/categories?post=85478"},{"taxonomy":"post_tag","embeddable":true,"href":"https:\/\/www.ucaldas.edu.co\/portal\/wp-json\/wp\/v2\/tags?post=85478"}],"curies":[{"name":"wp","href":"https:\/\/api.w.org\/{rel}","templated":true}]}}